{"id":65594,"date":"2024-10-02T20:57:15","date_gmt":"2024-10-02T17:57:15","guid":{"rendered":"https:\/\/kibrisdakik.com\/index.php\/2024\/10\/02\/kktc-enerji-arz-guvenligi-ve-ekonomisi-ankara-zirvesinde-ele-alindi\/"},"modified":"2024-10-02T20:57:15","modified_gmt":"2024-10-02T17:57:15","slug":"kktc-enerji-arz-guvenligi-ve-ekonomisi-ankara-zirvesinde-ele-alindi","status":"publish","type":"post","link":"https:\/\/kibrisdakik.com\/?p=65594","title":{"rendered":"KKTC Enerji Arz G\u00fcvenli\u011fi ve Ekonomisi Ankara Zirvesi\u2019nde ele al\u0131nd\u0131"},"content":{"rendered":"<div>\n<div class=\"mariselle-image-container center\">\n                                            <\/div>\n<p>\nKKTC Enerji Arz G\u00fcvenli\u011fi ve ekonomisi Ankara Zirvesi\u2019nde ele al\u0131nd\u0131\u2026<\/p>\n<p>Ba\u015fbakan \u00dcnal \u00dcstel, T\u00fcrkiye Cumhurba\u015fkan\u0131 Erdo\u011fan, T\u00fcrkiye Cumhurba\u015fkan\u0131 Yard\u0131mc\u0131s\u0131 Cevdet Y\u0131lmaz ve heyetleri ile 5 bu\u00e7uk saat s\u00fcren g\u00f6r\u00fc\u015fmeler ger\u00e7ekle\u015ftirdi.<\/p>\n<p>\u00dcstel ile birlikte Ba\u015fbakan Yard\u0131mc\u0131s\u0131 Fikri Atao\u011flu, Bay\u0131nd\u0131rl\u0131k ve Ula\u015ft\u0131rma Bakan\u0131 Erhan Ar\u0131kl\u0131, KKTC Ankara B\u00fcy\u00fckel\u00e7isi \u0130smet Koruko\u011flu, Maliye Bakan\u0131 \u00d6zdemir Berova, Tar\u0131m Ve Do\u011fal Kaynaklar Bakan\u0131 H\u00fcseyin \u00c7avu\u015f, maliye b\u00fcrokratlar\u0131, Merkez Bankas\u0131 Ba\u015fkan\u0131 Rifat G\u00fcnay da toplant\u0131larda yer ald\u0131.<\/p>\n<p>T\u00fcrkiye\u2019nin Lefko\u015fa B\u00fcy\u00fckel\u00e7isi Yasin Ekrem Serim de g\u00f6r\u00fc\u015fmelerde haz\u0131r bulundu <\/p>\n<p>\u00dcstel, saat 13.25\u2019te Cumhurba\u015fkanl\u0131\u011f\u0131 K\u00fclliye\u2019sine vard\u0131\u011f\u0131nda Cevdet Y\u0131lmaz taraf\u0131ndan kar\u015f\u0131land\u0131.<\/p>\n<p>\u0130lk olarak Y\u0131lmaz ve \u00dcstel ba\u015fba\u015fa g\u00f6r\u00fc\u015fme ger\u00e7ekle\u015ftirdi.<\/p>\n<p>Ard\u0131ndan heyetler aras\u0131 toplant\u0131lara ge\u00e7ildi.<\/p>\n<p>Yakla\u015f\u0131k 5 bu\u00e7uk saat s\u00fcren toplant\u0131lar s\u0131ras\u0131nda, KKTC Elektrik Enerjisi ba\u015fta olmak \u00fczere, \u00e7ok say\u0131da proje ele al\u0131nd\u0131.<\/p>\n<p>Toplant\u0131lara zaman zaman T\u00fcrkiye \u0130\u00e7i\u015fleri Bakan\u0131 Ali Yerlikaya, Ula\u015ft\u0131rma ve Altyap\u0131 Bakan\u0131 Abd\u00fclkadir Uralo\u011flu ile Enerji ve Tabii Kaynaklar Bakan\u0131 Alparslan Bayraktar da dahil oldu.<\/p>\n<p>Ba\u015fbakan \u00dcstel, K\u00fclliye Program\u0131 kapsam\u0131nda, T\u00fcrkiye Cumhurba\u015fkan\u0131 Recep Tayyip Erdo\u011fan taraf\u0131ndan da kabul edildi.<\/p>\n<p>Ba\u015fbakan \u00dcnal \u00dcstel, Ankara temaslar\u0131na yar\u0131n sabah da devam edecek.<\/p>\n<p>\u00dcstel ve beraberindeki heyetin, Saat 17.30 s\u0131ralar\u0131nda KKTC\u2019de olmas\u0131 bekleniyor<\/p>\n<\/p><\/div>\n<p><script async\n                    defer\n                    crossorigin=\"anonymous\"\n                    src=\"https:\/\/connect.facebook.net\/tr_TR\/sdk.js#xfbml=1&#038;version=v3.3\"\n            ><\/script><\/p>\n","protected":false},"excerpt":{"rendered":"<p>KKTC Enerji Arz G\u00fcvenli\u011fi ve ekonomisi Ankara Zirvesi\u2019nde ele al\u0131nd\u0131\u2026 Ba\u015fbakan \u00dcnal \u00dcstel, T\u00fcrkiye Cumhurba\u015fkan\u0131 Erdo\u011fan, T\u00fcrkiye Cumhurba\u015fkan\u0131 Yard\u0131mc\u0131s\u0131 Cevdet Y\u0131lmaz ve heyetleri ile 5 bu\u00e7uk saat s\u00fcren g\u00f6r\u00fc\u015fmeler ger\u00e7ekle\u015ftirdi. \u00dcstel ile birlikte Ba\u015fbakan Yard\u0131mc\u0131s\u0131 Fikri Atao\u011flu, Bay\u0131nd\u0131rl\u0131k ve Ula\u015ft\u0131rma Bakan\u0131 Erhan Ar\u0131kl\u0131, KKTC Ankara B\u00fcy\u00fckel\u00e7isi \u0130smet Koruko\u011flu, Maliye Bakan\u0131 \u00d6zdemir Berova, Tar\u0131m Ve Do\u011fal<\/p>\n","protected":false},"author":1,"featured_media":65595,"comment_status":"open","ping_status":"open","sticky":false,"template":"","format":"standard","meta":{"footnotes":""},"categories":[81],"tags":[],"class_list":["post-65594","post","type-post","status-publish","format-standard","has-post-thumbnail","hentry","category-kibris"],"yoast_head":"<!-- This site is optimized with the Yoast SEO plugin v27.5 - https:\/\/yoast.com\/product\/yoast-seo-wordpress\/ -->\n<title>KKTC Enerji Arz G\u00fcvenli\u011fi ve Ekonomisi Ankara Zirvesi\u2019nde ele al\u0131nd\u0131 -<\/title>\n<meta name=\"robots\" content=\"index, follow, max-snippet:-1, max-image-preview:large, max-video-preview:-1\" \/>\n<link rel=\"canonical\" href=\"https:\/\/kibrisdakik.com\/?p=65594\" \/>\n<meta property=\"og:locale\" content=\"tr_TR\" \/>\n<meta property=\"og:type\" content=\"article\" \/>\n<meta property=\"og:title\" content=\"KKTC Enerji Arz G\u00fcvenli\u011fi ve Ekonomisi Ankara Zirvesi\u2019nde ele al\u0131nd\u0131 -\" \/>\n<meta property=\"og:description\" content=\"KKTC Enerji Arz G\u00fcvenli\u011fi ve ekonomisi Ankara Zirvesi\u2019nde ele al\u0131nd\u0131\u2026 Ba\u015fbakan \u00dcnal \u00dcstel, T\u00fcrkiye Cumhurba\u015fkan\u0131 Erdo\u011fan, T\u00fcrkiye Cumhurba\u015fkan\u0131 Yard\u0131mc\u0131s\u0131 Cevdet Y\u0131lmaz ve heyetleri ile 5 bu\u00e7uk saat s\u00fcren g\u00f6r\u00fc\u015fmeler ger\u00e7ekle\u015ftirdi. \u00dcstel ile birlikte Ba\u015fbakan Yard\u0131mc\u0131s\u0131 Fikri Atao\u011flu, Bay\u0131nd\u0131rl\u0131k ve Ula\u015ft\u0131rma Bakan\u0131 Erhan Ar\u0131kl\u0131, KKTC Ankara B\u00fcy\u00fckel\u00e7isi \u0130smet Koruko\u011flu, Maliye Bakan\u0131 \u00d6zdemir Berova, Tar\u0131m Ve Do\u011fal\" \/>\n<meta property=\"og:url\" content=\"https:\/\/kibrisdakik.com\/?p=65594\" \/>\n<meta property=\"article:published_time\" content=\"2024-10-02T17:57:15+00:00\" \/>\n<meta property=\"og:image\" content=\"https:\/\/kibrisdakik.com\/wp-content\/uploads\/2024\/10\/qafsalkfafka-740x390.jpg\" \/>\n\t<meta property=\"og:image:width\" content=\"930\" \/>\n\t<meta property=\"og:image:height\" content=\"390\" \/>\n\t<meta property=\"og:image:type\" content=\"image\/jpeg\" \/>\n<meta name=\"author\" content=\"admin\" \/>\n<meta name=\"twitter:card\" content=\"summary_large_image\" \/>\n<meta name=\"twitter:label1\" content=\"Yazan:\" \/>\n\t<meta name=\"twitter:data1\" content=\"admin\" \/>\n\t<meta name=\"twitter:label2\" content=\"Tahmini okuma s\u00fcresi\" \/>\n\t<meta name=\"twitter:data2\" content=\"1 dakika\" \/>\n<script type=\"application\/ld+json\" class=\"yoast-schema-graph\">{\"@context\":\"https:\\\/\\\/schema.org\",\"@graph\":[{\"@type\":\"Article\",\"@id\":\"https:\\\/\\\/kibrisdakik.com\\\/?p=65594#article\",\"isPartOf\":{\"@id\":\"https:\\\/\\\/kibrisdakik.com\\\/?p=65594\"},\"author\":{\"name\":\"admin\",\"@id\":\"https:\\\/\\\/kibrisdakik.com\\\/#\\\/schema\\\/person\\\/9cd9d437bbb44f72b73ba127e06d8e79\"},\"headline\":\"KKTC Enerji Arz G\u00fcvenli\u011fi ve Ekonomisi Ankara Zirvesi\u2019nde ele al\u0131nd\u0131\",\"datePublished\":\"2024-10-02T17:57:15+00:00\",\"mainEntityOfPage\":{\"@id\":\"https:\\\/\\\/kibrisdakik.com\\\/?p=65594\"},\"wordCount\":286,\"commentCount\":0,\"image\":{\"@id\":\"https:\\\/\\\/kibrisdakik.com\\\/?p=65594#primaryimage\"},\"thumbnailUrl\":\"https:\\\/\\\/kibrisdakik.com\\\/wp-content\\\/uploads\\\/2024\\\/10\\\/qafsalkfafka-740x390.jpg\",\"articleSection\":[\"K\u0131br\u0131s\"],\"inLanguage\":\"tr\",\"potentialAction\":[{\"@type\":\"CommentAction\",\"name\":\"Comment\",\"target\":[\"https:\\\/\\\/kibrisdakik.com\\\/?p=65594#respond\"]}]},{\"@type\":\"WebPage\",\"@id\":\"https:\\\/\\\/kibrisdakik.com\\\/?p=65594\",\"url\":\"https:\\\/\\\/kibrisdakik.com\\\/?p=65594\",\"name\":\"KKTC Enerji Arz G\u00fcvenli\u011fi ve Ekonomisi Ankara Zirvesi\u2019nde ele al\u0131nd\u0131 -\",\"isPartOf\":{\"@id\":\"https:\\\/\\\/kibrisdakik.com\\\/#website\"},\"primaryImageOfPage\":{\"@id\":\"https:\\\/\\\/kibrisdakik.com\\\/?p=65594#primaryimage\"},\"image\":{\"@id\":\"https:\\\/\\\/kibrisdakik.com\\\/?p=65594#primaryimage\"},\"thumbnailUrl\":\"https:\\\/\\\/kibrisdakik.com\\\/wp-content\\\/uploads\\\/2024\\\/10\\\/qafsalkfafka-740x390.jpg\",\"datePublished\":\"2024-10-02T17:57:15+00:00\",\"author\":{\"@id\":\"https:\\\/\\\/kibrisdakik.com\\\/#\\\/schema\\\/person\\\/9cd9d437bbb44f72b73ba127e06d8e79\"},\"breadcrumb\":{\"@id\":\"https:\\\/\\\/kibrisdakik.com\\\/?p=65594#breadcrumb\"},\"inLanguage\":\"tr\",\"potentialAction\":[{\"@type\":\"ReadAction\",\"target\":[\"https:\\\/\\\/kibrisdakik.com\\\/?p=65594\"]}]},{\"@type\":\"ImageObject\",\"inLanguage\":\"tr\",\"@id\":\"https:\\\/\\\/kibrisdakik.com\\\/?p=65594#primaryimage\",\"url\":\"https:\\\/\\\/kibrisdakik.com\\\/wp-content\\\/uploads\\\/2024\\\/10\\\/qafsalkfafka-740x390.jpg\",\"contentUrl\":\"https:\\\/\\\/kibrisdakik.com\\\/wp-content\\\/uploads\\\/2024\\\/10\\\/qafsalkfafka-740x390.jpg\",\"width\":930,\"height\":390},{\"@type\":\"BreadcrumbList\",\"@id\":\"https:\\\/\\\/kibrisdakik.com\\\/?p=65594#breadcrumb\",\"itemListElement\":[{\"@type\":\"ListItem\",\"position\":1,\"name\":\"Home\",\"item\":\"https:\\\/\\\/kibrisdakik.com\\\/\"},{\"@type\":\"ListItem\",\"position\":2,\"name\":\"KKTC Enerji Arz G\u00fcvenli\u011fi ve Ekonomisi Ankara Zirvesi\u2019nde ele al\u0131nd\u0131\"}]},{\"@type\":\"WebSite\",\"@id\":\"https:\\\/\\\/kibrisdakik.com\\\/#website\",\"url\":\"https:\\\/\\\/kibrisdakik.com\\\/\",\"name\":\"\",\"description\":\"Tam vaktinde haber\",\"potentialAction\":[{\"@type\":\"SearchAction\",\"target\":{\"@type\":\"EntryPoint\",\"urlTemplate\":\"https:\\\/\\\/kibrisdakik.com\\\/?s={search_term_string}\"},\"query-input\":{\"@type\":\"PropertyValueSpecification\",\"valueRequired\":true,\"valueName\":\"search_term_string\"}}],\"inLanguage\":\"tr\"},{\"@type\":\"Person\",\"@id\":\"https:\\\/\\\/kibrisdakik.com\\\/#\\\/schema\\\/person\\\/9cd9d437bbb44f72b73ba127e06d8e79\",\"name\":\"admin\",\"image\":{\"@type\":\"ImageObject\",\"inLanguage\":\"tr\",\"@id\":\"https:\\\/\\\/secure.gravatar.com\\\/avatar\\\/ccc17943b9d660506c869530f897617f7cb1c21a4bf30023f252596d83e1f007?s=96&d=mm&r=g\",\"url\":\"https:\\\/\\\/secure.gravatar.com\\\/avatar\\\/ccc17943b9d660506c869530f897617f7cb1c21a4bf30023f252596d83e1f007?s=96&d=mm&r=g\",\"contentUrl\":\"https:\\\/\\\/secure.gravatar.com\\\/avatar\\\/ccc17943b9d660506c869530f897617f7cb1c21a4bf30023f252596d83e1f007?s=96&d=mm&r=g\",\"caption\":\"admin\"},\"sameAs\":[\"https:\\\/\\\/kibrisdakik.com\"],\"url\":\"https:\\\/\\\/kibrisdakik.com\\\/?author=1\"}]}<\/script>\n<!-- \/ Yoast SEO plugin. -->","yoast_head_json":{"title":"KKTC Enerji Arz G\u00fcvenli\u011fi ve Ekonomisi Ankara Zirvesi\u2019nde ele al\u0131nd\u0131 -","robots":{"index":"index","follow":"follow","max-snippet":"max-snippet:-1","max-image-preview":"max-image-preview:large","max-video-preview":"max-video-preview:-1"},"canonical":"https:\/\/kibrisdakik.com\/?p=65594","og_locale":"tr_TR","og_type":"article","og_title":"KKTC Enerji Arz G\u00fcvenli\u011fi ve Ekonomisi Ankara Zirvesi\u2019nde ele al\u0131nd\u0131 -","og_description":"KKTC Enerji Arz G\u00fcvenli\u011fi ve ekonomisi Ankara Zirvesi\u2019nde ele al\u0131nd\u0131\u2026 Ba\u015fbakan \u00dcnal \u00dcstel, T\u00fcrkiye Cumhurba\u015fkan\u0131 Erdo\u011fan, T\u00fcrkiye Cumhurba\u015fkan\u0131 Yard\u0131mc\u0131s\u0131 Cevdet Y\u0131lmaz ve heyetleri ile 5 bu\u00e7uk saat s\u00fcren g\u00f6r\u00fc\u015fmeler ger\u00e7ekle\u015ftirdi. \u00dcstel ile birlikte Ba\u015fbakan Yard\u0131mc\u0131s\u0131 Fikri Atao\u011flu, Bay\u0131nd\u0131rl\u0131k ve Ula\u015ft\u0131rma Bakan\u0131 Erhan Ar\u0131kl\u0131, KKTC Ankara B\u00fcy\u00fckel\u00e7isi \u0130smet Koruko\u011flu, Maliye Bakan\u0131 \u00d6zdemir Berova, Tar\u0131m Ve Do\u011fal","og_url":"https:\/\/kibrisdakik.com\/?p=65594","article_published_time":"2024-10-02T17:57:15+00:00","og_image":[{"width":930,"height":390,"url":"https:\/\/kibrisdakik.com\/wp-content\/uploads\/2024\/10\/qafsalkfafka-740x390.jpg","type":"image\/jpeg"}],"author":"admin","twitter_card":"summary_large_image","twitter_misc":{"Yazan:":"admin","Tahmini okuma s\u00fcresi":"1 dakika"},"schema":{"@context":"https:\/\/schema.org","@graph":[{"@type":"Article","@id":"https:\/\/kibrisdakik.com\/?p=65594#article","isPartOf":{"@id":"https:\/\/kibrisdakik.com\/?p=65594"},"author":{"name":"admin","@id":"https:\/\/kibrisdakik.com\/#\/schema\/person\/9cd9d437bbb44f72b73ba127e06d8e79"},"headline":"KKTC Enerji Arz G\u00fcvenli\u011fi ve Ekonomisi Ankara Zirvesi\u2019nde ele al\u0131nd\u0131","datePublished":"2024-10-02T17:57:15+00:00","mainEntityOfPage":{"@id":"https:\/\/kibrisdakik.com\/?p=65594"},"wordCount":286,"commentCount":0,"image":{"@id":"https:\/\/kibrisdakik.com\/?p=65594#primaryimage"},"thumbnailUrl":"https:\/\/kibrisdakik.com\/wp-content\/uploads\/2024\/10\/qafsalkfafka-740x390.jpg","articleSection":["K\u0131br\u0131s"],"inLanguage":"tr","potentialAction":[{"@type":"CommentAction","name":"Comment","target":["https:\/\/kibrisdakik.com\/?p=65594#respond"]}]},{"@type":"WebPage","@id":"https:\/\/kibrisdakik.com\/?p=65594","url":"https:\/\/kibrisdakik.com\/?p=65594","name":"KKTC Enerji Arz G\u00fcvenli\u011fi ve Ekonomisi Ankara Zirvesi\u2019nde ele al\u0131nd\u0131 -","isPartOf":{"@id":"https:\/\/kibrisdakik.com\/#website"},"primaryImageOfPage":{"@id":"https:\/\/kibrisdakik.com\/?p=65594#primaryimage"},"image":{"@id":"https:\/\/kibrisdakik.com\/?p=65594#primaryimage"},"thumbnailUrl":"https:\/\/kibrisdakik.com\/wp-content\/uploads\/2024\/10\/qafsalkfafka-740x390.jpg","datePublished":"2024-10-02T17:57:15+00:00","author":{"@id":"https:\/\/kibrisdakik.com\/#\/schema\/person\/9cd9d437bbb44f72b73ba127e06d8e79"},"breadcrumb":{"@id":"https:\/\/kibrisdakik.com\/?p=65594#breadcrumb"},"inLanguage":"tr","potentialAction":[{"@type":"ReadAction","target":["https:\/\/kibrisdakik.com\/?p=65594"]}]},{"@type":"ImageObject","inLanguage":"tr","@id":"https:\/\/kibrisdakik.com\/?p=65594#primaryimage","url":"https:\/\/kibrisdakik.com\/wp-content\/uploads\/2024\/10\/qafsalkfafka-740x390.jpg","contentUrl":"https:\/\/kibrisdakik.com\/wp-content\/uploads\/2024\/10\/qafsalkfafka-740x390.jpg","width":930,"height":390},{"@type":"BreadcrumbList","@id":"https:\/\/kibrisdakik.com\/?p=65594#breadcrumb","itemListElement":[{"@type":"ListItem","position":1,"name":"Home","item":"https:\/\/kibrisdakik.com\/"},{"@type":"ListItem","position":2,"name":"KKTC Enerji Arz G\u00fcvenli\u011fi ve Ekonomisi Ankara Zirvesi\u2019nde ele al\u0131nd\u0131"}]},{"@type":"WebSite","@id":"https:\/\/kibrisdakik.com\/#website","url":"https:\/\/kibrisdakik.com\/","name":"","description":"Tam vaktinde haber","potentialAction":[{"@type":"SearchAction","target":{"@type":"EntryPoint","urlTemplate":"https:\/\/kibrisdakik.com\/?s={search_term_string}"},"query-input":{"@type":"PropertyValueSpecification","valueRequired":true,"valueName":"search_term_string"}}],"inLanguage":"tr"},{"@type":"Person","@id":"https:\/\/kibrisdakik.com\/#\/schema\/person\/9cd9d437bbb44f72b73ba127e06d8e79","name":"admin","image":{"@type":"ImageObject","inLanguage":"tr","@id":"https:\/\/secure.gravatar.com\/avatar\/ccc17943b9d660506c869530f897617f7cb1c21a4bf30023f252596d83e1f007?s=96&d=mm&r=g","url":"https:\/\/secure.gravatar.com\/avatar\/ccc17943b9d660506c869530f897617f7cb1c21a4bf30023f252596d83e1f007?s=96&d=mm&r=g","contentUrl":"https:\/\/secure.gravatar.com\/avatar\/ccc17943b9d660506c869530f897617f7cb1c21a4bf30023f252596d83e1f007?s=96&d=mm&r=g","caption":"admin"},"sameAs":["https:\/\/kibrisdakik.com"],"url":"https:\/\/kibrisdakik.com\/?author=1"}]}},"_links":{"self":[{"href":"https:\/\/kibrisdakik.com\/index.php?rest_route=\/wp\/v2\/posts\/65594","targetHints":{"allow":["GET"]}}],"collection":[{"href":"https:\/\/kibrisdakik.com\/index.php?rest_route=\/wp\/v2\/posts"}],"about":[{"href":"https:\/\/kibrisdakik.com\/index.php?rest_route=\/wp\/v2\/types\/post"}],"author":[{"embeddable":true,"href":"https:\/\/kibrisdakik.com\/index.php?rest_route=\/wp\/v2\/users\/1"}],"replies":[{"embeddable":true,"href":"https:\/\/kibrisdakik.com\/index.php?rest_route=%2Fwp%2Fv2%2Fcomments&post=65594"}],"version-history":[{"count":0,"href":"https:\/\/kibrisdakik.com\/index.php?rest_route=\/wp\/v2\/posts\/65594\/revisions"}],"wp:featuredmedia":[{"embeddable":true,"href":"https:\/\/kibrisdakik.com\/index.php?rest_route=\/wp\/v2\/media\/65595"}],"wp:attachment":[{"href":"https:\/\/kibrisdakik.com\/index.php?rest_route=%2Fwp%2Fv2%2Fmedia&parent=65594"}],"wp:term":[{"taxonomy":"category","embeddable":true,"href":"https:\/\/kibrisdakik.com\/index.php?rest_route=%2Fwp%2Fv2%2Fcategories&post=65594"},{"taxonomy":"post_tag","embeddable":true,"href":"https:\/\/kibrisdakik.com\/index.php?rest_route=%2Fwp%2Fv2%2Ftags&post=65594"}],"curies":[{"name":"wp","href":"https:\/\/api.w.org\/{rel}","templated":true}]}}