{"id":65708,"date":"2024-10-03T14:41:54","date_gmt":"2024-10-03T11:41:54","guid":{"rendered":"https:\/\/kibrisdakik.com\/index.php\/2024\/10\/03\/s-g-ile-a-snin-ilk-tahkikat-durusmasinda-karar-yarin-aciklanacak-mahkemeye-toplam-32-emare-sunuldu\/"},"modified":"2024-10-03T14:41:54","modified_gmt":"2024-10-03T11:41:54","slug":"s-g-ile-a-snin-ilk-tahkikat-durusmasinda-karar-yarin-aciklanacak-mahkemeye-toplam-32-emare-sunuldu","status":"publish","type":"post","link":"https:\/\/kibrisdakik.com\/?p=65708","title":{"rendered":"S.G. ile A.S\u2019nin ilk tahkikat duru\u015fmas\u0131nda karar yar\u0131n a\u00e7\u0131klanacak\u2026 Mahkemeye toplam 32 emare sunuldu"},"content":{"rendered":"<p><\/p>\n<div>\n<div class=\"mariselle-image-container center\">\n                <img loading=\"lazy\" decoding=\"async\" width=\"1600\" height=\"1066\" class=\"lazy-image\" alt=\"\" sizes=\"auto, (max-width: 1600px) 100vw, 1600px\" src=\"https:\/\/brtk.net\/wp-content\/uploads\/2024\/10\/03\/2bde1a74-2fb5-4840-9270-8cd80b17d1fe21.jpg?ver=dad7f7dff1602b5b029100755a7353cc\" srcset=\"https:\/\/brtk.net\/wp-content\/uploads\/2024\/10\/03\/2bde1a74-2fb5-4840-9270-8cd80b17d1fe21.jpg?ver=dad7f7dff1602b5b029100755a7353cc 1600w, https:\/\/brtk.net\/wp-content\/uploads\/2024\/10\/03\/2bde1a74-2fb5-4840-9270-8cd80b17d1fe21-300x200.jpg?ver=5bec9e3f819318693a40b596fa3542b7 300w, https:\/\/brtk.net\/wp-content\/uploads\/2024\/10\/03\/2bde1a74-2fb5-4840-9270-8cd80b17d1fe21-1024x682.jpg?ver=5bec9e3f819318693a40b596fa3542b7 1024w, https:\/\/brtk.net\/wp-content\/uploads\/2024\/10\/03\/2bde1a74-2fb5-4840-9270-8cd80b17d1fe21-768x512.jpg?ver=b0044a5d9168f446e23c17f3d5579098 768w, https:\/\/brtk.net\/wp-content\/uploads\/2024\/10\/03\/2bde1a74-2fb5-4840-9270-8cd80b17d1fe21-1536x1023.jpg?ver=b0044a5d9168f446e23c17f3d5579098 1536w\"\/>                            <\/div>\n<p>K\u0131br\u0131s Sa\u011fl\u0131k ve Toplum Bilimleri \u00dcniversitesi (KSTU) soru\u015fturmas\u0131 kapsam\u0131nda yarg\u0131lanan okulun genel sekreteri ve hissedarlar\u0131ndan S.G ile okulun uluslararas\u0131 ofis sorumlusu A.S., bug\u00fcn ilk tahkikat duru\u015fmas\u0131 i\u00e7in G\u00fczelyurt Kaza Mahkemesi\u2019ne \u00e7\u0131kar\u0131ld\u0131. \u0130lk tahkikat duru\u015fmas\u0131nda karar yar\u0131n a\u00e7\u0131klanacak.<\/p>\n<p>\u0130ddia makam\u0131n\u0131n 11\u2019inci tan\u0131\u011f\u0131 olan Polis Genel M\u00fcd\u00fcrl\u00fc\u011f\u00fc\u2019ne ba\u011fl\u0131 Mali Su\u00e7larla M\u00fccadele \u015eube Amirli\u011fi\u2019nde g\u00f6revli Polis Memuru Ortun\u00e7 \u00d6zbayl\u0131, bug\u00fcnk\u00fc duru\u015fmada mahkemeye emare sunmaya devam etti. \u00d6zbayl\u0131, b\u00f6ylece mahkemeye toplam 32 emare sunmu\u015f oldu.<\/p>\n<p>G\u00fczelyurt Kaza Mahkemesi Yarg\u0131c\u0131 G\u00fclay S\u00fcleymano\u011flu U\u011fur huzurunda g\u00f6r\u00fc\u015f\u00fclen duru\u015fmada, Ba\u015fsavc\u0131l\u0131k ad\u0131na Savc\u0131 Damla G\u00fc\u00e7l\u00fc, san\u0131k S.G\u2019nin avukat\u0131 Do\u011fa Zeki ile A.S\u2019nin avukat\u0131 Talat Tanca \u015fahsen ve Asiye Yetkiner ad\u0131na haz\u0131r bulundu.<\/p>\n<p> \u2013 Tan\u0131k polis emare sunmaya devam etti<\/p>\n<p>Tan\u0131k Polis Memuru Ortun\u00e7 \u00d6zbayl\u0131, san\u0131k S.G\u2019nin imzald\u0131\u011f\u0131 be\u015f adet talimat \u00e7\u0131kt\u0131s\u0131 ile mail yaz\u0131\u015fmalar\u0131, \u00fcniversitenin hesaplar\u0131,  \u201cStudy In Cyprus\u201d isimli \u015firkete yap\u0131lan \u00f6demelerin SWIFT ve talimatlar\u0131n\u0131n yer ald\u0131\u011f\u0131 sekiz adet CD\u2019yi emare olarak mahkemeye verdi.<\/p>\n<p>Tan\u0131k Polis \u00d6zbayl\u0131, bir sayfadan olu\u015fan <a href=\"https:\/\/brtk.net\/\">euro<\/a> \u00f6deme listesi ile dekont fotokopisi, bir sayfadan olu\u015fan STG \u00f6deme listesi ile ekinde bulunan mail \u00e7\u0131kt\u0131lar\u0131, \u201cStudy In Cyprus Ltd\u201d ba\u015fl\u0131kl\u0131 fatura \u00e7\u0131kt\u0131lar\u0131, \u00f6\u011frenci listeleri, dekont fotokopileri ve baz\u0131 i\u015flem \u00e7\u0131kt\u0131lar\u0131n\u0131 emare olarak sundu.<\/p>\n<p>San\u0131klara tebli\u011f edilen yaz\u0131l\u0131 davalar\u0131, 29 sayfadan olu\u015fan terc\u00fcme evraklar\u0131n\u0131, san\u0131klara ait laptop ve cep telefonunda yer alan \u201cimage\u201dler ve iki \u015fah\u0131stan temin edilen iki adet USB\u2019yi mahkemeye veren Tan\u0131k Polis \u00d6zbayl\u0131, san\u0131klar\u0131n ve \u00fcniversite \u00e7al\u0131\u015fanlar\u0131n\u0131n mail yaz\u0131\u015fmalar\u0131n\u0131n bulundu\u011fu bir adet USB ile hard diski de emare olarak mahkeme sundu.<\/p>\n<p>Bu arada, san\u0131k S.G\u2019nin avukat\u0131 Do\u011fa Zeki, emarelerin sunulmas\u0131n\u0131n ard\u0131ndan Tan\u0131k Polis \u00d6zbayl\u0131\u2019ya baz\u0131 sorular y\u00f6neltti.<\/p>\n<p>Zeki\u2019nin \u201c32 emare d\u0131\u015f\u0131nda ba\u015fka emare ald\u0131n\u0131z m\u0131, mahkemeye sunulmayan ka\u00e7 emare var, bu davadaki soru\u015fturmayla ilgili ka\u00e7 tan\u0131ktan ifade ald\u0131n\u0131z?\u201d sorular\u0131na yan\u0131t veren Tan\u0131k Polis \u00d6zbayl\u0131, \u201cDo\u011frudur, al\u0131nm\u0131\u015ft\u0131r. Birden fazla diyebilirim. \u00c7ok fazla tan\u0131ktan ifade al\u0131nd\u0131.\u201d ifadelerine yer verdi.<\/p>\n<p>\u2013 Savc\u0131 G\u00fc\u00e7l\u00fc, A\u011f\u0131r Ceza Mahkemesi\u2019ne havale istedi<\/p>\n<p>Tan\u0131k Polis \u00d6zbayl\u0131\u2019n\u0131n emareleri sunmas\u0131n\u0131n ard\u0131ndan Ba\u015fsavc\u0131l\u0131k ad\u0131na Savc\u0131 Damla G\u00fc\u00e7l\u00fc s\u00f6z ald\u0131. Ba\u015fka tan\u0131klar\u0131 olmayaca\u011f\u0131n\u0131 kaydeden G\u00fc\u00e7l\u00fc, ilk tahkikat duru\u015fmas\u0131nda toplam 11 tan\u0131k dinlettiklerini hat\u0131rlatt\u0131.<\/p>\n<p>Savc\u0131 G\u00fc\u00e7l\u00fc, davan\u0131n Lefko\u015fa A\u011f\u0131r Ceza Mahkemesi\u2019ne havale edilmesini talep etti.<\/p>\n<p> \u2013 Avukatlar<\/p>\n<p> San\u0131k S.G\u2019nin avukat\u0131 Do\u011fa Zeki, ilk tahkikat duru\u015fmas\u0131nda 11 tan\u0131k dinletildi\u011fini, 32 emare sunuldu\u011funu ve tan\u0131klar\u0131n her birinin farkl\u0131 iddialarla \u015fahadet verdi\u011fini belirtti.<\/p>\n<p>Lefko\u015fa A\u011f\u0131r Ceza Mahkemesi\u2019ne havaleye itiraz\u0131 olmayaca\u011f\u0131n\u0131 kaydeden Zeki, savc\u0131l\u0131ktan bug\u00fcne kadar tek bir talebinin oldu\u011funu belirterek t\u00fcm davalar\u0131n\u0131n getirilmesini istedi. Zeki, meseleyle ilgili hem tan\u0131k ifadeleri hem de emarelerin kendilerine verilmesini talep etti.<\/p>\n<p>San\u0131k A.S\u2019nin avukat\u0131 Talat Tanca da, ilk tahkikat duru\u015fmas\u0131 kapsam\u0131nda toplam 11 tan\u0131k dinletildi\u011fini ve 32 emare sunuldu\u011funu belirtti.<\/p>\n<p>Tanca, gerek mahkeme huzurunda tan\u0131klar\u0131n verdi\u011fi \u015fahadet i\u00e7eri\u011fine, gerekse 32 emareye ili\u015fkin olarak ileride istintak ve savunma hakk\u0131n\u0131n sakl\u0131 kalmas\u0131 amac\u0131yla Lefko\u015fa\u2019da oturum yapacak olan A\u011fr Ceza Mahkemesi\u2019ne havale edilmesine itiraz\u0131n\u0131n olmad\u0131\u011f\u0131n\u0131 kaydetti.<\/p>\n<p> \u2013 San\u0131klar 130 davadan itham edilmi\u015fti<\/p>\n<p> San\u0131klar aleyhinde \u201cSahtekarl\u0131kla Para Temini\u201d, \u201cDoland\u0131r\u0131c\u0131l\u0131k\u201d, \u201cSahte Belge D\u00fczenleme ve Tedav\u00fcle S\u00fcrme\u201d, \u201cHesaplarda Hile ve Sahtekarl\u0131k Yapma\u201d, \u201cSu\u00e7 Geliri Aklama\u201d, \u201cSahte Banka \u00d6deme Emrini Tahrik\u201d, \u201cM\u00fcstahdem Taraf\u0131ndan Sirkat\u201d su\u00e7lamalar\u0131 bulunuyor.<\/p>\n<p>San\u0131klar, toplam 130 davadan itham edilmi\u015fti.<\/p>\n<\/p><\/div>\n<p><script async\n                    defer\n                    crossorigin=\"anonymous\"\n                    src=\"https:\/\/connect.facebook.net\/tr_TR\/sdk.js#xfbml=1&#038;version=v3.3\"\n            ><\/script><\/p>\n","protected":false},"excerpt":{"rendered":"<p>K\u0131br\u0131s Sa\u011fl\u0131k ve Toplum Bilimleri \u00dcniversitesi (KSTU) soru\u015fturmas\u0131 kapsam\u0131nda yarg\u0131lanan okulun genel sekreteri ve hissedarlar\u0131ndan S.G ile okulun uluslararas\u0131 ofis sorumlusu A.S., bug\u00fcn ilk tahkikat duru\u015fmas\u0131 i\u00e7in G\u00fczelyurt Kaza Mahkemesi\u2019ne \u00e7\u0131kar\u0131ld\u0131. \u0130lk tahkikat duru\u015fmas\u0131nda karar yar\u0131n a\u00e7\u0131klanacak. \u0130ddia makam\u0131n\u0131n 11\u2019inci tan\u0131\u011f\u0131 olan Polis Genel M\u00fcd\u00fcrl\u00fc\u011f\u00fc\u2019ne ba\u011fl\u0131 Mali Su\u00e7larla M\u00fccadele \u015eube Amirli\u011fi\u2019nde g\u00f6revli Polis Memuru Ortun\u00e7<\/p>\n","protected":false},"author":1,"featured_media":65709,"comment_status":"open","ping_status":"open","sticky":false,"template":"","format":"standard","meta":{"footnotes":""},"categories":[1],"tags":[],"class_list":["post-65708","post","type-post","status-publish","format-standard","has-post-thumbnail","hentry","category-gundem"],"yoast_head":"<!-- This site is optimized with the Yoast SEO plugin v27.4 - https:\/\/yoast.com\/product\/yoast-seo-wordpress\/ -->\n<title>S.G. ile A.S\u2019nin ilk tahkikat duru\u015fmas\u0131nda karar yar\u0131n a\u00e7\u0131klanacak\u2026 Mahkemeye toplam 32 emare sunuldu -<\/title>\n<meta name=\"robots\" content=\"index, follow, max-snippet:-1, max-image-preview:large, max-video-preview:-1\" \/>\n<link rel=\"canonical\" href=\"https:\/\/kibrisdakik.com\/?p=65708\" \/>\n<meta property=\"og:locale\" content=\"tr_TR\" \/>\n<meta property=\"og:type\" content=\"article\" \/>\n<meta property=\"og:title\" content=\"S.G. ile A.S\u2019nin ilk tahkikat duru\u015fmas\u0131nda karar yar\u0131n a\u00e7\u0131klanacak\u2026 Mahkemeye toplam 32 emare sunuldu -\" \/>\n<meta property=\"og:description\" content=\"K\u0131br\u0131s Sa\u011fl\u0131k ve Toplum Bilimleri \u00dcniversitesi (KSTU) soru\u015fturmas\u0131 kapsam\u0131nda yarg\u0131lanan okulun genel sekreteri ve hissedarlar\u0131ndan S.G ile okulun uluslararas\u0131 ofis sorumlusu A.S., bug\u00fcn ilk tahkikat duru\u015fmas\u0131 i\u00e7in G\u00fczelyurt Kaza Mahkemesi\u2019ne \u00e7\u0131kar\u0131ld\u0131. \u0130lk tahkikat duru\u015fmas\u0131nda karar yar\u0131n a\u00e7\u0131klanacak. \u0130ddia makam\u0131n\u0131n 11\u2019inci tan\u0131\u011f\u0131 olan Polis Genel M\u00fcd\u00fcrl\u00fc\u011f\u00fc\u2019ne ba\u011fl\u0131 Mali Su\u00e7larla M\u00fccadele \u015eube Amirli\u011fi\u2019nde g\u00f6revli Polis Memuru Ortun\u00e7\" \/>\n<meta property=\"og:url\" content=\"https:\/\/kibrisdakik.com\/?p=65708\" \/>\n<meta property=\"article:published_time\" content=\"2024-10-03T11:41:54+00:00\" \/>\n<meta property=\"og:image\" content=\"https:\/\/kibrisdakik.com\/wp-content\/uploads\/2024\/10\/2bde1a74-2fb5-4840-9270-8cd80b17d1fe21-740x420.jpg\" \/>\n\t<meta property=\"og:image:width\" content=\"1600\" \/>\n\t<meta property=\"og:image:height\" content=\"1066\" \/>\n\t<meta property=\"og:image:type\" content=\"image\/jpeg\" \/>\n<meta name=\"author\" content=\"admin\" \/>\n<meta name=\"twitter:card\" content=\"summary_large_image\" \/>\n<meta name=\"twitter:label1\" content=\"Yazan:\" \/>\n\t<meta name=\"twitter:data1\" content=\"admin\" \/>\n\t<meta name=\"twitter:label2\" content=\"Tahmini okuma s\u00fcresi\" \/>\n\t<meta name=\"twitter:data2\" content=\"3 dakika\" \/>\n<script type=\"application\/ld+json\" class=\"yoast-schema-graph\">{\"@context\":\"https:\\\/\\\/schema.org\",\"@graph\":[{\"@type\":\"Article\",\"@id\":\"https:\\\/\\\/kibrisdakik.com\\\/?p=65708#article\",\"isPartOf\":{\"@id\":\"https:\\\/\\\/kibrisdakik.com\\\/?p=65708\"},\"author\":{\"name\":\"admin\",\"@id\":\"https:\\\/\\\/kibrisdakik.com\\\/#\\\/schema\\\/person\\\/9cd9d437bbb44f72b73ba127e06d8e79\"},\"headline\":\"S.G. ile A.S\u2019nin ilk tahkikat duru\u015fmas\u0131nda karar yar\u0131n a\u00e7\u0131klanacak\u2026 Mahkemeye toplam 32 emare sunuldu\",\"datePublished\":\"2024-10-03T11:41:54+00:00\",\"mainEntityOfPage\":{\"@id\":\"https:\\\/\\\/kibrisdakik.com\\\/?p=65708\"},\"wordCount\":713,\"commentCount\":0,\"image\":{\"@id\":\"https:\\\/\\\/kibrisdakik.com\\\/?p=65708#primaryimage\"},\"thumbnailUrl\":\"https:\\\/\\\/kibrisdakik.com\\\/wp-content\\\/uploads\\\/2024\\\/10\\\/2bde1a74-2fb5-4840-9270-8cd80b17d1fe21-740x420.jpg\",\"articleSection\":[\"G\u00fcndem\"],\"inLanguage\":\"tr\",\"potentialAction\":[{\"@type\":\"CommentAction\",\"name\":\"Comment\",\"target\":[\"https:\\\/\\\/kibrisdakik.com\\\/?p=65708#respond\"]}]},{\"@type\":\"WebPage\",\"@id\":\"https:\\\/\\\/kibrisdakik.com\\\/?p=65708\",\"url\":\"https:\\\/\\\/kibrisdakik.com\\\/?p=65708\",\"name\":\"S.G. ile A.S\u2019nin ilk tahkikat duru\u015fmas\u0131nda karar yar\u0131n a\u00e7\u0131klanacak\u2026 Mahkemeye toplam 32 emare sunuldu -\",\"isPartOf\":{\"@id\":\"https:\\\/\\\/kibrisdakik.com\\\/#website\"},\"primaryImageOfPage\":{\"@id\":\"https:\\\/\\\/kibrisdakik.com\\\/?p=65708#primaryimage\"},\"image\":{\"@id\":\"https:\\\/\\\/kibrisdakik.com\\\/?p=65708#primaryimage\"},\"thumbnailUrl\":\"https:\\\/\\\/kibrisdakik.com\\\/wp-content\\\/uploads\\\/2024\\\/10\\\/2bde1a74-2fb5-4840-9270-8cd80b17d1fe21-740x420.jpg\",\"datePublished\":\"2024-10-03T11:41:54+00:00\",\"author\":{\"@id\":\"https:\\\/\\\/kibrisdakik.com\\\/#\\\/schema\\\/person\\\/9cd9d437bbb44f72b73ba127e06d8e79\"},\"breadcrumb\":{\"@id\":\"https:\\\/\\\/kibrisdakik.com\\\/?p=65708#breadcrumb\"},\"inLanguage\":\"tr\",\"potentialAction\":[{\"@type\":\"ReadAction\",\"target\":[\"https:\\\/\\\/kibrisdakik.com\\\/?p=65708\"]}]},{\"@type\":\"ImageObject\",\"inLanguage\":\"tr\",\"@id\":\"https:\\\/\\\/kibrisdakik.com\\\/?p=65708#primaryimage\",\"url\":\"https:\\\/\\\/kibrisdakik.com\\\/wp-content\\\/uploads\\\/2024\\\/10\\\/2bde1a74-2fb5-4840-9270-8cd80b17d1fe21-740x420.jpg\",\"contentUrl\":\"https:\\\/\\\/kibrisdakik.com\\\/wp-content\\\/uploads\\\/2024\\\/10\\\/2bde1a74-2fb5-4840-9270-8cd80b17d1fe21-740x420.jpg\",\"width\":1600,\"height\":1066},{\"@type\":\"BreadcrumbList\",\"@id\":\"https:\\\/\\\/kibrisdakik.com\\\/?p=65708#breadcrumb\",\"itemListElement\":[{\"@type\":\"ListItem\",\"position\":1,\"name\":\"Home\",\"item\":\"https:\\\/\\\/kibrisdakik.com\\\/\"},{\"@type\":\"ListItem\",\"position\":2,\"name\":\"S.G. ile A.S\u2019nin ilk tahkikat duru\u015fmas\u0131nda karar yar\u0131n a\u00e7\u0131klanacak\u2026 Mahkemeye toplam 32 emare sunuldu\"}]},{\"@type\":\"WebSite\",\"@id\":\"https:\\\/\\\/kibrisdakik.com\\\/#website\",\"url\":\"https:\\\/\\\/kibrisdakik.com\\\/\",\"name\":\"\",\"description\":\"Tam vaktinde haber\",\"potentialAction\":[{\"@type\":\"SearchAction\",\"target\":{\"@type\":\"EntryPoint\",\"urlTemplate\":\"https:\\\/\\\/kibrisdakik.com\\\/?s={search_term_string}\"},\"query-input\":{\"@type\":\"PropertyValueSpecification\",\"valueRequired\":true,\"valueName\":\"search_term_string\"}}],\"inLanguage\":\"tr\"},{\"@type\":\"Person\",\"@id\":\"https:\\\/\\\/kibrisdakik.com\\\/#\\\/schema\\\/person\\\/9cd9d437bbb44f72b73ba127e06d8e79\",\"name\":\"admin\",\"image\":{\"@type\":\"ImageObject\",\"inLanguage\":\"tr\",\"@id\":\"https:\\\/\\\/secure.gravatar.com\\\/avatar\\\/ccc17943b9d660506c869530f897617f7cb1c21a4bf30023f252596d83e1f007?s=96&d=mm&r=g\",\"url\":\"https:\\\/\\\/secure.gravatar.com\\\/avatar\\\/ccc17943b9d660506c869530f897617f7cb1c21a4bf30023f252596d83e1f007?s=96&d=mm&r=g\",\"contentUrl\":\"https:\\\/\\\/secure.gravatar.com\\\/avatar\\\/ccc17943b9d660506c869530f897617f7cb1c21a4bf30023f252596d83e1f007?s=96&d=mm&r=g\",\"caption\":\"admin\"},\"sameAs\":[\"https:\\\/\\\/kibrisdakik.com\"],\"url\":\"https:\\\/\\\/kibrisdakik.com\\\/?author=1\"}]}<\/script>\n<!-- \/ Yoast SEO plugin. -->","yoast_head_json":{"title":"S.G. ile A.S\u2019nin ilk tahkikat duru\u015fmas\u0131nda karar yar\u0131n a\u00e7\u0131klanacak\u2026 Mahkemeye toplam 32 emare sunuldu -","robots":{"index":"index","follow":"follow","max-snippet":"max-snippet:-1","max-image-preview":"max-image-preview:large","max-video-preview":"max-video-preview:-1"},"canonical":"https:\/\/kibrisdakik.com\/?p=65708","og_locale":"tr_TR","og_type":"article","og_title":"S.G. ile A.S\u2019nin ilk tahkikat duru\u015fmas\u0131nda karar yar\u0131n a\u00e7\u0131klanacak\u2026 Mahkemeye toplam 32 emare sunuldu -","og_description":"K\u0131br\u0131s Sa\u011fl\u0131k ve Toplum Bilimleri \u00dcniversitesi (KSTU) soru\u015fturmas\u0131 kapsam\u0131nda yarg\u0131lanan okulun genel sekreteri ve hissedarlar\u0131ndan S.G ile okulun uluslararas\u0131 ofis sorumlusu A.S., bug\u00fcn ilk tahkikat duru\u015fmas\u0131 i\u00e7in G\u00fczelyurt Kaza Mahkemesi\u2019ne \u00e7\u0131kar\u0131ld\u0131. \u0130lk tahkikat duru\u015fmas\u0131nda karar yar\u0131n a\u00e7\u0131klanacak. \u0130ddia makam\u0131n\u0131n 11\u2019inci tan\u0131\u011f\u0131 olan Polis Genel M\u00fcd\u00fcrl\u00fc\u011f\u00fc\u2019ne ba\u011fl\u0131 Mali Su\u00e7larla M\u00fccadele \u015eube Amirli\u011fi\u2019nde g\u00f6revli Polis Memuru Ortun\u00e7","og_url":"https:\/\/kibrisdakik.com\/?p=65708","article_published_time":"2024-10-03T11:41:54+00:00","og_image":[{"width":1600,"height":1066,"url":"https:\/\/kibrisdakik.com\/wp-content\/uploads\/2024\/10\/2bde1a74-2fb5-4840-9270-8cd80b17d1fe21-740x420.jpg","type":"image\/jpeg"}],"author":"admin","twitter_card":"summary_large_image","twitter_misc":{"Yazan:":"admin","Tahmini okuma s\u00fcresi":"3 dakika"},"schema":{"@context":"https:\/\/schema.org","@graph":[{"@type":"Article","@id":"https:\/\/kibrisdakik.com\/?p=65708#article","isPartOf":{"@id":"https:\/\/kibrisdakik.com\/?p=65708"},"author":{"name":"admin","@id":"https:\/\/kibrisdakik.com\/#\/schema\/person\/9cd9d437bbb44f72b73ba127e06d8e79"},"headline":"S.G. ile A.S\u2019nin ilk tahkikat duru\u015fmas\u0131nda karar yar\u0131n a\u00e7\u0131klanacak\u2026 Mahkemeye toplam 32 emare sunuldu","datePublished":"2024-10-03T11:41:54+00:00","mainEntityOfPage":{"@id":"https:\/\/kibrisdakik.com\/?p=65708"},"wordCount":713,"commentCount":0,"image":{"@id":"https:\/\/kibrisdakik.com\/?p=65708#primaryimage"},"thumbnailUrl":"https:\/\/kibrisdakik.com\/wp-content\/uploads\/2024\/10\/2bde1a74-2fb5-4840-9270-8cd80b17d1fe21-740x420.jpg","articleSection":["G\u00fcndem"],"inLanguage":"tr","potentialAction":[{"@type":"CommentAction","name":"Comment","target":["https:\/\/kibrisdakik.com\/?p=65708#respond"]}]},{"@type":"WebPage","@id":"https:\/\/kibrisdakik.com\/?p=65708","url":"https:\/\/kibrisdakik.com\/?p=65708","name":"S.G. ile A.S\u2019nin ilk tahkikat duru\u015fmas\u0131nda karar yar\u0131n a\u00e7\u0131klanacak\u2026 Mahkemeye toplam 32 emare sunuldu -","isPartOf":{"@id":"https:\/\/kibrisdakik.com\/#website"},"primaryImageOfPage":{"@id":"https:\/\/kibrisdakik.com\/?p=65708#primaryimage"},"image":{"@id":"https:\/\/kibrisdakik.com\/?p=65708#primaryimage"},"thumbnailUrl":"https:\/\/kibrisdakik.com\/wp-content\/uploads\/2024\/10\/2bde1a74-2fb5-4840-9270-8cd80b17d1fe21-740x420.jpg","datePublished":"2024-10-03T11:41:54+00:00","author":{"@id":"https:\/\/kibrisdakik.com\/#\/schema\/person\/9cd9d437bbb44f72b73ba127e06d8e79"},"breadcrumb":{"@id":"https:\/\/kibrisdakik.com\/?p=65708#breadcrumb"},"inLanguage":"tr","potentialAction":[{"@type":"ReadAction","target":["https:\/\/kibrisdakik.com\/?p=65708"]}]},{"@type":"ImageObject","inLanguage":"tr","@id":"https:\/\/kibrisdakik.com\/?p=65708#primaryimage","url":"https:\/\/kibrisdakik.com\/wp-content\/uploads\/2024\/10\/2bde1a74-2fb5-4840-9270-8cd80b17d1fe21-740x420.jpg","contentUrl":"https:\/\/kibrisdakik.com\/wp-content\/uploads\/2024\/10\/2bde1a74-2fb5-4840-9270-8cd80b17d1fe21-740x420.jpg","width":1600,"height":1066},{"@type":"BreadcrumbList","@id":"https:\/\/kibrisdakik.com\/?p=65708#breadcrumb","itemListElement":[{"@type":"ListItem","position":1,"name":"Home","item":"https:\/\/kibrisdakik.com\/"},{"@type":"ListItem","position":2,"name":"S.G. ile A.S\u2019nin ilk tahkikat duru\u015fmas\u0131nda karar yar\u0131n a\u00e7\u0131klanacak\u2026 Mahkemeye toplam 32 emare sunuldu"}]},{"@type":"WebSite","@id":"https:\/\/kibrisdakik.com\/#website","url":"https:\/\/kibrisdakik.com\/","name":"","description":"Tam vaktinde haber","potentialAction":[{"@type":"SearchAction","target":{"@type":"EntryPoint","urlTemplate":"https:\/\/kibrisdakik.com\/?s={search_term_string}"},"query-input":{"@type":"PropertyValueSpecification","valueRequired":true,"valueName":"search_term_string"}}],"inLanguage":"tr"},{"@type":"Person","@id":"https:\/\/kibrisdakik.com\/#\/schema\/person\/9cd9d437bbb44f72b73ba127e06d8e79","name":"admin","image":{"@type":"ImageObject","inLanguage":"tr","@id":"https:\/\/secure.gravatar.com\/avatar\/ccc17943b9d660506c869530f897617f7cb1c21a4bf30023f252596d83e1f007?s=96&d=mm&r=g","url":"https:\/\/secure.gravatar.com\/avatar\/ccc17943b9d660506c869530f897617f7cb1c21a4bf30023f252596d83e1f007?s=96&d=mm&r=g","contentUrl":"https:\/\/secure.gravatar.com\/avatar\/ccc17943b9d660506c869530f897617f7cb1c21a4bf30023f252596d83e1f007?s=96&d=mm&r=g","caption":"admin"},"sameAs":["https:\/\/kibrisdakik.com"],"url":"https:\/\/kibrisdakik.com\/?author=1"}]}},"_links":{"self":[{"href":"https:\/\/kibrisdakik.com\/index.php?rest_route=\/wp\/v2\/posts\/65708","targetHints":{"allow":["GET"]}}],"collection":[{"href":"https:\/\/kibrisdakik.com\/index.php?rest_route=\/wp\/v2\/posts"}],"about":[{"href":"https:\/\/kibrisdakik.com\/index.php?rest_route=\/wp\/v2\/types\/post"}],"author":[{"embeddable":true,"href":"https:\/\/kibrisdakik.com\/index.php?rest_route=\/wp\/v2\/users\/1"}],"replies":[{"embeddable":true,"href":"https:\/\/kibrisdakik.com\/index.php?rest_route=%2Fwp%2Fv2%2Fcomments&post=65708"}],"version-history":[{"count":0,"href":"https:\/\/kibrisdakik.com\/index.php?rest_route=\/wp\/v2\/posts\/65708\/revisions"}],"wp:featuredmedia":[{"embeddable":true,"href":"https:\/\/kibrisdakik.com\/index.php?rest_route=\/wp\/v2\/media\/65709"}],"wp:attachment":[{"href":"https:\/\/kibrisdakik.com\/index.php?rest_route=%2Fwp%2Fv2%2Fmedia&parent=65708"}],"wp:term":[{"taxonomy":"category","embeddable":true,"href":"https:\/\/kibrisdakik.com\/index.php?rest_route=%2Fwp%2Fv2%2Fcategories&post=65708"},{"taxonomy":"post_tag","embeddable":true,"href":"https:\/\/kibrisdakik.com\/index.php?rest_route=%2Fwp%2Fv2%2Ftags&post=65708"}],"curies":[{"name":"wp","href":"https:\/\/api.w.org\/{rel}","templated":true}]}}