{"id":6574,"date":"2023-05-09T18:10:55","date_gmt":"2023-05-09T18:10:55","guid":{"rendered":"https:\/\/kibrisdakik.com\/index.php\/2023\/05\/09\/kktfad-suleyman-goktas-gelisim-semineri-17-mayista\/"},"modified":"2023-05-09T18:10:55","modified_gmt":"2023-05-09T18:10:55","slug":"kktfad-suleyman-goktas-gelisim-semineri-17-mayista","status":"publish","type":"post","link":"https:\/\/kibrisdakik.com\/?p=6574","title":{"rendered":"KKTFAD \u201cS\u00fcleyman G\u00f6kta\u015f Geli\u015fim Semineri\u201d 17 May\u0131s\u2019ta"},"content":{"rendered":"<p> <br \/>\n<\/p>\n<div>\n<div class=\"mariselle-image-container center\">\n                <img width=\"1599\" height=\"899\" class=\"lazy-image\" alt=\"\" decoding=\"async\" loading=\"lazy\" sizes=\"auto, (max-width: 1599px) 100vw, 1599px\" src=\"https:\/\/brtk.net\/wp-content\/uploads\/2023\/05\/09\/suleyman-goktas-seminer.jpeg?ver=d7500079786c0050c453e92b0f012a6e\" srcset=\"https:\/\/brtk.net\/wp-content\/uploads\/2023\/05\/09\/suleyman-goktas-seminer.jpeg?ver=d7500079786c0050c453e92b0f012a6e 1599w, https:\/\/brtk.net\/wp-content\/uploads\/2023\/05\/09\/suleyman-goktas-seminer-300x169.jpeg?ver=d7500079786c0050c453e92b0f012a6e 300w, https:\/\/brtk.net\/wp-content\/uploads\/2023\/05\/09\/suleyman-goktas-seminer-1024x576.jpeg?ver=7533eb29dcf25ec9db26d4972c43a495 1024w, https:\/\/brtk.net\/wp-content\/uploads\/2023\/05\/09\/suleyman-goktas-seminer-768x432.jpeg?ver=7533eb29dcf25ec9db26d4972c43a495 768w, https:\/\/brtk.net\/wp-content\/uploads\/2023\/05\/09\/suleyman-goktas-seminer-1536x864.jpeg?ver=7533eb29dcf25ec9db26d4972c43a495 1536w\"\/>                            <\/div>\n<p>Kuzey K\u0131br\u0131s T\u00fcrk Futbol Antren\u00f6rleri Derne\u011fi seminer d\u00fczenliyor. Onursal Ba\u015fkan S\u00fcleyman G\u00f6kta\u015f ad\u0131na yap\u0131lacak olan \u201cS\u00fcleyman G\u00f6kta\u015f Antren\u00f6r Geli\u015fim Semineri\u201d 17 May\u0131s\u2019ta ba\u015flay\u0131p \u00fc\u00e7 g\u00fcn s\u00fcrecek ve Salamis Bay Resort Conti Otel\u2019de ger\u00e7ekle\u015ftirilecek. Seminerin en \u00f6nemli konu\u011fu ise UEFA Pro Lisans Teknik Direkt\u00f6r Fatih Terim olacak. T\u00fcrkiye Milli Tak\u0131m eski Teknik Direkt\u00f6r\u00fc olarak uzun y\u0131llar g\u00f6rev yapan Fatih Terim, seminerin ikinci g\u00fcn\u00fc olan 18 May\u0131s\u2019ta \u00f6\u011fleden sonraki son oturumda \u201cFutbolun d\u00fcn\u00fc, bug\u00fcn\u00fc ve geli\u015fimleriyle yar\u0131n\u0131\u201d  konulu konferans verecek <\/p>\n<p>Seminerde ayr\u0131ca \u00e7ok say\u0131da antren\u00f6r, teknik direkt\u00f6r ve akademisyen sunumlar ger\u00e7ekle\u015ftirecek.<\/p>\n<\/p><\/div>\n<p><script async\n                    defer\n                    crossorigin=\"anonymous\"\n                    src=\"https:\/\/connect.facebook.net\/tr_TR\/sdk.js#xfbml=1&#038;version=v3.3\"\n            ><\/script><br \/>\n<br \/><br \/>\n<br \/><a href=\"https:\/\/brtk.net\/kktfad-suleyman-goktas-gelisim-semineri-17-mayista\/\"> <\/a><\/p>\n","protected":false},"excerpt":{"rendered":"<p>Kuzey K\u0131br\u0131s T\u00fcrk Futbol Antren\u00f6rleri Derne\u011fi seminer d\u00fczenliyor. Onursal Ba\u015fkan S\u00fcleyman G\u00f6kta\u015f ad\u0131na yap\u0131lacak olan \u201cS\u00fcleyman G\u00f6kta\u015f Antren\u00f6r Geli\u015fim Semineri\u201d 17 May\u0131s\u2019ta ba\u015flay\u0131p \u00fc\u00e7 g\u00fcn s\u00fcrecek ve Salamis Bay Resort Conti Otel\u2019de ger\u00e7ekle\u015ftirilecek. Seminerin en \u00f6nemli konu\u011fu ise UEFA Pro Lisans Teknik Direkt\u00f6r Fatih Terim olacak. T\u00fcrkiye Milli Tak\u0131m eski Teknik Direkt\u00f6r\u00fc olarak uzun y\u0131llar<\/p>\n","protected":false},"author":1,"featured_media":6575,"comment_status":"open","ping_status":"open","sticky":false,"template":"","format":"standard","meta":{"footnotes":""},"categories":[85],"tags":[],"class_list":["post-6574","post","type-post","status-publish","format-standard","has-post-thumbnail","hentry","category-spor"],"yoast_head":"<!-- This site is optimized with the Yoast SEO plugin v28.4 - https:\/\/yoast.com\/product\/yoast-seo-wordpress\/ -->\n<title>KKTFAD \u201cS\u00fcleyman G\u00f6kta\u015f Geli\u015fim Semineri\u201d 17 May\u0131s\u2019ta -<\/title>\n<meta name=\"robots\" content=\"index, follow, max-snippet:-1, max-image-preview:large, max-video-preview:-1\" \/>\n<link rel=\"canonical\" href=\"https:\/\/kibrisdakik.com\/?p=6574\" \/>\n<meta property=\"og:locale\" content=\"tr_TR\" \/>\n<meta property=\"og:type\" content=\"article\" \/>\n<meta property=\"og:title\" content=\"KKTFAD \u201cS\u00fcleyman G\u00f6kta\u015f Geli\u015fim Semineri\u201d 17 May\u0131s\u2019ta -\" \/>\n<meta property=\"og:description\" content=\"Kuzey K\u0131br\u0131s T\u00fcrk Futbol Antren\u00f6rleri Derne\u011fi seminer d\u00fczenliyor. Onursal Ba\u015fkan S\u00fcleyman G\u00f6kta\u015f ad\u0131na yap\u0131lacak olan \u201cS\u00fcleyman G\u00f6kta\u015f Antren\u00f6r Geli\u015fim Semineri\u201d 17 May\u0131s\u2019ta ba\u015flay\u0131p \u00fc\u00e7 g\u00fcn s\u00fcrecek ve Salamis Bay Resort Conti Otel\u2019de ger\u00e7ekle\u015ftirilecek. Seminerin en \u00f6nemli konu\u011fu ise UEFA Pro Lisans Teknik Direkt\u00f6r Fatih Terim olacak. T\u00fcrkiye Milli Tak\u0131m eski Teknik Direkt\u00f6r\u00fc olarak uzun y\u0131llar\" \/>\n<meta property=\"og:url\" content=\"https:\/\/kibrisdakik.com\/?p=6574\" \/>\n<meta property=\"article:published_time\" content=\"2023-05-09T18:10:55+00:00\" \/>\n<meta property=\"og:image\" content=\"https:\/\/kibrisdakik.com\/wp-content\/uploads\/2023\/05\/suleyman-goktas-seminer-740x420.jpeg\" \/>\n\t<meta property=\"og:image:width\" content=\"1599\" \/>\n\t<meta property=\"og:image:height\" content=\"899\" \/>\n\t<meta property=\"og:image:type\" content=\"image\/jpeg\" \/>\n<meta name=\"author\" content=\"admin\" \/>\n<meta name=\"twitter:card\" content=\"summary_large_image\" \/>\n<meta name=\"twitter:label1\" content=\"Yazan:\" \/>\n\t<meta name=\"twitter:data1\" content=\"admin\" \/>\n\t<meta name=\"twitter:label2\" content=\"Tahmini okuma s\u00fcresi\" \/>\n\t<meta name=\"twitter:data2\" content=\"1 dakika\" \/>\n<script type=\"application\/ld+json\" class=\"yoast-schema-graph\">{\"@context\":\"https:\\\/\\\/schema.org\",\"@graph\":[{\"@type\":\"Article\",\"@id\":\"https:\\\/\\\/kibrisdakik.com\\\/?p=6574#article\",\"isPartOf\":{\"@id\":\"https:\\\/\\\/kibrisdakik.com\\\/?p=6574\"},\"author\":{\"name\":\"admin\",\"@id\":\"https:\\\/\\\/kibrisdakik.com\\\/#\\\/schema\\\/person\\\/9cd9d437bbb44f72b73ba127e06d8e79\"},\"headline\":\"KKTFAD \u201cS\u00fcleyman G\u00f6kta\u015f Geli\u015fim Semineri\u201d 17 May\u0131s\u2019ta\",\"datePublished\":\"2023-05-09T18:10:55+00:00\",\"mainEntityOfPage\":{\"@id\":\"https:\\\/\\\/kibrisdakik.com\\\/?p=6574\"},\"wordCount\":143,\"commentCount\":0,\"publisher\":{\"@id\":\"https:\\\/\\\/kibrisdakik.com\\\/#organization\"},\"image\":{\"@id\":\"https:\\\/\\\/kibrisdakik.com\\\/?p=6574#primaryimage\"},\"thumbnailUrl\":\"https:\\\/\\\/kibrisdakik.com\\\/wp-content\\\/uploads\\\/2023\\\/05\\\/suleyman-goktas-seminer-740x420.jpeg\",\"articleSection\":[\"Spor\"],\"inLanguage\":\"tr\",\"potentialAction\":[{\"@type\":\"CommentAction\",\"name\":\"Comment\",\"target\":[\"https:\\\/\\\/kibrisdakik.com\\\/?p=6574#respond\"]}]},{\"@type\":\"WebPage\",\"@id\":\"https:\\\/\\\/kibrisdakik.com\\\/?p=6574\",\"url\":\"https:\\\/\\\/kibrisdakik.com\\\/?p=6574\",\"name\":\"KKTFAD \u201cS\u00fcleyman G\u00f6kta\u015f Geli\u015fim Semineri\u201d 17 May\u0131s\u2019ta -\",\"isPartOf\":{\"@id\":\"https:\\\/\\\/kibrisdakik.com\\\/#website\"},\"primaryImageOfPage\":{\"@id\":\"https:\\\/\\\/kibrisdakik.com\\\/?p=6574#primaryimage\"},\"image\":{\"@id\":\"https:\\\/\\\/kibrisdakik.com\\\/?p=6574#primaryimage\"},\"thumbnailUrl\":\"https:\\\/\\\/kibrisdakik.com\\\/wp-content\\\/uploads\\\/2023\\\/05\\\/suleyman-goktas-seminer-740x420.jpeg\",\"datePublished\":\"2023-05-09T18:10:55+00:00\",\"breadcrumb\":{\"@id\":\"https:\\\/\\\/kibrisdakik.com\\\/?p=6574#breadcrumb\"},\"inLanguage\":\"tr\",\"potentialAction\":[{\"@type\":\"ReadAction\",\"target\":[\"https:\\\/\\\/kibrisdakik.com\\\/?p=6574\"]}]},{\"@type\":\"ImageObject\",\"inLanguage\":\"tr\",\"@id\":\"https:\\\/\\\/kibrisdakik.com\\\/?p=6574#primaryimage\",\"url\":\"https:\\\/\\\/kibrisdakik.com\\\/wp-content\\\/uploads\\\/2023\\\/05\\\/suleyman-goktas-seminer-740x420.jpeg\",\"contentUrl\":\"https:\\\/\\\/kibrisdakik.com\\\/wp-content\\\/uploads\\\/2023\\\/05\\\/suleyman-goktas-seminer-740x420.jpeg\",\"width\":1599,\"height\":899},{\"@type\":\"BreadcrumbList\",\"@id\":\"https:\\\/\\\/kibrisdakik.com\\\/?p=6574#breadcrumb\",\"itemListElement\":[{\"@type\":\"ListItem\",\"position\":1,\"name\":\"Home\",\"item\":\"https:\\\/\\\/kibrisdakik.com\\\/\"},{\"@type\":\"ListItem\",\"position\":2,\"name\":\"KKTFAD \u201cS\u00fcleyman G\u00f6kta\u015f Geli\u015fim Semineri\u201d 17 May\u0131s\u2019ta\"}]},{\"@type\":\"WebSite\",\"@id\":\"https:\\\/\\\/kibrisdakik.com\\\/#website\",\"url\":\"https:\\\/\\\/kibrisdakik.com\\\/\",\"name\":\"K\u0131br\u0131s Dakik\",\"description\":\"Tam vaktinde haber\",\"publisher\":{\"@id\":\"https:\\\/\\\/kibrisdakik.com\\\/#organization\"},\"potentialAction\":[{\"@type\":\"SearchAction\",\"target\":{\"@type\":\"EntryPoint\",\"urlTemplate\":\"https:\\\/\\\/kibrisdakik.com\\\/?s={search_term_string}\"},\"query-input\":{\"@type\":\"PropertyValueSpecification\",\"valueRequired\":true,\"valueName\":\"search_term_string\"}}],\"inLanguage\":\"tr\"},{\"@type\":\"Organization\",\"@id\":\"https:\\\/\\\/kibrisdakik.com\\\/#organization\",\"name\":\"K\u0131br\u0131s Dakik\",\"url\":\"https:\\\/\\\/kibrisdakik.com\\\/\",\"logo\":{\"@type\":\"ImageObject\",\"inLanguage\":\"tr\",\"@id\":\"https:\\\/\\\/kibrisdakik.com\\\/#\\\/schema\\\/logo\\\/image\\\/\",\"url\":\"https:\\\/\\\/kibrisdakik.com\\\/wp-content\\\/uploads\\\/2025\\\/10\\\/cropped-WhatsApp-Image-2025-10-02-at-12.58.31.jpeg\",\"contentUrl\":\"https:\\\/\\\/kibrisdakik.com\\\/wp-content\\\/uploads\\\/2025\\\/10\\\/cropped-WhatsApp-Image-2025-10-02-at-12.58.31.jpeg\",\"width\":1237,\"height\":190,\"caption\":\"K\u0131br\u0131s Dakik\"},\"image\":{\"@id\":\"https:\\\/\\\/kibrisdakik.com\\\/#\\\/schema\\\/logo\\\/image\\\/\"}},{\"@type\":\"Person\",\"@id\":\"https:\\\/\\\/kibrisdakik.com\\\/#\\\/schema\\\/person\\\/9cd9d437bbb44f72b73ba127e06d8e79\",\"name\":\"admin\",\"image\":{\"@type\":\"ImageObject\",\"inLanguage\":\"tr\",\"@id\":\"https:\\\/\\\/secure.gravatar.com\\\/avatar\\\/ccc17943b9d660506c869530f897617f7cb1c21a4bf30023f252596d83e1f007?s=96&d=mm&r=g\",\"url\":\"https:\\\/\\\/secure.gravatar.com\\\/avatar\\\/ccc17943b9d660506c869530f897617f7cb1c21a4bf30023f252596d83e1f007?s=96&d=mm&r=g\",\"contentUrl\":\"https:\\\/\\\/secure.gravatar.com\\\/avatar\\\/ccc17943b9d660506c869530f897617f7cb1c21a4bf30023f252596d83e1f007?s=96&d=mm&r=g\",\"caption\":\"admin\"},\"sameAs\":[\"https:\\\/\\\/kibrisdakik.com\"],\"url\":\"https:\\\/\\\/kibrisdakik.com\\\/?author=1\"}]}<\/script>\n<!-- \/ Yoast SEO plugin. -->","yoast_head_json":{"title":"KKTFAD \u201cS\u00fcleyman G\u00f6kta\u015f Geli\u015fim Semineri\u201d 17 May\u0131s\u2019ta -","robots":{"index":"index","follow":"follow","max-snippet":"max-snippet:-1","max-image-preview":"max-image-preview:large","max-video-preview":"max-video-preview:-1"},"canonical":"https:\/\/kibrisdakik.com\/?p=6574","og_locale":"tr_TR","og_type":"article","og_title":"KKTFAD \u201cS\u00fcleyman G\u00f6kta\u015f Geli\u015fim Semineri\u201d 17 May\u0131s\u2019ta -","og_description":"Kuzey K\u0131br\u0131s T\u00fcrk Futbol Antren\u00f6rleri Derne\u011fi seminer d\u00fczenliyor. Onursal Ba\u015fkan S\u00fcleyman G\u00f6kta\u015f ad\u0131na yap\u0131lacak olan \u201cS\u00fcleyman G\u00f6kta\u015f Antren\u00f6r Geli\u015fim Semineri\u201d 17 May\u0131s\u2019ta ba\u015flay\u0131p \u00fc\u00e7 g\u00fcn s\u00fcrecek ve Salamis Bay Resort Conti Otel\u2019de ger\u00e7ekle\u015ftirilecek. Seminerin en \u00f6nemli konu\u011fu ise UEFA Pro Lisans Teknik Direkt\u00f6r Fatih Terim olacak. T\u00fcrkiye Milli Tak\u0131m eski Teknik Direkt\u00f6r\u00fc olarak uzun y\u0131llar","og_url":"https:\/\/kibrisdakik.com\/?p=6574","article_published_time":"2023-05-09T18:10:55+00:00","og_image":[{"width":1599,"height":899,"url":"https:\/\/kibrisdakik.com\/wp-content\/uploads\/2023\/05\/suleyman-goktas-seminer-740x420.jpeg","type":"image\/jpeg"}],"author":"admin","twitter_card":"summary_large_image","twitter_misc":{"Yazan:":"admin","Tahmini okuma s\u00fcresi":"1 dakika"},"schema":{"@context":"https:\/\/schema.org","@graph":[{"@type":"Article","@id":"https:\/\/kibrisdakik.com\/?p=6574#article","isPartOf":{"@id":"https:\/\/kibrisdakik.com\/?p=6574"},"author":{"name":"admin","@id":"https:\/\/kibrisdakik.com\/#\/schema\/person\/9cd9d437bbb44f72b73ba127e06d8e79"},"headline":"KKTFAD \u201cS\u00fcleyman G\u00f6kta\u015f Geli\u015fim Semineri\u201d 17 May\u0131s\u2019ta","datePublished":"2023-05-09T18:10:55+00:00","mainEntityOfPage":{"@id":"https:\/\/kibrisdakik.com\/?p=6574"},"wordCount":143,"commentCount":0,"publisher":{"@id":"https:\/\/kibrisdakik.com\/#organization"},"image":{"@id":"https:\/\/kibrisdakik.com\/?p=6574#primaryimage"},"thumbnailUrl":"https:\/\/kibrisdakik.com\/wp-content\/uploads\/2023\/05\/suleyman-goktas-seminer-740x420.jpeg","articleSection":["Spor"],"inLanguage":"tr","potentialAction":[{"@type":"CommentAction","name":"Comment","target":["https:\/\/kibrisdakik.com\/?p=6574#respond"]}]},{"@type":"WebPage","@id":"https:\/\/kibrisdakik.com\/?p=6574","url":"https:\/\/kibrisdakik.com\/?p=6574","name":"KKTFAD \u201cS\u00fcleyman G\u00f6kta\u015f Geli\u015fim Semineri\u201d 17 May\u0131s\u2019ta -","isPartOf":{"@id":"https:\/\/kibrisdakik.com\/#website"},"primaryImageOfPage":{"@id":"https:\/\/kibrisdakik.com\/?p=6574#primaryimage"},"image":{"@id":"https:\/\/kibrisdakik.com\/?p=6574#primaryimage"},"thumbnailUrl":"https:\/\/kibrisdakik.com\/wp-content\/uploads\/2023\/05\/suleyman-goktas-seminer-740x420.jpeg","datePublished":"2023-05-09T18:10:55+00:00","breadcrumb":{"@id":"https:\/\/kibrisdakik.com\/?p=6574#breadcrumb"},"inLanguage":"tr","potentialAction":[{"@type":"ReadAction","target":["https:\/\/kibrisdakik.com\/?p=6574"]}]},{"@type":"ImageObject","inLanguage":"tr","@id":"https:\/\/kibrisdakik.com\/?p=6574#primaryimage","url":"https:\/\/kibrisdakik.com\/wp-content\/uploads\/2023\/05\/suleyman-goktas-seminer-740x420.jpeg","contentUrl":"https:\/\/kibrisdakik.com\/wp-content\/uploads\/2023\/05\/suleyman-goktas-seminer-740x420.jpeg","width":1599,"height":899},{"@type":"BreadcrumbList","@id":"https:\/\/kibrisdakik.com\/?p=6574#breadcrumb","itemListElement":[{"@type":"ListItem","position":1,"name":"Home","item":"https:\/\/kibrisdakik.com\/"},{"@type":"ListItem","position":2,"name":"KKTFAD \u201cS\u00fcleyman G\u00f6kta\u015f Geli\u015fim Semineri\u201d 17 May\u0131s\u2019ta"}]},{"@type":"WebSite","@id":"https:\/\/kibrisdakik.com\/#website","url":"https:\/\/kibrisdakik.com\/","name":"K\u0131br\u0131s Dakik","description":"Tam vaktinde haber","publisher":{"@id":"https:\/\/kibrisdakik.com\/#organization"},"potentialAction":[{"@type":"SearchAction","target":{"@type":"EntryPoint","urlTemplate":"https:\/\/kibrisdakik.com\/?s={search_term_string}"},"query-input":{"@type":"PropertyValueSpecification","valueRequired":true,"valueName":"search_term_string"}}],"inLanguage":"tr"},{"@type":"Organization","@id":"https:\/\/kibrisdakik.com\/#organization","name":"K\u0131br\u0131s Dakik","url":"https:\/\/kibrisdakik.com\/","logo":{"@type":"ImageObject","inLanguage":"tr","@id":"https:\/\/kibrisdakik.com\/#\/schema\/logo\/image\/","url":"https:\/\/kibrisdakik.com\/wp-content\/uploads\/2025\/10\/cropped-WhatsApp-Image-2025-10-02-at-12.58.31.jpeg","contentUrl":"https:\/\/kibrisdakik.com\/wp-content\/uploads\/2025\/10\/cropped-WhatsApp-Image-2025-10-02-at-12.58.31.jpeg","width":1237,"height":190,"caption":"K\u0131br\u0131s Dakik"},"image":{"@id":"https:\/\/kibrisdakik.com\/#\/schema\/logo\/image\/"}},{"@type":"Person","@id":"https:\/\/kibrisdakik.com\/#\/schema\/person\/9cd9d437bbb44f72b73ba127e06d8e79","name":"admin","image":{"@type":"ImageObject","inLanguage":"tr","@id":"https:\/\/secure.gravatar.com\/avatar\/ccc17943b9d660506c869530f897617f7cb1c21a4bf30023f252596d83e1f007?s=96&d=mm&r=g","url":"https:\/\/secure.gravatar.com\/avatar\/ccc17943b9d660506c869530f897617f7cb1c21a4bf30023f252596d83e1f007?s=96&d=mm&r=g","contentUrl":"https:\/\/secure.gravatar.com\/avatar\/ccc17943b9d660506c869530f897617f7cb1c21a4bf30023f252596d83e1f007?s=96&d=mm&r=g","caption":"admin"},"sameAs":["https:\/\/kibrisdakik.com"],"url":"https:\/\/kibrisdakik.com\/?author=1"}]}},"_links":{"self":[{"href":"https:\/\/kibrisdakik.com\/index.php?rest_route=\/wp\/v2\/posts\/6574","targetHints":{"allow":["GET"]}}],"collection":[{"href":"https:\/\/kibrisdakik.com\/index.php?rest_route=\/wp\/v2\/posts"}],"about":[{"href":"https:\/\/kibrisdakik.com\/index.php?rest_route=\/wp\/v2\/types\/post"}],"author":[{"embeddable":true,"href":"https:\/\/kibrisdakik.com\/index.php?rest_route=\/wp\/v2\/users\/1"}],"replies":[{"embeddable":true,"href":"https:\/\/kibrisdakik.com\/index.php?rest_route=%2Fwp%2Fv2%2Fcomments&post=6574"}],"version-history":[{"count":0,"href":"https:\/\/kibrisdakik.com\/index.php?rest_route=\/wp\/v2\/posts\/6574\/revisions"}],"wp:featuredmedia":[{"embeddable":true,"href":"https:\/\/kibrisdakik.com\/index.php?rest_route=\/wp\/v2\/media\/6575"}],"wp:attachment":[{"href":"https:\/\/kibrisdakik.com\/index.php?rest_route=%2Fwp%2Fv2%2Fmedia&parent=6574"}],"wp:term":[{"taxonomy":"category","embeddable":true,"href":"https:\/\/kibrisdakik.com\/index.php?rest_route=%2Fwp%2Fv2%2Fcategories&post=6574"},{"taxonomy":"post_tag","embeddable":true,"href":"https:\/\/kibrisdakik.com\/index.php?rest_route=%2Fwp%2Fv2%2Ftags&post=6574"}],"curies":[{"name":"wp","href":"https:\/\/api.w.org\/{rel}","templated":true}]}}