{"id":65777,"date":"2024-10-04T12:53:32","date_gmt":"2024-10-04T09:53:32","guid":{"rendered":"https:\/\/kibrisdakik.com\/index.php\/2024\/10\/04\/akansoy-hukumette-de-cumhurbaskanliginda-da-guclu-bir-zemine-basacagiz\/"},"modified":"2024-10-04T12:53:32","modified_gmt":"2024-10-04T09:53:32","slug":"akansoy-hukumette-de-cumhurbaskanliginda-da-guclu-bir-zemine-basacagiz","status":"publish","type":"post","link":"https:\/\/kibrisdakik.com\/?p=65777","title":{"rendered":"Akansoy: H\u00fck\u00fcmette de, cumhurba\u015fkanl\u0131\u011f\u0131nda da g\u00fc\u00e7l\u00fc bir zemine basaca\u011f\u0131z"},"content":{"rendered":"<div>\n<div class=\"mariselle-image-container center\">\n                                            <\/div>\n<p>Cumhuriyet\u00e7i T\u00fcrk Partisi (CTP) Genel Sekreteri As\u0131m Akansoy, h\u00fck\u00fcmette de Cumhurba\u015fkanl\u0131\u011f\u0131nda da g\u00fc\u00e7l\u00fc bir zemine basacaklar\u0131n\u0131 s\u00f6yledi.<\/p>\n<p>CTP Bas\u0131n B\u00fcrosu\u2019ndan yap\u0131lan a\u00e7\u0131klamaya g\u00f6re, kat\u0131ld\u0131\u011f\u0131 programda sorular\u0131 yan\u0131tlayan CTP Genel Sekreteri As\u0131m Akansoy, CTP olarak \u00e7ok ciddi bir \u015fekilde haz\u0131rland\u0131klar\u0131n\u0131 ve uluslararas\u0131 camian\u0131n, CTP\u2019nin g\u00f6r\u00fc\u015flerini \u015fimdiden dinlemeye ba\u015flad\u0131\u011f\u0131n\u0131 kaydetti.<\/p>\n<p>-\u201cS\u00fcrd\u00fcr\u00fclebilir, g\u00fcvenlikli, i\u015flevsel ve e\u015fit bir yap\u0131\u201d<\/p>\n<p>K\u0131br\u0131s sorununun, enerjide ya\u015fanan geli\u015fmelerle yeniden g\u00fcndem olaca\u011f\u0131n\u0131 vurgulayan Akansoy, \u015f\u00f6yle devam etti:<\/p>\n<p>\u201cABD\u2019nin K\u0131br\u0131s Cumhuriyeti gibi yar\u0131m yamalak bir yap\u0131yla savunma anla\u015fmas\u0131 yapmas\u0131n\u0131n ne anlama geldi\u011fini d\u00fc\u015f\u00fcnmek gerek. D\u00fcnya yeni bir evreye ge\u00e7iyor. Eski olan her \u015fey ortadan kalk\u0131yor. Hen\u00fcz yeni ortaya \u00e7\u0131kmad\u0131. Yeninin nas\u0131l olaca\u011f\u0131na dair de \u00e7ok ciddi yorumlar var. Bat\u0131 Do\u011fu cephesi yeniden dizayn ediliyor. B\u00f6lgesel sava\u015flar\u0131n arkas\u0131nda K\u00fcresel egemenlik kavgas\u0131 var. Bir yanda \u00c7in ve Rusya bir di\u011fer yanda ABD ve AB.  Bu kar\u015f\u0131tl\u0131\u011f\u0131 ve k\u00fcresel m\u00fccadeleyi anlamak i\u00e7in, \u00c7in\u2019in yeni ipek yolu projesi kar\u015f\u0131l\u0131\u011f\u0131nda Bat\u0131n\u0131n, Hindistan Avrupa ticaret, enerji ve veri yoluna konsantre olmak gerekti\u011fini d\u00fc\u015f\u00fcn\u00fcyorum.\u201d<\/p>\n<p>1960 s\u00fcrecine \u00e7ok benzer geli\u015fmelerin de konu\u015fuldu\u011funu ifade eden Akansoy, \u201cBurada ba\u011f\u0131ms\u0131z devleti kurmaya karar veren \u00fc\u00e7 devlet oldu. 1960 cumhuriyetini kuranlar garant\u00f6r olan \u00fclkelerdir. Onlar onay vermeden bu stat\u00fckonun de\u011fi\u015fmesi de hukuken m\u00fcmk\u00fcn olmayacakt\u0131r. 1960\u2019larda ve 70\u2019lerde ya\u015fananlardan ders \u00e7\u0131karmam\u0131z ve ne istedi\u011fimizi bilmemiz gerekiyor. Yukar\u0131dan dayat\u0131lan modellerle de\u011fil, halk\u0131n i\u00e7selle\u015ftirdi\u011fi s\u00fcre\u00e7lerle yol a\u015fmak en sa\u011fl\u0131kl\u0131 y\u00f6ntemdir\u201d diye konu\u015ftu.<\/p>\n<p>S\u00fcrd\u00fcr\u00fclebilir, g\u00fcvenlikli, i\u015flevsel ve siyaseten e\u015fit bir yap\u0131n\u0131n kurulmas\u0131n\u0131n \u00f6nemine i\u015faret eden Akansoy, ge\u00e7mi\u015fte ya\u015fanan sorunlar\u0131n ve krizlerin olmayaca\u011f\u0131, e\u015fitli\u011fin temel bir mesele olaca\u011f\u0131 bir modele ihtiya\u00e7 duyuldu\u011funu kaydetti. \u201cUzla\u015f\u0131ya var\u0131lm\u0131\u015f olan konular \u00e7ok ciddi dosyalard\u0131r. K\u0131br\u0131s kendi co\u011frafyas\u0131nda \u00e7ok \u00f6nemli bir toprak par\u00e7as\u0131d\u0131r. Bu toprak par\u00e7as\u0131n\u0131n kaderini ele al\u0131p oyuncu olmazsak, bize sorulmadan geli\u015fmeler ya\u015fanabilir\u201d diyen Akansoy, K\u0131br\u0131s ile ilgili kararlar\u0131 K\u0131br\u0131s\u2019ta ya\u015fayan halk\u0131n vermesi gerekti\u011fini vurgulad\u0131.<\/p>\n<p>-\u201cUluslararas\u0131 camia g\u00f6r\u00fc\u015flerimizi \u015fimdiden dinlemeye ba\u015flad\u0131\u201d<\/p>\n<p>Y\u00fcr\u00fct\u00fclen siyasetin uluslararas\u0131 camia taraf\u0131ndan kabul g\u00f6rmesinin \u00e7ok \u00f6nemli oldu\u011funu kaydeden As\u0131m Akansoy, \u201cBizim ortaya koydu\u011fumuz yakla\u015f\u0131m BM zemininde bir yakla\u015f\u0131md\u0131r. Geli\u015fi g\u00fczel bir m\u00fczakere s\u00fcrecine girmek istemedi\u011fimizi defalarca s\u00f6yledik. B\u0131rak\u0131n az\u0131nl\u0131k konusunu, biz ertesi g\u00fcn m\u00fczakerelere de ba\u015flamayaca\u011f\u0131z. Sonu\u00e7 al\u0131c\u0131 bir m\u00fczakere s\u00fcrecine ba\u015flamam\u0131z i\u00e7in ciddi haz\u0131rl\u0131k yapmam\u0131z gerekiyor. CTP, \u00e7ok ciddi bir \u015fekilde haz\u0131rlanacak. Uluslararas\u0131 camian\u0131n bizim g\u00f6r\u00fc\u015flerimizi \u015fimdiden dinlemeye ba\u015flamas\u0131 ve benimsemesi \u00e7ok \u00f6nemlidir. Sundu\u011fumuz d\u00f6rt madde \u00fczerinden sonu\u00e7 alabilece\u011fimizi d\u00fc\u015f\u00fcn\u00fcyoruz\u201d diye konu\u015ftu.<\/p>\n<p>M\u00fczakerelerin sonu\u00e7 odakl\u0131 olmas\u0131 gerekti\u011fine dikkat \u00e7eken Akansoy, siyasi e\u015fitli\u011fin kesinlikle pazarl\u0131k konusu yap\u0131lamayaca\u011f\u0131n\u0131n alt\u0131n\u0131 \u00e7izdi. \u201cM\u00fczakerelere ba\u015flad\u0131ktan sonra stat\u00fckonun eski haline d\u00f6n\u00fclmeyecek. Taraflardan herhangi biri, herhangi bir sebepten dolay\u0131 masay\u0131 \u00e7\u00f6kertirse, di\u011fer taraf\u0131n hakk\u0131n\u0131n yenmemesi gerekiyor\u201d diyen Akansoy, kal\u0131c\u0131l\u0131\u011f\u0131n ve iki taraf\u0131n e\u015fitli\u011finin \u00e7ok \u00f6nemli oldu\u011funun alt\u0131n\u0131 \u00e7izdi.<\/p>\n<p>Akansoy, \u201cSay\u0131n Tatar\u2019\u0131n bug\u00fcne kadar izledi\u011fi siyaset, ayr\u0131l\u0131k\u00e7\u0131 ve s\u0131f\u0131rdan ba\u015flama siyasetidir. Yeni bir m\u00fczakere s\u00fcrecine ba\u015flayal\u0131m diyor. Siz, zemini g\u00fc\u00e7l\u00fc olmayan bir yap\u0131da kayar gidersiniz. G\u00fc\u00e7l\u00fc zemine basaca\u011f\u0131z, h\u00fck\u00fcmette de cumhurba\u015fkanl\u0131\u011f\u0131nda da.\u201d dedi.<\/p>\n<p>Esas olarak \u00fczerinde durulmas\u0131 gereken konunun ekonomi oldu\u011funu vurgulayan Akansoy, kar\u015f\u0131lar\u0131ndaki zihniyetin \u00fclkeyi y\u00f6netmedi\u011fini ifade etti. \u201cEkonomik olarak bu \u00fclke ba\u015f\u0131 bo\u015f b\u0131rak\u0131lm\u0131\u015f durumdad\u0131r. H\u00fck\u00fcmetin ortaya koydu\u011fu herhangi bir planlama yok. Ekonomik \u015fartlar alt\u0131nda ezilen bir halk b\u00f6yle bir h\u00fck\u00fcmetle hareket etmek istemeyecektir diye d\u00fc\u015f\u00fcn\u00fcyorum\u201d diyen Akansoy, \u00fclkedeki ekonomik krizin ana fakt\u00f6r\u00fcn\u00fcn, ekonominin y\u00f6netilmemesi oldu\u011funu s\u00f6yledi.<\/p>\n<\/p><\/div>\n<p><script async\n                    defer\n                    crossorigin=\"anonymous\"\n                    src=\"https:\/\/connect.facebook.net\/tr_TR\/sdk.js#xfbml=1&#038;version=v3.3\"\n            ><\/script><\/p>\n","protected":false},"excerpt":{"rendered":"<p>Cumhuriyet\u00e7i T\u00fcrk Partisi (CTP) Genel Sekreteri As\u0131m Akansoy, h\u00fck\u00fcmette de Cumhurba\u015fkanl\u0131\u011f\u0131nda da g\u00fc\u00e7l\u00fc bir zemine basacaklar\u0131n\u0131 s\u00f6yledi. CTP Bas\u0131n B\u00fcrosu\u2019ndan yap\u0131lan a\u00e7\u0131klamaya g\u00f6re, kat\u0131ld\u0131\u011f\u0131 programda sorular\u0131 yan\u0131tlayan CTP Genel Sekreteri As\u0131m Akansoy, CTP olarak \u00e7ok ciddi bir \u015fekilde haz\u0131rland\u0131klar\u0131n\u0131 ve uluslararas\u0131 camian\u0131n, CTP\u2019nin g\u00f6r\u00fc\u015flerini \u015fimdiden dinlemeye ba\u015flad\u0131\u011f\u0131n\u0131 kaydetti. -\u201cS\u00fcrd\u00fcr\u00fclebilir, g\u00fcvenlikli, i\u015flevsel ve e\u015fit bir yap\u0131\u201d<\/p>\n","protected":false},"author":1,"featured_media":12714,"comment_status":"open","ping_status":"open","sticky":false,"template":"","format":"standard","meta":{"footnotes":""},"categories":[81],"tags":[],"class_list":["post-65777","post","type-post","status-publish","format-standard","has-post-thumbnail","hentry","category-kibris"],"yoast_head":"<!-- This site is optimized with the Yoast SEO plugin v27.4 - https:\/\/yoast.com\/product\/yoast-seo-wordpress\/ -->\n<title>Akansoy: H\u00fck\u00fcmette de, cumhurba\u015fkanl\u0131\u011f\u0131nda da g\u00fc\u00e7l\u00fc bir zemine basaca\u011f\u0131z -<\/title>\n<meta name=\"robots\" content=\"index, follow, max-snippet:-1, max-image-preview:large, max-video-preview:-1\" \/>\n<link rel=\"canonical\" href=\"https:\/\/kibrisdakik.com\/?p=65777\" \/>\n<meta property=\"og:locale\" content=\"tr_TR\" \/>\n<meta property=\"og:type\" content=\"article\" \/>\n<meta property=\"og:title\" content=\"Akansoy: H\u00fck\u00fcmette de, cumhurba\u015fkanl\u0131\u011f\u0131nda da g\u00fc\u00e7l\u00fc bir zemine basaca\u011f\u0131z -\" \/>\n<meta property=\"og:description\" content=\"Cumhuriyet\u00e7i T\u00fcrk Partisi (CTP) Genel Sekreteri As\u0131m Akansoy, h\u00fck\u00fcmette de Cumhurba\u015fkanl\u0131\u011f\u0131nda da g\u00fc\u00e7l\u00fc bir zemine basacaklar\u0131n\u0131 s\u00f6yledi. CTP Bas\u0131n B\u00fcrosu\u2019ndan yap\u0131lan a\u00e7\u0131klamaya g\u00f6re, kat\u0131ld\u0131\u011f\u0131 programda sorular\u0131 yan\u0131tlayan CTP Genel Sekreteri As\u0131m Akansoy, CTP olarak \u00e7ok ciddi bir \u015fekilde haz\u0131rland\u0131klar\u0131n\u0131 ve uluslararas\u0131 camian\u0131n, CTP\u2019nin g\u00f6r\u00fc\u015flerini \u015fimdiden dinlemeye ba\u015flad\u0131\u011f\u0131n\u0131 kaydetti. -\u201cS\u00fcrd\u00fcr\u00fclebilir, g\u00fcvenlikli, i\u015flevsel ve e\u015fit bir yap\u0131\u201d\" \/>\n<meta property=\"og:url\" content=\"https:\/\/kibrisdakik.com\/?p=65777\" \/>\n<meta property=\"article:published_time\" content=\"2024-10-04T09:53:32+00:00\" \/>\n<meta property=\"og:image\" content=\"https:\/\/kibrisdakik.com\/wp-content\/uploads\/2023\/08\/asim-akansoy7-740x420.jpg\" \/>\n\t<meta property=\"og:image:width\" content=\"1024\" \/>\n\t<meta property=\"og:image:height\" content=\"750\" \/>\n\t<meta property=\"og:image:type\" content=\"image\/jpeg\" \/>\n<meta name=\"author\" content=\"admin\" \/>\n<meta name=\"twitter:card\" content=\"summary_large_image\" \/>\n<meta name=\"twitter:label1\" content=\"Yazan:\" \/>\n\t<meta name=\"twitter:data1\" content=\"admin\" \/>\n\t<meta name=\"twitter:label2\" content=\"Tahmini okuma s\u00fcresi\" \/>\n\t<meta name=\"twitter:data2\" content=\"4 dakika\" \/>\n<script type=\"application\/ld+json\" class=\"yoast-schema-graph\">{\"@context\":\"https:\\\/\\\/schema.org\",\"@graph\":[{\"@type\":\"Article\",\"@id\":\"https:\\\/\\\/kibrisdakik.com\\\/?p=65777#article\",\"isPartOf\":{\"@id\":\"https:\\\/\\\/kibrisdakik.com\\\/?p=65777\"},\"author\":{\"name\":\"admin\",\"@id\":\"https:\\\/\\\/kibrisdakik.com\\\/#\\\/schema\\\/person\\\/9cd9d437bbb44f72b73ba127e06d8e79\"},\"headline\":\"Akansoy: H\u00fck\u00fcmette de, cumhurba\u015fkanl\u0131\u011f\u0131nda da g\u00fc\u00e7l\u00fc bir zemine basaca\u011f\u0131z\",\"datePublished\":\"2024-10-04T09:53:32+00:00\",\"mainEntityOfPage\":{\"@id\":\"https:\\\/\\\/kibrisdakik.com\\\/?p=65777\"},\"wordCount\":786,\"commentCount\":0,\"image\":{\"@id\":\"https:\\\/\\\/kibrisdakik.com\\\/?p=65777#primaryimage\"},\"thumbnailUrl\":\"https:\\\/\\\/kibrisdakik.com\\\/wp-content\\\/uploads\\\/2023\\\/08\\\/asim-akansoy7-740x420.jpg\",\"articleSection\":[\"K\u0131br\u0131s\"],\"inLanguage\":\"tr\",\"potentialAction\":[{\"@type\":\"CommentAction\",\"name\":\"Comment\",\"target\":[\"https:\\\/\\\/kibrisdakik.com\\\/?p=65777#respond\"]}]},{\"@type\":\"WebPage\",\"@id\":\"https:\\\/\\\/kibrisdakik.com\\\/?p=65777\",\"url\":\"https:\\\/\\\/kibrisdakik.com\\\/?p=65777\",\"name\":\"Akansoy: H\u00fck\u00fcmette de, cumhurba\u015fkanl\u0131\u011f\u0131nda da g\u00fc\u00e7l\u00fc bir zemine basaca\u011f\u0131z -\",\"isPartOf\":{\"@id\":\"https:\\\/\\\/kibrisdakik.com\\\/#website\"},\"primaryImageOfPage\":{\"@id\":\"https:\\\/\\\/kibrisdakik.com\\\/?p=65777#primaryimage\"},\"image\":{\"@id\":\"https:\\\/\\\/kibrisdakik.com\\\/?p=65777#primaryimage\"},\"thumbnailUrl\":\"https:\\\/\\\/kibrisdakik.com\\\/wp-content\\\/uploads\\\/2023\\\/08\\\/asim-akansoy7-740x420.jpg\",\"datePublished\":\"2024-10-04T09:53:32+00:00\",\"author\":{\"@id\":\"https:\\\/\\\/kibrisdakik.com\\\/#\\\/schema\\\/person\\\/9cd9d437bbb44f72b73ba127e06d8e79\"},\"breadcrumb\":{\"@id\":\"https:\\\/\\\/kibrisdakik.com\\\/?p=65777#breadcrumb\"},\"inLanguage\":\"tr\",\"potentialAction\":[{\"@type\":\"ReadAction\",\"target\":[\"https:\\\/\\\/kibrisdakik.com\\\/?p=65777\"]}]},{\"@type\":\"ImageObject\",\"inLanguage\":\"tr\",\"@id\":\"https:\\\/\\\/kibrisdakik.com\\\/?p=65777#primaryimage\",\"url\":\"https:\\\/\\\/kibrisdakik.com\\\/wp-content\\\/uploads\\\/2023\\\/08\\\/asim-akansoy7-740x420.jpg\",\"contentUrl\":\"https:\\\/\\\/kibrisdakik.com\\\/wp-content\\\/uploads\\\/2023\\\/08\\\/asim-akansoy7-740x420.jpg\",\"width\":1024,\"height\":750},{\"@type\":\"BreadcrumbList\",\"@id\":\"https:\\\/\\\/kibrisdakik.com\\\/?p=65777#breadcrumb\",\"itemListElement\":[{\"@type\":\"ListItem\",\"position\":1,\"name\":\"Home\",\"item\":\"https:\\\/\\\/kibrisdakik.com\\\/\"},{\"@type\":\"ListItem\",\"position\":2,\"name\":\"Akansoy: H\u00fck\u00fcmette de, cumhurba\u015fkanl\u0131\u011f\u0131nda da g\u00fc\u00e7l\u00fc bir zemine basaca\u011f\u0131z\"}]},{\"@type\":\"WebSite\",\"@id\":\"https:\\\/\\\/kibrisdakik.com\\\/#website\",\"url\":\"https:\\\/\\\/kibrisdakik.com\\\/\",\"name\":\"\",\"description\":\"Tam vaktinde haber\",\"potentialAction\":[{\"@type\":\"SearchAction\",\"target\":{\"@type\":\"EntryPoint\",\"urlTemplate\":\"https:\\\/\\\/kibrisdakik.com\\\/?s={search_term_string}\"},\"query-input\":{\"@type\":\"PropertyValueSpecification\",\"valueRequired\":true,\"valueName\":\"search_term_string\"}}],\"inLanguage\":\"tr\"},{\"@type\":\"Person\",\"@id\":\"https:\\\/\\\/kibrisdakik.com\\\/#\\\/schema\\\/person\\\/9cd9d437bbb44f72b73ba127e06d8e79\",\"name\":\"admin\",\"image\":{\"@type\":\"ImageObject\",\"inLanguage\":\"tr\",\"@id\":\"https:\\\/\\\/secure.gravatar.com\\\/avatar\\\/ccc17943b9d660506c869530f897617f7cb1c21a4bf30023f252596d83e1f007?s=96&d=mm&r=g\",\"url\":\"https:\\\/\\\/secure.gravatar.com\\\/avatar\\\/ccc17943b9d660506c869530f897617f7cb1c21a4bf30023f252596d83e1f007?s=96&d=mm&r=g\",\"contentUrl\":\"https:\\\/\\\/secure.gravatar.com\\\/avatar\\\/ccc17943b9d660506c869530f897617f7cb1c21a4bf30023f252596d83e1f007?s=96&d=mm&r=g\",\"caption\":\"admin\"},\"sameAs\":[\"https:\\\/\\\/kibrisdakik.com\"],\"url\":\"https:\\\/\\\/kibrisdakik.com\\\/?author=1\"}]}<\/script>\n<!-- \/ Yoast SEO plugin. -->","yoast_head_json":{"title":"Akansoy: H\u00fck\u00fcmette de, cumhurba\u015fkanl\u0131\u011f\u0131nda da g\u00fc\u00e7l\u00fc bir zemine basaca\u011f\u0131z -","robots":{"index":"index","follow":"follow","max-snippet":"max-snippet:-1","max-image-preview":"max-image-preview:large","max-video-preview":"max-video-preview:-1"},"canonical":"https:\/\/kibrisdakik.com\/?p=65777","og_locale":"tr_TR","og_type":"article","og_title":"Akansoy: H\u00fck\u00fcmette de, cumhurba\u015fkanl\u0131\u011f\u0131nda da g\u00fc\u00e7l\u00fc bir zemine basaca\u011f\u0131z -","og_description":"Cumhuriyet\u00e7i T\u00fcrk Partisi (CTP) Genel Sekreteri As\u0131m Akansoy, h\u00fck\u00fcmette de Cumhurba\u015fkanl\u0131\u011f\u0131nda da g\u00fc\u00e7l\u00fc bir zemine basacaklar\u0131n\u0131 s\u00f6yledi. CTP Bas\u0131n B\u00fcrosu\u2019ndan yap\u0131lan a\u00e7\u0131klamaya g\u00f6re, kat\u0131ld\u0131\u011f\u0131 programda sorular\u0131 yan\u0131tlayan CTP Genel Sekreteri As\u0131m Akansoy, CTP olarak \u00e7ok ciddi bir \u015fekilde haz\u0131rland\u0131klar\u0131n\u0131 ve uluslararas\u0131 camian\u0131n, CTP\u2019nin g\u00f6r\u00fc\u015flerini \u015fimdiden dinlemeye ba\u015flad\u0131\u011f\u0131n\u0131 kaydetti. -\u201cS\u00fcrd\u00fcr\u00fclebilir, g\u00fcvenlikli, i\u015flevsel ve e\u015fit bir yap\u0131\u201d","og_url":"https:\/\/kibrisdakik.com\/?p=65777","article_published_time":"2024-10-04T09:53:32+00:00","og_image":[{"width":1024,"height":750,"url":"https:\/\/kibrisdakik.com\/wp-content\/uploads\/2023\/08\/asim-akansoy7-740x420.jpg","type":"image\/jpeg"}],"author":"admin","twitter_card":"summary_large_image","twitter_misc":{"Yazan:":"admin","Tahmini okuma s\u00fcresi":"4 dakika"},"schema":{"@context":"https:\/\/schema.org","@graph":[{"@type":"Article","@id":"https:\/\/kibrisdakik.com\/?p=65777#article","isPartOf":{"@id":"https:\/\/kibrisdakik.com\/?p=65777"},"author":{"name":"admin","@id":"https:\/\/kibrisdakik.com\/#\/schema\/person\/9cd9d437bbb44f72b73ba127e06d8e79"},"headline":"Akansoy: H\u00fck\u00fcmette de, cumhurba\u015fkanl\u0131\u011f\u0131nda da g\u00fc\u00e7l\u00fc bir zemine basaca\u011f\u0131z","datePublished":"2024-10-04T09:53:32+00:00","mainEntityOfPage":{"@id":"https:\/\/kibrisdakik.com\/?p=65777"},"wordCount":786,"commentCount":0,"image":{"@id":"https:\/\/kibrisdakik.com\/?p=65777#primaryimage"},"thumbnailUrl":"https:\/\/kibrisdakik.com\/wp-content\/uploads\/2023\/08\/asim-akansoy7-740x420.jpg","articleSection":["K\u0131br\u0131s"],"inLanguage":"tr","potentialAction":[{"@type":"CommentAction","name":"Comment","target":["https:\/\/kibrisdakik.com\/?p=65777#respond"]}]},{"@type":"WebPage","@id":"https:\/\/kibrisdakik.com\/?p=65777","url":"https:\/\/kibrisdakik.com\/?p=65777","name":"Akansoy: H\u00fck\u00fcmette de, cumhurba\u015fkanl\u0131\u011f\u0131nda da g\u00fc\u00e7l\u00fc bir zemine basaca\u011f\u0131z -","isPartOf":{"@id":"https:\/\/kibrisdakik.com\/#website"},"primaryImageOfPage":{"@id":"https:\/\/kibrisdakik.com\/?p=65777#primaryimage"},"image":{"@id":"https:\/\/kibrisdakik.com\/?p=65777#primaryimage"},"thumbnailUrl":"https:\/\/kibrisdakik.com\/wp-content\/uploads\/2023\/08\/asim-akansoy7-740x420.jpg","datePublished":"2024-10-04T09:53:32+00:00","author":{"@id":"https:\/\/kibrisdakik.com\/#\/schema\/person\/9cd9d437bbb44f72b73ba127e06d8e79"},"breadcrumb":{"@id":"https:\/\/kibrisdakik.com\/?p=65777#breadcrumb"},"inLanguage":"tr","potentialAction":[{"@type":"ReadAction","target":["https:\/\/kibrisdakik.com\/?p=65777"]}]},{"@type":"ImageObject","inLanguage":"tr","@id":"https:\/\/kibrisdakik.com\/?p=65777#primaryimage","url":"https:\/\/kibrisdakik.com\/wp-content\/uploads\/2023\/08\/asim-akansoy7-740x420.jpg","contentUrl":"https:\/\/kibrisdakik.com\/wp-content\/uploads\/2023\/08\/asim-akansoy7-740x420.jpg","width":1024,"height":750},{"@type":"BreadcrumbList","@id":"https:\/\/kibrisdakik.com\/?p=65777#breadcrumb","itemListElement":[{"@type":"ListItem","position":1,"name":"Home","item":"https:\/\/kibrisdakik.com\/"},{"@type":"ListItem","position":2,"name":"Akansoy: H\u00fck\u00fcmette de, cumhurba\u015fkanl\u0131\u011f\u0131nda da g\u00fc\u00e7l\u00fc bir zemine basaca\u011f\u0131z"}]},{"@type":"WebSite","@id":"https:\/\/kibrisdakik.com\/#website","url":"https:\/\/kibrisdakik.com\/","name":"","description":"Tam vaktinde haber","potentialAction":[{"@type":"SearchAction","target":{"@type":"EntryPoint","urlTemplate":"https:\/\/kibrisdakik.com\/?s={search_term_string}"},"query-input":{"@type":"PropertyValueSpecification","valueRequired":true,"valueName":"search_term_string"}}],"inLanguage":"tr"},{"@type":"Person","@id":"https:\/\/kibrisdakik.com\/#\/schema\/person\/9cd9d437bbb44f72b73ba127e06d8e79","name":"admin","image":{"@type":"ImageObject","inLanguage":"tr","@id":"https:\/\/secure.gravatar.com\/avatar\/ccc17943b9d660506c869530f897617f7cb1c21a4bf30023f252596d83e1f007?s=96&d=mm&r=g","url":"https:\/\/secure.gravatar.com\/avatar\/ccc17943b9d660506c869530f897617f7cb1c21a4bf30023f252596d83e1f007?s=96&d=mm&r=g","contentUrl":"https:\/\/secure.gravatar.com\/avatar\/ccc17943b9d660506c869530f897617f7cb1c21a4bf30023f252596d83e1f007?s=96&d=mm&r=g","caption":"admin"},"sameAs":["https:\/\/kibrisdakik.com"],"url":"https:\/\/kibrisdakik.com\/?author=1"}]}},"_links":{"self":[{"href":"https:\/\/kibrisdakik.com\/index.php?rest_route=\/wp\/v2\/posts\/65777","targetHints":{"allow":["GET"]}}],"collection":[{"href":"https:\/\/kibrisdakik.com\/index.php?rest_route=\/wp\/v2\/posts"}],"about":[{"href":"https:\/\/kibrisdakik.com\/index.php?rest_route=\/wp\/v2\/types\/post"}],"author":[{"embeddable":true,"href":"https:\/\/kibrisdakik.com\/index.php?rest_route=\/wp\/v2\/users\/1"}],"replies":[{"embeddable":true,"href":"https:\/\/kibrisdakik.com\/index.php?rest_route=%2Fwp%2Fv2%2Fcomments&post=65777"}],"version-history":[{"count":0,"href":"https:\/\/kibrisdakik.com\/index.php?rest_route=\/wp\/v2\/posts\/65777\/revisions"}],"wp:featuredmedia":[{"embeddable":true,"href":"https:\/\/kibrisdakik.com\/index.php?rest_route=\/wp\/v2\/media\/12714"}],"wp:attachment":[{"href":"https:\/\/kibrisdakik.com\/index.php?rest_route=%2Fwp%2Fv2%2Fmedia&parent=65777"}],"wp:term":[{"taxonomy":"category","embeddable":true,"href":"https:\/\/kibrisdakik.com\/index.php?rest_route=%2Fwp%2Fv2%2Fcategories&post=65777"},{"taxonomy":"post_tag","embeddable":true,"href":"https:\/\/kibrisdakik.com\/index.php?rest_route=%2Fwp%2Fv2%2Ftags&post=65777"}],"curies":[{"name":"wp","href":"https:\/\/api.w.org\/{rel}","templated":true}]}}