{"id":65806,"date":"2024-10-04T16:42:10","date_gmt":"2024-10-04T13:42:10","guid":{"rendered":"https:\/\/kibrisdakik.com\/index.php\/2024\/10\/04\/cumhurbaskanliginda-tasinmaz-mal-komisyonu-faaliyetleriyle-ilgili-ust-duzey-toplanti\/"},"modified":"2024-10-04T16:42:10","modified_gmt":"2024-10-04T13:42:10","slug":"cumhurbaskanliginda-tasinmaz-mal-komisyonu-faaliyetleriyle-ilgili-ust-duzey-toplanti","status":"publish","type":"post","link":"https:\/\/kibrisdakik.com\/?p=65806","title":{"rendered":"Cumhurba\u015fkanl\u0131\u011f\u0131nda Ta\u015f\u0131nmaz Mal Komisyonu faaliyetleriyle ilgili \u00fcst d\u00fczey toplant\u0131\u2026"},"content":{"rendered":"<div>\n<div class=\"mariselle-image-container center\">\n                                            <\/div>\n<p>Cumhurba\u015fkan\u0131 Ersin Tatar\u2019\u0131n ba\u015fkanl\u0131\u011f\u0131nda bug\u00fcn Cumhurba\u015fkanl\u0131\u011f\u0131nda ger\u00e7ekle\u015fen \u00fcst d\u00fczey toplant\u0131da, Ta\u015f\u0131nmaz Mal Komisyonu faaliyetleri ve komisyonun etkin \u00e7al\u0131\u015fmas\u0131 konusunda isti\u015farelerde bulunuldu.<\/p>\n<div class=\"mariselle-image-container center\">\n                <img loading=\"lazy\" decoding=\"async\" width=\"2560\" height=\"1706\" class=\"lazy-image\" alt=\"\" sizes=\"auto, (max-width: 2560px) 100vw, 2560px\" src=\"https:\/\/brtk.net\/wp-content\/uploads\/2024\/10\/04\/saskdsaksdla.jpg?ver=b1cb5c2bc43c87c708fad5270fe12849\" srcset=\"https:\/\/brtk.net\/wp-content\/uploads\/2024\/10\/04\/saskdsaksdla.jpg?ver=b1cb5c2bc43c87c708fad5270fe12849 2560w, https:\/\/brtk.net\/wp-content\/uploads\/2024\/10\/04\/saskdsaksdla-300x200.jpg?ver=95ae107c0abeb30d4f068e44aa3c80af 300w, https:\/\/brtk.net\/wp-content\/uploads\/2024\/10\/04\/saskdsaksdla-1024x682.jpg?ver=95ae107c0abeb30d4f068e44aa3c80af 1024w, https:\/\/brtk.net\/wp-content\/uploads\/2024\/10\/04\/saskdsaksdla-768x512.jpg?ver=f61e7f6c9d0216fd0d3314629e5607f5 768w, https:\/\/brtk.net\/wp-content\/uploads\/2024\/10\/04\/saskdsaksdla-1536x1024.jpg?ver=baaf47efc8a1433358f248cba8cb7fd2 1536w, https:\/\/brtk.net\/wp-content\/uploads\/2024\/10\/04\/saskdsaksdla-2048x1365.jpg?ver=ee03cbcad6dac58977e1d15ed82c3aa7 2048w\"\/>                            <\/div>\n<p>Cumhurba\u015fkanl\u0131\u011f\u0131\u2019ndan verilen bilgiye g\u00f6re, toplant\u0131ya, Ba\u015fbakan \u00dcnal \u00dcstel, Y\u00fcksek Mahkeme Ba\u015fkan\u0131 Bertan \u00d6zerda\u011f, T\u00fcrkiye Cumhuriyeti Lefko\u015fa B\u00fcy\u00fckel\u00e7isi Yasin Ekrem Serim, D\u0131\u015fi\u015fleri Bakan\u0131 Tahsin Ertu\u011frulo\u011flu, Maliye Bakan\u0131 \u00d6zdemir Berova, \u0130\u00e7i\u015fleri Bakan\u0131 Dursun O\u011fuz, Ba\u015fsavc\u0131 Sarper Alt\u0131nc\u0131k, Cumhurba\u015fkanl\u0131\u011f\u0131 M\u00fcste\u015far\u0131 Okan Donangil, D\u0131\u015fi\u015fleri Bakanl\u0131\u011f\u0131 M\u00fcste\u015far\u0131 Mustafa Lakadamyal\u0131, Maliye Bakanl\u0131\u011f\u0131 M\u00fcste\u015far\u0131 Saadet H\u00fcdaverdi, \u0130\u00e7i\u015fleri Bakanl\u0131\u011f\u0131 M\u00fcste\u015far\u0131 H\u00fcseyin G\u00fcltekin, Cumhurba\u015fkan\u0131 \u00d6zel Temsilcisi G\u00fcne\u015f Onar, TC  Lefko\u015fa B\u00fcy\u00fckel\u00e7ili\u011fi Birinci M\u00fcste\u015farlar\u0131 Zerrin Kandemir, Semra Rana Sezai G\u00f6kmen,  Ta\u015f\u0131nmaz Mal Komisyonu Ba\u015fkan\u0131 N\u00f6vber Vechi, Cumhurba\u015fkanl\u0131\u011f\u0131 Daire M\u00fcd\u00fcr\u00fc Osman Bora \u00c7a\u011fakan, Tapu ve Kadastro Dairesi M\u00fcd\u00fcr\u00fc Firdevs Ar\u0131c\u0131, Merkez Bankas\u0131 Ba\u015fkan\u0131 Rifat G\u00fcnay, Cumhurba\u015fkanl\u0131\u011f\u0131 hukuk\u00e7ular\u0131 S\u00fclen Karabacak, Vedia Zabito\u011flu, Ba\u015fbakanl\u0131k Hukuk\u00e7usu Hamza Ruso, \u0130\u00e7i\u015fleri Bakanl\u0131\u011f\u0131 Hukuk\u00e7usu Emine Uzun,  TC B\u00fcy\u00fckel\u00e7ili\u011fi Hukuk\u00e7usu G\u00fcl\u015fah Durna Akay, TMK Hukuk\u00e7usu Nahide Aky\u00fczl\u00fc Aylan\u00e7 kat\u0131ld\u0131.<\/p>\n<\/p><\/div>\n<p><script async\n                    defer\n                    crossorigin=\"anonymous\"\n                    src=\"https:\/\/connect.facebook.net\/tr_TR\/sdk.js#xfbml=1&#038;version=v3.3\"\n            ><\/script><\/p>\n","protected":false},"excerpt":{"rendered":"<p>Cumhurba\u015fkan\u0131 Ersin Tatar\u2019\u0131n ba\u015fkanl\u0131\u011f\u0131nda bug\u00fcn Cumhurba\u015fkanl\u0131\u011f\u0131nda ger\u00e7ekle\u015fen \u00fcst d\u00fczey toplant\u0131da, Ta\u015f\u0131nmaz Mal Komisyonu faaliyetleri ve komisyonun etkin \u00e7al\u0131\u015fmas\u0131 konusunda isti\u015farelerde bulunuldu. Cumhurba\u015fkanl\u0131\u011f\u0131\u2019ndan verilen bilgiye g\u00f6re, toplant\u0131ya, Ba\u015fbakan \u00dcnal \u00dcstel, Y\u00fcksek Mahkeme Ba\u015fkan\u0131 Bertan \u00d6zerda\u011f, T\u00fcrkiye Cumhuriyeti Lefko\u015fa B\u00fcy\u00fckel\u00e7isi Yasin Ekrem Serim, D\u0131\u015fi\u015fleri Bakan\u0131 Tahsin Ertu\u011frulo\u011flu, Maliye Bakan\u0131 \u00d6zdemir Berova, \u0130\u00e7i\u015fleri Bakan\u0131 Dursun O\u011fuz, Ba\u015fsavc\u0131 Sarper<\/p>\n","protected":false},"author":1,"featured_media":65807,"comment_status":"open","ping_status":"open","sticky":false,"template":"","format":"standard","meta":{"footnotes":""},"categories":[81],"tags":[],"class_list":["post-65806","post","type-post","status-publish","format-standard","has-post-thumbnail","hentry","category-kibris"],"yoast_head":"<!-- This site is optimized with the Yoast SEO plugin v27.5 - https:\/\/yoast.com\/product\/yoast-seo-wordpress\/ -->\n<title>Cumhurba\u015fkanl\u0131\u011f\u0131nda Ta\u015f\u0131nmaz Mal Komisyonu faaliyetleriyle ilgili \u00fcst d\u00fczey toplant\u0131\u2026 -<\/title>\n<meta name=\"robots\" content=\"index, follow, max-snippet:-1, max-image-preview:large, max-video-preview:-1\" \/>\n<link rel=\"canonical\" href=\"https:\/\/kibrisdakik.com\/?p=65806\" \/>\n<meta property=\"og:locale\" content=\"tr_TR\" \/>\n<meta property=\"og:type\" content=\"article\" \/>\n<meta property=\"og:title\" content=\"Cumhurba\u015fkanl\u0131\u011f\u0131nda Ta\u015f\u0131nmaz Mal Komisyonu faaliyetleriyle ilgili \u00fcst d\u00fczey toplant\u0131\u2026 -\" \/>\n<meta property=\"og:description\" content=\"Cumhurba\u015fkan\u0131 Ersin Tatar\u2019\u0131n ba\u015fkanl\u0131\u011f\u0131nda bug\u00fcn Cumhurba\u015fkanl\u0131\u011f\u0131nda ger\u00e7ekle\u015fen \u00fcst d\u00fczey toplant\u0131da, Ta\u015f\u0131nmaz Mal Komisyonu faaliyetleri ve komisyonun etkin \u00e7al\u0131\u015fmas\u0131 konusunda isti\u015farelerde bulunuldu. Cumhurba\u015fkanl\u0131\u011f\u0131\u2019ndan verilen bilgiye g\u00f6re, toplant\u0131ya, Ba\u015fbakan \u00dcnal \u00dcstel, Y\u00fcksek Mahkeme Ba\u015fkan\u0131 Bertan \u00d6zerda\u011f, T\u00fcrkiye Cumhuriyeti Lefko\u015fa B\u00fcy\u00fckel\u00e7isi Yasin Ekrem Serim, D\u0131\u015fi\u015fleri Bakan\u0131 Tahsin Ertu\u011frulo\u011flu, Maliye Bakan\u0131 \u00d6zdemir Berova, \u0130\u00e7i\u015fleri Bakan\u0131 Dursun O\u011fuz, Ba\u015fsavc\u0131 Sarper\" \/>\n<meta property=\"og:url\" content=\"https:\/\/kibrisdakik.com\/?p=65806\" \/>\n<meta property=\"article:published_time\" content=\"2024-10-04T13:42:10+00:00\" \/>\n<meta property=\"og:image\" content=\"https:\/\/kibrisdakik.com\/wp-content\/uploads\/2024\/10\/lksdslaks-740x420.jpg\" \/>\n\t<meta property=\"og:image:width\" content=\"2560\" \/>\n\t<meta property=\"og:image:height\" content=\"1706\" \/>\n\t<meta property=\"og:image:type\" content=\"image\/jpeg\" \/>\n<meta name=\"author\" content=\"admin\" \/>\n<meta name=\"twitter:card\" content=\"summary_large_image\" \/>\n<meta name=\"twitter:label1\" content=\"Yazan:\" \/>\n\t<meta name=\"twitter:data1\" content=\"admin\" \/>\n\t<meta name=\"twitter:label2\" content=\"Tahmini okuma s\u00fcresi\" \/>\n\t<meta name=\"twitter:data2\" content=\"1 dakika\" \/>\n<script type=\"application\/ld+json\" class=\"yoast-schema-graph\">{\"@context\":\"https:\\\/\\\/schema.org\",\"@graph\":[{\"@type\":\"Article\",\"@id\":\"https:\\\/\\\/kibrisdakik.com\\\/?p=65806#article\",\"isPartOf\":{\"@id\":\"https:\\\/\\\/kibrisdakik.com\\\/?p=65806\"},\"author\":{\"name\":\"admin\",\"@id\":\"https:\\\/\\\/kibrisdakik.com\\\/#\\\/schema\\\/person\\\/9cd9d437bbb44f72b73ba127e06d8e79\"},\"headline\":\"Cumhurba\u015fkanl\u0131\u011f\u0131nda Ta\u015f\u0131nmaz Mal Komisyonu faaliyetleriyle ilgili \u00fcst d\u00fczey toplant\u0131\u2026\",\"datePublished\":\"2024-10-04T13:42:10+00:00\",\"mainEntityOfPage\":{\"@id\":\"https:\\\/\\\/kibrisdakik.com\\\/?p=65806\"},\"wordCount\":246,\"commentCount\":0,\"image\":{\"@id\":\"https:\\\/\\\/kibrisdakik.com\\\/?p=65806#primaryimage\"},\"thumbnailUrl\":\"https:\\\/\\\/kibrisdakik.com\\\/wp-content\\\/uploads\\\/2024\\\/10\\\/lksdslaks-740x420.jpg\",\"articleSection\":[\"K\u0131br\u0131s\"],\"inLanguage\":\"tr\",\"potentialAction\":[{\"@type\":\"CommentAction\",\"name\":\"Comment\",\"target\":[\"https:\\\/\\\/kibrisdakik.com\\\/?p=65806#respond\"]}]},{\"@type\":\"WebPage\",\"@id\":\"https:\\\/\\\/kibrisdakik.com\\\/?p=65806\",\"url\":\"https:\\\/\\\/kibrisdakik.com\\\/?p=65806\",\"name\":\"Cumhurba\u015fkanl\u0131\u011f\u0131nda Ta\u015f\u0131nmaz Mal Komisyonu faaliyetleriyle ilgili \u00fcst d\u00fczey toplant\u0131\u2026 -\",\"isPartOf\":{\"@id\":\"https:\\\/\\\/kibrisdakik.com\\\/#website\"},\"primaryImageOfPage\":{\"@id\":\"https:\\\/\\\/kibrisdakik.com\\\/?p=65806#primaryimage\"},\"image\":{\"@id\":\"https:\\\/\\\/kibrisdakik.com\\\/?p=65806#primaryimage\"},\"thumbnailUrl\":\"https:\\\/\\\/kibrisdakik.com\\\/wp-content\\\/uploads\\\/2024\\\/10\\\/lksdslaks-740x420.jpg\",\"datePublished\":\"2024-10-04T13:42:10+00:00\",\"author\":{\"@id\":\"https:\\\/\\\/kibrisdakik.com\\\/#\\\/schema\\\/person\\\/9cd9d437bbb44f72b73ba127e06d8e79\"},\"breadcrumb\":{\"@id\":\"https:\\\/\\\/kibrisdakik.com\\\/?p=65806#breadcrumb\"},\"inLanguage\":\"tr\",\"potentialAction\":[{\"@type\":\"ReadAction\",\"target\":[\"https:\\\/\\\/kibrisdakik.com\\\/?p=65806\"]}]},{\"@type\":\"ImageObject\",\"inLanguage\":\"tr\",\"@id\":\"https:\\\/\\\/kibrisdakik.com\\\/?p=65806#primaryimage\",\"url\":\"https:\\\/\\\/kibrisdakik.com\\\/wp-content\\\/uploads\\\/2024\\\/10\\\/lksdslaks-740x420.jpg\",\"contentUrl\":\"https:\\\/\\\/kibrisdakik.com\\\/wp-content\\\/uploads\\\/2024\\\/10\\\/lksdslaks-740x420.jpg\",\"width\":2560,\"height\":1706},{\"@type\":\"BreadcrumbList\",\"@id\":\"https:\\\/\\\/kibrisdakik.com\\\/?p=65806#breadcrumb\",\"itemListElement\":[{\"@type\":\"ListItem\",\"position\":1,\"name\":\"Home\",\"item\":\"https:\\\/\\\/kibrisdakik.com\\\/\"},{\"@type\":\"ListItem\",\"position\":2,\"name\":\"Cumhurba\u015fkanl\u0131\u011f\u0131nda Ta\u015f\u0131nmaz Mal Komisyonu faaliyetleriyle ilgili \u00fcst d\u00fczey toplant\u0131\u2026\"}]},{\"@type\":\"WebSite\",\"@id\":\"https:\\\/\\\/kibrisdakik.com\\\/#website\",\"url\":\"https:\\\/\\\/kibrisdakik.com\\\/\",\"name\":\"\",\"description\":\"Tam vaktinde haber\",\"potentialAction\":[{\"@type\":\"SearchAction\",\"target\":{\"@type\":\"EntryPoint\",\"urlTemplate\":\"https:\\\/\\\/kibrisdakik.com\\\/?s={search_term_string}\"},\"query-input\":{\"@type\":\"PropertyValueSpecification\",\"valueRequired\":true,\"valueName\":\"search_term_string\"}}],\"inLanguage\":\"tr\"},{\"@type\":\"Person\",\"@id\":\"https:\\\/\\\/kibrisdakik.com\\\/#\\\/schema\\\/person\\\/9cd9d437bbb44f72b73ba127e06d8e79\",\"name\":\"admin\",\"image\":{\"@type\":\"ImageObject\",\"inLanguage\":\"tr\",\"@id\":\"https:\\\/\\\/secure.gravatar.com\\\/avatar\\\/ccc17943b9d660506c869530f897617f7cb1c21a4bf30023f252596d83e1f007?s=96&d=mm&r=g\",\"url\":\"https:\\\/\\\/secure.gravatar.com\\\/avatar\\\/ccc17943b9d660506c869530f897617f7cb1c21a4bf30023f252596d83e1f007?s=96&d=mm&r=g\",\"contentUrl\":\"https:\\\/\\\/secure.gravatar.com\\\/avatar\\\/ccc17943b9d660506c869530f897617f7cb1c21a4bf30023f252596d83e1f007?s=96&d=mm&r=g\",\"caption\":\"admin\"},\"sameAs\":[\"https:\\\/\\\/kibrisdakik.com\"],\"url\":\"https:\\\/\\\/kibrisdakik.com\\\/?author=1\"}]}<\/script>\n<!-- \/ Yoast SEO plugin. -->","yoast_head_json":{"title":"Cumhurba\u015fkanl\u0131\u011f\u0131nda Ta\u015f\u0131nmaz Mal Komisyonu faaliyetleriyle ilgili \u00fcst d\u00fczey toplant\u0131\u2026 -","robots":{"index":"index","follow":"follow","max-snippet":"max-snippet:-1","max-image-preview":"max-image-preview:large","max-video-preview":"max-video-preview:-1"},"canonical":"https:\/\/kibrisdakik.com\/?p=65806","og_locale":"tr_TR","og_type":"article","og_title":"Cumhurba\u015fkanl\u0131\u011f\u0131nda Ta\u015f\u0131nmaz Mal Komisyonu faaliyetleriyle ilgili \u00fcst d\u00fczey toplant\u0131\u2026 -","og_description":"Cumhurba\u015fkan\u0131 Ersin Tatar\u2019\u0131n ba\u015fkanl\u0131\u011f\u0131nda bug\u00fcn Cumhurba\u015fkanl\u0131\u011f\u0131nda ger\u00e7ekle\u015fen \u00fcst d\u00fczey toplant\u0131da, Ta\u015f\u0131nmaz Mal Komisyonu faaliyetleri ve komisyonun etkin \u00e7al\u0131\u015fmas\u0131 konusunda isti\u015farelerde bulunuldu. Cumhurba\u015fkanl\u0131\u011f\u0131\u2019ndan verilen bilgiye g\u00f6re, toplant\u0131ya, Ba\u015fbakan \u00dcnal \u00dcstel, Y\u00fcksek Mahkeme Ba\u015fkan\u0131 Bertan \u00d6zerda\u011f, T\u00fcrkiye Cumhuriyeti Lefko\u015fa B\u00fcy\u00fckel\u00e7isi Yasin Ekrem Serim, D\u0131\u015fi\u015fleri Bakan\u0131 Tahsin Ertu\u011frulo\u011flu, Maliye Bakan\u0131 \u00d6zdemir Berova, \u0130\u00e7i\u015fleri Bakan\u0131 Dursun O\u011fuz, Ba\u015fsavc\u0131 Sarper","og_url":"https:\/\/kibrisdakik.com\/?p=65806","article_published_time":"2024-10-04T13:42:10+00:00","og_image":[{"width":2560,"height":1706,"url":"https:\/\/kibrisdakik.com\/wp-content\/uploads\/2024\/10\/lksdslaks-740x420.jpg","type":"image\/jpeg"}],"author":"admin","twitter_card":"summary_large_image","twitter_misc":{"Yazan:":"admin","Tahmini okuma s\u00fcresi":"1 dakika"},"schema":{"@context":"https:\/\/schema.org","@graph":[{"@type":"Article","@id":"https:\/\/kibrisdakik.com\/?p=65806#article","isPartOf":{"@id":"https:\/\/kibrisdakik.com\/?p=65806"},"author":{"name":"admin","@id":"https:\/\/kibrisdakik.com\/#\/schema\/person\/9cd9d437bbb44f72b73ba127e06d8e79"},"headline":"Cumhurba\u015fkanl\u0131\u011f\u0131nda Ta\u015f\u0131nmaz Mal Komisyonu faaliyetleriyle ilgili \u00fcst d\u00fczey toplant\u0131\u2026","datePublished":"2024-10-04T13:42:10+00:00","mainEntityOfPage":{"@id":"https:\/\/kibrisdakik.com\/?p=65806"},"wordCount":246,"commentCount":0,"image":{"@id":"https:\/\/kibrisdakik.com\/?p=65806#primaryimage"},"thumbnailUrl":"https:\/\/kibrisdakik.com\/wp-content\/uploads\/2024\/10\/lksdslaks-740x420.jpg","articleSection":["K\u0131br\u0131s"],"inLanguage":"tr","potentialAction":[{"@type":"CommentAction","name":"Comment","target":["https:\/\/kibrisdakik.com\/?p=65806#respond"]}]},{"@type":"WebPage","@id":"https:\/\/kibrisdakik.com\/?p=65806","url":"https:\/\/kibrisdakik.com\/?p=65806","name":"Cumhurba\u015fkanl\u0131\u011f\u0131nda Ta\u015f\u0131nmaz Mal Komisyonu faaliyetleriyle ilgili \u00fcst d\u00fczey toplant\u0131\u2026 -","isPartOf":{"@id":"https:\/\/kibrisdakik.com\/#website"},"primaryImageOfPage":{"@id":"https:\/\/kibrisdakik.com\/?p=65806#primaryimage"},"image":{"@id":"https:\/\/kibrisdakik.com\/?p=65806#primaryimage"},"thumbnailUrl":"https:\/\/kibrisdakik.com\/wp-content\/uploads\/2024\/10\/lksdslaks-740x420.jpg","datePublished":"2024-10-04T13:42:10+00:00","author":{"@id":"https:\/\/kibrisdakik.com\/#\/schema\/person\/9cd9d437bbb44f72b73ba127e06d8e79"},"breadcrumb":{"@id":"https:\/\/kibrisdakik.com\/?p=65806#breadcrumb"},"inLanguage":"tr","potentialAction":[{"@type":"ReadAction","target":["https:\/\/kibrisdakik.com\/?p=65806"]}]},{"@type":"ImageObject","inLanguage":"tr","@id":"https:\/\/kibrisdakik.com\/?p=65806#primaryimage","url":"https:\/\/kibrisdakik.com\/wp-content\/uploads\/2024\/10\/lksdslaks-740x420.jpg","contentUrl":"https:\/\/kibrisdakik.com\/wp-content\/uploads\/2024\/10\/lksdslaks-740x420.jpg","width":2560,"height":1706},{"@type":"BreadcrumbList","@id":"https:\/\/kibrisdakik.com\/?p=65806#breadcrumb","itemListElement":[{"@type":"ListItem","position":1,"name":"Home","item":"https:\/\/kibrisdakik.com\/"},{"@type":"ListItem","position":2,"name":"Cumhurba\u015fkanl\u0131\u011f\u0131nda Ta\u015f\u0131nmaz Mal Komisyonu faaliyetleriyle ilgili \u00fcst d\u00fczey toplant\u0131\u2026"}]},{"@type":"WebSite","@id":"https:\/\/kibrisdakik.com\/#website","url":"https:\/\/kibrisdakik.com\/","name":"","description":"Tam vaktinde haber","potentialAction":[{"@type":"SearchAction","target":{"@type":"EntryPoint","urlTemplate":"https:\/\/kibrisdakik.com\/?s={search_term_string}"},"query-input":{"@type":"PropertyValueSpecification","valueRequired":true,"valueName":"search_term_string"}}],"inLanguage":"tr"},{"@type":"Person","@id":"https:\/\/kibrisdakik.com\/#\/schema\/person\/9cd9d437bbb44f72b73ba127e06d8e79","name":"admin","image":{"@type":"ImageObject","inLanguage":"tr","@id":"https:\/\/secure.gravatar.com\/avatar\/ccc17943b9d660506c869530f897617f7cb1c21a4bf30023f252596d83e1f007?s=96&d=mm&r=g","url":"https:\/\/secure.gravatar.com\/avatar\/ccc17943b9d660506c869530f897617f7cb1c21a4bf30023f252596d83e1f007?s=96&d=mm&r=g","contentUrl":"https:\/\/secure.gravatar.com\/avatar\/ccc17943b9d660506c869530f897617f7cb1c21a4bf30023f252596d83e1f007?s=96&d=mm&r=g","caption":"admin"},"sameAs":["https:\/\/kibrisdakik.com"],"url":"https:\/\/kibrisdakik.com\/?author=1"}]}},"_links":{"self":[{"href":"https:\/\/kibrisdakik.com\/index.php?rest_route=\/wp\/v2\/posts\/65806","targetHints":{"allow":["GET"]}}],"collection":[{"href":"https:\/\/kibrisdakik.com\/index.php?rest_route=\/wp\/v2\/posts"}],"about":[{"href":"https:\/\/kibrisdakik.com\/index.php?rest_route=\/wp\/v2\/types\/post"}],"author":[{"embeddable":true,"href":"https:\/\/kibrisdakik.com\/index.php?rest_route=\/wp\/v2\/users\/1"}],"replies":[{"embeddable":true,"href":"https:\/\/kibrisdakik.com\/index.php?rest_route=%2Fwp%2Fv2%2Fcomments&post=65806"}],"version-history":[{"count":0,"href":"https:\/\/kibrisdakik.com\/index.php?rest_route=\/wp\/v2\/posts\/65806\/revisions"}],"wp:featuredmedia":[{"embeddable":true,"href":"https:\/\/kibrisdakik.com\/index.php?rest_route=\/wp\/v2\/media\/65807"}],"wp:attachment":[{"href":"https:\/\/kibrisdakik.com\/index.php?rest_route=%2Fwp%2Fv2%2Fmedia&parent=65806"}],"wp:term":[{"taxonomy":"category","embeddable":true,"href":"https:\/\/kibrisdakik.com\/index.php?rest_route=%2Fwp%2Fv2%2Fcategories&post=65806"},{"taxonomy":"post_tag","embeddable":true,"href":"https:\/\/kibrisdakik.com\/index.php?rest_route=%2Fwp%2Fv2%2Ftags&post=65806"}],"curies":[{"name":"wp","href":"https:\/\/api.w.org\/{rel}","templated":true}]}}