{"id":65808,"date":"2024-10-04T16:45:17","date_gmt":"2024-10-04T13:45:17","guid":{"rendered":"https:\/\/kibrisdakik.com\/index.php\/2024\/10\/04\/2-sualti-goruntu-avciligi-fotograf-yarismasi-duzenleniyor\/"},"modified":"2024-10-04T16:45:17","modified_gmt":"2024-10-04T13:45:17","slug":"2-sualti-goruntu-avciligi-fotograf-yarismasi-duzenleniyor","status":"publish","type":"post","link":"https:\/\/kibrisdakik.com\/?p=65808","title":{"rendered":"\u201c2. Sualt\u0131 G\u00f6r\u00fcnt\u00fc Avc\u0131l\u0131\u011f\u0131 Foto\u011fraf Yar\u0131\u015fmas\u0131\u201d d\u00fczenleniyor"},"content":{"rendered":"<p> <br \/>\n<\/p>\n<div>\n<div class=\"mariselle-image-container center\">\n                <img loading=\"lazy\" decoding=\"async\" width=\"756\" height=\"405\" class=\"lazy-image\" alt=\"\" sizes=\"auto, (max-width: 756px) 100vw, 756px\" src=\"https:\/\/brtk.net\/wp-content\/uploads\/2024\/10\/04\/sualti.jpg?ver=dd14562fac417025dacbe32434a43759\" srcset=\"https:\/\/brtk.net\/wp-content\/uploads\/2024\/10\/04\/sualti.jpg?ver=dd14562fac417025dacbe32434a43759 756w, https:\/\/brtk.net\/wp-content\/uploads\/2024\/10\/04\/sualti-300x161.jpg?ver=73e52fd7f82aabbeac909ccca3ae3e32 300w\"\/>                            <\/div>\n<p> Ark\u0131n Group Girne Fest 24 kapsam\u0131nda \u201c2. Uluslararas\u0131 Sualt\u0131 G\u00f6r\u00fcnt\u00fc Avc\u0131l\u0131\u011f\u0131 Foto\u011fraf Yar\u0131\u015fmas\u0131\u201d d\u00fczenleniyor.<\/p>\n<p>Bug\u00fcn ve yar\u0131n ger\u00e7ekle\u015ftirilecek yar\u0131\u015fmaya, g\u00fcney ve kuzeyden toplam 50 dalg\u0131\u00e7 kat\u0131l\u0131yor. Kervansaray Halk Plaj\u0131\u2019ndaki yar\u0131\u015fmaya kat\u0131lan 5 ayr\u0131 grup, tespit edilen b\u00f6lgelerde dal\u0131\u015f ger\u00e7ekle\u015ftirerek, en g\u00fczel sualt\u0131 karelerini yakalamak i\u00e7in m\u00fccadele verecek.<\/p>\n<p>Yar\u0131\u015fman\u0131n sona ermesi ile dalg\u0131\u00e7lar, 48 saat i\u00e7erisinde \u00e7ektikleri foto\u011fraflar\u0131 j\u00fcriye teslim edecek ve de\u011ferlendirme sonras\u0131 kazananlar belirlenecek.<\/p>\n<p>2. Uluslararas\u0131 Sualt\u0131 G\u00f6r\u00fcnt\u00fc Avc\u0131l\u0131\u011f\u0131 Foto\u011fraf Yar\u0131\u015fmas\u0131 kapsam\u0131nda \u00e7ekilen t\u00fcm foto\u011fraflar, 25 \u2013 26 Ekim tarihlerinde, saat 18.00 itibariyle, Ramadan Cemil Meydan\u0131\u2019nda sergilenecek. Foto\u011fraf yar\u0131\u015fmas\u0131 \u00f6d\u00fcl t\u00f6reni ise 28 Ekim Per\u015fembe g\u00fcn\u00fc saat 19.00\u2019da Karao\u011flano\u011flu Antis Plaj\u0131\u2019nda ger\u00e7ekle\u015fecek.<\/p>\n<\/p><\/div>\n<p><script async\n                    defer\n                    crossorigin=\"anonymous\"\n                    src=\"https:\/\/connect.facebook.net\/tr_TR\/sdk.js#xfbml=1&#038;version=v3.3\"\n            ><\/script><br \/>\n<br \/><br \/>\n<br \/><a href=\"https:\/\/brtk.net\/2-sualti-goruntu-avciligi-fotograf-yarismasi-duzenleniyor\/\">kpostasi <\/a><\/p>\n","protected":false},"excerpt":{"rendered":"<p>Ark\u0131n Group Girne Fest 24 kapsam\u0131nda \u201c2. Uluslararas\u0131 Sualt\u0131 G\u00f6r\u00fcnt\u00fc Avc\u0131l\u0131\u011f\u0131 Foto\u011fraf Yar\u0131\u015fmas\u0131\u201d d\u00fczenleniyor. Bug\u00fcn ve yar\u0131n ger\u00e7ekle\u015ftirilecek yar\u0131\u015fmaya, g\u00fcney ve kuzeyden toplam 50 dalg\u0131\u00e7 kat\u0131l\u0131yor. Kervansaray Halk Plaj\u0131\u2019ndaki yar\u0131\u015fmaya kat\u0131lan 5 ayr\u0131 grup, tespit edilen b\u00f6lgelerde dal\u0131\u015f ger\u00e7ekle\u015ftirerek, en g\u00fczel sualt\u0131 karelerini yakalamak i\u00e7in m\u00fccadele verecek. Yar\u0131\u015fman\u0131n sona ermesi ile dalg\u0131\u00e7lar, 48 saat i\u00e7erisinde<\/p>\n","protected":false},"author":1,"featured_media":65809,"comment_status":"open","ping_status":"open","sticky":false,"template":"","format":"standard","meta":{"footnotes":""},"categories":[1,81],"tags":[],"class_list":["post-65808","post","type-post","status-publish","format-standard","has-post-thumbnail","hentry","category-gundem","category-kibris"],"yoast_head":"<!-- This site is optimized with the Yoast SEO plugin v27.4 - https:\/\/yoast.com\/product\/yoast-seo-wordpress\/ -->\n<title>\u201c2. Sualt\u0131 G\u00f6r\u00fcnt\u00fc Avc\u0131l\u0131\u011f\u0131 Foto\u011fraf Yar\u0131\u015fmas\u0131\u201d d\u00fczenleniyor -<\/title>\n<meta name=\"robots\" content=\"index, follow, max-snippet:-1, max-image-preview:large, max-video-preview:-1\" \/>\n<link rel=\"canonical\" href=\"https:\/\/kibrisdakik.com\/?p=65808\" \/>\n<meta property=\"og:locale\" content=\"tr_TR\" \/>\n<meta property=\"og:type\" content=\"article\" \/>\n<meta property=\"og:title\" content=\"\u201c2. Sualt\u0131 G\u00f6r\u00fcnt\u00fc Avc\u0131l\u0131\u011f\u0131 Foto\u011fraf Yar\u0131\u015fmas\u0131\u201d d\u00fczenleniyor -\" \/>\n<meta property=\"og:description\" content=\"Ark\u0131n Group Girne Fest 24 kapsam\u0131nda \u201c2. Uluslararas\u0131 Sualt\u0131 G\u00f6r\u00fcnt\u00fc Avc\u0131l\u0131\u011f\u0131 Foto\u011fraf Yar\u0131\u015fmas\u0131\u201d d\u00fczenleniyor. Bug\u00fcn ve yar\u0131n ger\u00e7ekle\u015ftirilecek yar\u0131\u015fmaya, g\u00fcney ve kuzeyden toplam 50 dalg\u0131\u00e7 kat\u0131l\u0131yor. Kervansaray Halk Plaj\u0131\u2019ndaki yar\u0131\u015fmaya kat\u0131lan 5 ayr\u0131 grup, tespit edilen b\u00f6lgelerde dal\u0131\u015f ger\u00e7ekle\u015ftirerek, en g\u00fczel sualt\u0131 karelerini yakalamak i\u00e7in m\u00fccadele verecek. Yar\u0131\u015fman\u0131n sona ermesi ile dalg\u0131\u00e7lar, 48 saat i\u00e7erisinde\" \/>\n<meta property=\"og:url\" content=\"https:\/\/kibrisdakik.com\/?p=65808\" \/>\n<meta property=\"article:published_time\" content=\"2024-10-04T13:45:17+00:00\" \/>\n<meta property=\"og:image\" content=\"https:\/\/kibrisdakik.com\/wp-content\/uploads\/2024\/10\/sualti-740x405.jpg\" \/>\n\t<meta property=\"og:image:width\" content=\"756\" \/>\n\t<meta property=\"og:image:height\" content=\"405\" \/>\n\t<meta property=\"og:image:type\" content=\"image\/jpeg\" \/>\n<meta name=\"author\" content=\"admin\" \/>\n<meta name=\"twitter:card\" content=\"summary_large_image\" \/>\n<meta name=\"twitter:label1\" content=\"Yazan:\" \/>\n\t<meta name=\"twitter:data1\" content=\"admin\" \/>\n\t<meta name=\"twitter:label2\" content=\"Tahmini okuma s\u00fcresi\" \/>\n\t<meta name=\"twitter:data2\" content=\"1 dakika\" \/>\n<script type=\"application\/ld+json\" class=\"yoast-schema-graph\">{\"@context\":\"https:\\\/\\\/schema.org\",\"@graph\":[{\"@type\":\"Article\",\"@id\":\"https:\\\/\\\/kibrisdakik.com\\\/?p=65808#article\",\"isPartOf\":{\"@id\":\"https:\\\/\\\/kibrisdakik.com\\\/?p=65808\"},\"author\":{\"name\":\"admin\",\"@id\":\"https:\\\/\\\/kibrisdakik.com\\\/#\\\/schema\\\/person\\\/9cd9d437bbb44f72b73ba127e06d8e79\"},\"headline\":\"\u201c2. Sualt\u0131 G\u00f6r\u00fcnt\u00fc Avc\u0131l\u0131\u011f\u0131 Foto\u011fraf Yar\u0131\u015fmas\u0131\u201d d\u00fczenleniyor\",\"datePublished\":\"2024-10-04T13:45:17+00:00\",\"mainEntityOfPage\":{\"@id\":\"https:\\\/\\\/kibrisdakik.com\\\/?p=65808\"},\"wordCount\":159,\"commentCount\":0,\"image\":{\"@id\":\"https:\\\/\\\/kibrisdakik.com\\\/?p=65808#primaryimage\"},\"thumbnailUrl\":\"https:\\\/\\\/kibrisdakik.com\\\/wp-content\\\/uploads\\\/2024\\\/10\\\/sualti-740x405.jpg\",\"articleSection\":[\"G\u00fcndem\",\"K\u0131br\u0131s\"],\"inLanguage\":\"tr\",\"potentialAction\":[{\"@type\":\"CommentAction\",\"name\":\"Comment\",\"target\":[\"https:\\\/\\\/kibrisdakik.com\\\/?p=65808#respond\"]}]},{\"@type\":\"WebPage\",\"@id\":\"https:\\\/\\\/kibrisdakik.com\\\/?p=65808\",\"url\":\"https:\\\/\\\/kibrisdakik.com\\\/?p=65808\",\"name\":\"\u201c2. Sualt\u0131 G\u00f6r\u00fcnt\u00fc Avc\u0131l\u0131\u011f\u0131 Foto\u011fraf Yar\u0131\u015fmas\u0131\u201d d\u00fczenleniyor -\",\"isPartOf\":{\"@id\":\"https:\\\/\\\/kibrisdakik.com\\\/#website\"},\"primaryImageOfPage\":{\"@id\":\"https:\\\/\\\/kibrisdakik.com\\\/?p=65808#primaryimage\"},\"image\":{\"@id\":\"https:\\\/\\\/kibrisdakik.com\\\/?p=65808#primaryimage\"},\"thumbnailUrl\":\"https:\\\/\\\/kibrisdakik.com\\\/wp-content\\\/uploads\\\/2024\\\/10\\\/sualti-740x405.jpg\",\"datePublished\":\"2024-10-04T13:45:17+00:00\",\"author\":{\"@id\":\"https:\\\/\\\/kibrisdakik.com\\\/#\\\/schema\\\/person\\\/9cd9d437bbb44f72b73ba127e06d8e79\"},\"breadcrumb\":{\"@id\":\"https:\\\/\\\/kibrisdakik.com\\\/?p=65808#breadcrumb\"},\"inLanguage\":\"tr\",\"potentialAction\":[{\"@type\":\"ReadAction\",\"target\":[\"https:\\\/\\\/kibrisdakik.com\\\/?p=65808\"]}]},{\"@type\":\"ImageObject\",\"inLanguage\":\"tr\",\"@id\":\"https:\\\/\\\/kibrisdakik.com\\\/?p=65808#primaryimage\",\"url\":\"https:\\\/\\\/kibrisdakik.com\\\/wp-content\\\/uploads\\\/2024\\\/10\\\/sualti-740x405.jpg\",\"contentUrl\":\"https:\\\/\\\/kibrisdakik.com\\\/wp-content\\\/uploads\\\/2024\\\/10\\\/sualti-740x405.jpg\",\"width\":756,\"height\":405},{\"@type\":\"BreadcrumbList\",\"@id\":\"https:\\\/\\\/kibrisdakik.com\\\/?p=65808#breadcrumb\",\"itemListElement\":[{\"@type\":\"ListItem\",\"position\":1,\"name\":\"Home\",\"item\":\"https:\\\/\\\/kibrisdakik.com\\\/\"},{\"@type\":\"ListItem\",\"position\":2,\"name\":\"\u201c2. Sualt\u0131 G\u00f6r\u00fcnt\u00fc Avc\u0131l\u0131\u011f\u0131 Foto\u011fraf Yar\u0131\u015fmas\u0131\u201d d\u00fczenleniyor\"}]},{\"@type\":\"WebSite\",\"@id\":\"https:\\\/\\\/kibrisdakik.com\\\/#website\",\"url\":\"https:\\\/\\\/kibrisdakik.com\\\/\",\"name\":\"\",\"description\":\"Tam vaktinde haber\",\"potentialAction\":[{\"@type\":\"SearchAction\",\"target\":{\"@type\":\"EntryPoint\",\"urlTemplate\":\"https:\\\/\\\/kibrisdakik.com\\\/?s={search_term_string}\"},\"query-input\":{\"@type\":\"PropertyValueSpecification\",\"valueRequired\":true,\"valueName\":\"search_term_string\"}}],\"inLanguage\":\"tr\"},{\"@type\":\"Person\",\"@id\":\"https:\\\/\\\/kibrisdakik.com\\\/#\\\/schema\\\/person\\\/9cd9d437bbb44f72b73ba127e06d8e79\",\"name\":\"admin\",\"image\":{\"@type\":\"ImageObject\",\"inLanguage\":\"tr\",\"@id\":\"https:\\\/\\\/secure.gravatar.com\\\/avatar\\\/ccc17943b9d660506c869530f897617f7cb1c21a4bf30023f252596d83e1f007?s=96&d=mm&r=g\",\"url\":\"https:\\\/\\\/secure.gravatar.com\\\/avatar\\\/ccc17943b9d660506c869530f897617f7cb1c21a4bf30023f252596d83e1f007?s=96&d=mm&r=g\",\"contentUrl\":\"https:\\\/\\\/secure.gravatar.com\\\/avatar\\\/ccc17943b9d660506c869530f897617f7cb1c21a4bf30023f252596d83e1f007?s=96&d=mm&r=g\",\"caption\":\"admin\"},\"sameAs\":[\"https:\\\/\\\/kibrisdakik.com\"],\"url\":\"https:\\\/\\\/kibrisdakik.com\\\/?author=1\"}]}<\/script>\n<!-- \/ Yoast SEO plugin. -->","yoast_head_json":{"title":"\u201c2. Sualt\u0131 G\u00f6r\u00fcnt\u00fc Avc\u0131l\u0131\u011f\u0131 Foto\u011fraf Yar\u0131\u015fmas\u0131\u201d d\u00fczenleniyor -","robots":{"index":"index","follow":"follow","max-snippet":"max-snippet:-1","max-image-preview":"max-image-preview:large","max-video-preview":"max-video-preview:-1"},"canonical":"https:\/\/kibrisdakik.com\/?p=65808","og_locale":"tr_TR","og_type":"article","og_title":"\u201c2. Sualt\u0131 G\u00f6r\u00fcnt\u00fc Avc\u0131l\u0131\u011f\u0131 Foto\u011fraf Yar\u0131\u015fmas\u0131\u201d d\u00fczenleniyor -","og_description":"Ark\u0131n Group Girne Fest 24 kapsam\u0131nda \u201c2. Uluslararas\u0131 Sualt\u0131 G\u00f6r\u00fcnt\u00fc Avc\u0131l\u0131\u011f\u0131 Foto\u011fraf Yar\u0131\u015fmas\u0131\u201d d\u00fczenleniyor. Bug\u00fcn ve yar\u0131n ger\u00e7ekle\u015ftirilecek yar\u0131\u015fmaya, g\u00fcney ve kuzeyden toplam 50 dalg\u0131\u00e7 kat\u0131l\u0131yor. Kervansaray Halk Plaj\u0131\u2019ndaki yar\u0131\u015fmaya kat\u0131lan 5 ayr\u0131 grup, tespit edilen b\u00f6lgelerde dal\u0131\u015f ger\u00e7ekle\u015ftirerek, en g\u00fczel sualt\u0131 karelerini yakalamak i\u00e7in m\u00fccadele verecek. Yar\u0131\u015fman\u0131n sona ermesi ile dalg\u0131\u00e7lar, 48 saat i\u00e7erisinde","og_url":"https:\/\/kibrisdakik.com\/?p=65808","article_published_time":"2024-10-04T13:45:17+00:00","og_image":[{"width":756,"height":405,"url":"https:\/\/kibrisdakik.com\/wp-content\/uploads\/2024\/10\/sualti-740x405.jpg","type":"image\/jpeg"}],"author":"admin","twitter_card":"summary_large_image","twitter_misc":{"Yazan:":"admin","Tahmini okuma s\u00fcresi":"1 dakika"},"schema":{"@context":"https:\/\/schema.org","@graph":[{"@type":"Article","@id":"https:\/\/kibrisdakik.com\/?p=65808#article","isPartOf":{"@id":"https:\/\/kibrisdakik.com\/?p=65808"},"author":{"name":"admin","@id":"https:\/\/kibrisdakik.com\/#\/schema\/person\/9cd9d437bbb44f72b73ba127e06d8e79"},"headline":"\u201c2. Sualt\u0131 G\u00f6r\u00fcnt\u00fc Avc\u0131l\u0131\u011f\u0131 Foto\u011fraf Yar\u0131\u015fmas\u0131\u201d d\u00fczenleniyor","datePublished":"2024-10-04T13:45:17+00:00","mainEntityOfPage":{"@id":"https:\/\/kibrisdakik.com\/?p=65808"},"wordCount":159,"commentCount":0,"image":{"@id":"https:\/\/kibrisdakik.com\/?p=65808#primaryimage"},"thumbnailUrl":"https:\/\/kibrisdakik.com\/wp-content\/uploads\/2024\/10\/sualti-740x405.jpg","articleSection":["G\u00fcndem","K\u0131br\u0131s"],"inLanguage":"tr","potentialAction":[{"@type":"CommentAction","name":"Comment","target":["https:\/\/kibrisdakik.com\/?p=65808#respond"]}]},{"@type":"WebPage","@id":"https:\/\/kibrisdakik.com\/?p=65808","url":"https:\/\/kibrisdakik.com\/?p=65808","name":"\u201c2. Sualt\u0131 G\u00f6r\u00fcnt\u00fc Avc\u0131l\u0131\u011f\u0131 Foto\u011fraf Yar\u0131\u015fmas\u0131\u201d d\u00fczenleniyor -","isPartOf":{"@id":"https:\/\/kibrisdakik.com\/#website"},"primaryImageOfPage":{"@id":"https:\/\/kibrisdakik.com\/?p=65808#primaryimage"},"image":{"@id":"https:\/\/kibrisdakik.com\/?p=65808#primaryimage"},"thumbnailUrl":"https:\/\/kibrisdakik.com\/wp-content\/uploads\/2024\/10\/sualti-740x405.jpg","datePublished":"2024-10-04T13:45:17+00:00","author":{"@id":"https:\/\/kibrisdakik.com\/#\/schema\/person\/9cd9d437bbb44f72b73ba127e06d8e79"},"breadcrumb":{"@id":"https:\/\/kibrisdakik.com\/?p=65808#breadcrumb"},"inLanguage":"tr","potentialAction":[{"@type":"ReadAction","target":["https:\/\/kibrisdakik.com\/?p=65808"]}]},{"@type":"ImageObject","inLanguage":"tr","@id":"https:\/\/kibrisdakik.com\/?p=65808#primaryimage","url":"https:\/\/kibrisdakik.com\/wp-content\/uploads\/2024\/10\/sualti-740x405.jpg","contentUrl":"https:\/\/kibrisdakik.com\/wp-content\/uploads\/2024\/10\/sualti-740x405.jpg","width":756,"height":405},{"@type":"BreadcrumbList","@id":"https:\/\/kibrisdakik.com\/?p=65808#breadcrumb","itemListElement":[{"@type":"ListItem","position":1,"name":"Home","item":"https:\/\/kibrisdakik.com\/"},{"@type":"ListItem","position":2,"name":"\u201c2. Sualt\u0131 G\u00f6r\u00fcnt\u00fc Avc\u0131l\u0131\u011f\u0131 Foto\u011fraf Yar\u0131\u015fmas\u0131\u201d d\u00fczenleniyor"}]},{"@type":"WebSite","@id":"https:\/\/kibrisdakik.com\/#website","url":"https:\/\/kibrisdakik.com\/","name":"","description":"Tam vaktinde haber","potentialAction":[{"@type":"SearchAction","target":{"@type":"EntryPoint","urlTemplate":"https:\/\/kibrisdakik.com\/?s={search_term_string}"},"query-input":{"@type":"PropertyValueSpecification","valueRequired":true,"valueName":"search_term_string"}}],"inLanguage":"tr"},{"@type":"Person","@id":"https:\/\/kibrisdakik.com\/#\/schema\/person\/9cd9d437bbb44f72b73ba127e06d8e79","name":"admin","image":{"@type":"ImageObject","inLanguage":"tr","@id":"https:\/\/secure.gravatar.com\/avatar\/ccc17943b9d660506c869530f897617f7cb1c21a4bf30023f252596d83e1f007?s=96&d=mm&r=g","url":"https:\/\/secure.gravatar.com\/avatar\/ccc17943b9d660506c869530f897617f7cb1c21a4bf30023f252596d83e1f007?s=96&d=mm&r=g","contentUrl":"https:\/\/secure.gravatar.com\/avatar\/ccc17943b9d660506c869530f897617f7cb1c21a4bf30023f252596d83e1f007?s=96&d=mm&r=g","caption":"admin"},"sameAs":["https:\/\/kibrisdakik.com"],"url":"https:\/\/kibrisdakik.com\/?author=1"}]}},"_links":{"self":[{"href":"https:\/\/kibrisdakik.com\/index.php?rest_route=\/wp\/v2\/posts\/65808","targetHints":{"allow":["GET"]}}],"collection":[{"href":"https:\/\/kibrisdakik.com\/index.php?rest_route=\/wp\/v2\/posts"}],"about":[{"href":"https:\/\/kibrisdakik.com\/index.php?rest_route=\/wp\/v2\/types\/post"}],"author":[{"embeddable":true,"href":"https:\/\/kibrisdakik.com\/index.php?rest_route=\/wp\/v2\/users\/1"}],"replies":[{"embeddable":true,"href":"https:\/\/kibrisdakik.com\/index.php?rest_route=%2Fwp%2Fv2%2Fcomments&post=65808"}],"version-history":[{"count":0,"href":"https:\/\/kibrisdakik.com\/index.php?rest_route=\/wp\/v2\/posts\/65808\/revisions"}],"wp:featuredmedia":[{"embeddable":true,"href":"https:\/\/kibrisdakik.com\/index.php?rest_route=\/wp\/v2\/media\/65809"}],"wp:attachment":[{"href":"https:\/\/kibrisdakik.com\/index.php?rest_route=%2Fwp%2Fv2%2Fmedia&parent=65808"}],"wp:term":[{"taxonomy":"category","embeddable":true,"href":"https:\/\/kibrisdakik.com\/index.php?rest_route=%2Fwp%2Fv2%2Fcategories&post=65808"},{"taxonomy":"post_tag","embeddable":true,"href":"https:\/\/kibrisdakik.com\/index.php?rest_route=%2Fwp%2Fv2%2Ftags&post=65808"}],"curies":[{"name":"wp","href":"https:\/\/api.w.org\/{rel}","templated":true}]}}