{"id":65810,"date":"2024-10-04T16:58:32","date_gmt":"2024-10-04T13:58:32","guid":{"rendered":"https:\/\/kibrisdakik.com\/index.php\/2024\/10\/04\/kultur-dairesi-girnede-sergi-aciyor\/"},"modified":"2024-10-04T16:58:32","modified_gmt":"2024-10-04T13:58:32","slug":"kultur-dairesi-girnede-sergi-aciyor","status":"publish","type":"post","link":"https:\/\/kibrisdakik.com\/?p=65810","title":{"rendered":"K\u00fclt\u00fcr Dairesi, Girne\u2019de sergi a\u00e7\u0131yor"},"content":{"rendered":"<div>\n<div class=\"mariselle-image-container center\">\n                                            <\/div>\n<p>Ba\u015fbakan Yard\u0131mc\u0131l\u0131\u011f\u0131, Turizm, K\u00fclt\u00fcr, Gen\u00e7lik ve \u00c7evre Bakanl\u0131\u011f\u0131\u2019na ba\u011fl\u0131 K\u00fclt\u00fcr Dairesi, XXXI. Devlet Foto\u011fraf Yar\u0131\u015fmas\u0131 Sergisi ile XXXII. Devlet Foto\u011fraf Yar\u0131\u015fmas\u0131 Sergisi\u2019ni kategoriler halinde Girne\u2019deki sanatseverlerin izlenimine sunuyor.<\/p>\n<p>K\u00fclt\u00fcr Dairesi\u2019nden verilen bilgiye g\u00f6re, Girne Halk K\u00fct\u00fcphanesi Sergi Salonu\u2019nda yer alacak sergilerin ilki 9 Ekim \u00c7ar\u015famba g\u00fcn\u00fcnden 25 Ekim tarihine kadar izlenebilecek. \u0130lk sergide, yar\u0131\u015fmalar\u0131n mimari kategorilerinde \u00f6d\u00fcl ve sergileme alan foto\u011fraflar yer alacak.<\/p>\n<p>K\u00fclt\u00fcr Dairesi M\u00fcd\u00fcr\u00fc \u015eirin Zaima\u011fao\u011flu, KKTC\u2019nin en uzun soluklu sanat etkinli\u011fi olan ve bu y\u0131l 32.\u2019sini d\u00fczenleyip sergisini 19 A\u011fustos D\u00fcnya Foto\u011fraf\u00e7\u0131l\u0131k G\u00fcn\u00fc\u2019nde Lefko\u015fa\u2019da a\u00e7t\u0131klar\u0131 Devlet Foto\u011fraf Yar\u0131\u015fmas\u0131 Sergisi ile XXXI. Devlet Foto\u011fraf Yar\u0131\u015fmas\u0131 Sergisi\u2019ni kategoriler halinde Girne Halk K\u00fct\u00fcphanesi\u2019ne ta\u015f\u0131yacaklar\u0131n\u0131 kaydetti.<\/p>\n<p>Girne Halk K\u00fct\u00fcphanesi\u2019nin 5 Ekim Cumartesi g\u00fcn\u00fcnden ba\u015flayarak cumartesi g\u00fcnleri de 10.00-13.00 saatleri aras\u0131nda da okurlara ve sanatseverlere hizmet vermeye ba\u015flayaca\u011f\u0131n\u0131 belirten \u015eirin Zaima\u011fao\u011flu, serginin mesai saatleri aras\u0131nda izlenebilece\u011fini ifade etti.<\/p>\n<p>S\u0131ras\u0131yla, \u201cDo\u011fa Kategorisi, Benim \u015eehrim Kategorisi, Renkli ve Siyah-Beyaz Kategorilerinin\u201d sergilenece\u011fini ifade eden Zaima\u011fao\u011flu, foto\u011fraf sergilerinin iki\u015fer haftal\u0131k s\u00fcrelerle sanatseverlerin izlenimine sunulaca\u011f\u0131n\u0131 ve sergi programlar\u0131n\u0131n ayl\u0131k olarak K\u00fclt\u00fcr Dairesi ve k\u00fct\u00fcphanelerin sosyal medya adreslerinden duyurulaca\u011f\u0131n\u0131 belirtti.<\/p>\n<\/p><\/div>\n<p><script async\n                    defer\n                    crossorigin=\"anonymous\"\n                    src=\"https:\/\/connect.facebook.net\/tr_TR\/sdk.js#xfbml=1&#038;version=v3.3\"\n            ><\/script><\/p>\n","protected":false},"excerpt":{"rendered":"<p>Ba\u015fbakan Yard\u0131mc\u0131l\u0131\u011f\u0131, Turizm, K\u00fclt\u00fcr, Gen\u00e7lik ve \u00c7evre Bakanl\u0131\u011f\u0131\u2019na ba\u011fl\u0131 K\u00fclt\u00fcr Dairesi, XXXI. Devlet Foto\u011fraf Yar\u0131\u015fmas\u0131 Sergisi ile XXXII. Devlet Foto\u011fraf Yar\u0131\u015fmas\u0131 Sergisi\u2019ni kategoriler halinde Girne\u2019deki sanatseverlerin izlenimine sunuyor. K\u00fclt\u00fcr Dairesi\u2019nden verilen bilgiye g\u00f6re, Girne Halk K\u00fct\u00fcphanesi Sergi Salonu\u2019nda yer alacak sergilerin ilki 9 Ekim \u00c7ar\u015famba g\u00fcn\u00fcnden 25 Ekim tarihine kadar izlenebilecek. \u0130lk sergide, yar\u0131\u015fmalar\u0131n mimari<\/p>\n","protected":false},"author":1,"featured_media":65811,"comment_status":"open","ping_status":"open","sticky":false,"template":"","format":"standard","meta":{"footnotes":""},"categories":[81],"tags":[],"class_list":["post-65810","post","type-post","status-publish","format-standard","has-post-thumbnail","hentry","category-kibris"],"yoast_head":"<!-- This site is optimized with the Yoast SEO plugin v27.5 - https:\/\/yoast.com\/product\/yoast-seo-wordpress\/ -->\n<title>K\u00fclt\u00fcr Dairesi, Girne\u2019de sergi a\u00e7\u0131yor -<\/title>\n<meta name=\"robots\" content=\"index, follow, max-snippet:-1, max-image-preview:large, max-video-preview:-1\" \/>\n<link rel=\"canonical\" href=\"https:\/\/kibrisdakik.com\/?p=65810\" \/>\n<meta property=\"og:locale\" content=\"tr_TR\" \/>\n<meta property=\"og:type\" content=\"article\" \/>\n<meta property=\"og:title\" content=\"K\u00fclt\u00fcr Dairesi, Girne\u2019de sergi a\u00e7\u0131yor -\" \/>\n<meta property=\"og:description\" content=\"Ba\u015fbakan Yard\u0131mc\u0131l\u0131\u011f\u0131, Turizm, K\u00fclt\u00fcr, Gen\u00e7lik ve \u00c7evre Bakanl\u0131\u011f\u0131\u2019na ba\u011fl\u0131 K\u00fclt\u00fcr Dairesi, XXXI. Devlet Foto\u011fraf Yar\u0131\u015fmas\u0131 Sergisi ile XXXII. Devlet Foto\u011fraf Yar\u0131\u015fmas\u0131 Sergisi\u2019ni kategoriler halinde Girne\u2019deki sanatseverlerin izlenimine sunuyor. K\u00fclt\u00fcr Dairesi\u2019nden verilen bilgiye g\u00f6re, Girne Halk K\u00fct\u00fcphanesi Sergi Salonu\u2019nda yer alacak sergilerin ilki 9 Ekim \u00c7ar\u015famba g\u00fcn\u00fcnden 25 Ekim tarihine kadar izlenebilecek. \u0130lk sergide, yar\u0131\u015fmalar\u0131n mimari\" \/>\n<meta property=\"og:url\" content=\"https:\/\/kibrisdakik.com\/?p=65810\" \/>\n<meta property=\"article:published_time\" content=\"2024-10-04T13:58:32+00:00\" \/>\n<meta property=\"og:image\" content=\"https:\/\/kibrisdakik.com\/wp-content\/uploads\/2024\/10\/kultur-dairesi2-740x420.jpeg\" \/>\n\t<meta property=\"og:image:width\" content=\"848\" \/>\n\t<meta property=\"og:image:height\" content=\"623\" \/>\n\t<meta property=\"og:image:type\" content=\"image\/jpeg\" \/>\n<meta name=\"author\" content=\"admin\" \/>\n<meta name=\"twitter:card\" content=\"summary_large_image\" \/>\n<meta name=\"twitter:label1\" content=\"Yazan:\" \/>\n\t<meta name=\"twitter:data1\" content=\"admin\" \/>\n\t<meta name=\"twitter:label2\" content=\"Tahmini okuma s\u00fcresi\" \/>\n\t<meta name=\"twitter:data2\" content=\"1 dakika\" \/>\n<script type=\"application\/ld+json\" class=\"yoast-schema-graph\">{\"@context\":\"https:\\\/\\\/schema.org\",\"@graph\":[{\"@type\":\"Article\",\"@id\":\"https:\\\/\\\/kibrisdakik.com\\\/?p=65810#article\",\"isPartOf\":{\"@id\":\"https:\\\/\\\/kibrisdakik.com\\\/?p=65810\"},\"author\":{\"name\":\"admin\",\"@id\":\"https:\\\/\\\/kibrisdakik.com\\\/#\\\/schema\\\/person\\\/9cd9d437bbb44f72b73ba127e06d8e79\"},\"headline\":\"K\u00fclt\u00fcr Dairesi, Girne\u2019de sergi a\u00e7\u0131yor\",\"datePublished\":\"2024-10-04T13:58:32+00:00\",\"mainEntityOfPage\":{\"@id\":\"https:\\\/\\\/kibrisdakik.com\\\/?p=65810\"},\"wordCount\":271,\"commentCount\":0,\"image\":{\"@id\":\"https:\\\/\\\/kibrisdakik.com\\\/?p=65810#primaryimage\"},\"thumbnailUrl\":\"https:\\\/\\\/kibrisdakik.com\\\/wp-content\\\/uploads\\\/2024\\\/10\\\/kultur-dairesi2-740x420.jpeg\",\"articleSection\":[\"K\u0131br\u0131s\"],\"inLanguage\":\"tr\",\"potentialAction\":[{\"@type\":\"CommentAction\",\"name\":\"Comment\",\"target\":[\"https:\\\/\\\/kibrisdakik.com\\\/?p=65810#respond\"]}]},{\"@type\":\"WebPage\",\"@id\":\"https:\\\/\\\/kibrisdakik.com\\\/?p=65810\",\"url\":\"https:\\\/\\\/kibrisdakik.com\\\/?p=65810\",\"name\":\"K\u00fclt\u00fcr Dairesi, Girne\u2019de sergi a\u00e7\u0131yor -\",\"isPartOf\":{\"@id\":\"https:\\\/\\\/kibrisdakik.com\\\/#website\"},\"primaryImageOfPage\":{\"@id\":\"https:\\\/\\\/kibrisdakik.com\\\/?p=65810#primaryimage\"},\"image\":{\"@id\":\"https:\\\/\\\/kibrisdakik.com\\\/?p=65810#primaryimage\"},\"thumbnailUrl\":\"https:\\\/\\\/kibrisdakik.com\\\/wp-content\\\/uploads\\\/2024\\\/10\\\/kultur-dairesi2-740x420.jpeg\",\"datePublished\":\"2024-10-04T13:58:32+00:00\",\"author\":{\"@id\":\"https:\\\/\\\/kibrisdakik.com\\\/#\\\/schema\\\/person\\\/9cd9d437bbb44f72b73ba127e06d8e79\"},\"breadcrumb\":{\"@id\":\"https:\\\/\\\/kibrisdakik.com\\\/?p=65810#breadcrumb\"},\"inLanguage\":\"tr\",\"potentialAction\":[{\"@type\":\"ReadAction\",\"target\":[\"https:\\\/\\\/kibrisdakik.com\\\/?p=65810\"]}]},{\"@type\":\"ImageObject\",\"inLanguage\":\"tr\",\"@id\":\"https:\\\/\\\/kibrisdakik.com\\\/?p=65810#primaryimage\",\"url\":\"https:\\\/\\\/kibrisdakik.com\\\/wp-content\\\/uploads\\\/2024\\\/10\\\/kultur-dairesi2-740x420.jpeg\",\"contentUrl\":\"https:\\\/\\\/kibrisdakik.com\\\/wp-content\\\/uploads\\\/2024\\\/10\\\/kultur-dairesi2-740x420.jpeg\",\"width\":848,\"height\":623},{\"@type\":\"BreadcrumbList\",\"@id\":\"https:\\\/\\\/kibrisdakik.com\\\/?p=65810#breadcrumb\",\"itemListElement\":[{\"@type\":\"ListItem\",\"position\":1,\"name\":\"Home\",\"item\":\"https:\\\/\\\/kibrisdakik.com\\\/\"},{\"@type\":\"ListItem\",\"position\":2,\"name\":\"K\u00fclt\u00fcr Dairesi, Girne\u2019de sergi a\u00e7\u0131yor\"}]},{\"@type\":\"WebSite\",\"@id\":\"https:\\\/\\\/kibrisdakik.com\\\/#website\",\"url\":\"https:\\\/\\\/kibrisdakik.com\\\/\",\"name\":\"\",\"description\":\"Tam vaktinde haber\",\"potentialAction\":[{\"@type\":\"SearchAction\",\"target\":{\"@type\":\"EntryPoint\",\"urlTemplate\":\"https:\\\/\\\/kibrisdakik.com\\\/?s={search_term_string}\"},\"query-input\":{\"@type\":\"PropertyValueSpecification\",\"valueRequired\":true,\"valueName\":\"search_term_string\"}}],\"inLanguage\":\"tr\"},{\"@type\":\"Person\",\"@id\":\"https:\\\/\\\/kibrisdakik.com\\\/#\\\/schema\\\/person\\\/9cd9d437bbb44f72b73ba127e06d8e79\",\"name\":\"admin\",\"image\":{\"@type\":\"ImageObject\",\"inLanguage\":\"tr\",\"@id\":\"https:\\\/\\\/secure.gravatar.com\\\/avatar\\\/ccc17943b9d660506c869530f897617f7cb1c21a4bf30023f252596d83e1f007?s=96&d=mm&r=g\",\"url\":\"https:\\\/\\\/secure.gravatar.com\\\/avatar\\\/ccc17943b9d660506c869530f897617f7cb1c21a4bf30023f252596d83e1f007?s=96&d=mm&r=g\",\"contentUrl\":\"https:\\\/\\\/secure.gravatar.com\\\/avatar\\\/ccc17943b9d660506c869530f897617f7cb1c21a4bf30023f252596d83e1f007?s=96&d=mm&r=g\",\"caption\":\"admin\"},\"sameAs\":[\"https:\\\/\\\/kibrisdakik.com\"],\"url\":\"https:\\\/\\\/kibrisdakik.com\\\/?author=1\"}]}<\/script>\n<!-- \/ Yoast SEO plugin. -->","yoast_head_json":{"title":"K\u00fclt\u00fcr Dairesi, Girne\u2019de sergi a\u00e7\u0131yor -","robots":{"index":"index","follow":"follow","max-snippet":"max-snippet:-1","max-image-preview":"max-image-preview:large","max-video-preview":"max-video-preview:-1"},"canonical":"https:\/\/kibrisdakik.com\/?p=65810","og_locale":"tr_TR","og_type":"article","og_title":"K\u00fclt\u00fcr Dairesi, Girne\u2019de sergi a\u00e7\u0131yor -","og_description":"Ba\u015fbakan Yard\u0131mc\u0131l\u0131\u011f\u0131, Turizm, K\u00fclt\u00fcr, Gen\u00e7lik ve \u00c7evre Bakanl\u0131\u011f\u0131\u2019na ba\u011fl\u0131 K\u00fclt\u00fcr Dairesi, XXXI. Devlet Foto\u011fraf Yar\u0131\u015fmas\u0131 Sergisi ile XXXII. Devlet Foto\u011fraf Yar\u0131\u015fmas\u0131 Sergisi\u2019ni kategoriler halinde Girne\u2019deki sanatseverlerin izlenimine sunuyor. K\u00fclt\u00fcr Dairesi\u2019nden verilen bilgiye g\u00f6re, Girne Halk K\u00fct\u00fcphanesi Sergi Salonu\u2019nda yer alacak sergilerin ilki 9 Ekim \u00c7ar\u015famba g\u00fcn\u00fcnden 25 Ekim tarihine kadar izlenebilecek. \u0130lk sergide, yar\u0131\u015fmalar\u0131n mimari","og_url":"https:\/\/kibrisdakik.com\/?p=65810","article_published_time":"2024-10-04T13:58:32+00:00","og_image":[{"width":848,"height":623,"url":"https:\/\/kibrisdakik.com\/wp-content\/uploads\/2024\/10\/kultur-dairesi2-740x420.jpeg","type":"image\/jpeg"}],"author":"admin","twitter_card":"summary_large_image","twitter_misc":{"Yazan:":"admin","Tahmini okuma s\u00fcresi":"1 dakika"},"schema":{"@context":"https:\/\/schema.org","@graph":[{"@type":"Article","@id":"https:\/\/kibrisdakik.com\/?p=65810#article","isPartOf":{"@id":"https:\/\/kibrisdakik.com\/?p=65810"},"author":{"name":"admin","@id":"https:\/\/kibrisdakik.com\/#\/schema\/person\/9cd9d437bbb44f72b73ba127e06d8e79"},"headline":"K\u00fclt\u00fcr Dairesi, Girne\u2019de sergi a\u00e7\u0131yor","datePublished":"2024-10-04T13:58:32+00:00","mainEntityOfPage":{"@id":"https:\/\/kibrisdakik.com\/?p=65810"},"wordCount":271,"commentCount":0,"image":{"@id":"https:\/\/kibrisdakik.com\/?p=65810#primaryimage"},"thumbnailUrl":"https:\/\/kibrisdakik.com\/wp-content\/uploads\/2024\/10\/kultur-dairesi2-740x420.jpeg","articleSection":["K\u0131br\u0131s"],"inLanguage":"tr","potentialAction":[{"@type":"CommentAction","name":"Comment","target":["https:\/\/kibrisdakik.com\/?p=65810#respond"]}]},{"@type":"WebPage","@id":"https:\/\/kibrisdakik.com\/?p=65810","url":"https:\/\/kibrisdakik.com\/?p=65810","name":"K\u00fclt\u00fcr Dairesi, Girne\u2019de sergi a\u00e7\u0131yor -","isPartOf":{"@id":"https:\/\/kibrisdakik.com\/#website"},"primaryImageOfPage":{"@id":"https:\/\/kibrisdakik.com\/?p=65810#primaryimage"},"image":{"@id":"https:\/\/kibrisdakik.com\/?p=65810#primaryimage"},"thumbnailUrl":"https:\/\/kibrisdakik.com\/wp-content\/uploads\/2024\/10\/kultur-dairesi2-740x420.jpeg","datePublished":"2024-10-04T13:58:32+00:00","author":{"@id":"https:\/\/kibrisdakik.com\/#\/schema\/person\/9cd9d437bbb44f72b73ba127e06d8e79"},"breadcrumb":{"@id":"https:\/\/kibrisdakik.com\/?p=65810#breadcrumb"},"inLanguage":"tr","potentialAction":[{"@type":"ReadAction","target":["https:\/\/kibrisdakik.com\/?p=65810"]}]},{"@type":"ImageObject","inLanguage":"tr","@id":"https:\/\/kibrisdakik.com\/?p=65810#primaryimage","url":"https:\/\/kibrisdakik.com\/wp-content\/uploads\/2024\/10\/kultur-dairesi2-740x420.jpeg","contentUrl":"https:\/\/kibrisdakik.com\/wp-content\/uploads\/2024\/10\/kultur-dairesi2-740x420.jpeg","width":848,"height":623},{"@type":"BreadcrumbList","@id":"https:\/\/kibrisdakik.com\/?p=65810#breadcrumb","itemListElement":[{"@type":"ListItem","position":1,"name":"Home","item":"https:\/\/kibrisdakik.com\/"},{"@type":"ListItem","position":2,"name":"K\u00fclt\u00fcr Dairesi, Girne\u2019de sergi a\u00e7\u0131yor"}]},{"@type":"WebSite","@id":"https:\/\/kibrisdakik.com\/#website","url":"https:\/\/kibrisdakik.com\/","name":"","description":"Tam vaktinde haber","potentialAction":[{"@type":"SearchAction","target":{"@type":"EntryPoint","urlTemplate":"https:\/\/kibrisdakik.com\/?s={search_term_string}"},"query-input":{"@type":"PropertyValueSpecification","valueRequired":true,"valueName":"search_term_string"}}],"inLanguage":"tr"},{"@type":"Person","@id":"https:\/\/kibrisdakik.com\/#\/schema\/person\/9cd9d437bbb44f72b73ba127e06d8e79","name":"admin","image":{"@type":"ImageObject","inLanguage":"tr","@id":"https:\/\/secure.gravatar.com\/avatar\/ccc17943b9d660506c869530f897617f7cb1c21a4bf30023f252596d83e1f007?s=96&d=mm&r=g","url":"https:\/\/secure.gravatar.com\/avatar\/ccc17943b9d660506c869530f897617f7cb1c21a4bf30023f252596d83e1f007?s=96&d=mm&r=g","contentUrl":"https:\/\/secure.gravatar.com\/avatar\/ccc17943b9d660506c869530f897617f7cb1c21a4bf30023f252596d83e1f007?s=96&d=mm&r=g","caption":"admin"},"sameAs":["https:\/\/kibrisdakik.com"],"url":"https:\/\/kibrisdakik.com\/?author=1"}]}},"_links":{"self":[{"href":"https:\/\/kibrisdakik.com\/index.php?rest_route=\/wp\/v2\/posts\/65810","targetHints":{"allow":["GET"]}}],"collection":[{"href":"https:\/\/kibrisdakik.com\/index.php?rest_route=\/wp\/v2\/posts"}],"about":[{"href":"https:\/\/kibrisdakik.com\/index.php?rest_route=\/wp\/v2\/types\/post"}],"author":[{"embeddable":true,"href":"https:\/\/kibrisdakik.com\/index.php?rest_route=\/wp\/v2\/users\/1"}],"replies":[{"embeddable":true,"href":"https:\/\/kibrisdakik.com\/index.php?rest_route=%2Fwp%2Fv2%2Fcomments&post=65810"}],"version-history":[{"count":0,"href":"https:\/\/kibrisdakik.com\/index.php?rest_route=\/wp\/v2\/posts\/65810\/revisions"}],"wp:featuredmedia":[{"embeddable":true,"href":"https:\/\/kibrisdakik.com\/index.php?rest_route=\/wp\/v2\/media\/65811"}],"wp:attachment":[{"href":"https:\/\/kibrisdakik.com\/index.php?rest_route=%2Fwp%2Fv2%2Fmedia&parent=65810"}],"wp:term":[{"taxonomy":"category","embeddable":true,"href":"https:\/\/kibrisdakik.com\/index.php?rest_route=%2Fwp%2Fv2%2Fcategories&post=65810"},{"taxonomy":"post_tag","embeddable":true,"href":"https:\/\/kibrisdakik.com\/index.php?rest_route=%2Fwp%2Fv2%2Ftags&post=65810"}],"curies":[{"name":"wp","href":"https:\/\/api.w.org\/{rel}","templated":true}]}}