{"id":65818,"date":"2024-10-04T18:06:15","date_gmt":"2024-10-04T15:06:15","guid":{"rendered":"https:\/\/kibrisdakik.com\/index.php\/2024\/10\/04\/cumhurbaskani-tatar-yuksek-yonetim-denetcisi-ilkan-varolu-kabul-etti\/"},"modified":"2024-10-04T18:06:15","modified_gmt":"2024-10-04T15:06:15","slug":"cumhurbaskani-tatar-yuksek-yonetim-denetcisi-ilkan-varolu-kabul-etti","status":"publish","type":"post","link":"https:\/\/kibrisdakik.com\/?p=65818","title":{"rendered":"Cumhurba\u015fkan\u0131 Tatar, Y\u00fcksek Y\u00f6netim Denet\u00e7isi \u0130lkan Varol\u2019u kabul etti"},"content":{"rendered":"<div>\n<div class=\"mariselle-image-container center\">\n                                            <\/div>\n<p>Cumhurba\u015fkan\u0131 Ersin Tatar, Y\u00fcksek Y\u00f6netim Denet\u00e7isi (Ombudsman) \u0130lkan Varol\u2019u kabul etti.<\/p>\n<p>Cumhurba\u015fkanl\u0131\u011f\u0131\u2019ndan verilen bilgiye g\u00f6re, Cumhurba\u015fkan\u0131 Ersin Tatar kabulde yapt\u0131\u011f\u0131 konu\u015fmada, Ombudsman m\u00fcessesinin yasa gere\u011fi vatanda\u015f ile devlet aras\u0131ndaki ili\u015fkileri de\u011ferlendiren ba\u011f\u0131ms\u0131z ve insan haklar\u0131 ba\u011flam\u0131nda \u00f6nemli bir m\u00fcessese oldu\u011funu belirtti.<\/p>\n<p>Ombudsman m\u00fcessesesinin T\u00fcrk Devletleri Te\u015fkilat\u0131 ve di\u011fer \u00fclkelerden al\u0131nan davet \u00fczerine devleti temsil edilmesinin \u00fclke tan\u0131t\u0131m\u0131 bak\u0131m\u0131ndan \u00f6nemine i\u015faret eden Cumhurba\u015fkan\u0131 Tatar, KKTC\u2019de insan haklar\u0131 bak\u0131m\u0131ndan b\u00f6yle sayg\u0131n bir m\u00fcessesenin bulunmas\u0131n\u0131n \u00f6nemine de\u011findi.<\/p>\n<p>Azerbaycan\u2019da toplant\u0131ya kat\u0131lan Ombudsman\u2019\u0131n \u015fimdi de Katar\u2019dan davet almas\u0131n\u0131n \u00f6nemli bir temsiliyet oldu\u011funu dile getiren Cumhurba\u015fkan\u0131 Tatar, ba\u015far\u0131lar diledi.<\/p>\n<p>\u0130lkan Varol da Cumhurba\u015fkan\u0131 Tatar\u2019a 6 ayl\u0131k Ombudsman \u00e7al\u0131\u015fmalar\u0131n\u0131 i\u00e7eren raporu sunarak, yurt d\u0131\u015f\u0131 temsiliyetleri ve y\u00fcr\u00fct\u00fclen \u00e7al\u0131\u015fmalar hakk\u0131nda bilgi verdi.<\/p>\n<\/p><\/div>\n<p><script async\n                    defer\n                    crossorigin=\"anonymous\"\n                    src=\"https:\/\/connect.facebook.net\/tr_TR\/sdk.js#xfbml=1&#038;version=v3.3\"\n            ><\/script><\/p>\n","protected":false},"excerpt":{"rendered":"<p>Cumhurba\u015fkan\u0131 Ersin Tatar, Y\u00fcksek Y\u00f6netim Denet\u00e7isi (Ombudsman) \u0130lkan Varol\u2019u kabul etti. Cumhurba\u015fkanl\u0131\u011f\u0131\u2019ndan verilen bilgiye g\u00f6re, Cumhurba\u015fkan\u0131 Ersin Tatar kabulde yapt\u0131\u011f\u0131 konu\u015fmada, Ombudsman m\u00fcessesinin yasa gere\u011fi vatanda\u015f ile devlet aras\u0131ndaki ili\u015fkileri de\u011ferlendiren ba\u011f\u0131ms\u0131z ve insan haklar\u0131 ba\u011flam\u0131nda \u00f6nemli bir m\u00fcessese oldu\u011funu belirtti. Ombudsman m\u00fcessesesinin T\u00fcrk Devletleri Te\u015fkilat\u0131 ve di\u011fer \u00fclkelerden al\u0131nan davet \u00fczerine devleti temsil edilmesinin<\/p>\n","protected":false},"author":1,"featured_media":65819,"comment_status":"open","ping_status":"open","sticky":false,"template":"","format":"standard","meta":{"footnotes":""},"categories":[81],"tags":[],"class_list":["post-65818","post","type-post","status-publish","format-standard","has-post-thumbnail","hentry","category-kibris"],"yoast_head":"<!-- This site is optimized with the Yoast SEO plugin v27.4 - https:\/\/yoast.com\/product\/yoast-seo-wordpress\/ -->\n<title>Cumhurba\u015fkan\u0131 Tatar, Y\u00fcksek Y\u00f6netim Denet\u00e7isi \u0130lkan Varol\u2019u kabul etti -<\/title>\n<meta name=\"robots\" content=\"index, follow, max-snippet:-1, max-image-preview:large, max-video-preview:-1\" \/>\n<link rel=\"canonical\" href=\"https:\/\/kibrisdakik.com\/?p=65818\" \/>\n<meta property=\"og:locale\" content=\"tr_TR\" \/>\n<meta property=\"og:type\" content=\"article\" \/>\n<meta property=\"og:title\" content=\"Cumhurba\u015fkan\u0131 Tatar, Y\u00fcksek Y\u00f6netim Denet\u00e7isi \u0130lkan Varol\u2019u kabul etti -\" \/>\n<meta property=\"og:description\" content=\"Cumhurba\u015fkan\u0131 Ersin Tatar, Y\u00fcksek Y\u00f6netim Denet\u00e7isi (Ombudsman) \u0130lkan Varol\u2019u kabul etti. Cumhurba\u015fkanl\u0131\u011f\u0131\u2019ndan verilen bilgiye g\u00f6re, Cumhurba\u015fkan\u0131 Ersin Tatar kabulde yapt\u0131\u011f\u0131 konu\u015fmada, Ombudsman m\u00fcessesinin yasa gere\u011fi vatanda\u015f ile devlet aras\u0131ndaki ili\u015fkileri de\u011ferlendiren ba\u011f\u0131ms\u0131z ve insan haklar\u0131 ba\u011flam\u0131nda \u00f6nemli bir m\u00fcessese oldu\u011funu belirtti. Ombudsman m\u00fcessesesinin T\u00fcrk Devletleri Te\u015fkilat\u0131 ve di\u011fer \u00fclkelerden al\u0131nan davet \u00fczerine devleti temsil edilmesinin\" \/>\n<meta property=\"og:url\" content=\"https:\/\/kibrisdakik.com\/?p=65818\" \/>\n<meta property=\"article:published_time\" content=\"2024-10-04T15:06:15+00:00\" \/>\n<meta property=\"og:image\" content=\"https:\/\/kibrisdakik.com\/wp-content\/uploads\/2024\/10\/tks-740x420.jpg\" \/>\n\t<meta property=\"og:image:width\" content=\"2317\" \/>\n\t<meta property=\"og:image:height\" content=\"1233\" \/>\n\t<meta property=\"og:image:type\" content=\"image\/jpeg\" \/>\n<meta name=\"author\" content=\"admin\" \/>\n<meta name=\"twitter:card\" content=\"summary_large_image\" \/>\n<meta name=\"twitter:label1\" content=\"Yazan:\" \/>\n\t<meta name=\"twitter:data1\" content=\"admin\" \/>\n\t<meta name=\"twitter:label2\" content=\"Tahmini okuma s\u00fcresi\" \/>\n\t<meta name=\"twitter:data2\" content=\"1 dakika\" \/>\n<script type=\"application\/ld+json\" class=\"yoast-schema-graph\">{\"@context\":\"https:\\\/\\\/schema.org\",\"@graph\":[{\"@type\":\"Article\",\"@id\":\"https:\\\/\\\/kibrisdakik.com\\\/?p=65818#article\",\"isPartOf\":{\"@id\":\"https:\\\/\\\/kibrisdakik.com\\\/?p=65818\"},\"author\":{\"name\":\"admin\",\"@id\":\"https:\\\/\\\/kibrisdakik.com\\\/#\\\/schema\\\/person\\\/9cd9d437bbb44f72b73ba127e06d8e79\"},\"headline\":\"Cumhurba\u015fkan\u0131 Tatar, Y\u00fcksek Y\u00f6netim Denet\u00e7isi \u0130lkan Varol\u2019u kabul etti\",\"datePublished\":\"2024-10-04T15:06:15+00:00\",\"mainEntityOfPage\":{\"@id\":\"https:\\\/\\\/kibrisdakik.com\\\/?p=65818\"},\"wordCount\":190,\"commentCount\":0,\"image\":{\"@id\":\"https:\\\/\\\/kibrisdakik.com\\\/?p=65818#primaryimage\"},\"thumbnailUrl\":\"https:\\\/\\\/kibrisdakik.com\\\/wp-content\\\/uploads\\\/2024\\\/10\\\/tks-740x420.jpg\",\"articleSection\":[\"K\u0131br\u0131s\"],\"inLanguage\":\"tr\",\"potentialAction\":[{\"@type\":\"CommentAction\",\"name\":\"Comment\",\"target\":[\"https:\\\/\\\/kibrisdakik.com\\\/?p=65818#respond\"]}]},{\"@type\":\"WebPage\",\"@id\":\"https:\\\/\\\/kibrisdakik.com\\\/?p=65818\",\"url\":\"https:\\\/\\\/kibrisdakik.com\\\/?p=65818\",\"name\":\"Cumhurba\u015fkan\u0131 Tatar, Y\u00fcksek Y\u00f6netim Denet\u00e7isi \u0130lkan Varol\u2019u kabul etti -\",\"isPartOf\":{\"@id\":\"https:\\\/\\\/kibrisdakik.com\\\/#website\"},\"primaryImageOfPage\":{\"@id\":\"https:\\\/\\\/kibrisdakik.com\\\/?p=65818#primaryimage\"},\"image\":{\"@id\":\"https:\\\/\\\/kibrisdakik.com\\\/?p=65818#primaryimage\"},\"thumbnailUrl\":\"https:\\\/\\\/kibrisdakik.com\\\/wp-content\\\/uploads\\\/2024\\\/10\\\/tks-740x420.jpg\",\"datePublished\":\"2024-10-04T15:06:15+00:00\",\"author\":{\"@id\":\"https:\\\/\\\/kibrisdakik.com\\\/#\\\/schema\\\/person\\\/9cd9d437bbb44f72b73ba127e06d8e79\"},\"breadcrumb\":{\"@id\":\"https:\\\/\\\/kibrisdakik.com\\\/?p=65818#breadcrumb\"},\"inLanguage\":\"tr\",\"potentialAction\":[{\"@type\":\"ReadAction\",\"target\":[\"https:\\\/\\\/kibrisdakik.com\\\/?p=65818\"]}]},{\"@type\":\"ImageObject\",\"inLanguage\":\"tr\",\"@id\":\"https:\\\/\\\/kibrisdakik.com\\\/?p=65818#primaryimage\",\"url\":\"https:\\\/\\\/kibrisdakik.com\\\/wp-content\\\/uploads\\\/2024\\\/10\\\/tks-740x420.jpg\",\"contentUrl\":\"https:\\\/\\\/kibrisdakik.com\\\/wp-content\\\/uploads\\\/2024\\\/10\\\/tks-740x420.jpg\",\"width\":2317,\"height\":1233},{\"@type\":\"BreadcrumbList\",\"@id\":\"https:\\\/\\\/kibrisdakik.com\\\/?p=65818#breadcrumb\",\"itemListElement\":[{\"@type\":\"ListItem\",\"position\":1,\"name\":\"Home\",\"item\":\"https:\\\/\\\/kibrisdakik.com\\\/\"},{\"@type\":\"ListItem\",\"position\":2,\"name\":\"Cumhurba\u015fkan\u0131 Tatar, Y\u00fcksek Y\u00f6netim Denet\u00e7isi \u0130lkan Varol\u2019u kabul etti\"}]},{\"@type\":\"WebSite\",\"@id\":\"https:\\\/\\\/kibrisdakik.com\\\/#website\",\"url\":\"https:\\\/\\\/kibrisdakik.com\\\/\",\"name\":\"\",\"description\":\"Tam vaktinde haber\",\"potentialAction\":[{\"@type\":\"SearchAction\",\"target\":{\"@type\":\"EntryPoint\",\"urlTemplate\":\"https:\\\/\\\/kibrisdakik.com\\\/?s={search_term_string}\"},\"query-input\":{\"@type\":\"PropertyValueSpecification\",\"valueRequired\":true,\"valueName\":\"search_term_string\"}}],\"inLanguage\":\"tr\"},{\"@type\":\"Person\",\"@id\":\"https:\\\/\\\/kibrisdakik.com\\\/#\\\/schema\\\/person\\\/9cd9d437bbb44f72b73ba127e06d8e79\",\"name\":\"admin\",\"image\":{\"@type\":\"ImageObject\",\"inLanguage\":\"tr\",\"@id\":\"https:\\\/\\\/secure.gravatar.com\\\/avatar\\\/ccc17943b9d660506c869530f897617f7cb1c21a4bf30023f252596d83e1f007?s=96&d=mm&r=g\",\"url\":\"https:\\\/\\\/secure.gravatar.com\\\/avatar\\\/ccc17943b9d660506c869530f897617f7cb1c21a4bf30023f252596d83e1f007?s=96&d=mm&r=g\",\"contentUrl\":\"https:\\\/\\\/secure.gravatar.com\\\/avatar\\\/ccc17943b9d660506c869530f897617f7cb1c21a4bf30023f252596d83e1f007?s=96&d=mm&r=g\",\"caption\":\"admin\"},\"sameAs\":[\"https:\\\/\\\/kibrisdakik.com\"],\"url\":\"https:\\\/\\\/kibrisdakik.com\\\/?author=1\"}]}<\/script>\n<!-- \/ Yoast SEO plugin. -->","yoast_head_json":{"title":"Cumhurba\u015fkan\u0131 Tatar, Y\u00fcksek Y\u00f6netim Denet\u00e7isi \u0130lkan Varol\u2019u kabul etti -","robots":{"index":"index","follow":"follow","max-snippet":"max-snippet:-1","max-image-preview":"max-image-preview:large","max-video-preview":"max-video-preview:-1"},"canonical":"https:\/\/kibrisdakik.com\/?p=65818","og_locale":"tr_TR","og_type":"article","og_title":"Cumhurba\u015fkan\u0131 Tatar, Y\u00fcksek Y\u00f6netim Denet\u00e7isi \u0130lkan Varol\u2019u kabul etti -","og_description":"Cumhurba\u015fkan\u0131 Ersin Tatar, Y\u00fcksek Y\u00f6netim Denet\u00e7isi (Ombudsman) \u0130lkan Varol\u2019u kabul etti. Cumhurba\u015fkanl\u0131\u011f\u0131\u2019ndan verilen bilgiye g\u00f6re, Cumhurba\u015fkan\u0131 Ersin Tatar kabulde yapt\u0131\u011f\u0131 konu\u015fmada, Ombudsman m\u00fcessesinin yasa gere\u011fi vatanda\u015f ile devlet aras\u0131ndaki ili\u015fkileri de\u011ferlendiren ba\u011f\u0131ms\u0131z ve insan haklar\u0131 ba\u011flam\u0131nda \u00f6nemli bir m\u00fcessese oldu\u011funu belirtti. Ombudsman m\u00fcessesesinin T\u00fcrk Devletleri Te\u015fkilat\u0131 ve di\u011fer \u00fclkelerden al\u0131nan davet \u00fczerine devleti temsil edilmesinin","og_url":"https:\/\/kibrisdakik.com\/?p=65818","article_published_time":"2024-10-04T15:06:15+00:00","og_image":[{"width":2317,"height":1233,"url":"https:\/\/kibrisdakik.com\/wp-content\/uploads\/2024\/10\/tks-740x420.jpg","type":"image\/jpeg"}],"author":"admin","twitter_card":"summary_large_image","twitter_misc":{"Yazan:":"admin","Tahmini okuma s\u00fcresi":"1 dakika"},"schema":{"@context":"https:\/\/schema.org","@graph":[{"@type":"Article","@id":"https:\/\/kibrisdakik.com\/?p=65818#article","isPartOf":{"@id":"https:\/\/kibrisdakik.com\/?p=65818"},"author":{"name":"admin","@id":"https:\/\/kibrisdakik.com\/#\/schema\/person\/9cd9d437bbb44f72b73ba127e06d8e79"},"headline":"Cumhurba\u015fkan\u0131 Tatar, Y\u00fcksek Y\u00f6netim Denet\u00e7isi \u0130lkan Varol\u2019u kabul etti","datePublished":"2024-10-04T15:06:15+00:00","mainEntityOfPage":{"@id":"https:\/\/kibrisdakik.com\/?p=65818"},"wordCount":190,"commentCount":0,"image":{"@id":"https:\/\/kibrisdakik.com\/?p=65818#primaryimage"},"thumbnailUrl":"https:\/\/kibrisdakik.com\/wp-content\/uploads\/2024\/10\/tks-740x420.jpg","articleSection":["K\u0131br\u0131s"],"inLanguage":"tr","potentialAction":[{"@type":"CommentAction","name":"Comment","target":["https:\/\/kibrisdakik.com\/?p=65818#respond"]}]},{"@type":"WebPage","@id":"https:\/\/kibrisdakik.com\/?p=65818","url":"https:\/\/kibrisdakik.com\/?p=65818","name":"Cumhurba\u015fkan\u0131 Tatar, Y\u00fcksek Y\u00f6netim Denet\u00e7isi \u0130lkan Varol\u2019u kabul etti -","isPartOf":{"@id":"https:\/\/kibrisdakik.com\/#website"},"primaryImageOfPage":{"@id":"https:\/\/kibrisdakik.com\/?p=65818#primaryimage"},"image":{"@id":"https:\/\/kibrisdakik.com\/?p=65818#primaryimage"},"thumbnailUrl":"https:\/\/kibrisdakik.com\/wp-content\/uploads\/2024\/10\/tks-740x420.jpg","datePublished":"2024-10-04T15:06:15+00:00","author":{"@id":"https:\/\/kibrisdakik.com\/#\/schema\/person\/9cd9d437bbb44f72b73ba127e06d8e79"},"breadcrumb":{"@id":"https:\/\/kibrisdakik.com\/?p=65818#breadcrumb"},"inLanguage":"tr","potentialAction":[{"@type":"ReadAction","target":["https:\/\/kibrisdakik.com\/?p=65818"]}]},{"@type":"ImageObject","inLanguage":"tr","@id":"https:\/\/kibrisdakik.com\/?p=65818#primaryimage","url":"https:\/\/kibrisdakik.com\/wp-content\/uploads\/2024\/10\/tks-740x420.jpg","contentUrl":"https:\/\/kibrisdakik.com\/wp-content\/uploads\/2024\/10\/tks-740x420.jpg","width":2317,"height":1233},{"@type":"BreadcrumbList","@id":"https:\/\/kibrisdakik.com\/?p=65818#breadcrumb","itemListElement":[{"@type":"ListItem","position":1,"name":"Home","item":"https:\/\/kibrisdakik.com\/"},{"@type":"ListItem","position":2,"name":"Cumhurba\u015fkan\u0131 Tatar, Y\u00fcksek Y\u00f6netim Denet\u00e7isi \u0130lkan Varol\u2019u kabul etti"}]},{"@type":"WebSite","@id":"https:\/\/kibrisdakik.com\/#website","url":"https:\/\/kibrisdakik.com\/","name":"","description":"Tam vaktinde haber","potentialAction":[{"@type":"SearchAction","target":{"@type":"EntryPoint","urlTemplate":"https:\/\/kibrisdakik.com\/?s={search_term_string}"},"query-input":{"@type":"PropertyValueSpecification","valueRequired":true,"valueName":"search_term_string"}}],"inLanguage":"tr"},{"@type":"Person","@id":"https:\/\/kibrisdakik.com\/#\/schema\/person\/9cd9d437bbb44f72b73ba127e06d8e79","name":"admin","image":{"@type":"ImageObject","inLanguage":"tr","@id":"https:\/\/secure.gravatar.com\/avatar\/ccc17943b9d660506c869530f897617f7cb1c21a4bf30023f252596d83e1f007?s=96&d=mm&r=g","url":"https:\/\/secure.gravatar.com\/avatar\/ccc17943b9d660506c869530f897617f7cb1c21a4bf30023f252596d83e1f007?s=96&d=mm&r=g","contentUrl":"https:\/\/secure.gravatar.com\/avatar\/ccc17943b9d660506c869530f897617f7cb1c21a4bf30023f252596d83e1f007?s=96&d=mm&r=g","caption":"admin"},"sameAs":["https:\/\/kibrisdakik.com"],"url":"https:\/\/kibrisdakik.com\/?author=1"}]}},"_links":{"self":[{"href":"https:\/\/kibrisdakik.com\/index.php?rest_route=\/wp\/v2\/posts\/65818","targetHints":{"allow":["GET"]}}],"collection":[{"href":"https:\/\/kibrisdakik.com\/index.php?rest_route=\/wp\/v2\/posts"}],"about":[{"href":"https:\/\/kibrisdakik.com\/index.php?rest_route=\/wp\/v2\/types\/post"}],"author":[{"embeddable":true,"href":"https:\/\/kibrisdakik.com\/index.php?rest_route=\/wp\/v2\/users\/1"}],"replies":[{"embeddable":true,"href":"https:\/\/kibrisdakik.com\/index.php?rest_route=%2Fwp%2Fv2%2Fcomments&post=65818"}],"version-history":[{"count":0,"href":"https:\/\/kibrisdakik.com\/index.php?rest_route=\/wp\/v2\/posts\/65818\/revisions"}],"wp:featuredmedia":[{"embeddable":true,"href":"https:\/\/kibrisdakik.com\/index.php?rest_route=\/wp\/v2\/media\/65819"}],"wp:attachment":[{"href":"https:\/\/kibrisdakik.com\/index.php?rest_route=%2Fwp%2Fv2%2Fmedia&parent=65818"}],"wp:term":[{"taxonomy":"category","embeddable":true,"href":"https:\/\/kibrisdakik.com\/index.php?rest_route=%2Fwp%2Fv2%2Fcategories&post=65818"},{"taxonomy":"post_tag","embeddable":true,"href":"https:\/\/kibrisdakik.com\/index.php?rest_route=%2Fwp%2Fv2%2Ftags&post=65818"}],"curies":[{"name":"wp","href":"https:\/\/api.w.org\/{rel}","templated":true}]}}