{"id":65896,"date":"2024-10-05T14:23:00","date_gmt":"2024-10-05T11:23:00","guid":{"rendered":"https:\/\/kibrisdakik.com\/index.php\/2024\/10\/05\/kktcdob-odtude-konser-verdi\/"},"modified":"2024-10-05T14:23:00","modified_gmt":"2024-10-05T11:23:00","slug":"kktcdob-odtude-konser-verdi","status":"publish","type":"post","link":"https:\/\/kibrisdakik.com\/?p=65896","title":{"rendered":"KKTCDOB, ODT\u00dc\u2019de konser verdi"},"content":{"rendered":"<p> <br \/>\n<\/p>\n<div>\n<div class=\"mariselle-image-container center\">\n                <img loading=\"lazy\" decoding=\"async\" width=\"2560\" height=\"1708\" class=\"lazy-image\" alt=\"\" sizes=\"auto, (max-width: 2560px) 100vw, 2560px\" src=\"https:\/\/brtk.net\/wp-content\/uploads\/2024\/10\/05\/e-opera-bale-konser-1--scaled.jpg?ver=375b2229277b8816c380871ab7f579d2\" srcset=\"https:\/\/brtk.net\/wp-content\/uploads\/2024\/10\/05\/e-opera-bale-konser-1--scaled.jpg?ver=375b2229277b8816c380871ab7f579d2 2560w, https:\/\/brtk.net\/wp-content\/uploads\/2024\/10\/05\/e-opera-bale-konser-1--300x200.jpg?ver=375b2229277b8816c380871ab7f579d2 300w, https:\/\/brtk.net\/wp-content\/uploads\/2024\/10\/05\/e-opera-bale-konser-1--1024x683.jpg?ver=3b23cda32fb1e086813a2e3301264d2a 1024w, https:\/\/brtk.net\/wp-content\/uploads\/2024\/10\/05\/e-opera-bale-konser-1--768x512.jpg?ver=3b23cda32fb1e086813a2e3301264d2a 768w, https:\/\/brtk.net\/wp-content\/uploads\/2024\/10\/05\/e-opera-bale-konser-1--1536x1025.jpg?ver=f11da63c0e07a7de2123a02144a78b39 1536w, https:\/\/brtk.net\/wp-content\/uploads\/2024\/10\/05\/e-opera-bale-konser-1--2048x1366.jpg?ver=c4609608b1c1f2719c420f0ff5a13172 2048w\"\/>                            <\/div>\n<p>Ba\u015fbakan Yard\u0131mc\u0131l\u0131\u011f\u0131 Turizm K\u00fclt\u00fcr Gen\u00e7lik ve \u00c7evre Bakanl\u0131\u011f\u0131\u2019na ba\u011fl\u0131 Devlet Opera ve Bale Koordinasyon Merkezi (<a href=\"https:\/\/brtk.net\/\">KKTC<\/a>DOB), ODT\u00dc Kuzey K\u0131br\u0131s Kamp\u00fcs\u00fc\u2019n\u00fcn 2024 -2025 Akademik Y\u0131l\u0131 a\u00e7\u0131l\u0131\u015f seramonisinde Piyanist G\u00f6zdem \u0130lkay, Soprano Sermin Dikmen T\u00f6re ile Bariton Tu\u011frul Enver T\u00f6re solistli\u011finde konser ger\u00e7ekle\u015ftirdi.<\/p>\n<div class=\"mariselle-image-container center\">\n                <img loading=\"lazy\" decoding=\"async\" width=\"2560\" height=\"1708\" class=\"lazy-image\" alt=\"\" sizes=\"auto, (max-width: 2560px) 100vw, 2560px\" src=\"https:\/\/brtk.net\/wp-content\/uploads\/2024\/10\/05\/e-opera-bale-konser-3--scaled.jpg?ver=ba2bd0ea293fa3189b0627e7e73ac30a\" srcset=\"https:\/\/brtk.net\/wp-content\/uploads\/2024\/10\/05\/e-opera-bale-konser-3--scaled.jpg?ver=ba2bd0ea293fa3189b0627e7e73ac30a 2560w, https:\/\/brtk.net\/wp-content\/uploads\/2024\/10\/05\/e-opera-bale-konser-3--300x200.jpg?ver=c90f8da60731d60a38ce77a2534146de 300w, https:\/\/brtk.net\/wp-content\/uploads\/2024\/10\/05\/e-opera-bale-konser-3--1024x683.jpg?ver=0a450661245afd4079d3fb4cc46583d8 1024w, https:\/\/brtk.net\/wp-content\/uploads\/2024\/10\/05\/e-opera-bale-konser-3--768x512.jpg?ver=0a450661245afd4079d3fb4cc46583d8 768w, https:\/\/brtk.net\/wp-content\/uploads\/2024\/10\/05\/e-opera-bale-konser-3--1536x1025.jpg?ver=d04425f9413667d9c2455ceae6aa7b90 1536w, https:\/\/brtk.net\/wp-content\/uploads\/2024\/10\/05\/e-opera-bale-konser-3--2048x1366.jpg?ver=1a587d1bbe65a3c53c0dd2fb9016c6c2 2048w\"\/>                            <\/div>\n<p>Bakanl\u0131ktan verilen bilgiye g\u00f6re, Cumhurba\u015fkan\u0131 <a href=\"https:\/\/brtk.net\/\" target=\"_blank\" rel=\"noopener\">Ersin Tatar<\/a>, Cumhuriyet Meclisi Ba\u015fkan\u0131 Zorlu T\u00f6re, Milli E\u011fitim Bakan\u0131 Naz\u0131m \u00c7avu\u015fo\u011flu, ODT\u00dc Rekt\u00f6r\u00fc Prof. Dr. Ahmet Yozgatl\u0131gil, fak\u00fcltelerin y\u00f6neticileri, \u00f6\u011fretim g\u00f6revlileri ve \u00e7ok say\u0131da konu\u011fun izledi\u011fi konserde, opera aryalar\u0131 ve T\u00fcrk eserlerinden olu\u015fan bir se\u00e7ki sunuldu.<\/p>\n<\/p><\/div>\n<p><script async\n                    defer\n                    crossorigin=\"anonymous\"\n                    src=\"https:\/\/connect.facebook.net\/tr_TR\/sdk.js#xfbml=1&#038;version=v3.3\"\n            ><\/script><br \/>\n<br \/><br \/>\n<br \/><a href=\"https:\/\/brtk.net\/kktcdob-odtude-konser-verdi\/\">kpostasi <\/a><\/p>\n","protected":false},"excerpt":{"rendered":"<p>Ba\u015fbakan Yard\u0131mc\u0131l\u0131\u011f\u0131 Turizm K\u00fclt\u00fcr Gen\u00e7lik ve \u00c7evre Bakanl\u0131\u011f\u0131\u2019na ba\u011fl\u0131 Devlet Opera ve Bale Koordinasyon Merkezi (KKTCDOB), ODT\u00dc Kuzey K\u0131br\u0131s Kamp\u00fcs\u00fc\u2019n\u00fcn 2024 -2025 Akademik Y\u0131l\u0131 a\u00e7\u0131l\u0131\u015f seramonisinde Piyanist G\u00f6zdem \u0130lkay, Soprano Sermin Dikmen T\u00f6re ile Bariton Tu\u011frul Enver T\u00f6re solistli\u011finde konser ger\u00e7ekle\u015ftirdi. Bakanl\u0131ktan verilen bilgiye g\u00f6re, Cumhurba\u015fkan\u0131 Ersin Tatar, Cumhuriyet Meclisi Ba\u015fkan\u0131 Zorlu T\u00f6re, Milli E\u011fitim<\/p>\n","protected":false},"author":1,"featured_media":65897,"comment_status":"open","ping_status":"open","sticky":false,"template":"","format":"standard","meta":{"footnotes":""},"categories":[1,81],"tags":[],"class_list":["post-65896","post","type-post","status-publish","format-standard","has-post-thumbnail","hentry","category-gundem","category-kibris"],"yoast_head":"<!-- This site is optimized with the Yoast SEO plugin v27.4 - https:\/\/yoast.com\/product\/yoast-seo-wordpress\/ -->\n<title>KKTCDOB, ODT\u00dc\u2019de konser verdi -<\/title>\n<meta name=\"robots\" content=\"index, follow, max-snippet:-1, max-image-preview:large, max-video-preview:-1\" \/>\n<link rel=\"canonical\" href=\"https:\/\/kibrisdakik.com\/?p=65896\" \/>\n<meta property=\"og:locale\" content=\"tr_TR\" \/>\n<meta property=\"og:type\" content=\"article\" \/>\n<meta property=\"og:title\" content=\"KKTCDOB, ODT\u00dc\u2019de konser verdi -\" \/>\n<meta property=\"og:description\" content=\"Ba\u015fbakan Yard\u0131mc\u0131l\u0131\u011f\u0131 Turizm K\u00fclt\u00fcr Gen\u00e7lik ve \u00c7evre Bakanl\u0131\u011f\u0131\u2019na ba\u011fl\u0131 Devlet Opera ve Bale Koordinasyon Merkezi (KKTCDOB), ODT\u00dc Kuzey K\u0131br\u0131s Kamp\u00fcs\u00fc\u2019n\u00fcn 2024 -2025 Akademik Y\u0131l\u0131 a\u00e7\u0131l\u0131\u015f seramonisinde Piyanist G\u00f6zdem \u0130lkay, Soprano Sermin Dikmen T\u00f6re ile Bariton Tu\u011frul Enver T\u00f6re solistli\u011finde konser ger\u00e7ekle\u015ftirdi. Bakanl\u0131ktan verilen bilgiye g\u00f6re, Cumhurba\u015fkan\u0131 Ersin Tatar, Cumhuriyet Meclisi Ba\u015fkan\u0131 Zorlu T\u00f6re, Milli E\u011fitim\" \/>\n<meta property=\"og:url\" content=\"https:\/\/kibrisdakik.com\/?p=65896\" \/>\n<meta property=\"article:published_time\" content=\"2024-10-05T11:23:00+00:00\" \/>\n<meta property=\"og:image\" content=\"https:\/\/kibrisdakik.com\/wp-content\/uploads\/2024\/10\/e-opera-bale-konser-1-scaled-740x420.jpg\" \/>\n\t<meta property=\"og:image:width\" content=\"2560\" \/>\n\t<meta property=\"og:image:height\" content=\"1708\" \/>\n\t<meta property=\"og:image:type\" content=\"image\/jpeg\" \/>\n<meta name=\"author\" content=\"admin\" \/>\n<meta name=\"twitter:card\" content=\"summary_large_image\" \/>\n<meta name=\"twitter:label1\" content=\"Yazan:\" \/>\n\t<meta name=\"twitter:data1\" content=\"admin\" \/>\n\t<meta name=\"twitter:label2\" content=\"Tahmini okuma s\u00fcresi\" \/>\n\t<meta name=\"twitter:data2\" content=\"1 dakika\" \/>\n<script type=\"application\/ld+json\" class=\"yoast-schema-graph\">{\"@context\":\"https:\\\/\\\/schema.org\",\"@graph\":[{\"@type\":\"Article\",\"@id\":\"https:\\\/\\\/kibrisdakik.com\\\/?p=65896#article\",\"isPartOf\":{\"@id\":\"https:\\\/\\\/kibrisdakik.com\\\/?p=65896\"},\"author\":{\"name\":\"admin\",\"@id\":\"https:\\\/\\\/kibrisdakik.com\\\/#\\\/schema\\\/person\\\/9cd9d437bbb44f72b73ba127e06d8e79\"},\"headline\":\"KKTCDOB, ODT\u00dc\u2019de konser verdi\",\"datePublished\":\"2024-10-05T11:23:00+00:00\",\"mainEntityOfPage\":{\"@id\":\"https:\\\/\\\/kibrisdakik.com\\\/?p=65896\"},\"wordCount\":132,\"commentCount\":0,\"image\":{\"@id\":\"https:\\\/\\\/kibrisdakik.com\\\/?p=65896#primaryimage\"},\"thumbnailUrl\":\"https:\\\/\\\/kibrisdakik.com\\\/wp-content\\\/uploads\\\/2024\\\/10\\\/e-opera-bale-konser-1-scaled-740x420.jpg\",\"articleSection\":[\"G\u00fcndem\",\"K\u0131br\u0131s\"],\"inLanguage\":\"tr\",\"potentialAction\":[{\"@type\":\"CommentAction\",\"name\":\"Comment\",\"target\":[\"https:\\\/\\\/kibrisdakik.com\\\/?p=65896#respond\"]}]},{\"@type\":\"WebPage\",\"@id\":\"https:\\\/\\\/kibrisdakik.com\\\/?p=65896\",\"url\":\"https:\\\/\\\/kibrisdakik.com\\\/?p=65896\",\"name\":\"KKTCDOB, ODT\u00dc\u2019de konser verdi -\",\"isPartOf\":{\"@id\":\"https:\\\/\\\/kibrisdakik.com\\\/#website\"},\"primaryImageOfPage\":{\"@id\":\"https:\\\/\\\/kibrisdakik.com\\\/?p=65896#primaryimage\"},\"image\":{\"@id\":\"https:\\\/\\\/kibrisdakik.com\\\/?p=65896#primaryimage\"},\"thumbnailUrl\":\"https:\\\/\\\/kibrisdakik.com\\\/wp-content\\\/uploads\\\/2024\\\/10\\\/e-opera-bale-konser-1-scaled-740x420.jpg\",\"datePublished\":\"2024-10-05T11:23:00+00:00\",\"author\":{\"@id\":\"https:\\\/\\\/kibrisdakik.com\\\/#\\\/schema\\\/person\\\/9cd9d437bbb44f72b73ba127e06d8e79\"},\"breadcrumb\":{\"@id\":\"https:\\\/\\\/kibrisdakik.com\\\/?p=65896#breadcrumb\"},\"inLanguage\":\"tr\",\"potentialAction\":[{\"@type\":\"ReadAction\",\"target\":[\"https:\\\/\\\/kibrisdakik.com\\\/?p=65896\"]}]},{\"@type\":\"ImageObject\",\"inLanguage\":\"tr\",\"@id\":\"https:\\\/\\\/kibrisdakik.com\\\/?p=65896#primaryimage\",\"url\":\"https:\\\/\\\/kibrisdakik.com\\\/wp-content\\\/uploads\\\/2024\\\/10\\\/e-opera-bale-konser-1-scaled-740x420.jpg\",\"contentUrl\":\"https:\\\/\\\/kibrisdakik.com\\\/wp-content\\\/uploads\\\/2024\\\/10\\\/e-opera-bale-konser-1-scaled-740x420.jpg\",\"width\":2560,\"height\":1708},{\"@type\":\"BreadcrumbList\",\"@id\":\"https:\\\/\\\/kibrisdakik.com\\\/?p=65896#breadcrumb\",\"itemListElement\":[{\"@type\":\"ListItem\",\"position\":1,\"name\":\"Home\",\"item\":\"https:\\\/\\\/kibrisdakik.com\\\/\"},{\"@type\":\"ListItem\",\"position\":2,\"name\":\"KKTCDOB, ODT\u00dc\u2019de konser verdi\"}]},{\"@type\":\"WebSite\",\"@id\":\"https:\\\/\\\/kibrisdakik.com\\\/#website\",\"url\":\"https:\\\/\\\/kibrisdakik.com\\\/\",\"name\":\"\",\"description\":\"Tam vaktinde haber\",\"potentialAction\":[{\"@type\":\"SearchAction\",\"target\":{\"@type\":\"EntryPoint\",\"urlTemplate\":\"https:\\\/\\\/kibrisdakik.com\\\/?s={search_term_string}\"},\"query-input\":{\"@type\":\"PropertyValueSpecification\",\"valueRequired\":true,\"valueName\":\"search_term_string\"}}],\"inLanguage\":\"tr\"},{\"@type\":\"Person\",\"@id\":\"https:\\\/\\\/kibrisdakik.com\\\/#\\\/schema\\\/person\\\/9cd9d437bbb44f72b73ba127e06d8e79\",\"name\":\"admin\",\"image\":{\"@type\":\"ImageObject\",\"inLanguage\":\"tr\",\"@id\":\"https:\\\/\\\/secure.gravatar.com\\\/avatar\\\/ccc17943b9d660506c869530f897617f7cb1c21a4bf30023f252596d83e1f007?s=96&d=mm&r=g\",\"url\":\"https:\\\/\\\/secure.gravatar.com\\\/avatar\\\/ccc17943b9d660506c869530f897617f7cb1c21a4bf30023f252596d83e1f007?s=96&d=mm&r=g\",\"contentUrl\":\"https:\\\/\\\/secure.gravatar.com\\\/avatar\\\/ccc17943b9d660506c869530f897617f7cb1c21a4bf30023f252596d83e1f007?s=96&d=mm&r=g\",\"caption\":\"admin\"},\"sameAs\":[\"https:\\\/\\\/kibrisdakik.com\"],\"url\":\"https:\\\/\\\/kibrisdakik.com\\\/?author=1\"}]}<\/script>\n<!-- \/ Yoast SEO plugin. -->","yoast_head_json":{"title":"KKTCDOB, ODT\u00dc\u2019de konser verdi -","robots":{"index":"index","follow":"follow","max-snippet":"max-snippet:-1","max-image-preview":"max-image-preview:large","max-video-preview":"max-video-preview:-1"},"canonical":"https:\/\/kibrisdakik.com\/?p=65896","og_locale":"tr_TR","og_type":"article","og_title":"KKTCDOB, ODT\u00dc\u2019de konser verdi -","og_description":"Ba\u015fbakan Yard\u0131mc\u0131l\u0131\u011f\u0131 Turizm K\u00fclt\u00fcr Gen\u00e7lik ve \u00c7evre Bakanl\u0131\u011f\u0131\u2019na ba\u011fl\u0131 Devlet Opera ve Bale Koordinasyon Merkezi (KKTCDOB), ODT\u00dc Kuzey K\u0131br\u0131s Kamp\u00fcs\u00fc\u2019n\u00fcn 2024 -2025 Akademik Y\u0131l\u0131 a\u00e7\u0131l\u0131\u015f seramonisinde Piyanist G\u00f6zdem \u0130lkay, Soprano Sermin Dikmen T\u00f6re ile Bariton Tu\u011frul Enver T\u00f6re solistli\u011finde konser ger\u00e7ekle\u015ftirdi. Bakanl\u0131ktan verilen bilgiye g\u00f6re, Cumhurba\u015fkan\u0131 Ersin Tatar, Cumhuriyet Meclisi Ba\u015fkan\u0131 Zorlu T\u00f6re, Milli E\u011fitim","og_url":"https:\/\/kibrisdakik.com\/?p=65896","article_published_time":"2024-10-05T11:23:00+00:00","og_image":[{"width":2560,"height":1708,"url":"https:\/\/kibrisdakik.com\/wp-content\/uploads\/2024\/10\/e-opera-bale-konser-1-scaled-740x420.jpg","type":"image\/jpeg"}],"author":"admin","twitter_card":"summary_large_image","twitter_misc":{"Yazan:":"admin","Tahmini okuma s\u00fcresi":"1 dakika"},"schema":{"@context":"https:\/\/schema.org","@graph":[{"@type":"Article","@id":"https:\/\/kibrisdakik.com\/?p=65896#article","isPartOf":{"@id":"https:\/\/kibrisdakik.com\/?p=65896"},"author":{"name":"admin","@id":"https:\/\/kibrisdakik.com\/#\/schema\/person\/9cd9d437bbb44f72b73ba127e06d8e79"},"headline":"KKTCDOB, ODT\u00dc\u2019de konser verdi","datePublished":"2024-10-05T11:23:00+00:00","mainEntityOfPage":{"@id":"https:\/\/kibrisdakik.com\/?p=65896"},"wordCount":132,"commentCount":0,"image":{"@id":"https:\/\/kibrisdakik.com\/?p=65896#primaryimage"},"thumbnailUrl":"https:\/\/kibrisdakik.com\/wp-content\/uploads\/2024\/10\/e-opera-bale-konser-1-scaled-740x420.jpg","articleSection":["G\u00fcndem","K\u0131br\u0131s"],"inLanguage":"tr","potentialAction":[{"@type":"CommentAction","name":"Comment","target":["https:\/\/kibrisdakik.com\/?p=65896#respond"]}]},{"@type":"WebPage","@id":"https:\/\/kibrisdakik.com\/?p=65896","url":"https:\/\/kibrisdakik.com\/?p=65896","name":"KKTCDOB, ODT\u00dc\u2019de konser verdi -","isPartOf":{"@id":"https:\/\/kibrisdakik.com\/#website"},"primaryImageOfPage":{"@id":"https:\/\/kibrisdakik.com\/?p=65896#primaryimage"},"image":{"@id":"https:\/\/kibrisdakik.com\/?p=65896#primaryimage"},"thumbnailUrl":"https:\/\/kibrisdakik.com\/wp-content\/uploads\/2024\/10\/e-opera-bale-konser-1-scaled-740x420.jpg","datePublished":"2024-10-05T11:23:00+00:00","author":{"@id":"https:\/\/kibrisdakik.com\/#\/schema\/person\/9cd9d437bbb44f72b73ba127e06d8e79"},"breadcrumb":{"@id":"https:\/\/kibrisdakik.com\/?p=65896#breadcrumb"},"inLanguage":"tr","potentialAction":[{"@type":"ReadAction","target":["https:\/\/kibrisdakik.com\/?p=65896"]}]},{"@type":"ImageObject","inLanguage":"tr","@id":"https:\/\/kibrisdakik.com\/?p=65896#primaryimage","url":"https:\/\/kibrisdakik.com\/wp-content\/uploads\/2024\/10\/e-opera-bale-konser-1-scaled-740x420.jpg","contentUrl":"https:\/\/kibrisdakik.com\/wp-content\/uploads\/2024\/10\/e-opera-bale-konser-1-scaled-740x420.jpg","width":2560,"height":1708},{"@type":"BreadcrumbList","@id":"https:\/\/kibrisdakik.com\/?p=65896#breadcrumb","itemListElement":[{"@type":"ListItem","position":1,"name":"Home","item":"https:\/\/kibrisdakik.com\/"},{"@type":"ListItem","position":2,"name":"KKTCDOB, ODT\u00dc\u2019de konser verdi"}]},{"@type":"WebSite","@id":"https:\/\/kibrisdakik.com\/#website","url":"https:\/\/kibrisdakik.com\/","name":"","description":"Tam vaktinde haber","potentialAction":[{"@type":"SearchAction","target":{"@type":"EntryPoint","urlTemplate":"https:\/\/kibrisdakik.com\/?s={search_term_string}"},"query-input":{"@type":"PropertyValueSpecification","valueRequired":true,"valueName":"search_term_string"}}],"inLanguage":"tr"},{"@type":"Person","@id":"https:\/\/kibrisdakik.com\/#\/schema\/person\/9cd9d437bbb44f72b73ba127e06d8e79","name":"admin","image":{"@type":"ImageObject","inLanguage":"tr","@id":"https:\/\/secure.gravatar.com\/avatar\/ccc17943b9d660506c869530f897617f7cb1c21a4bf30023f252596d83e1f007?s=96&d=mm&r=g","url":"https:\/\/secure.gravatar.com\/avatar\/ccc17943b9d660506c869530f897617f7cb1c21a4bf30023f252596d83e1f007?s=96&d=mm&r=g","contentUrl":"https:\/\/secure.gravatar.com\/avatar\/ccc17943b9d660506c869530f897617f7cb1c21a4bf30023f252596d83e1f007?s=96&d=mm&r=g","caption":"admin"},"sameAs":["https:\/\/kibrisdakik.com"],"url":"https:\/\/kibrisdakik.com\/?author=1"}]}},"_links":{"self":[{"href":"https:\/\/kibrisdakik.com\/index.php?rest_route=\/wp\/v2\/posts\/65896","targetHints":{"allow":["GET"]}}],"collection":[{"href":"https:\/\/kibrisdakik.com\/index.php?rest_route=\/wp\/v2\/posts"}],"about":[{"href":"https:\/\/kibrisdakik.com\/index.php?rest_route=\/wp\/v2\/types\/post"}],"author":[{"embeddable":true,"href":"https:\/\/kibrisdakik.com\/index.php?rest_route=\/wp\/v2\/users\/1"}],"replies":[{"embeddable":true,"href":"https:\/\/kibrisdakik.com\/index.php?rest_route=%2Fwp%2Fv2%2Fcomments&post=65896"}],"version-history":[{"count":0,"href":"https:\/\/kibrisdakik.com\/index.php?rest_route=\/wp\/v2\/posts\/65896\/revisions"}],"wp:featuredmedia":[{"embeddable":true,"href":"https:\/\/kibrisdakik.com\/index.php?rest_route=\/wp\/v2\/media\/65897"}],"wp:attachment":[{"href":"https:\/\/kibrisdakik.com\/index.php?rest_route=%2Fwp%2Fv2%2Fmedia&parent=65896"}],"wp:term":[{"taxonomy":"category","embeddable":true,"href":"https:\/\/kibrisdakik.com\/index.php?rest_route=%2Fwp%2Fv2%2Fcategories&post=65896"},{"taxonomy":"post_tag","embeddable":true,"href":"https:\/\/kibrisdakik.com\/index.php?rest_route=%2Fwp%2Fv2%2Ftags&post=65896"}],"curies":[{"name":"wp","href":"https:\/\/api.w.org\/{rel}","templated":true}]}}