{"id":65974,"date":"2024-10-06T11:02:48","date_gmt":"2024-10-06T08:02:48","guid":{"rendered":"https:\/\/kibrisdakik.com\/index.php\/2024\/10\/06\/eralp-adanirin-mahmut-islamoglunun-90-dogum-yili-kapsaminda-kaleme-aldigi-kitap-tanitildi\/"},"modified":"2024-10-06T11:02:48","modified_gmt":"2024-10-06T08:02:48","slug":"eralp-adanirin-mahmut-islamoglunun-90-dogum-yili-kapsaminda-kaleme-aldigi-kitap-tanitildi","status":"publish","type":"post","link":"https:\/\/kibrisdakik.com\/?p=65974","title":{"rendered":"Eralp Adan\u0131r\u2019\u0131n Mahmut \u0130slamo\u011flu\u2019nun 90. do\u011fum y\u0131l\u0131 kapsam\u0131nda kaleme ald\u0131\u011f\u0131 kitap tan\u0131t\u0131ld\u0131"},"content":{"rendered":"<div>\n<div class=\"mariselle-image-container center\">\n                                            <\/div>\n<p>Girne Belediyesi 23\u2019\u00fcnc\u00fc Uluslararas\u0131 Zeytinlik Zeytin Festivali devam ediyor\u2026<\/p>\n<p>Festival kapsam\u0131nda \u015eair- Yazar Ali Nesim An\u0131s\u0131\u2019na d\u00fczenlenen \u201c\u015eairler ve Yazarlar\u0131n Zeytinlik Bulu\u015fmas\u0131 \u201cetkinli\u011fi ger\u00e7ekle\u015ftirildi.<\/p>\n<p>Zeytinlik K\u00f6y Evi\u2019nde yer alan etkinlikte, gazeteci yazar,TV program ve belgesel yap\u0131mc\u0131s\u0131 Eralp Adan\u0131r\u2019\u0131n, halk bilimci e\u011fitimci, \u015fair, ara\u015ft\u0131rmac\u0131 yazar Mahmut \u0130slamo\u011flu\u2019nun 90\u2019\u0131nc\u0131 do\u011fum y\u0131l\u0131 kapsam\u0131nda kaleme ald\u0131\u011f\u0131; \u201cK\u0131br\u0131s T\u00fcrk Halk Biliminde 55 y\u0131ll\u0131k Y\u00fcr\u00fcy\u00fc\u015f; Mahmut \u0130slamo\u011flu\u201d adl\u0131 kitab\u0131n\u0131n tan\u0131t\u0131m\u0131 yap\u0131ld\u0131.<\/p>\n<p>K\u0131br\u0131s T\u00fcrk Yazarlar Birli\u011fi Ba\u015fkan\u0131 YD\u00dc \u00d6\u011fretim G\u00f6revlisi Profes\u00f6r Doktor \u015eevket \u00d6znur,\u015fairler ve yazarlar bulu\u015fmas\u0131n\u0131n bu y\u0131l farkl\u0131 bir konseptle ger\u00e7ekle\u015fece\u011fini belirterek, \u201cK\u0131br\u0131s T\u00fcrk Folklorunun \u00c7\u0131nar\u0131; Mahmut \u0130slamo\u011flu\u201d kitab\u0131n\u0131n Mart ay\u0131nda tan\u0131t\u0131ld\u0131\u011f\u0131n\u0131, 1969 y\u0131l\u0131nda bas\u0131lan \u0130slamo\u011flu\u2019nun \u201cK\u0131br\u0131s T\u00fcrk Folkl\u00f6r\u00fc\u201dadl\u0131 kitab\u0131n\u0131n ise T\u00dcKSOY taraf\u0131ndan T\u00fcrkiye\u2019de yeniden bas\u0131laca\u011f\u0131n\u0131 kaydetti.<\/p>\n<div class=\"mariselle-image-container center\">\n                <img loading=\"lazy\" decoding=\"async\" width=\"2048\" height=\"1070\" class=\"lazy-image\" alt=\"\" sizes=\"auto, (max-width: 2048px) 100vw, 2048px\" src=\"https:\/\/brtk.net\/wp-content\/uploads\/2024\/10\/06\/462218458_952178416933822_7181923236744381508_n.jpg?ver=76dd07949122f7d3d698c21cfc19e5e0\" srcset=\"https:\/\/brtk.net\/wp-content\/uploads\/2024\/10\/06\/462218458_952178416933822_7181923236744381508_n.jpg?ver=76dd07949122f7d3d698c21cfc19e5e0 2048w, https:\/\/brtk.net\/wp-content\/uploads\/2024\/10\/06\/462218458_952178416933822_7181923236744381508_n-300x157.jpg?ver=1a7893b22274439601422b8661685d6c 300w, https:\/\/brtk.net\/wp-content\/uploads\/2024\/10\/06\/462218458_952178416933822_7181923236744381508_n-1024x535.jpg?ver=1a7893b22274439601422b8661685d6c 1024w, https:\/\/brtk.net\/wp-content\/uploads\/2024\/10\/06\/462218458_952178416933822_7181923236744381508_n-768x401.jpg?ver=1a7893b22274439601422b8661685d6c 768w, https:\/\/brtk.net\/wp-content\/uploads\/2024\/10\/06\/462218458_952178416933822_7181923236744381508_n-1536x803.jpg?ver=33ad6e8c163b0a92364851f59952129b 1536w, https:\/\/brtk.net\/wp-content\/uploads\/2024\/10\/06\/462218458_952178416933822_7181923236744381508_n-736x384.jpg?ver=33ad6e8c163b0a92364851f59952129b 736w\"\/>                            <\/div>\n<p>Yazar Eralp Adan\u0131r da, \u0130slamo\u011flu\u2019nun, K\u0131br\u0131sl\u0131 T\u00fcrkler i\u00e7in bir mihenk ta\u015f\u0131 oldu\u011funu vurgulayarak, 2005 y\u0131l\u0131ndan beri \u0130slamo\u011flu ile G\u00fcney K\u0131br\u0131s\u2019taki T\u00fcrk ve di\u011fer varl\u0131klarla ilgili programlar, belgeseller haz\u0131rlad\u0131klar\u0131n\u0131 belirtti.<\/p>\n<p>Adan\u0131r, kitapta \u0130slamo\u011flu ile yapt\u0131klar\u0131 belgesel ve programlar ve \u0130slamo\u011flu\u2019nun ara\u015ft\u0131rma ve kitaplar\u0131ndan kesitlerin de yer ald\u0131\u011f\u0131n\u0131 s\u00f6yledi.<\/p>\n<p>Mahmut \u0130slamo\u011flu da, K\u0131br\u0131sl\u0131 T\u00fcrklerin k\u00fclt\u00fcrleri, folkl\u00f6rleri, de\u011ferleri gelenek ve g\u00f6renekleri,sosyal ya\u015famlar\u0131 ve G\u00fcney\u2019de b\u0131rak\u0131lan varl\u0131klar\u0131n\u0131n kay\u0131t alt\u0131na al\u0131nmas\u0131n\u0131n \u00f6nemine i\u015faret etti.<\/p>\n<p>K\u0131br\u0131sl\u0131 T\u00fcrklerle Rumlar aras\u0131nda mutfaktan, karaktere bir\u00e7ok alanda b\u00fcy\u00fck benzerlikler oldu\u011funu anlatan \u0130slamo\u011flu,, \u201c\u0130zler Silinmeden\u201d ekibi ve di\u011fer yazd\u0131\u011f\u0131 kitaplarla t\u00fcm bu de\u011ferleri kay\u0131t alt\u0131na alamaya \u00e7al\u0131\u015ft\u0131klar\u0131n\u0131 kaydetti.<\/p>\n<p>Etkinlik, kitaplar\u0131n imzalamas\u0131yla sona erdi.<\/p>\n<\/p><\/div>\n<p><script async\n                    defer\n                    crossorigin=\"anonymous\"\n                    src=\"https:\/\/connect.facebook.net\/tr_TR\/sdk.js#xfbml=1&#038;version=v3.3\"\n            ><\/script><\/p>\n","protected":false},"excerpt":{"rendered":"<p>Girne Belediyesi 23\u2019\u00fcnc\u00fc Uluslararas\u0131 Zeytinlik Zeytin Festivali devam ediyor\u2026 Festival kapsam\u0131nda \u015eair- Yazar Ali Nesim An\u0131s\u0131\u2019na d\u00fczenlenen \u201c\u015eairler ve Yazarlar\u0131n Zeytinlik Bulu\u015fmas\u0131 \u201cetkinli\u011fi ger\u00e7ekle\u015ftirildi. Zeytinlik K\u00f6y Evi\u2019nde yer alan etkinlikte, gazeteci yazar,TV program ve belgesel yap\u0131mc\u0131s\u0131 Eralp Adan\u0131r\u2019\u0131n, halk bilimci e\u011fitimci, \u015fair, ara\u015ft\u0131rmac\u0131 yazar Mahmut \u0130slamo\u011flu\u2019nun 90\u2019\u0131nc\u0131 do\u011fum y\u0131l\u0131 kapsam\u0131nda kaleme ald\u0131\u011f\u0131; \u201cK\u0131br\u0131s T\u00fcrk Halk<\/p>\n","protected":false},"author":1,"featured_media":65975,"comment_status":"open","ping_status":"open","sticky":false,"template":"","format":"standard","meta":{"footnotes":""},"categories":[81],"tags":[],"class_list":["post-65974","post","type-post","status-publish","format-standard","has-post-thumbnail","hentry","category-kibris"],"yoast_head":"<!-- This site is optimized with the Yoast SEO plugin v27.4 - https:\/\/yoast.com\/product\/yoast-seo-wordpress\/ -->\n<title>Eralp Adan\u0131r\u2019\u0131n Mahmut \u0130slamo\u011flu\u2019nun 90. do\u011fum y\u0131l\u0131 kapsam\u0131nda kaleme ald\u0131\u011f\u0131 kitap tan\u0131t\u0131ld\u0131 -<\/title>\n<meta name=\"robots\" content=\"index, follow, max-snippet:-1, max-image-preview:large, max-video-preview:-1\" \/>\n<link rel=\"canonical\" href=\"https:\/\/kibrisdakik.com\/?p=65974\" \/>\n<meta property=\"og:locale\" content=\"tr_TR\" \/>\n<meta property=\"og:type\" content=\"article\" \/>\n<meta property=\"og:title\" content=\"Eralp Adan\u0131r\u2019\u0131n Mahmut \u0130slamo\u011flu\u2019nun 90. do\u011fum y\u0131l\u0131 kapsam\u0131nda kaleme ald\u0131\u011f\u0131 kitap tan\u0131t\u0131ld\u0131 -\" \/>\n<meta property=\"og:description\" content=\"Girne Belediyesi 23\u2019\u00fcnc\u00fc Uluslararas\u0131 Zeytinlik Zeytin Festivali devam ediyor\u2026 Festival kapsam\u0131nda \u015eair- Yazar Ali Nesim An\u0131s\u0131\u2019na d\u00fczenlenen \u201c\u015eairler ve Yazarlar\u0131n Zeytinlik Bulu\u015fmas\u0131 \u201cetkinli\u011fi ger\u00e7ekle\u015ftirildi. Zeytinlik K\u00f6y Evi\u2019nde yer alan etkinlikte, gazeteci yazar,TV program ve belgesel yap\u0131mc\u0131s\u0131 Eralp Adan\u0131r\u2019\u0131n, halk bilimci e\u011fitimci, \u015fair, ara\u015ft\u0131rmac\u0131 yazar Mahmut \u0130slamo\u011flu\u2019nun 90\u2019\u0131nc\u0131 do\u011fum y\u0131l\u0131 kapsam\u0131nda kaleme ald\u0131\u011f\u0131; \u201cK\u0131br\u0131s T\u00fcrk Halk\" \/>\n<meta property=\"og:url\" content=\"https:\/\/kibrisdakik.com\/?p=65974\" \/>\n<meta property=\"article:published_time\" content=\"2024-10-06T08:02:48+00:00\" \/>\n<meta property=\"og:image\" content=\"https:\/\/kibrisdakik.com\/wp-content\/uploads\/2024\/10\/462218458_952178416933822_7181923236744381508_n-740x420.jpg\" \/>\n\t<meta property=\"og:image:width\" content=\"2048\" \/>\n\t<meta property=\"og:image:height\" content=\"1070\" \/>\n\t<meta property=\"og:image:type\" content=\"image\/jpeg\" \/>\n<meta name=\"author\" content=\"admin\" \/>\n<meta name=\"twitter:card\" content=\"summary_large_image\" \/>\n<meta name=\"twitter:label1\" content=\"Yazan:\" \/>\n\t<meta name=\"twitter:data1\" content=\"admin\" \/>\n\t<meta name=\"twitter:label2\" content=\"Tahmini okuma s\u00fcresi\" \/>\n\t<meta name=\"twitter:data2\" content=\"2 dakika\" \/>\n<script type=\"application\/ld+json\" class=\"yoast-schema-graph\">{\"@context\":\"https:\\\/\\\/schema.org\",\"@graph\":[{\"@type\":\"Article\",\"@id\":\"https:\\\/\\\/kibrisdakik.com\\\/?p=65974#article\",\"isPartOf\":{\"@id\":\"https:\\\/\\\/kibrisdakik.com\\\/?p=65974\"},\"author\":{\"name\":\"admin\",\"@id\":\"https:\\\/\\\/kibrisdakik.com\\\/#\\\/schema\\\/person\\\/9cd9d437bbb44f72b73ba127e06d8e79\"},\"headline\":\"Eralp Adan\u0131r\u2019\u0131n Mahmut \u0130slamo\u011flu\u2019nun 90. do\u011fum y\u0131l\u0131 kapsam\u0131nda kaleme ald\u0131\u011f\u0131 kitap tan\u0131t\u0131ld\u0131\",\"datePublished\":\"2024-10-06T08:02:48+00:00\",\"mainEntityOfPage\":{\"@id\":\"https:\\\/\\\/kibrisdakik.com\\\/?p=65974\"},\"wordCount\":385,\"commentCount\":0,\"image\":{\"@id\":\"https:\\\/\\\/kibrisdakik.com\\\/?p=65974#primaryimage\"},\"thumbnailUrl\":\"https:\\\/\\\/kibrisdakik.com\\\/wp-content\\\/uploads\\\/2024\\\/10\\\/462218458_952178416933822_7181923236744381508_n-740x420.jpg\",\"articleSection\":[\"K\u0131br\u0131s\"],\"inLanguage\":\"tr\",\"potentialAction\":[{\"@type\":\"CommentAction\",\"name\":\"Comment\",\"target\":[\"https:\\\/\\\/kibrisdakik.com\\\/?p=65974#respond\"]}]},{\"@type\":\"WebPage\",\"@id\":\"https:\\\/\\\/kibrisdakik.com\\\/?p=65974\",\"url\":\"https:\\\/\\\/kibrisdakik.com\\\/?p=65974\",\"name\":\"Eralp Adan\u0131r\u2019\u0131n Mahmut \u0130slamo\u011flu\u2019nun 90. do\u011fum y\u0131l\u0131 kapsam\u0131nda kaleme ald\u0131\u011f\u0131 kitap tan\u0131t\u0131ld\u0131 -\",\"isPartOf\":{\"@id\":\"https:\\\/\\\/kibrisdakik.com\\\/#website\"},\"primaryImageOfPage\":{\"@id\":\"https:\\\/\\\/kibrisdakik.com\\\/?p=65974#primaryimage\"},\"image\":{\"@id\":\"https:\\\/\\\/kibrisdakik.com\\\/?p=65974#primaryimage\"},\"thumbnailUrl\":\"https:\\\/\\\/kibrisdakik.com\\\/wp-content\\\/uploads\\\/2024\\\/10\\\/462218458_952178416933822_7181923236744381508_n-740x420.jpg\",\"datePublished\":\"2024-10-06T08:02:48+00:00\",\"author\":{\"@id\":\"https:\\\/\\\/kibrisdakik.com\\\/#\\\/schema\\\/person\\\/9cd9d437bbb44f72b73ba127e06d8e79\"},\"breadcrumb\":{\"@id\":\"https:\\\/\\\/kibrisdakik.com\\\/?p=65974#breadcrumb\"},\"inLanguage\":\"tr\",\"potentialAction\":[{\"@type\":\"ReadAction\",\"target\":[\"https:\\\/\\\/kibrisdakik.com\\\/?p=65974\"]}]},{\"@type\":\"ImageObject\",\"inLanguage\":\"tr\",\"@id\":\"https:\\\/\\\/kibrisdakik.com\\\/?p=65974#primaryimage\",\"url\":\"https:\\\/\\\/kibrisdakik.com\\\/wp-content\\\/uploads\\\/2024\\\/10\\\/462218458_952178416933822_7181923236744381508_n-740x420.jpg\",\"contentUrl\":\"https:\\\/\\\/kibrisdakik.com\\\/wp-content\\\/uploads\\\/2024\\\/10\\\/462218458_952178416933822_7181923236744381508_n-740x420.jpg\",\"width\":2048,\"height\":1070},{\"@type\":\"BreadcrumbList\",\"@id\":\"https:\\\/\\\/kibrisdakik.com\\\/?p=65974#breadcrumb\",\"itemListElement\":[{\"@type\":\"ListItem\",\"position\":1,\"name\":\"Home\",\"item\":\"https:\\\/\\\/kibrisdakik.com\\\/\"},{\"@type\":\"ListItem\",\"position\":2,\"name\":\"Eralp Adan\u0131r\u2019\u0131n Mahmut \u0130slamo\u011flu\u2019nun 90. do\u011fum y\u0131l\u0131 kapsam\u0131nda kaleme ald\u0131\u011f\u0131 kitap tan\u0131t\u0131ld\u0131\"}]},{\"@type\":\"WebSite\",\"@id\":\"https:\\\/\\\/kibrisdakik.com\\\/#website\",\"url\":\"https:\\\/\\\/kibrisdakik.com\\\/\",\"name\":\"\",\"description\":\"Tam vaktinde haber\",\"potentialAction\":[{\"@type\":\"SearchAction\",\"target\":{\"@type\":\"EntryPoint\",\"urlTemplate\":\"https:\\\/\\\/kibrisdakik.com\\\/?s={search_term_string}\"},\"query-input\":{\"@type\":\"PropertyValueSpecification\",\"valueRequired\":true,\"valueName\":\"search_term_string\"}}],\"inLanguage\":\"tr\"},{\"@type\":\"Person\",\"@id\":\"https:\\\/\\\/kibrisdakik.com\\\/#\\\/schema\\\/person\\\/9cd9d437bbb44f72b73ba127e06d8e79\",\"name\":\"admin\",\"image\":{\"@type\":\"ImageObject\",\"inLanguage\":\"tr\",\"@id\":\"https:\\\/\\\/secure.gravatar.com\\\/avatar\\\/ccc17943b9d660506c869530f897617f7cb1c21a4bf30023f252596d83e1f007?s=96&d=mm&r=g\",\"url\":\"https:\\\/\\\/secure.gravatar.com\\\/avatar\\\/ccc17943b9d660506c869530f897617f7cb1c21a4bf30023f252596d83e1f007?s=96&d=mm&r=g\",\"contentUrl\":\"https:\\\/\\\/secure.gravatar.com\\\/avatar\\\/ccc17943b9d660506c869530f897617f7cb1c21a4bf30023f252596d83e1f007?s=96&d=mm&r=g\",\"caption\":\"admin\"},\"sameAs\":[\"https:\\\/\\\/kibrisdakik.com\"],\"url\":\"https:\\\/\\\/kibrisdakik.com\\\/?author=1\"}]}<\/script>\n<!-- \/ Yoast SEO plugin. -->","yoast_head_json":{"title":"Eralp Adan\u0131r\u2019\u0131n Mahmut \u0130slamo\u011flu\u2019nun 90. do\u011fum y\u0131l\u0131 kapsam\u0131nda kaleme ald\u0131\u011f\u0131 kitap tan\u0131t\u0131ld\u0131 -","robots":{"index":"index","follow":"follow","max-snippet":"max-snippet:-1","max-image-preview":"max-image-preview:large","max-video-preview":"max-video-preview:-1"},"canonical":"https:\/\/kibrisdakik.com\/?p=65974","og_locale":"tr_TR","og_type":"article","og_title":"Eralp Adan\u0131r\u2019\u0131n Mahmut \u0130slamo\u011flu\u2019nun 90. do\u011fum y\u0131l\u0131 kapsam\u0131nda kaleme ald\u0131\u011f\u0131 kitap tan\u0131t\u0131ld\u0131 -","og_description":"Girne Belediyesi 23\u2019\u00fcnc\u00fc Uluslararas\u0131 Zeytinlik Zeytin Festivali devam ediyor\u2026 Festival kapsam\u0131nda \u015eair- Yazar Ali Nesim An\u0131s\u0131\u2019na d\u00fczenlenen \u201c\u015eairler ve Yazarlar\u0131n Zeytinlik Bulu\u015fmas\u0131 \u201cetkinli\u011fi ger\u00e7ekle\u015ftirildi. Zeytinlik K\u00f6y Evi\u2019nde yer alan etkinlikte, gazeteci yazar,TV program ve belgesel yap\u0131mc\u0131s\u0131 Eralp Adan\u0131r\u2019\u0131n, halk bilimci e\u011fitimci, \u015fair, ara\u015ft\u0131rmac\u0131 yazar Mahmut \u0130slamo\u011flu\u2019nun 90\u2019\u0131nc\u0131 do\u011fum y\u0131l\u0131 kapsam\u0131nda kaleme ald\u0131\u011f\u0131; \u201cK\u0131br\u0131s T\u00fcrk Halk","og_url":"https:\/\/kibrisdakik.com\/?p=65974","article_published_time":"2024-10-06T08:02:48+00:00","og_image":[{"width":2048,"height":1070,"url":"https:\/\/kibrisdakik.com\/wp-content\/uploads\/2024\/10\/462218458_952178416933822_7181923236744381508_n-740x420.jpg","type":"image\/jpeg"}],"author":"admin","twitter_card":"summary_large_image","twitter_misc":{"Yazan:":"admin","Tahmini okuma s\u00fcresi":"2 dakika"},"schema":{"@context":"https:\/\/schema.org","@graph":[{"@type":"Article","@id":"https:\/\/kibrisdakik.com\/?p=65974#article","isPartOf":{"@id":"https:\/\/kibrisdakik.com\/?p=65974"},"author":{"name":"admin","@id":"https:\/\/kibrisdakik.com\/#\/schema\/person\/9cd9d437bbb44f72b73ba127e06d8e79"},"headline":"Eralp Adan\u0131r\u2019\u0131n Mahmut \u0130slamo\u011flu\u2019nun 90. do\u011fum y\u0131l\u0131 kapsam\u0131nda kaleme ald\u0131\u011f\u0131 kitap tan\u0131t\u0131ld\u0131","datePublished":"2024-10-06T08:02:48+00:00","mainEntityOfPage":{"@id":"https:\/\/kibrisdakik.com\/?p=65974"},"wordCount":385,"commentCount":0,"image":{"@id":"https:\/\/kibrisdakik.com\/?p=65974#primaryimage"},"thumbnailUrl":"https:\/\/kibrisdakik.com\/wp-content\/uploads\/2024\/10\/462218458_952178416933822_7181923236744381508_n-740x420.jpg","articleSection":["K\u0131br\u0131s"],"inLanguage":"tr","potentialAction":[{"@type":"CommentAction","name":"Comment","target":["https:\/\/kibrisdakik.com\/?p=65974#respond"]}]},{"@type":"WebPage","@id":"https:\/\/kibrisdakik.com\/?p=65974","url":"https:\/\/kibrisdakik.com\/?p=65974","name":"Eralp Adan\u0131r\u2019\u0131n Mahmut \u0130slamo\u011flu\u2019nun 90. do\u011fum y\u0131l\u0131 kapsam\u0131nda kaleme ald\u0131\u011f\u0131 kitap tan\u0131t\u0131ld\u0131 -","isPartOf":{"@id":"https:\/\/kibrisdakik.com\/#website"},"primaryImageOfPage":{"@id":"https:\/\/kibrisdakik.com\/?p=65974#primaryimage"},"image":{"@id":"https:\/\/kibrisdakik.com\/?p=65974#primaryimage"},"thumbnailUrl":"https:\/\/kibrisdakik.com\/wp-content\/uploads\/2024\/10\/462218458_952178416933822_7181923236744381508_n-740x420.jpg","datePublished":"2024-10-06T08:02:48+00:00","author":{"@id":"https:\/\/kibrisdakik.com\/#\/schema\/person\/9cd9d437bbb44f72b73ba127e06d8e79"},"breadcrumb":{"@id":"https:\/\/kibrisdakik.com\/?p=65974#breadcrumb"},"inLanguage":"tr","potentialAction":[{"@type":"ReadAction","target":["https:\/\/kibrisdakik.com\/?p=65974"]}]},{"@type":"ImageObject","inLanguage":"tr","@id":"https:\/\/kibrisdakik.com\/?p=65974#primaryimage","url":"https:\/\/kibrisdakik.com\/wp-content\/uploads\/2024\/10\/462218458_952178416933822_7181923236744381508_n-740x420.jpg","contentUrl":"https:\/\/kibrisdakik.com\/wp-content\/uploads\/2024\/10\/462218458_952178416933822_7181923236744381508_n-740x420.jpg","width":2048,"height":1070},{"@type":"BreadcrumbList","@id":"https:\/\/kibrisdakik.com\/?p=65974#breadcrumb","itemListElement":[{"@type":"ListItem","position":1,"name":"Home","item":"https:\/\/kibrisdakik.com\/"},{"@type":"ListItem","position":2,"name":"Eralp Adan\u0131r\u2019\u0131n Mahmut \u0130slamo\u011flu\u2019nun 90. do\u011fum y\u0131l\u0131 kapsam\u0131nda kaleme ald\u0131\u011f\u0131 kitap tan\u0131t\u0131ld\u0131"}]},{"@type":"WebSite","@id":"https:\/\/kibrisdakik.com\/#website","url":"https:\/\/kibrisdakik.com\/","name":"","description":"Tam vaktinde haber","potentialAction":[{"@type":"SearchAction","target":{"@type":"EntryPoint","urlTemplate":"https:\/\/kibrisdakik.com\/?s={search_term_string}"},"query-input":{"@type":"PropertyValueSpecification","valueRequired":true,"valueName":"search_term_string"}}],"inLanguage":"tr"},{"@type":"Person","@id":"https:\/\/kibrisdakik.com\/#\/schema\/person\/9cd9d437bbb44f72b73ba127e06d8e79","name":"admin","image":{"@type":"ImageObject","inLanguage":"tr","@id":"https:\/\/secure.gravatar.com\/avatar\/ccc17943b9d660506c869530f897617f7cb1c21a4bf30023f252596d83e1f007?s=96&d=mm&r=g","url":"https:\/\/secure.gravatar.com\/avatar\/ccc17943b9d660506c869530f897617f7cb1c21a4bf30023f252596d83e1f007?s=96&d=mm&r=g","contentUrl":"https:\/\/secure.gravatar.com\/avatar\/ccc17943b9d660506c869530f897617f7cb1c21a4bf30023f252596d83e1f007?s=96&d=mm&r=g","caption":"admin"},"sameAs":["https:\/\/kibrisdakik.com"],"url":"https:\/\/kibrisdakik.com\/?author=1"}]}},"_links":{"self":[{"href":"https:\/\/kibrisdakik.com\/index.php?rest_route=\/wp\/v2\/posts\/65974","targetHints":{"allow":["GET"]}}],"collection":[{"href":"https:\/\/kibrisdakik.com\/index.php?rest_route=\/wp\/v2\/posts"}],"about":[{"href":"https:\/\/kibrisdakik.com\/index.php?rest_route=\/wp\/v2\/types\/post"}],"author":[{"embeddable":true,"href":"https:\/\/kibrisdakik.com\/index.php?rest_route=\/wp\/v2\/users\/1"}],"replies":[{"embeddable":true,"href":"https:\/\/kibrisdakik.com\/index.php?rest_route=%2Fwp%2Fv2%2Fcomments&post=65974"}],"version-history":[{"count":0,"href":"https:\/\/kibrisdakik.com\/index.php?rest_route=\/wp\/v2\/posts\/65974\/revisions"}],"wp:featuredmedia":[{"embeddable":true,"href":"https:\/\/kibrisdakik.com\/index.php?rest_route=\/wp\/v2\/media\/65975"}],"wp:attachment":[{"href":"https:\/\/kibrisdakik.com\/index.php?rest_route=%2Fwp%2Fv2%2Fmedia&parent=65974"}],"wp:term":[{"taxonomy":"category","embeddable":true,"href":"https:\/\/kibrisdakik.com\/index.php?rest_route=%2Fwp%2Fv2%2Fcategories&post=65974"},{"taxonomy":"post_tag","embeddable":true,"href":"https:\/\/kibrisdakik.com\/index.php?rest_route=%2Fwp%2Fv2%2Ftags&post=65974"}],"curies":[{"name":"wp","href":"https:\/\/api.w.org\/{rel}","templated":true}]}}