{"id":66004,"date":"2024-10-06T14:35:37","date_gmt":"2024-10-06T11:35:37","guid":{"rendered":"https:\/\/kibrisdakik.com\/index.php\/2024\/10\/06\/polis-haberleri-girnedeki-trafik-kazasinda-53-yasindaki-yaya-yaralandi\/"},"modified":"2024-10-06T14:35:37","modified_gmt":"2024-10-06T11:35:37","slug":"polis-haberleri-girnedeki-trafik-kazasinda-53-yasindaki-yaya-yaralandi","status":"publish","type":"post","link":"https:\/\/kibrisdakik.com\/?p=66004","title":{"rendered":"Polis haberleri\u2026 Girne\u2019deki trafik kazas\u0131nda 53 ya\u015f\u0131ndaki yaya yaraland\u0131"},"content":{"rendered":"<p><\/p>\n<div>\n<div class=\"mariselle-image-container center\">\n                <img loading=\"lazy\" decoding=\"async\" width=\"886\" height=\"538\" class=\"lazy-image\" alt=\"\" sizes=\"auto, (max-width: 886px) 100vw, 886px\" src=\"https:\/\/brtk.net\/wp-content\/uploads\/2024\/10\/06\/polis-958x53844-1.jpg?ver=9f6e8301fe42a263e8a232c6cde593cc\" srcset=\"https:\/\/brtk.net\/wp-content\/uploads\/2024\/10\/06\/polis-958x53844-1.jpg?ver=9f6e8301fe42a263e8a232c6cde593cc 886w, https:\/\/brtk.net\/wp-content\/uploads\/2024\/10\/06\/polis-958x53844-1-300x182.jpg?ver=a44c1c6ef355ab33c5da24ffafe20a39 300w, https:\/\/brtk.net\/wp-content\/uploads\/2024\/10\/06\/polis-958x53844-1-768x466.jpg?ver=a44c1c6ef355ab33c5da24ffafe20a39 768w\"\/>                            <\/div>\n<p>\nGirne\u2019de d\u00fcn sabah meydana gelen trafik kazas\u0131nda 53 ya\u015f\u0131ndaki yaya Fat\u0131ma Tagh\u0131yeva yaraland\u0131.<\/p>\n<p>Polis Bas\u0131n Subayl\u0131\u011f\u0131\u2019ndan yap\u0131lan a\u00e7\u0131klamaya g\u00f6re, Karao\u011flano\u011flu Caddesi \u00fczerinde saat 08.10 s\u0131ralar\u0131nda, Mustafa \u00c7a\u011flar T\u00fctengil (E-80), y\u00f6netimindeki NA 783 plakal\u0131 ara\u00e7 ile do\u011fu istikametine do\u011fru seyretti\u011fi s\u0131rada dikkatsizli\u011fi sonucu, o esnada yaya ge\u00e7inden ge\u00e7meye \u00e7al\u0131\u015fan Fat\u0131ma Tagh\u0131yeva\u2019ya (K-53) \u00e7arpt\u0131.<\/p>\n<p>Kaza sonucu yaralanan Fat\u0131ma Tagh\u0131yeva kald\u0131r\u0131ld\u0131\u011f\u0131 Girne Dr. Ak\u00e7i\u00e7ek Hastanesi\u2019nde yap\u0131lan m\u00fcdahalenin ard\u0131ndan Lefko\u015fa Dr. Burhan Nalbanto\u011flu Devlet Hastanesi\u2019ne sevk edilerek, kaburgalar\u0131nda k\u0131r\u0131k te\u015fhisi ile G\u00f6\u011f\u00fcs Cerrahisi Servisinde m\u00fc\u015fahede alt\u0131na al\u0131nd\u0131.<\/p>\n<p>-Alkoll\u00fc s\u00fcr\u00fcc\u00fc yoldan \u00e7\u0131kt\u0131, takla att\u0131<\/p>\n<p>Lefko\u015fa-G\u00fczelyurt Anayolu \u00fczerinde sabaha kar\u015f\u0131 03.00 s\u0131ralar\u0131nda, 139 mlgr alkoll\u00fc i\u00e7ki tesiri alt\u0131ndaki H\u00fclya \u00c7ak\u0131r (K-33), y\u00f6netimindeki JE 162 plakal\u0131 salon ara\u00e7 ile G\u00fczelyurt istikametine do\u011fru seyretti\u011fi s\u0131rada, \u0130kidere mevkiinde dikkatsizli\u011fi sonucu direksiyon hakimiyetini kaybedip, yolun solundan \u00e7\u0131karak, toprak sete \u00e7arp\u0131p, takla att\u0131.<\/p>\n<p>Kaza sonucu yaralanan ara\u00e7 s\u00fcr\u00fcc\u00fcs\u00fc H\u00fclya \u00c7ak\u0131r, kald\u0131r\u0131ld\u0131\u011f\u0131 Lefko\u015fa Dr. Burhan Nalbanto\u011flu Devlet Hastanesi\u2019nde yap\u0131lan tedavisinin ard\u0131ndan m\u00fc\u015fahede alt\u0131na al\u0131nd\u0131.<\/p>\n<p>-Alkoll\u00fc s\u00fcr\u00fcc\u00fc direksiyon hakimiyetini kaybetti, yoldan \u00e7\u0131kt\u0131<\/p>\n<p>Gazima\u011fusa-Karpaz Anayolu \u00fczerinde gece yar\u0131s\u0131ndan sonra saat 00.10 s\u0131ralar\u0131nda, 246 mlgr alkoll\u00fc i\u00e7ki tesiri alt\u0131ndaki Efkan \u0130lkhan (E-36), y\u00f6netimindeki GM 316 plakal\u0131 ara\u00e7 ile kuzey istikametinden, g\u00fcney istikametine do\u011fru seyretti\u011fi s\u0131rada, Kumyal\u0131 \u0130lkokulu \u00f6nlerine geldi\u011finde dikkatsizli\u011fi sonucu, direksiyon hakimiyetini kaybederek, yolun solundan \u00e7\u0131k\u0131p, toprak alan i\u00e7erisinde durdu.<\/p>\n<p>Kaza sonucu yaralanan s\u00fcr\u00fcc\u00fc kald\u0131r\u0131ld\u0131\u011f\u0131 Gazima\u011fusa Devlet Hastanesi\u2019nde yap\u0131lan tedavisinin ard\u0131ndan m\u00fc\u015fahede alt\u0131na al\u0131nd\u0131.<\/p>\n<\/p><\/div>\n<p><script async\n                    defer\n                    crossorigin=\"anonymous\"\n                    src=\"https:\/\/connect.facebook.net\/tr_TR\/sdk.js#xfbml=1&#038;version=v3.3\"\n            ><\/script><\/p>\n","protected":false},"excerpt":{"rendered":"<p>Girne\u2019de d\u00fcn sabah meydana gelen trafik kazas\u0131nda 53 ya\u015f\u0131ndaki yaya Fat\u0131ma Tagh\u0131yeva yaraland\u0131. Polis Bas\u0131n Subayl\u0131\u011f\u0131\u2019ndan yap\u0131lan a\u00e7\u0131klamaya g\u00f6re, Karao\u011flano\u011flu Caddesi \u00fczerinde saat 08.10 s\u0131ralar\u0131nda, Mustafa \u00c7a\u011flar T\u00fctengil (E-80), y\u00f6netimindeki NA 783 plakal\u0131 ara\u00e7 ile do\u011fu istikametine do\u011fru seyretti\u011fi s\u0131rada dikkatsizli\u011fi sonucu, o esnada yaya ge\u00e7inden ge\u00e7meye \u00e7al\u0131\u015fan Fat\u0131ma Tagh\u0131yeva\u2019ya (K-53) \u00e7arpt\u0131. Kaza sonucu yaralanan<\/p>\n","protected":false},"author":1,"featured_media":66005,"comment_status":"open","ping_status":"open","sticky":false,"template":"","format":"standard","meta":{"footnotes":""},"categories":[1],"tags":[],"class_list":["post-66004","post","type-post","status-publish","format-standard","has-post-thumbnail","hentry","category-gundem"],"yoast_head":"<!-- This site is optimized with the Yoast SEO plugin v27.5 - https:\/\/yoast.com\/product\/yoast-seo-wordpress\/ -->\n<title>Polis haberleri\u2026 Girne\u2019deki trafik kazas\u0131nda 53 ya\u015f\u0131ndaki yaya yaraland\u0131 -<\/title>\n<meta name=\"robots\" content=\"index, follow, max-snippet:-1, max-image-preview:large, max-video-preview:-1\" \/>\n<link rel=\"canonical\" href=\"https:\/\/kibrisdakik.com\/?p=66004\" \/>\n<meta property=\"og:locale\" content=\"tr_TR\" \/>\n<meta property=\"og:type\" content=\"article\" \/>\n<meta property=\"og:title\" content=\"Polis haberleri\u2026 Girne\u2019deki trafik kazas\u0131nda 53 ya\u015f\u0131ndaki yaya yaraland\u0131 -\" \/>\n<meta property=\"og:description\" content=\"Girne\u2019de d\u00fcn sabah meydana gelen trafik kazas\u0131nda 53 ya\u015f\u0131ndaki yaya Fat\u0131ma Tagh\u0131yeva yaraland\u0131. Polis Bas\u0131n Subayl\u0131\u011f\u0131\u2019ndan yap\u0131lan a\u00e7\u0131klamaya g\u00f6re, Karao\u011flano\u011flu Caddesi \u00fczerinde saat 08.10 s\u0131ralar\u0131nda, Mustafa \u00c7a\u011flar T\u00fctengil (E-80), y\u00f6netimindeki NA 783 plakal\u0131 ara\u00e7 ile do\u011fu istikametine do\u011fru seyretti\u011fi s\u0131rada dikkatsizli\u011fi sonucu, o esnada yaya ge\u00e7inden ge\u00e7meye \u00e7al\u0131\u015fan Fat\u0131ma Tagh\u0131yeva\u2019ya (K-53) \u00e7arpt\u0131. Kaza sonucu yaralanan\" \/>\n<meta property=\"og:url\" content=\"https:\/\/kibrisdakik.com\/?p=66004\" \/>\n<meta property=\"article:published_time\" content=\"2024-10-06T11:35:37+00:00\" \/>\n<meta property=\"og:image\" content=\"https:\/\/kibrisdakik.com\/wp-content\/uploads\/2024\/10\/polis-958x53844-1-740x420.jpg\" \/>\n\t<meta property=\"og:image:width\" content=\"886\" \/>\n\t<meta property=\"og:image:height\" content=\"538\" \/>\n\t<meta property=\"og:image:type\" content=\"image\/jpeg\" \/>\n<meta name=\"author\" content=\"admin\" \/>\n<meta name=\"twitter:card\" content=\"summary_large_image\" \/>\n<meta name=\"twitter:label1\" content=\"Yazan:\" \/>\n\t<meta name=\"twitter:data1\" content=\"admin\" \/>\n\t<meta name=\"twitter:label2\" content=\"Tahmini okuma s\u00fcresi\" \/>\n\t<meta name=\"twitter:data2\" content=\"2 dakika\" \/>\n<script type=\"application\/ld+json\" class=\"yoast-schema-graph\">{\"@context\":\"https:\\\/\\\/schema.org\",\"@graph\":[{\"@type\":\"Article\",\"@id\":\"https:\\\/\\\/kibrisdakik.com\\\/?p=66004#article\",\"isPartOf\":{\"@id\":\"https:\\\/\\\/kibrisdakik.com\\\/?p=66004\"},\"author\":{\"name\":\"admin\",\"@id\":\"https:\\\/\\\/kibrisdakik.com\\\/#\\\/schema\\\/person\\\/9cd9d437bbb44f72b73ba127e06d8e79\"},\"headline\":\"Polis haberleri\u2026 Girne\u2019deki trafik kazas\u0131nda 53 ya\u015f\u0131ndaki yaya yaraland\u0131\",\"datePublished\":\"2024-10-06T11:35:37+00:00\",\"mainEntityOfPage\":{\"@id\":\"https:\\\/\\\/kibrisdakik.com\\\/?p=66004\"},\"wordCount\":333,\"commentCount\":0,\"image\":{\"@id\":\"https:\\\/\\\/kibrisdakik.com\\\/?p=66004#primaryimage\"},\"thumbnailUrl\":\"https:\\\/\\\/kibrisdakik.com\\\/wp-content\\\/uploads\\\/2024\\\/10\\\/polis-958x53844-1-740x420.jpg\",\"articleSection\":[\"G\u00fcndem\"],\"inLanguage\":\"tr\",\"potentialAction\":[{\"@type\":\"CommentAction\",\"name\":\"Comment\",\"target\":[\"https:\\\/\\\/kibrisdakik.com\\\/?p=66004#respond\"]}]},{\"@type\":\"WebPage\",\"@id\":\"https:\\\/\\\/kibrisdakik.com\\\/?p=66004\",\"url\":\"https:\\\/\\\/kibrisdakik.com\\\/?p=66004\",\"name\":\"Polis haberleri\u2026 Girne\u2019deki trafik kazas\u0131nda 53 ya\u015f\u0131ndaki yaya yaraland\u0131 -\",\"isPartOf\":{\"@id\":\"https:\\\/\\\/kibrisdakik.com\\\/#website\"},\"primaryImageOfPage\":{\"@id\":\"https:\\\/\\\/kibrisdakik.com\\\/?p=66004#primaryimage\"},\"image\":{\"@id\":\"https:\\\/\\\/kibrisdakik.com\\\/?p=66004#primaryimage\"},\"thumbnailUrl\":\"https:\\\/\\\/kibrisdakik.com\\\/wp-content\\\/uploads\\\/2024\\\/10\\\/polis-958x53844-1-740x420.jpg\",\"datePublished\":\"2024-10-06T11:35:37+00:00\",\"author\":{\"@id\":\"https:\\\/\\\/kibrisdakik.com\\\/#\\\/schema\\\/person\\\/9cd9d437bbb44f72b73ba127e06d8e79\"},\"breadcrumb\":{\"@id\":\"https:\\\/\\\/kibrisdakik.com\\\/?p=66004#breadcrumb\"},\"inLanguage\":\"tr\",\"potentialAction\":[{\"@type\":\"ReadAction\",\"target\":[\"https:\\\/\\\/kibrisdakik.com\\\/?p=66004\"]}]},{\"@type\":\"ImageObject\",\"inLanguage\":\"tr\",\"@id\":\"https:\\\/\\\/kibrisdakik.com\\\/?p=66004#primaryimage\",\"url\":\"https:\\\/\\\/kibrisdakik.com\\\/wp-content\\\/uploads\\\/2024\\\/10\\\/polis-958x53844-1-740x420.jpg\",\"contentUrl\":\"https:\\\/\\\/kibrisdakik.com\\\/wp-content\\\/uploads\\\/2024\\\/10\\\/polis-958x53844-1-740x420.jpg\",\"width\":886,\"height\":538},{\"@type\":\"BreadcrumbList\",\"@id\":\"https:\\\/\\\/kibrisdakik.com\\\/?p=66004#breadcrumb\",\"itemListElement\":[{\"@type\":\"ListItem\",\"position\":1,\"name\":\"Home\",\"item\":\"https:\\\/\\\/kibrisdakik.com\\\/\"},{\"@type\":\"ListItem\",\"position\":2,\"name\":\"Polis haberleri\u2026 Girne\u2019deki trafik kazas\u0131nda 53 ya\u015f\u0131ndaki yaya yaraland\u0131\"}]},{\"@type\":\"WebSite\",\"@id\":\"https:\\\/\\\/kibrisdakik.com\\\/#website\",\"url\":\"https:\\\/\\\/kibrisdakik.com\\\/\",\"name\":\"\",\"description\":\"Tam vaktinde haber\",\"potentialAction\":[{\"@type\":\"SearchAction\",\"target\":{\"@type\":\"EntryPoint\",\"urlTemplate\":\"https:\\\/\\\/kibrisdakik.com\\\/?s={search_term_string}\"},\"query-input\":{\"@type\":\"PropertyValueSpecification\",\"valueRequired\":true,\"valueName\":\"search_term_string\"}}],\"inLanguage\":\"tr\"},{\"@type\":\"Person\",\"@id\":\"https:\\\/\\\/kibrisdakik.com\\\/#\\\/schema\\\/person\\\/9cd9d437bbb44f72b73ba127e06d8e79\",\"name\":\"admin\",\"image\":{\"@type\":\"ImageObject\",\"inLanguage\":\"tr\",\"@id\":\"https:\\\/\\\/secure.gravatar.com\\\/avatar\\\/ccc17943b9d660506c869530f897617f7cb1c21a4bf30023f252596d83e1f007?s=96&d=mm&r=g\",\"url\":\"https:\\\/\\\/secure.gravatar.com\\\/avatar\\\/ccc17943b9d660506c869530f897617f7cb1c21a4bf30023f252596d83e1f007?s=96&d=mm&r=g\",\"contentUrl\":\"https:\\\/\\\/secure.gravatar.com\\\/avatar\\\/ccc17943b9d660506c869530f897617f7cb1c21a4bf30023f252596d83e1f007?s=96&d=mm&r=g\",\"caption\":\"admin\"},\"sameAs\":[\"https:\\\/\\\/kibrisdakik.com\"],\"url\":\"https:\\\/\\\/kibrisdakik.com\\\/?author=1\"}]}<\/script>\n<!-- \/ Yoast SEO plugin. -->","yoast_head_json":{"title":"Polis haberleri\u2026 Girne\u2019deki trafik kazas\u0131nda 53 ya\u015f\u0131ndaki yaya yaraland\u0131 -","robots":{"index":"index","follow":"follow","max-snippet":"max-snippet:-1","max-image-preview":"max-image-preview:large","max-video-preview":"max-video-preview:-1"},"canonical":"https:\/\/kibrisdakik.com\/?p=66004","og_locale":"tr_TR","og_type":"article","og_title":"Polis haberleri\u2026 Girne\u2019deki trafik kazas\u0131nda 53 ya\u015f\u0131ndaki yaya yaraland\u0131 -","og_description":"Girne\u2019de d\u00fcn sabah meydana gelen trafik kazas\u0131nda 53 ya\u015f\u0131ndaki yaya Fat\u0131ma Tagh\u0131yeva yaraland\u0131. Polis Bas\u0131n Subayl\u0131\u011f\u0131\u2019ndan yap\u0131lan a\u00e7\u0131klamaya g\u00f6re, Karao\u011flano\u011flu Caddesi \u00fczerinde saat 08.10 s\u0131ralar\u0131nda, Mustafa \u00c7a\u011flar T\u00fctengil (E-80), y\u00f6netimindeki NA 783 plakal\u0131 ara\u00e7 ile do\u011fu istikametine do\u011fru seyretti\u011fi s\u0131rada dikkatsizli\u011fi sonucu, o esnada yaya ge\u00e7inden ge\u00e7meye \u00e7al\u0131\u015fan Fat\u0131ma Tagh\u0131yeva\u2019ya (K-53) \u00e7arpt\u0131. Kaza sonucu yaralanan","og_url":"https:\/\/kibrisdakik.com\/?p=66004","article_published_time":"2024-10-06T11:35:37+00:00","og_image":[{"width":886,"height":538,"url":"https:\/\/kibrisdakik.com\/wp-content\/uploads\/2024\/10\/polis-958x53844-1-740x420.jpg","type":"image\/jpeg"}],"author":"admin","twitter_card":"summary_large_image","twitter_misc":{"Yazan:":"admin","Tahmini okuma s\u00fcresi":"2 dakika"},"schema":{"@context":"https:\/\/schema.org","@graph":[{"@type":"Article","@id":"https:\/\/kibrisdakik.com\/?p=66004#article","isPartOf":{"@id":"https:\/\/kibrisdakik.com\/?p=66004"},"author":{"name":"admin","@id":"https:\/\/kibrisdakik.com\/#\/schema\/person\/9cd9d437bbb44f72b73ba127e06d8e79"},"headline":"Polis haberleri\u2026 Girne\u2019deki trafik kazas\u0131nda 53 ya\u015f\u0131ndaki yaya yaraland\u0131","datePublished":"2024-10-06T11:35:37+00:00","mainEntityOfPage":{"@id":"https:\/\/kibrisdakik.com\/?p=66004"},"wordCount":333,"commentCount":0,"image":{"@id":"https:\/\/kibrisdakik.com\/?p=66004#primaryimage"},"thumbnailUrl":"https:\/\/kibrisdakik.com\/wp-content\/uploads\/2024\/10\/polis-958x53844-1-740x420.jpg","articleSection":["G\u00fcndem"],"inLanguage":"tr","potentialAction":[{"@type":"CommentAction","name":"Comment","target":["https:\/\/kibrisdakik.com\/?p=66004#respond"]}]},{"@type":"WebPage","@id":"https:\/\/kibrisdakik.com\/?p=66004","url":"https:\/\/kibrisdakik.com\/?p=66004","name":"Polis haberleri\u2026 Girne\u2019deki trafik kazas\u0131nda 53 ya\u015f\u0131ndaki yaya yaraland\u0131 -","isPartOf":{"@id":"https:\/\/kibrisdakik.com\/#website"},"primaryImageOfPage":{"@id":"https:\/\/kibrisdakik.com\/?p=66004#primaryimage"},"image":{"@id":"https:\/\/kibrisdakik.com\/?p=66004#primaryimage"},"thumbnailUrl":"https:\/\/kibrisdakik.com\/wp-content\/uploads\/2024\/10\/polis-958x53844-1-740x420.jpg","datePublished":"2024-10-06T11:35:37+00:00","author":{"@id":"https:\/\/kibrisdakik.com\/#\/schema\/person\/9cd9d437bbb44f72b73ba127e06d8e79"},"breadcrumb":{"@id":"https:\/\/kibrisdakik.com\/?p=66004#breadcrumb"},"inLanguage":"tr","potentialAction":[{"@type":"ReadAction","target":["https:\/\/kibrisdakik.com\/?p=66004"]}]},{"@type":"ImageObject","inLanguage":"tr","@id":"https:\/\/kibrisdakik.com\/?p=66004#primaryimage","url":"https:\/\/kibrisdakik.com\/wp-content\/uploads\/2024\/10\/polis-958x53844-1-740x420.jpg","contentUrl":"https:\/\/kibrisdakik.com\/wp-content\/uploads\/2024\/10\/polis-958x53844-1-740x420.jpg","width":886,"height":538},{"@type":"BreadcrumbList","@id":"https:\/\/kibrisdakik.com\/?p=66004#breadcrumb","itemListElement":[{"@type":"ListItem","position":1,"name":"Home","item":"https:\/\/kibrisdakik.com\/"},{"@type":"ListItem","position":2,"name":"Polis haberleri\u2026 Girne\u2019deki trafik kazas\u0131nda 53 ya\u015f\u0131ndaki yaya yaraland\u0131"}]},{"@type":"WebSite","@id":"https:\/\/kibrisdakik.com\/#website","url":"https:\/\/kibrisdakik.com\/","name":"","description":"Tam vaktinde haber","potentialAction":[{"@type":"SearchAction","target":{"@type":"EntryPoint","urlTemplate":"https:\/\/kibrisdakik.com\/?s={search_term_string}"},"query-input":{"@type":"PropertyValueSpecification","valueRequired":true,"valueName":"search_term_string"}}],"inLanguage":"tr"},{"@type":"Person","@id":"https:\/\/kibrisdakik.com\/#\/schema\/person\/9cd9d437bbb44f72b73ba127e06d8e79","name":"admin","image":{"@type":"ImageObject","inLanguage":"tr","@id":"https:\/\/secure.gravatar.com\/avatar\/ccc17943b9d660506c869530f897617f7cb1c21a4bf30023f252596d83e1f007?s=96&d=mm&r=g","url":"https:\/\/secure.gravatar.com\/avatar\/ccc17943b9d660506c869530f897617f7cb1c21a4bf30023f252596d83e1f007?s=96&d=mm&r=g","contentUrl":"https:\/\/secure.gravatar.com\/avatar\/ccc17943b9d660506c869530f897617f7cb1c21a4bf30023f252596d83e1f007?s=96&d=mm&r=g","caption":"admin"},"sameAs":["https:\/\/kibrisdakik.com"],"url":"https:\/\/kibrisdakik.com\/?author=1"}]}},"_links":{"self":[{"href":"https:\/\/kibrisdakik.com\/index.php?rest_route=\/wp\/v2\/posts\/66004","targetHints":{"allow":["GET"]}}],"collection":[{"href":"https:\/\/kibrisdakik.com\/index.php?rest_route=\/wp\/v2\/posts"}],"about":[{"href":"https:\/\/kibrisdakik.com\/index.php?rest_route=\/wp\/v2\/types\/post"}],"author":[{"embeddable":true,"href":"https:\/\/kibrisdakik.com\/index.php?rest_route=\/wp\/v2\/users\/1"}],"replies":[{"embeddable":true,"href":"https:\/\/kibrisdakik.com\/index.php?rest_route=%2Fwp%2Fv2%2Fcomments&post=66004"}],"version-history":[{"count":0,"href":"https:\/\/kibrisdakik.com\/index.php?rest_route=\/wp\/v2\/posts\/66004\/revisions"}],"wp:featuredmedia":[{"embeddable":true,"href":"https:\/\/kibrisdakik.com\/index.php?rest_route=\/wp\/v2\/media\/66005"}],"wp:attachment":[{"href":"https:\/\/kibrisdakik.com\/index.php?rest_route=%2Fwp%2Fv2%2Fmedia&parent=66004"}],"wp:term":[{"taxonomy":"category","embeddable":true,"href":"https:\/\/kibrisdakik.com\/index.php?rest_route=%2Fwp%2Fv2%2Fcategories&post=66004"},{"taxonomy":"post_tag","embeddable":true,"href":"https:\/\/kibrisdakik.com\/index.php?rest_route=%2Fwp%2Fv2%2Ftags&post=66004"}],"curies":[{"name":"wp","href":"https:\/\/api.w.org\/{rel}","templated":true}]}}