{"id":66058,"date":"2024-10-07T10:45:59","date_gmt":"2024-10-07T07:45:59","guid":{"rendered":"https:\/\/kibrisdakik.com\/index.php\/2024\/10\/07\/guzelyurt-lefkosa-ana-yolunda-yama-ve-bakim-calismasi-basliyor\/"},"modified":"2024-10-07T10:45:59","modified_gmt":"2024-10-07T07:45:59","slug":"guzelyurt-lefkosa-ana-yolunda-yama-ve-bakim-calismasi-basliyor","status":"publish","type":"post","link":"https:\/\/kibrisdakik.com\/?p=66058","title":{"rendered":"G\u00fczelyurt-Lefko\u015fa ana yolunda yama ve bak\u0131m \u00e7al\u0131\u015fmas\u0131 ba\u015fl\u0131yor"},"content":{"rendered":"<div>\n<div class=\"mariselle-image-container center\">\n                                            <\/div>\n<p>Karayollar\u0131 Dairesi, G\u00fczelyurt-Lefko\u015fa b\u00f6l\u00fcnm\u00fc\u015f ana yolu g\u00fczerg\u00e2h\u0131nda bug\u00fcnden itibaren bir sonraki duyuruya kadar yama ve bak\u0131m \u00e7al\u0131\u015fmas\u0131 yap\u0131laca\u011f\u0131n\u0131 a\u00e7\u0131klad\u0131.<\/p>\n<p>Karayollar\u0131 Dairesi\u2019nden yap\u0131lan yaz\u0131l\u0131 a\u00e7\u0131klamada, dairenin, sorumlulu\u011fu alt\u0131ndaki ana yollarda asfalt yama \u00e7al\u0131\u015fmalar\u0131 ger\u00e7ekle\u015ftirece\u011fi belirtildi.<\/p>\n<p>G\u00fczelyurt-Lefko\u015fa b\u00f6l\u00fcnm\u00fc\u015f ana yol g\u00fczerg\u00e2h\u0131nda yap\u0131lacak bu \u00e7al\u0131\u015fmalar kapsam\u0131nda s\u00fcr\u00fcc\u00fclerin, can ve mal g\u00fcvenli\u011fi a\u00e7\u0131s\u0131ndan dikkatli olmalar\u0131 ve trafik i\u015faretlerine uymalar\u0131 gerekti\u011fi vurguland\u0131.<\/p>\n<p>A\u00e7\u0131klamada, bu g\u00fczergah\u0131 kullanacak s\u00fcr\u00fcc\u00fclerin yava\u015f seyretmeleri, trafik i\u015faretlerine dikkat etmeleri ve gerekli \u00f6nlemleri almalar\u0131 istendi.<\/p>\n<\/p><\/div>\n<p><script async\n                    defer\n                    crossorigin=\"anonymous\"\n                    src=\"https:\/\/connect.facebook.net\/tr_TR\/sdk.js#xfbml=1&#038;version=v3.3\"\n            ><\/script><\/p>\n","protected":false},"excerpt":{"rendered":"<p>Karayollar\u0131 Dairesi, G\u00fczelyurt-Lefko\u015fa b\u00f6l\u00fcnm\u00fc\u015f ana yolu g\u00fczerg\u00e2h\u0131nda bug\u00fcnden itibaren bir sonraki duyuruya kadar yama ve bak\u0131m \u00e7al\u0131\u015fmas\u0131 yap\u0131laca\u011f\u0131n\u0131 a\u00e7\u0131klad\u0131. Karayollar\u0131 Dairesi\u2019nden yap\u0131lan yaz\u0131l\u0131 a\u00e7\u0131klamada, dairenin, sorumlulu\u011fu alt\u0131ndaki ana yollarda asfalt yama \u00e7al\u0131\u015fmalar\u0131 ger\u00e7ekle\u015ftirece\u011fi belirtildi. G\u00fczelyurt-Lefko\u015fa b\u00f6l\u00fcnm\u00fc\u015f ana yol g\u00fczerg\u00e2h\u0131nda yap\u0131lacak bu \u00e7al\u0131\u015fmalar kapsam\u0131nda s\u00fcr\u00fcc\u00fclerin, can ve mal g\u00fcvenli\u011fi a\u00e7\u0131s\u0131ndan dikkatli olmalar\u0131 ve trafik i\u015faretlerine uymalar\u0131<\/p>\n","protected":false},"author":1,"featured_media":51085,"comment_status":"open","ping_status":"open","sticky":false,"template":"","format":"standard","meta":{"footnotes":""},"categories":[81],"tags":[],"class_list":["post-66058","post","type-post","status-publish","format-standard","has-post-thumbnail","hentry","category-kibris"],"yoast_head":"<!-- This site is optimized with the Yoast SEO plugin v27.5 - https:\/\/yoast.com\/product\/yoast-seo-wordpress\/ -->\n<title>G\u00fczelyurt-Lefko\u015fa ana yolunda yama ve bak\u0131m \u00e7al\u0131\u015fmas\u0131 ba\u015fl\u0131yor -<\/title>\n<meta name=\"robots\" content=\"index, follow, max-snippet:-1, max-image-preview:large, max-video-preview:-1\" \/>\n<link rel=\"canonical\" href=\"https:\/\/kibrisdakik.com\/?p=66058\" \/>\n<meta property=\"og:locale\" content=\"tr_TR\" \/>\n<meta property=\"og:type\" content=\"article\" \/>\n<meta property=\"og:title\" content=\"G\u00fczelyurt-Lefko\u015fa ana yolunda yama ve bak\u0131m \u00e7al\u0131\u015fmas\u0131 ba\u015fl\u0131yor -\" \/>\n<meta property=\"og:description\" content=\"Karayollar\u0131 Dairesi, G\u00fczelyurt-Lefko\u015fa b\u00f6l\u00fcnm\u00fc\u015f ana yolu g\u00fczerg\u00e2h\u0131nda bug\u00fcnden itibaren bir sonraki duyuruya kadar yama ve bak\u0131m \u00e7al\u0131\u015fmas\u0131 yap\u0131laca\u011f\u0131n\u0131 a\u00e7\u0131klad\u0131. Karayollar\u0131 Dairesi\u2019nden yap\u0131lan yaz\u0131l\u0131 a\u00e7\u0131klamada, dairenin, sorumlulu\u011fu alt\u0131ndaki ana yollarda asfalt yama \u00e7al\u0131\u015fmalar\u0131 ger\u00e7ekle\u015ftirece\u011fi belirtildi. G\u00fczelyurt-Lefko\u015fa b\u00f6l\u00fcnm\u00fc\u015f ana yol g\u00fczerg\u00e2h\u0131nda yap\u0131lacak bu \u00e7al\u0131\u015fmalar kapsam\u0131nda s\u00fcr\u00fcc\u00fclerin, can ve mal g\u00fcvenli\u011fi a\u00e7\u0131s\u0131ndan dikkatli olmalar\u0131 ve trafik i\u015faretlerine uymalar\u0131\" \/>\n<meta property=\"og:url\" content=\"https:\/\/kibrisdakik.com\/?p=66058\" \/>\n<meta property=\"article:published_time\" content=\"2024-10-07T07:45:59+00:00\" \/>\n<meta property=\"og:image\" content=\"https:\/\/kibrisdakik.com\/wp-content\/uploads\/2024\/07\/tum-suruculerin-dikkatine-740x391.jpg\" \/>\n\t<meta property=\"og:image:width\" content=\"750\" \/>\n\t<meta property=\"og:image:height\" content=\"391\" \/>\n\t<meta property=\"og:image:type\" content=\"image\/jpeg\" \/>\n<meta name=\"author\" content=\"admin\" \/>\n<meta name=\"twitter:card\" content=\"summary_large_image\" \/>\n<meta name=\"twitter:label1\" content=\"Yazan:\" \/>\n\t<meta name=\"twitter:data1\" content=\"admin\" \/>\n\t<meta name=\"twitter:label2\" content=\"Tahmini okuma s\u00fcresi\" \/>\n\t<meta name=\"twitter:data2\" content=\"1 dakika\" \/>\n<script type=\"application\/ld+json\" class=\"yoast-schema-graph\">{\"@context\":\"https:\\\/\\\/schema.org\",\"@graph\":[{\"@type\":\"Article\",\"@id\":\"https:\\\/\\\/kibrisdakik.com\\\/?p=66058#article\",\"isPartOf\":{\"@id\":\"https:\\\/\\\/kibrisdakik.com\\\/?p=66058\"},\"author\":{\"name\":\"admin\",\"@id\":\"https:\\\/\\\/kibrisdakik.com\\\/#\\\/schema\\\/person\\\/9cd9d437bbb44f72b73ba127e06d8e79\"},\"headline\":\"G\u00fczelyurt-Lefko\u015fa ana yolunda yama ve bak\u0131m \u00e7al\u0131\u015fmas\u0131 ba\u015fl\u0131yor\",\"datePublished\":\"2024-10-07T07:45:59+00:00\",\"mainEntityOfPage\":{\"@id\":\"https:\\\/\\\/kibrisdakik.com\\\/?p=66058\"},\"wordCount\":135,\"commentCount\":0,\"image\":{\"@id\":\"https:\\\/\\\/kibrisdakik.com\\\/?p=66058#primaryimage\"},\"thumbnailUrl\":\"https:\\\/\\\/kibrisdakik.com\\\/wp-content\\\/uploads\\\/2024\\\/07\\\/tum-suruculerin-dikkatine-740x391.jpg\",\"articleSection\":[\"K\u0131br\u0131s\"],\"inLanguage\":\"tr\",\"potentialAction\":[{\"@type\":\"CommentAction\",\"name\":\"Comment\",\"target\":[\"https:\\\/\\\/kibrisdakik.com\\\/?p=66058#respond\"]}]},{\"@type\":\"WebPage\",\"@id\":\"https:\\\/\\\/kibrisdakik.com\\\/?p=66058\",\"url\":\"https:\\\/\\\/kibrisdakik.com\\\/?p=66058\",\"name\":\"G\u00fczelyurt-Lefko\u015fa ana yolunda yama ve bak\u0131m \u00e7al\u0131\u015fmas\u0131 ba\u015fl\u0131yor -\",\"isPartOf\":{\"@id\":\"https:\\\/\\\/kibrisdakik.com\\\/#website\"},\"primaryImageOfPage\":{\"@id\":\"https:\\\/\\\/kibrisdakik.com\\\/?p=66058#primaryimage\"},\"image\":{\"@id\":\"https:\\\/\\\/kibrisdakik.com\\\/?p=66058#primaryimage\"},\"thumbnailUrl\":\"https:\\\/\\\/kibrisdakik.com\\\/wp-content\\\/uploads\\\/2024\\\/07\\\/tum-suruculerin-dikkatine-740x391.jpg\",\"datePublished\":\"2024-10-07T07:45:59+00:00\",\"author\":{\"@id\":\"https:\\\/\\\/kibrisdakik.com\\\/#\\\/schema\\\/person\\\/9cd9d437bbb44f72b73ba127e06d8e79\"},\"breadcrumb\":{\"@id\":\"https:\\\/\\\/kibrisdakik.com\\\/?p=66058#breadcrumb\"},\"inLanguage\":\"tr\",\"potentialAction\":[{\"@type\":\"ReadAction\",\"target\":[\"https:\\\/\\\/kibrisdakik.com\\\/?p=66058\"]}]},{\"@type\":\"ImageObject\",\"inLanguage\":\"tr\",\"@id\":\"https:\\\/\\\/kibrisdakik.com\\\/?p=66058#primaryimage\",\"url\":\"https:\\\/\\\/kibrisdakik.com\\\/wp-content\\\/uploads\\\/2024\\\/07\\\/tum-suruculerin-dikkatine-740x391.jpg\",\"contentUrl\":\"https:\\\/\\\/kibrisdakik.com\\\/wp-content\\\/uploads\\\/2024\\\/07\\\/tum-suruculerin-dikkatine-740x391.jpg\",\"width\":750,\"height\":391},{\"@type\":\"BreadcrumbList\",\"@id\":\"https:\\\/\\\/kibrisdakik.com\\\/?p=66058#breadcrumb\",\"itemListElement\":[{\"@type\":\"ListItem\",\"position\":1,\"name\":\"Home\",\"item\":\"https:\\\/\\\/kibrisdakik.com\\\/\"},{\"@type\":\"ListItem\",\"position\":2,\"name\":\"G\u00fczelyurt-Lefko\u015fa ana yolunda yama ve bak\u0131m \u00e7al\u0131\u015fmas\u0131 ba\u015fl\u0131yor\"}]},{\"@type\":\"WebSite\",\"@id\":\"https:\\\/\\\/kibrisdakik.com\\\/#website\",\"url\":\"https:\\\/\\\/kibrisdakik.com\\\/\",\"name\":\"\",\"description\":\"Tam vaktinde haber\",\"potentialAction\":[{\"@type\":\"SearchAction\",\"target\":{\"@type\":\"EntryPoint\",\"urlTemplate\":\"https:\\\/\\\/kibrisdakik.com\\\/?s={search_term_string}\"},\"query-input\":{\"@type\":\"PropertyValueSpecification\",\"valueRequired\":true,\"valueName\":\"search_term_string\"}}],\"inLanguage\":\"tr\"},{\"@type\":\"Person\",\"@id\":\"https:\\\/\\\/kibrisdakik.com\\\/#\\\/schema\\\/person\\\/9cd9d437bbb44f72b73ba127e06d8e79\",\"name\":\"admin\",\"image\":{\"@type\":\"ImageObject\",\"inLanguage\":\"tr\",\"@id\":\"https:\\\/\\\/secure.gravatar.com\\\/avatar\\\/ccc17943b9d660506c869530f897617f7cb1c21a4bf30023f252596d83e1f007?s=96&d=mm&r=g\",\"url\":\"https:\\\/\\\/secure.gravatar.com\\\/avatar\\\/ccc17943b9d660506c869530f897617f7cb1c21a4bf30023f252596d83e1f007?s=96&d=mm&r=g\",\"contentUrl\":\"https:\\\/\\\/secure.gravatar.com\\\/avatar\\\/ccc17943b9d660506c869530f897617f7cb1c21a4bf30023f252596d83e1f007?s=96&d=mm&r=g\",\"caption\":\"admin\"},\"sameAs\":[\"https:\\\/\\\/kibrisdakik.com\"],\"url\":\"https:\\\/\\\/kibrisdakik.com\\\/?author=1\"}]}<\/script>\n<!-- \/ Yoast SEO plugin. -->","yoast_head_json":{"title":"G\u00fczelyurt-Lefko\u015fa ana yolunda yama ve bak\u0131m \u00e7al\u0131\u015fmas\u0131 ba\u015fl\u0131yor -","robots":{"index":"index","follow":"follow","max-snippet":"max-snippet:-1","max-image-preview":"max-image-preview:large","max-video-preview":"max-video-preview:-1"},"canonical":"https:\/\/kibrisdakik.com\/?p=66058","og_locale":"tr_TR","og_type":"article","og_title":"G\u00fczelyurt-Lefko\u015fa ana yolunda yama ve bak\u0131m \u00e7al\u0131\u015fmas\u0131 ba\u015fl\u0131yor -","og_description":"Karayollar\u0131 Dairesi, G\u00fczelyurt-Lefko\u015fa b\u00f6l\u00fcnm\u00fc\u015f ana yolu g\u00fczerg\u00e2h\u0131nda bug\u00fcnden itibaren bir sonraki duyuruya kadar yama ve bak\u0131m \u00e7al\u0131\u015fmas\u0131 yap\u0131laca\u011f\u0131n\u0131 a\u00e7\u0131klad\u0131. Karayollar\u0131 Dairesi\u2019nden yap\u0131lan yaz\u0131l\u0131 a\u00e7\u0131klamada, dairenin, sorumlulu\u011fu alt\u0131ndaki ana yollarda asfalt yama \u00e7al\u0131\u015fmalar\u0131 ger\u00e7ekle\u015ftirece\u011fi belirtildi. G\u00fczelyurt-Lefko\u015fa b\u00f6l\u00fcnm\u00fc\u015f ana yol g\u00fczerg\u00e2h\u0131nda yap\u0131lacak bu \u00e7al\u0131\u015fmalar kapsam\u0131nda s\u00fcr\u00fcc\u00fclerin, can ve mal g\u00fcvenli\u011fi a\u00e7\u0131s\u0131ndan dikkatli olmalar\u0131 ve trafik i\u015faretlerine uymalar\u0131","og_url":"https:\/\/kibrisdakik.com\/?p=66058","article_published_time":"2024-10-07T07:45:59+00:00","og_image":[{"width":750,"height":391,"url":"https:\/\/kibrisdakik.com\/wp-content\/uploads\/2024\/07\/tum-suruculerin-dikkatine-740x391.jpg","type":"image\/jpeg"}],"author":"admin","twitter_card":"summary_large_image","twitter_misc":{"Yazan:":"admin","Tahmini okuma s\u00fcresi":"1 dakika"},"schema":{"@context":"https:\/\/schema.org","@graph":[{"@type":"Article","@id":"https:\/\/kibrisdakik.com\/?p=66058#article","isPartOf":{"@id":"https:\/\/kibrisdakik.com\/?p=66058"},"author":{"name":"admin","@id":"https:\/\/kibrisdakik.com\/#\/schema\/person\/9cd9d437bbb44f72b73ba127e06d8e79"},"headline":"G\u00fczelyurt-Lefko\u015fa ana yolunda yama ve bak\u0131m \u00e7al\u0131\u015fmas\u0131 ba\u015fl\u0131yor","datePublished":"2024-10-07T07:45:59+00:00","mainEntityOfPage":{"@id":"https:\/\/kibrisdakik.com\/?p=66058"},"wordCount":135,"commentCount":0,"image":{"@id":"https:\/\/kibrisdakik.com\/?p=66058#primaryimage"},"thumbnailUrl":"https:\/\/kibrisdakik.com\/wp-content\/uploads\/2024\/07\/tum-suruculerin-dikkatine-740x391.jpg","articleSection":["K\u0131br\u0131s"],"inLanguage":"tr","potentialAction":[{"@type":"CommentAction","name":"Comment","target":["https:\/\/kibrisdakik.com\/?p=66058#respond"]}]},{"@type":"WebPage","@id":"https:\/\/kibrisdakik.com\/?p=66058","url":"https:\/\/kibrisdakik.com\/?p=66058","name":"G\u00fczelyurt-Lefko\u015fa ana yolunda yama ve bak\u0131m \u00e7al\u0131\u015fmas\u0131 ba\u015fl\u0131yor -","isPartOf":{"@id":"https:\/\/kibrisdakik.com\/#website"},"primaryImageOfPage":{"@id":"https:\/\/kibrisdakik.com\/?p=66058#primaryimage"},"image":{"@id":"https:\/\/kibrisdakik.com\/?p=66058#primaryimage"},"thumbnailUrl":"https:\/\/kibrisdakik.com\/wp-content\/uploads\/2024\/07\/tum-suruculerin-dikkatine-740x391.jpg","datePublished":"2024-10-07T07:45:59+00:00","author":{"@id":"https:\/\/kibrisdakik.com\/#\/schema\/person\/9cd9d437bbb44f72b73ba127e06d8e79"},"breadcrumb":{"@id":"https:\/\/kibrisdakik.com\/?p=66058#breadcrumb"},"inLanguage":"tr","potentialAction":[{"@type":"ReadAction","target":["https:\/\/kibrisdakik.com\/?p=66058"]}]},{"@type":"ImageObject","inLanguage":"tr","@id":"https:\/\/kibrisdakik.com\/?p=66058#primaryimage","url":"https:\/\/kibrisdakik.com\/wp-content\/uploads\/2024\/07\/tum-suruculerin-dikkatine-740x391.jpg","contentUrl":"https:\/\/kibrisdakik.com\/wp-content\/uploads\/2024\/07\/tum-suruculerin-dikkatine-740x391.jpg","width":750,"height":391},{"@type":"BreadcrumbList","@id":"https:\/\/kibrisdakik.com\/?p=66058#breadcrumb","itemListElement":[{"@type":"ListItem","position":1,"name":"Home","item":"https:\/\/kibrisdakik.com\/"},{"@type":"ListItem","position":2,"name":"G\u00fczelyurt-Lefko\u015fa ana yolunda yama ve bak\u0131m \u00e7al\u0131\u015fmas\u0131 ba\u015fl\u0131yor"}]},{"@type":"WebSite","@id":"https:\/\/kibrisdakik.com\/#website","url":"https:\/\/kibrisdakik.com\/","name":"","description":"Tam vaktinde haber","potentialAction":[{"@type":"SearchAction","target":{"@type":"EntryPoint","urlTemplate":"https:\/\/kibrisdakik.com\/?s={search_term_string}"},"query-input":{"@type":"PropertyValueSpecification","valueRequired":true,"valueName":"search_term_string"}}],"inLanguage":"tr"},{"@type":"Person","@id":"https:\/\/kibrisdakik.com\/#\/schema\/person\/9cd9d437bbb44f72b73ba127e06d8e79","name":"admin","image":{"@type":"ImageObject","inLanguage":"tr","@id":"https:\/\/secure.gravatar.com\/avatar\/ccc17943b9d660506c869530f897617f7cb1c21a4bf30023f252596d83e1f007?s=96&d=mm&r=g","url":"https:\/\/secure.gravatar.com\/avatar\/ccc17943b9d660506c869530f897617f7cb1c21a4bf30023f252596d83e1f007?s=96&d=mm&r=g","contentUrl":"https:\/\/secure.gravatar.com\/avatar\/ccc17943b9d660506c869530f897617f7cb1c21a4bf30023f252596d83e1f007?s=96&d=mm&r=g","caption":"admin"},"sameAs":["https:\/\/kibrisdakik.com"],"url":"https:\/\/kibrisdakik.com\/?author=1"}]}},"_links":{"self":[{"href":"https:\/\/kibrisdakik.com\/index.php?rest_route=\/wp\/v2\/posts\/66058","targetHints":{"allow":["GET"]}}],"collection":[{"href":"https:\/\/kibrisdakik.com\/index.php?rest_route=\/wp\/v2\/posts"}],"about":[{"href":"https:\/\/kibrisdakik.com\/index.php?rest_route=\/wp\/v2\/types\/post"}],"author":[{"embeddable":true,"href":"https:\/\/kibrisdakik.com\/index.php?rest_route=\/wp\/v2\/users\/1"}],"replies":[{"embeddable":true,"href":"https:\/\/kibrisdakik.com\/index.php?rest_route=%2Fwp%2Fv2%2Fcomments&post=66058"}],"version-history":[{"count":0,"href":"https:\/\/kibrisdakik.com\/index.php?rest_route=\/wp\/v2\/posts\/66058\/revisions"}],"wp:featuredmedia":[{"embeddable":true,"href":"https:\/\/kibrisdakik.com\/index.php?rest_route=\/wp\/v2\/media\/51085"}],"wp:attachment":[{"href":"https:\/\/kibrisdakik.com\/index.php?rest_route=%2Fwp%2Fv2%2Fmedia&parent=66058"}],"wp:term":[{"taxonomy":"category","embeddable":true,"href":"https:\/\/kibrisdakik.com\/index.php?rest_route=%2Fwp%2Fv2%2Fcategories&post=66058"},{"taxonomy":"post_tag","embeddable":true,"href":"https:\/\/kibrisdakik.com\/index.php?rest_route=%2Fwp%2Fv2%2Ftags&post=66058"}],"curies":[{"name":"wp","href":"https:\/\/api.w.org\/{rel}","templated":true}]}}