{"id":66102,"date":"2024-10-07T14:57:58","date_gmt":"2024-10-07T11:57:58","guid":{"rendered":"https:\/\/kibrisdakik.com\/index.php\/2024\/10\/07\/6-kulturlerin-kaynasmasi-etkinligi-derya-ulug-konseriyle-sona-erdi\/"},"modified":"2024-10-07T14:57:58","modified_gmt":"2024-10-07T11:57:58","slug":"6-kulturlerin-kaynasmasi-etkinligi-derya-ulug-konseriyle-sona-erdi","status":"publish","type":"post","link":"https:\/\/kibrisdakik.com\/?p=66102","title":{"rendered":"6. K\u00fclt\u00fcrlerin Kayna\u015fmas\u0131 etkinli\u011fi Derya Ulu\u011f konseriyle sona erdi"},"content":{"rendered":"<p> <br \/>\n<\/p>\n<div>\n<div class=\"mariselle-image-container center\">\n                <img loading=\"lazy\" decoding=\"async\" width=\"2560\" height=\"1707\" class=\"lazy-image\" alt=\"\" sizes=\"auto, (max-width: 2560px) 100vw, 2560px\" src=\"https:\/\/brtk.net\/wp-content\/uploads\/2024\/10\/07\/SLDKSA-scaled.jpg?ver=b5f70191df8d1c43de592d90b66a936a\" srcset=\"https:\/\/brtk.net\/wp-content\/uploads\/2024\/10\/07\/SLDKSA-scaled.jpg?ver=b5f70191df8d1c43de592d90b66a936a 2560w, https:\/\/brtk.net\/wp-content\/uploads\/2024\/10\/07\/SLDKSA-300x200.jpg?ver=b6a19ce1e310ff466872ffa66c3ee19b 300w, https:\/\/brtk.net\/wp-content\/uploads\/2024\/10\/07\/SLDKSA-1024x683.jpg?ver=c09c54742b9a9366448e3cb995656aaf 1024w, https:\/\/brtk.net\/wp-content\/uploads\/2024\/10\/07\/SLDKSA-768x512.jpg?ver=c09c54742b9a9366448e3cb995656aaf 768w, https:\/\/brtk.net\/wp-content\/uploads\/2024\/10\/07\/SLDKSA-1536x1024.jpg?ver=272291d58fd40105c6983948c37e6a56 1536w, https:\/\/brtk.net\/wp-content\/uploads\/2024\/10\/07\/SLDKSA-2048x1365.jpg?ver=ac17743837020c80e7022c881ab34a7f 2048w\"\/>                            <\/div>\n<p> \u0130skele Belediyesi taraf\u0131ndan bu y\u0131l alt\u0131nc\u0131s\u0131 d\u00fczenlenen \u201cK\u00fclt\u00fcrlerin Kayna\u015fmas\u0131\u201d etkinli\u011fi, \u015fark\u0131c\u0131 Derya Ulu\u011f\u2019un konseriyle bitti.<\/p>\n<p>\u0130skele Belediye Ba\u015fkan\u0131 Hasan Sad\u0131ko\u011flu, etkinlikte stant a\u00e7anlara, kat\u0131l\u0131m g\u00f6steren halka ve a\u00e7\u0131l\u0131\u015fa kat\u0131lan Cumhurba\u015fkan\u0131 <a href=\"https:\/\/brtk.net\/\" target=\"_blank\" rel=\"noopener\">Ersin Tatar<\/a> ba\u015fta olmak \u00fczere t\u00fcm destek\u00e7ilere te\u015fekk\u00fcr etti.<\/p>\n<p>\u0130skele Belediyesi\u2019nden yap\u0131lan a\u00e7\u0131klamaya g\u00f6re, bu y\u0131lki etkinlikte \u00e7e\u015fitli k\u00fclt\u00fcrlerden tan\u0131t\u0131m stantlar\u0131 kuruldu. T\u00fcrkiye\u2019nin yan\u0131 s\u0131ra Azerbaycan, Filipinler, T\u00fcrkmenistan, Uygur T\u00fcrkleri, Hindistan, Nijerya, Etiyopya, Banglade\u015f, Pakistan, \u00dcrd\u00fcn, Libya, Birle\u015fik Krall\u0131k, Rusya, Belarus, Ukrayna, Sudan, Kazakistan, G\u00fcney Afrika, Zimbabve ve Kenya\u2019dan gelen kat\u0131l\u0131mc\u0131lar k\u00fclt\u00fcrlerini tan\u0131tt\u0131.<\/p>\n<p>Etkinlikte Grup Deniz Feneri, Halil Sahk\u0131n &amp; SOS, Murat \u00c7\u0131\u011f ve Orkestras\u0131, Yahya Erenk\u00f6yl\u00fc ve Orkestras\u0131 konserler verdi. Ayr\u0131ca \u0130skele Belediyesi Halk Danslar\u0131 Toplulu\u011fu, Azerbaycan K\u00fclt\u00fcr Derne\u011fi, Filipinler, \u0130ran, AKGEM Roman Dans Grubu, Ge\u00e7itkale Halk Danslar\u0131 Toplulu\u011fu ve di\u011fer dans ekipleri g\u00f6steri yapt\u0131.<\/p>\n<\/p><\/div>\n<p><script async\n                    defer\n                    crossorigin=\"anonymous\"\n                    src=\"https:\/\/connect.facebook.net\/tr_TR\/sdk.js#xfbml=1&#038;version=v3.3\"\n            ><\/script><br \/>\n<br \/><br \/>\n<br \/><a href=\"https:\/\/brtk.net\/6-kulturlerin-kaynasmasi-etkinligi-derya-ulug-konseriyle-sona-erdi\/\">kpostasi <\/a><\/p>\n","protected":false},"excerpt":{"rendered":"<p>\u0130skele Belediyesi taraf\u0131ndan bu y\u0131l alt\u0131nc\u0131s\u0131 d\u00fczenlenen \u201cK\u00fclt\u00fcrlerin Kayna\u015fmas\u0131\u201d etkinli\u011fi, \u015fark\u0131c\u0131 Derya Ulu\u011f\u2019un konseriyle bitti. \u0130skele Belediye Ba\u015fkan\u0131 Hasan Sad\u0131ko\u011flu, etkinlikte stant a\u00e7anlara, kat\u0131l\u0131m g\u00f6steren halka ve a\u00e7\u0131l\u0131\u015fa kat\u0131lan Cumhurba\u015fkan\u0131 Ersin Tatar ba\u015fta olmak \u00fczere t\u00fcm destek\u00e7ilere te\u015fekk\u00fcr etti. \u0130skele Belediyesi\u2019nden yap\u0131lan a\u00e7\u0131klamaya g\u00f6re, bu y\u0131lki etkinlikte \u00e7e\u015fitli k\u00fclt\u00fcrlerden tan\u0131t\u0131m stantlar\u0131 kuruldu. T\u00fcrkiye\u2019nin yan\u0131 s\u0131ra<\/p>\n","protected":false},"author":1,"featured_media":66103,"comment_status":"open","ping_status":"open","sticky":false,"template":"","format":"standard","meta":{"footnotes":""},"categories":[1,81],"tags":[],"class_list":["post-66102","post","type-post","status-publish","format-standard","has-post-thumbnail","hentry","category-gundem","category-kibris"],"yoast_head":"<!-- This site is optimized with the Yoast SEO plugin v27.5 - https:\/\/yoast.com\/product\/yoast-seo-wordpress\/ -->\n<title>6. K\u00fclt\u00fcrlerin Kayna\u015fmas\u0131 etkinli\u011fi Derya Ulu\u011f konseriyle sona erdi -<\/title>\n<meta name=\"robots\" content=\"index, follow, max-snippet:-1, max-image-preview:large, max-video-preview:-1\" \/>\n<link rel=\"canonical\" href=\"https:\/\/kibrisdakik.com\/?p=66102\" \/>\n<meta property=\"og:locale\" content=\"tr_TR\" \/>\n<meta property=\"og:type\" content=\"article\" \/>\n<meta property=\"og:title\" content=\"6. K\u00fclt\u00fcrlerin Kayna\u015fmas\u0131 etkinli\u011fi Derya Ulu\u011f konseriyle sona erdi -\" \/>\n<meta property=\"og:description\" content=\"\u0130skele Belediyesi taraf\u0131ndan bu y\u0131l alt\u0131nc\u0131s\u0131 d\u00fczenlenen \u201cK\u00fclt\u00fcrlerin Kayna\u015fmas\u0131\u201d etkinli\u011fi, \u015fark\u0131c\u0131 Derya Ulu\u011f\u2019un konseriyle bitti. \u0130skele Belediye Ba\u015fkan\u0131 Hasan Sad\u0131ko\u011flu, etkinlikte stant a\u00e7anlara, kat\u0131l\u0131m g\u00f6steren halka ve a\u00e7\u0131l\u0131\u015fa kat\u0131lan Cumhurba\u015fkan\u0131 Ersin Tatar ba\u015fta olmak \u00fczere t\u00fcm destek\u00e7ilere te\u015fekk\u00fcr etti. \u0130skele Belediyesi\u2019nden yap\u0131lan a\u00e7\u0131klamaya g\u00f6re, bu y\u0131lki etkinlikte \u00e7e\u015fitli k\u00fclt\u00fcrlerden tan\u0131t\u0131m stantlar\u0131 kuruldu. T\u00fcrkiye\u2019nin yan\u0131 s\u0131ra\" \/>\n<meta property=\"og:url\" content=\"https:\/\/kibrisdakik.com\/?p=66102\" \/>\n<meta property=\"article:published_time\" content=\"2024-10-07T11:57:58+00:00\" \/>\n<meta property=\"og:image\" content=\"https:\/\/kibrisdakik.com\/wp-content\/uploads\/2024\/10\/SLDKSA-scaled-740x420.jpg\" \/>\n\t<meta property=\"og:image:width\" content=\"2560\" \/>\n\t<meta property=\"og:image:height\" content=\"1707\" \/>\n\t<meta property=\"og:image:type\" content=\"image\/jpeg\" \/>\n<meta name=\"author\" content=\"admin\" \/>\n<meta name=\"twitter:card\" content=\"summary_large_image\" \/>\n<meta name=\"twitter:label1\" content=\"Yazan:\" \/>\n\t<meta name=\"twitter:data1\" content=\"admin\" \/>\n\t<meta name=\"twitter:label2\" content=\"Tahmini okuma s\u00fcresi\" \/>\n\t<meta name=\"twitter:data2\" content=\"1 dakika\" \/>\n<script type=\"application\/ld+json\" class=\"yoast-schema-graph\">{\"@context\":\"https:\\\/\\\/schema.org\",\"@graph\":[{\"@type\":\"Article\",\"@id\":\"https:\\\/\\\/kibrisdakik.com\\\/?p=66102#article\",\"isPartOf\":{\"@id\":\"https:\\\/\\\/kibrisdakik.com\\\/?p=66102\"},\"author\":{\"name\":\"admin\",\"@id\":\"https:\\\/\\\/kibrisdakik.com\\\/#\\\/schema\\\/person\\\/9cd9d437bbb44f72b73ba127e06d8e79\"},\"headline\":\"6. K\u00fclt\u00fcrlerin Kayna\u015fmas\u0131 etkinli\u011fi Derya Ulu\u011f konseriyle sona erdi\",\"datePublished\":\"2024-10-07T11:57:58+00:00\",\"mainEntityOfPage\":{\"@id\":\"https:\\\/\\\/kibrisdakik.com\\\/?p=66102\"},\"wordCount\":204,\"commentCount\":0,\"image\":{\"@id\":\"https:\\\/\\\/kibrisdakik.com\\\/?p=66102#primaryimage\"},\"thumbnailUrl\":\"https:\\\/\\\/kibrisdakik.com\\\/wp-content\\\/uploads\\\/2024\\\/10\\\/SLDKSA-scaled-740x420.jpg\",\"articleSection\":[\"G\u00fcndem\",\"K\u0131br\u0131s\"],\"inLanguage\":\"tr\",\"potentialAction\":[{\"@type\":\"CommentAction\",\"name\":\"Comment\",\"target\":[\"https:\\\/\\\/kibrisdakik.com\\\/?p=66102#respond\"]}]},{\"@type\":\"WebPage\",\"@id\":\"https:\\\/\\\/kibrisdakik.com\\\/?p=66102\",\"url\":\"https:\\\/\\\/kibrisdakik.com\\\/?p=66102\",\"name\":\"6. K\u00fclt\u00fcrlerin Kayna\u015fmas\u0131 etkinli\u011fi Derya Ulu\u011f konseriyle sona erdi -\",\"isPartOf\":{\"@id\":\"https:\\\/\\\/kibrisdakik.com\\\/#website\"},\"primaryImageOfPage\":{\"@id\":\"https:\\\/\\\/kibrisdakik.com\\\/?p=66102#primaryimage\"},\"image\":{\"@id\":\"https:\\\/\\\/kibrisdakik.com\\\/?p=66102#primaryimage\"},\"thumbnailUrl\":\"https:\\\/\\\/kibrisdakik.com\\\/wp-content\\\/uploads\\\/2024\\\/10\\\/SLDKSA-scaled-740x420.jpg\",\"datePublished\":\"2024-10-07T11:57:58+00:00\",\"author\":{\"@id\":\"https:\\\/\\\/kibrisdakik.com\\\/#\\\/schema\\\/person\\\/9cd9d437bbb44f72b73ba127e06d8e79\"},\"breadcrumb\":{\"@id\":\"https:\\\/\\\/kibrisdakik.com\\\/?p=66102#breadcrumb\"},\"inLanguage\":\"tr\",\"potentialAction\":[{\"@type\":\"ReadAction\",\"target\":[\"https:\\\/\\\/kibrisdakik.com\\\/?p=66102\"]}]},{\"@type\":\"ImageObject\",\"inLanguage\":\"tr\",\"@id\":\"https:\\\/\\\/kibrisdakik.com\\\/?p=66102#primaryimage\",\"url\":\"https:\\\/\\\/kibrisdakik.com\\\/wp-content\\\/uploads\\\/2024\\\/10\\\/SLDKSA-scaled-740x420.jpg\",\"contentUrl\":\"https:\\\/\\\/kibrisdakik.com\\\/wp-content\\\/uploads\\\/2024\\\/10\\\/SLDKSA-scaled-740x420.jpg\",\"width\":2560,\"height\":1707},{\"@type\":\"BreadcrumbList\",\"@id\":\"https:\\\/\\\/kibrisdakik.com\\\/?p=66102#breadcrumb\",\"itemListElement\":[{\"@type\":\"ListItem\",\"position\":1,\"name\":\"Home\",\"item\":\"https:\\\/\\\/kibrisdakik.com\\\/\"},{\"@type\":\"ListItem\",\"position\":2,\"name\":\"6. K\u00fclt\u00fcrlerin Kayna\u015fmas\u0131 etkinli\u011fi Derya Ulu\u011f konseriyle sona erdi\"}]},{\"@type\":\"WebSite\",\"@id\":\"https:\\\/\\\/kibrisdakik.com\\\/#website\",\"url\":\"https:\\\/\\\/kibrisdakik.com\\\/\",\"name\":\"\",\"description\":\"Tam vaktinde haber\",\"potentialAction\":[{\"@type\":\"SearchAction\",\"target\":{\"@type\":\"EntryPoint\",\"urlTemplate\":\"https:\\\/\\\/kibrisdakik.com\\\/?s={search_term_string}\"},\"query-input\":{\"@type\":\"PropertyValueSpecification\",\"valueRequired\":true,\"valueName\":\"search_term_string\"}}],\"inLanguage\":\"tr\"},{\"@type\":\"Person\",\"@id\":\"https:\\\/\\\/kibrisdakik.com\\\/#\\\/schema\\\/person\\\/9cd9d437bbb44f72b73ba127e06d8e79\",\"name\":\"admin\",\"image\":{\"@type\":\"ImageObject\",\"inLanguage\":\"tr\",\"@id\":\"https:\\\/\\\/secure.gravatar.com\\\/avatar\\\/ccc17943b9d660506c869530f897617f7cb1c21a4bf30023f252596d83e1f007?s=96&d=mm&r=g\",\"url\":\"https:\\\/\\\/secure.gravatar.com\\\/avatar\\\/ccc17943b9d660506c869530f897617f7cb1c21a4bf30023f252596d83e1f007?s=96&d=mm&r=g\",\"contentUrl\":\"https:\\\/\\\/secure.gravatar.com\\\/avatar\\\/ccc17943b9d660506c869530f897617f7cb1c21a4bf30023f252596d83e1f007?s=96&d=mm&r=g\",\"caption\":\"admin\"},\"sameAs\":[\"https:\\\/\\\/kibrisdakik.com\"],\"url\":\"https:\\\/\\\/kibrisdakik.com\\\/?author=1\"}]}<\/script>\n<!-- \/ Yoast SEO plugin. -->","yoast_head_json":{"title":"6. K\u00fclt\u00fcrlerin Kayna\u015fmas\u0131 etkinli\u011fi Derya Ulu\u011f konseriyle sona erdi -","robots":{"index":"index","follow":"follow","max-snippet":"max-snippet:-1","max-image-preview":"max-image-preview:large","max-video-preview":"max-video-preview:-1"},"canonical":"https:\/\/kibrisdakik.com\/?p=66102","og_locale":"tr_TR","og_type":"article","og_title":"6. K\u00fclt\u00fcrlerin Kayna\u015fmas\u0131 etkinli\u011fi Derya Ulu\u011f konseriyle sona erdi -","og_description":"\u0130skele Belediyesi taraf\u0131ndan bu y\u0131l alt\u0131nc\u0131s\u0131 d\u00fczenlenen \u201cK\u00fclt\u00fcrlerin Kayna\u015fmas\u0131\u201d etkinli\u011fi, \u015fark\u0131c\u0131 Derya Ulu\u011f\u2019un konseriyle bitti. \u0130skele Belediye Ba\u015fkan\u0131 Hasan Sad\u0131ko\u011flu, etkinlikte stant a\u00e7anlara, kat\u0131l\u0131m g\u00f6steren halka ve a\u00e7\u0131l\u0131\u015fa kat\u0131lan Cumhurba\u015fkan\u0131 Ersin Tatar ba\u015fta olmak \u00fczere t\u00fcm destek\u00e7ilere te\u015fekk\u00fcr etti. \u0130skele Belediyesi\u2019nden yap\u0131lan a\u00e7\u0131klamaya g\u00f6re, bu y\u0131lki etkinlikte \u00e7e\u015fitli k\u00fclt\u00fcrlerden tan\u0131t\u0131m stantlar\u0131 kuruldu. T\u00fcrkiye\u2019nin yan\u0131 s\u0131ra","og_url":"https:\/\/kibrisdakik.com\/?p=66102","article_published_time":"2024-10-07T11:57:58+00:00","og_image":[{"width":2560,"height":1707,"url":"https:\/\/kibrisdakik.com\/wp-content\/uploads\/2024\/10\/SLDKSA-scaled-740x420.jpg","type":"image\/jpeg"}],"author":"admin","twitter_card":"summary_large_image","twitter_misc":{"Yazan:":"admin","Tahmini okuma s\u00fcresi":"1 dakika"},"schema":{"@context":"https:\/\/schema.org","@graph":[{"@type":"Article","@id":"https:\/\/kibrisdakik.com\/?p=66102#article","isPartOf":{"@id":"https:\/\/kibrisdakik.com\/?p=66102"},"author":{"name":"admin","@id":"https:\/\/kibrisdakik.com\/#\/schema\/person\/9cd9d437bbb44f72b73ba127e06d8e79"},"headline":"6. K\u00fclt\u00fcrlerin Kayna\u015fmas\u0131 etkinli\u011fi Derya Ulu\u011f konseriyle sona erdi","datePublished":"2024-10-07T11:57:58+00:00","mainEntityOfPage":{"@id":"https:\/\/kibrisdakik.com\/?p=66102"},"wordCount":204,"commentCount":0,"image":{"@id":"https:\/\/kibrisdakik.com\/?p=66102#primaryimage"},"thumbnailUrl":"https:\/\/kibrisdakik.com\/wp-content\/uploads\/2024\/10\/SLDKSA-scaled-740x420.jpg","articleSection":["G\u00fcndem","K\u0131br\u0131s"],"inLanguage":"tr","potentialAction":[{"@type":"CommentAction","name":"Comment","target":["https:\/\/kibrisdakik.com\/?p=66102#respond"]}]},{"@type":"WebPage","@id":"https:\/\/kibrisdakik.com\/?p=66102","url":"https:\/\/kibrisdakik.com\/?p=66102","name":"6. K\u00fclt\u00fcrlerin Kayna\u015fmas\u0131 etkinli\u011fi Derya Ulu\u011f konseriyle sona erdi -","isPartOf":{"@id":"https:\/\/kibrisdakik.com\/#website"},"primaryImageOfPage":{"@id":"https:\/\/kibrisdakik.com\/?p=66102#primaryimage"},"image":{"@id":"https:\/\/kibrisdakik.com\/?p=66102#primaryimage"},"thumbnailUrl":"https:\/\/kibrisdakik.com\/wp-content\/uploads\/2024\/10\/SLDKSA-scaled-740x420.jpg","datePublished":"2024-10-07T11:57:58+00:00","author":{"@id":"https:\/\/kibrisdakik.com\/#\/schema\/person\/9cd9d437bbb44f72b73ba127e06d8e79"},"breadcrumb":{"@id":"https:\/\/kibrisdakik.com\/?p=66102#breadcrumb"},"inLanguage":"tr","potentialAction":[{"@type":"ReadAction","target":["https:\/\/kibrisdakik.com\/?p=66102"]}]},{"@type":"ImageObject","inLanguage":"tr","@id":"https:\/\/kibrisdakik.com\/?p=66102#primaryimage","url":"https:\/\/kibrisdakik.com\/wp-content\/uploads\/2024\/10\/SLDKSA-scaled-740x420.jpg","contentUrl":"https:\/\/kibrisdakik.com\/wp-content\/uploads\/2024\/10\/SLDKSA-scaled-740x420.jpg","width":2560,"height":1707},{"@type":"BreadcrumbList","@id":"https:\/\/kibrisdakik.com\/?p=66102#breadcrumb","itemListElement":[{"@type":"ListItem","position":1,"name":"Home","item":"https:\/\/kibrisdakik.com\/"},{"@type":"ListItem","position":2,"name":"6. K\u00fclt\u00fcrlerin Kayna\u015fmas\u0131 etkinli\u011fi Derya Ulu\u011f konseriyle sona erdi"}]},{"@type":"WebSite","@id":"https:\/\/kibrisdakik.com\/#website","url":"https:\/\/kibrisdakik.com\/","name":"","description":"Tam vaktinde haber","potentialAction":[{"@type":"SearchAction","target":{"@type":"EntryPoint","urlTemplate":"https:\/\/kibrisdakik.com\/?s={search_term_string}"},"query-input":{"@type":"PropertyValueSpecification","valueRequired":true,"valueName":"search_term_string"}}],"inLanguage":"tr"},{"@type":"Person","@id":"https:\/\/kibrisdakik.com\/#\/schema\/person\/9cd9d437bbb44f72b73ba127e06d8e79","name":"admin","image":{"@type":"ImageObject","inLanguage":"tr","@id":"https:\/\/secure.gravatar.com\/avatar\/ccc17943b9d660506c869530f897617f7cb1c21a4bf30023f252596d83e1f007?s=96&d=mm&r=g","url":"https:\/\/secure.gravatar.com\/avatar\/ccc17943b9d660506c869530f897617f7cb1c21a4bf30023f252596d83e1f007?s=96&d=mm&r=g","contentUrl":"https:\/\/secure.gravatar.com\/avatar\/ccc17943b9d660506c869530f897617f7cb1c21a4bf30023f252596d83e1f007?s=96&d=mm&r=g","caption":"admin"},"sameAs":["https:\/\/kibrisdakik.com"],"url":"https:\/\/kibrisdakik.com\/?author=1"}]}},"_links":{"self":[{"href":"https:\/\/kibrisdakik.com\/index.php?rest_route=\/wp\/v2\/posts\/66102","targetHints":{"allow":["GET"]}}],"collection":[{"href":"https:\/\/kibrisdakik.com\/index.php?rest_route=\/wp\/v2\/posts"}],"about":[{"href":"https:\/\/kibrisdakik.com\/index.php?rest_route=\/wp\/v2\/types\/post"}],"author":[{"embeddable":true,"href":"https:\/\/kibrisdakik.com\/index.php?rest_route=\/wp\/v2\/users\/1"}],"replies":[{"embeddable":true,"href":"https:\/\/kibrisdakik.com\/index.php?rest_route=%2Fwp%2Fv2%2Fcomments&post=66102"}],"version-history":[{"count":0,"href":"https:\/\/kibrisdakik.com\/index.php?rest_route=\/wp\/v2\/posts\/66102\/revisions"}],"wp:featuredmedia":[{"embeddable":true,"href":"https:\/\/kibrisdakik.com\/index.php?rest_route=\/wp\/v2\/media\/66103"}],"wp:attachment":[{"href":"https:\/\/kibrisdakik.com\/index.php?rest_route=%2Fwp%2Fv2%2Fmedia&parent=66102"}],"wp:term":[{"taxonomy":"category","embeddable":true,"href":"https:\/\/kibrisdakik.com\/index.php?rest_route=%2Fwp%2Fv2%2Fcategories&post=66102"},{"taxonomy":"post_tag","embeddable":true,"href":"https:\/\/kibrisdakik.com\/index.php?rest_route=%2Fwp%2Fv2%2Ftags&post=66102"}],"curies":[{"name":"wp","href":"https:\/\/api.w.org\/{rel}","templated":true}]}}