{"id":66160,"date":"2024-10-07T22:07:10","date_gmt":"2024-10-07T19:07:10","guid":{"rendered":"https:\/\/kibrisdakik.com\/index.php\/2024\/10\/07\/cumhurbaskani-ersin-tatar-toplu-konut-idaresi-toki-baskani-mustafa-levent-sunguru-kabul-etti-cumhurbaskani-ersin-tatar-toki-baskani-mustafa-levent-sungur-ve-beraberindeki-heyeti-kabul-ed\/"},"modified":"2024-10-07T22:07:10","modified_gmt":"2024-10-07T19:07:10","slug":"cumhurbaskani-ersin-tatar-toplu-konut-idaresi-toki-baskani-mustafa-levent-sunguru-kabul-etti-cumhurbaskani-ersin-tatar-toki-baskani-mustafa-levent-sungur-ve-beraberindeki-heyeti-kabul-ed","status":"publish","type":"post","link":"https:\/\/kibrisdakik.com\/?p=66160","title":{"rendered":"Cumhurba\u015fkan\u0131 Ersin Tatar   Toplu Konut \u0130daresi (TOK\u0130) Ba\u015fkan\u0131 Mustafa Levent Sungur\u2019u kabul etti  Cumhurba\u015fkan\u0131 Ersin Tatar TOK\u0130 Ba\u015fkan\u0131 Mustafa Levent Sungur ve beraberindeki heyeti kabul ederek g\u00f6r\u00fc\u015ft\u00fc.  Kabulde yapt\u0131\u011f\u0131 konu\u015fmada, Cumhurba\u015fkan\u0131 Ersin Tatar, TOK\u0130\u2019nin \u00f6nemli bir kurum oldu\u011funu belirterek,  ziyaretten duydu\u011fu memnuniyeti ifade etti.  Deprem b\u00f6lgesi ziyaretleri esnas\u0131nda, sa\u011flam binalara rastland\u0131\u011f\u0131n\u0131 belirten Cumhurba\u015fkan\u0131 Tatar, bu binalar\u0131n  bir\u00e7o\u011funun TOK\u0130\u2019ye ait oldu\u011funu ifade etti. Cumhurba\u015fkan\u0131 Tatar, TOK\u0130\u2019nin altyap\u0131 ve ekibi ile kaliteli \u00e7al\u0131\u015fmalara imza atan  \u00f6nemli bir kurum oldu\u011funu  belirterek, yap\u0131sal d\u00f6n\u00fc\u015f\u00fcm\u00fc en iyi \u015fekilde ger\u00e7ekle\u015ftiren kurumlardan biri oldu\u011funu vurgulad\u0131.   T\u00fcrkiye Cumhuriyetinde \u00f6nemli \u00e7al\u0131\u015fmalar yapan TOK\u0130\u2019nin, Kuzey K\u0131br\u0131s T\u00fcrk Cumhuriyetinde de K\u0131br\u0131s halk\u0131na hizmet sunmas\u0131n\u0131n son derece \u00f6nemli oldu\u011funun alt\u0131n\u0131 \u00e7izdi.  TOK\u0130\u2019nin, Kuzey K\u0131br\u0131s T\u00fcrk Cumhuriyeti\u2019nin imar ve yap\u0131lanmas\u0131na katk\u0131 koymas\u0131n\u0131n \u00f6nemli bir de\u011fer oldu\u011funun alt\u0131n\u0131 \u00e7izen Cumhurba\u015fkan\u0131 Tatar, TOK\u0130 ba\u015fkan\u0131 ve yetkililerine \u00e7al\u0131\u015fmalar\u0131nda ba\u015far\u0131lar diledi.   TOK\u0130\u2019nin katk\u0131 ve yard\u0131mlar\u0131n\u0131n K\u0131br\u0131s T\u00fcrk halk\u0131n\u0131 daha da g\u00fc\u00e7lendirece\u011fini vurgulayan Cumhurba\u015fkan\u0131 Tatar, bu kurumun \u00e7al\u0131\u015fmalar\u0131n\u0131n \u00e7ok k\u0131ymetli oldu\u011funu belirtti.   Anavatan T\u00fcrkiye ile olan ba\u011flar\u0131n \u00e7ok g\u00fc\u00e7l\u00fc oldu\u011funu ifade eden Cumhurba\u015fkan\u0131 Tatar, Do\u011fu Akdeniz\u2019de  ba\u011f\u0131ms\u0131z bir devlet olan Kuzey K\u0131br\u0131s T\u00fcrk Cumhuriyeti\u2019nin yap\u0131s\u0131n\u0131 g\u00fc\u00e7lendirmek, halk\u0131na daha iyi hizmet sunmak ad\u0131na TOK\u0130\u2019nin sunaca\u011f\u0131 hizmet ve katk\u0131lar\u0131n \u00e7ok \u00f6nemli geli\u015fmelerin ilk ad\u0131m\u0131 olaca\u011f\u0131n\u0131 s\u00f6zlerine ekledi."},"content":{"rendered":"<div>\n<div class=\"mariselle-image-container center\">\n                                            <\/div>\n<p>Cumhurba\u015fkan\u0131 Ersin Tatar TOK\u0130 Ba\u015fkan\u0131 Mustafa Levent Sungur ve beraberindeki heyeti kabul ederek g\u00f6r\u00fc\u015ft\u00fc.<\/p>\n<p>Kabulde yapt\u0131\u011f\u0131 konu\u015fmada, Cumhurba\u015fkan\u0131 Ersin Tatar, TOK\u0130\u2019nin \u00f6nemli bir kurum oldu\u011funu belirterek,\u00a0 ziyaretten duydu\u011fu memnuniyeti ifade etti.<\/p>\n<p>Deprem b\u00f6lgesi ziyaretleri esnas\u0131nda, sa\u011flam binalara rastland\u0131\u011f\u0131n\u0131 belirten Cumhurba\u015fkan\u0131 Tatar, bu binalar\u0131n\u00a0 bir\u00e7o\u011funun TOK\u0130\u2019ye ait oldu\u011funu ifade etti. Cumhurba\u015fkan\u0131 Tatar, TOK\u0130\u2019nin altyap\u0131 ve ekibi ile kaliteli \u00e7al\u0131\u015fmalara imza atan\u00a0 \u00f6nemli bir kurum oldu\u011funu\u00a0 belirterek, yap\u0131sal d\u00f6n\u00fc\u015f\u00fcm\u00fc en iyi \u015fekilde ger\u00e7ekle\u015ftiren kurumlardan biri oldu\u011funu vurgulad\u0131.\u00a0<\/p>\n<p>T\u00fcrkiye Cumhuriyetinde \u00f6nemli \u00e7al\u0131\u015fmalar yapan TOK\u0130\u2019nin, Kuzey K\u0131br\u0131s T\u00fcrk Cumhuriyetinde de K\u0131br\u0131s halk\u0131na hizmet sunmas\u0131n\u0131n son derece \u00f6nemli oldu\u011funun alt\u0131n\u0131 \u00e7izdi.\u00a0<\/p>\n<p>TOK\u0130\u2019nin, Kuzey K\u0131br\u0131s T\u00fcrk Cumhuriyeti\u2019nin imar ve yap\u0131lanmas\u0131na katk\u0131 koymas\u0131n\u0131n \u00f6nemli bir de\u011fer oldu\u011funun alt\u0131n\u0131 \u00e7izen Cumhurba\u015fkan\u0131 Tatar, TOK\u0130 ba\u015fkan\u0131 ve yetkililerine \u00e7al\u0131\u015fmalar\u0131nda ba\u015far\u0131lar diledi.\u00a0<\/p>\n<p>TOK\u0130\u2019nin katk\u0131 ve yard\u0131mlar\u0131n\u0131n K\u0131br\u0131s T\u00fcrk halk\u0131n\u0131 daha da g\u00fc\u00e7lendirece\u011fini vurgulayan Cumhurba\u015fkan\u0131 Tatar, bu kurumun \u00e7al\u0131\u015fmalar\u0131n\u0131n \u00e7ok k\u0131ymetli oldu\u011funu belirtti.\u00a0<\/p>\n<p>Anavatan T\u00fcrkiye ile olan ba\u011flar\u0131n \u00e7ok g\u00fc\u00e7l\u00fc oldu\u011funu ifade eden Cumhurba\u015fkan\u0131 Tatar, Do\u011fu Akdeniz\u2019de\u00a0 ba\u011f\u0131ms\u0131z bir devlet olan Kuzey K\u0131br\u0131s T\u00fcrk Cumhuriyeti\u2019nin yap\u0131s\u0131n\u0131 g\u00fc\u00e7lendirmek, halk\u0131na daha iyi hizmet sunmak ad\u0131na TOK\u0130\u2019nin sunaca\u011f\u0131 hizmet ve katk\u0131lar\u0131n \u00e7ok \u00f6nemli geli\u015fmelerin ilk ad\u0131m\u0131 olaca\u011f\u0131n\u0131 s\u00f6zlerine ekledi.<\/p>\n<\/p><\/div>\n<p><script async\n                    defer\n                    crossorigin=\"anonymous\"\n                    src=\"https:\/\/connect.facebook.net\/tr_TR\/sdk.js#xfbml=1&#038;version=v3.3\"\n            ><\/script><\/p>\n","protected":false},"excerpt":{"rendered":"<p>Cumhurba\u015fkan\u0131 Ersin Tatar TOK\u0130 Ba\u015fkan\u0131 Mustafa Levent Sungur ve beraberindeki heyeti kabul ederek g\u00f6r\u00fc\u015ft\u00fc. Kabulde yapt\u0131\u011f\u0131 konu\u015fmada, Cumhurba\u015fkan\u0131 Ersin Tatar, TOK\u0130\u2019nin \u00f6nemli bir kurum oldu\u011funu belirterek,\u00a0 ziyaretten duydu\u011fu memnuniyeti ifade etti. Deprem b\u00f6lgesi ziyaretleri esnas\u0131nda, sa\u011flam binalara rastland\u0131\u011f\u0131n\u0131 belirten Cumhurba\u015fkan\u0131 Tatar, bu binalar\u0131n\u00a0 bir\u00e7o\u011funun TOK\u0130\u2019ye ait oldu\u011funu ifade etti. Cumhurba\u015fkan\u0131 Tatar, TOK\u0130\u2019nin altyap\u0131 ve ekibi<\/p>\n","protected":false},"author":1,"featured_media":66161,"comment_status":"open","ping_status":"open","sticky":false,"template":"","format":"standard","meta":{"footnotes":""},"categories":[81],"tags":[],"class_list":["post-66160","post","type-post","status-publish","format-standard","has-post-thumbnail","hentry","category-kibris"],"yoast_head":"<!-- This site is optimized with the Yoast SEO plugin v27.4 - https:\/\/yoast.com\/product\/yoast-seo-wordpress\/ -->\n<title>Cumhurba\u015fkan\u0131 Ersin Tatar  Toplu Konut \u0130daresi (TOK\u0130) Ba\u015fkan\u0131 Mustafa Levent Sungur\u2019u kabul etti Cumhurba\u015fkan\u0131 Ersin Tatar TOK\u0130 Ba\u015fkan\u0131 Mustafa Levent Sungur ve beraberindeki heyeti kabul ederek g\u00f6r\u00fc\u015ft\u00fc. Kabulde yapt\u0131\u011f\u0131 konu\u015fmada, Cumhurba\u015fkan\u0131 Ersin Tatar, TOK\u0130\u2019nin \u00f6nemli bir kurum oldu\u011funu belirterek, ziyaretten duydu\u011fu memnuniyeti ifade etti. Deprem b\u00f6lgesi ziyaretleri esnas\u0131nda, sa\u011flam binalara rastland\u0131\u011f\u0131n\u0131 belirten Cumhurba\u015fkan\u0131 Tatar, bu binalar\u0131n bir\u00e7o\u011funun TOK\u0130\u2019ye ait oldu\u011funu ifade etti. Cumhurba\u015fkan\u0131 Tatar, TOK\u0130\u2019nin altyap\u0131 ve ekibi ile kaliteli \u00e7al\u0131\u015fmalara imza atan \u00f6nemli bir kurum oldu\u011funu belirterek, yap\u0131sal d\u00f6n\u00fc\u015f\u00fcm\u00fc en iyi \u015fekilde ger\u00e7ekle\u015ftiren kurumlardan biri oldu\u011funu vurgulad\u0131.  T\u00fcrkiye Cumhuriyetinde \u00f6nemli \u00e7al\u0131\u015fmalar yapan TOK\u0130\u2019nin, Kuzey K\u0131br\u0131s T\u00fcrk Cumhuriyetinde de K\u0131br\u0131s halk\u0131na hizmet sunmas\u0131n\u0131n son derece \u00f6nemli oldu\u011funun alt\u0131n\u0131 \u00e7izdi. TOK\u0130\u2019nin, Kuzey K\u0131br\u0131s T\u00fcrk Cumhuriyeti\u2019nin imar ve yap\u0131lanmas\u0131na katk\u0131 koymas\u0131n\u0131n \u00f6nemli bir de\u011fer oldu\u011funun alt\u0131n\u0131 \u00e7izen Cumhurba\u015fkan\u0131 Tatar, TOK\u0130 ba\u015fkan\u0131 ve yetkililerine \u00e7al\u0131\u015fmalar\u0131nda ba\u015far\u0131lar diledi.  TOK\u0130\u2019nin katk\u0131 ve yard\u0131mlar\u0131n\u0131n K\u0131br\u0131s T\u00fcrk halk\u0131n\u0131 daha da g\u00fc\u00e7lendirece\u011fini vurgulayan Cumhurba\u015fkan\u0131 Tatar, bu kurumun \u00e7al\u0131\u015fmalar\u0131n\u0131n \u00e7ok k\u0131ymetli oldu\u011funu belirtti.  Anavatan T\u00fcrkiye ile olan ba\u011flar\u0131n \u00e7ok g\u00fc\u00e7l\u00fc oldu\u011funu ifade eden Cumhurba\u015fkan\u0131 Tatar, Do\u011fu Akdeniz\u2019de ba\u011f\u0131ms\u0131z bir devlet olan Kuzey K\u0131br\u0131s T\u00fcrk Cumhuriyeti\u2019nin yap\u0131s\u0131n\u0131 g\u00fc\u00e7lendirmek, halk\u0131na daha iyi hizmet sunmak ad\u0131na TOK\u0130\u2019nin sunaca\u011f\u0131 hizmet ve katk\u0131lar\u0131n \u00e7ok \u00f6nemli geli\u015fmelerin ilk ad\u0131m\u0131 olaca\u011f\u0131n\u0131 s\u00f6zlerine ekledi. -<\/title>\n<meta name=\"robots\" content=\"index, follow, max-snippet:-1, max-image-preview:large, max-video-preview:-1\" \/>\n<link rel=\"canonical\" href=\"https:\/\/kibrisdakik.com\/?p=66160\" \/>\n<meta property=\"og:locale\" content=\"tr_TR\" \/>\n<meta property=\"og:type\" content=\"article\" \/>\n<meta property=\"og:title\" content=\"Cumhurba\u015fkan\u0131 Ersin Tatar  Toplu Konut \u0130daresi (TOK\u0130) Ba\u015fkan\u0131 Mustafa Levent Sungur\u2019u kabul etti Cumhurba\u015fkan\u0131 Ersin Tatar TOK\u0130 Ba\u015fkan\u0131 Mustafa Levent Sungur ve beraberindeki heyeti kabul ederek g\u00f6r\u00fc\u015ft\u00fc. Kabulde yapt\u0131\u011f\u0131 konu\u015fmada, Cumhurba\u015fkan\u0131 Ersin Tatar, TOK\u0130\u2019nin \u00f6nemli bir kurum oldu\u011funu belirterek, ziyaretten duydu\u011fu memnuniyeti ifade etti. Deprem b\u00f6lgesi ziyaretleri esnas\u0131nda, sa\u011flam binalara rastland\u0131\u011f\u0131n\u0131 belirten Cumhurba\u015fkan\u0131 Tatar, bu binalar\u0131n bir\u00e7o\u011funun TOK\u0130\u2019ye ait oldu\u011funu ifade etti. Cumhurba\u015fkan\u0131 Tatar, TOK\u0130\u2019nin altyap\u0131 ve ekibi ile kaliteli \u00e7al\u0131\u015fmalara imza atan \u00f6nemli bir kurum oldu\u011funu belirterek, yap\u0131sal d\u00f6n\u00fc\u015f\u00fcm\u00fc en iyi \u015fekilde ger\u00e7ekle\u015ftiren kurumlardan biri oldu\u011funu vurgulad\u0131.  T\u00fcrkiye Cumhuriyetinde \u00f6nemli \u00e7al\u0131\u015fmalar yapan TOK\u0130\u2019nin, Kuzey K\u0131br\u0131s T\u00fcrk Cumhuriyetinde de K\u0131br\u0131s halk\u0131na hizmet sunmas\u0131n\u0131n son derece \u00f6nemli oldu\u011funun alt\u0131n\u0131 \u00e7izdi. TOK\u0130\u2019nin, Kuzey K\u0131br\u0131s T\u00fcrk Cumhuriyeti\u2019nin imar ve yap\u0131lanmas\u0131na katk\u0131 koymas\u0131n\u0131n \u00f6nemli bir de\u011fer oldu\u011funun alt\u0131n\u0131 \u00e7izen Cumhurba\u015fkan\u0131 Tatar, TOK\u0130 ba\u015fkan\u0131 ve yetkililerine \u00e7al\u0131\u015fmalar\u0131nda ba\u015far\u0131lar diledi.  TOK\u0130\u2019nin katk\u0131 ve yard\u0131mlar\u0131n\u0131n K\u0131br\u0131s T\u00fcrk halk\u0131n\u0131 daha da g\u00fc\u00e7lendirece\u011fini vurgulayan Cumhurba\u015fkan\u0131 Tatar, bu kurumun \u00e7al\u0131\u015fmalar\u0131n\u0131n \u00e7ok k\u0131ymetli oldu\u011funu belirtti.  Anavatan T\u00fcrkiye ile olan ba\u011flar\u0131n \u00e7ok g\u00fc\u00e7l\u00fc oldu\u011funu ifade eden Cumhurba\u015fkan\u0131 Tatar, Do\u011fu Akdeniz\u2019de ba\u011f\u0131ms\u0131z bir devlet olan Kuzey K\u0131br\u0131s T\u00fcrk Cumhuriyeti\u2019nin yap\u0131s\u0131n\u0131 g\u00fc\u00e7lendirmek, halk\u0131na daha iyi hizmet sunmak ad\u0131na TOK\u0130\u2019nin sunaca\u011f\u0131 hizmet ve katk\u0131lar\u0131n \u00e7ok \u00f6nemli geli\u015fmelerin ilk ad\u0131m\u0131 olaca\u011f\u0131n\u0131 s\u00f6zlerine ekledi. -\" \/>\n<meta property=\"og:description\" content=\"Cumhurba\u015fkan\u0131 Ersin Tatar TOK\u0130 Ba\u015fkan\u0131 Mustafa Levent Sungur ve beraberindeki heyeti kabul ederek g\u00f6r\u00fc\u015ft\u00fc. Kabulde yapt\u0131\u011f\u0131 konu\u015fmada, Cumhurba\u015fkan\u0131 Ersin Tatar, TOK\u0130\u2019nin \u00f6nemli bir kurum oldu\u011funu belirterek,\u00a0 ziyaretten duydu\u011fu memnuniyeti ifade etti. Deprem b\u00f6lgesi ziyaretleri esnas\u0131nda, sa\u011flam binalara rastland\u0131\u011f\u0131n\u0131 belirten Cumhurba\u015fkan\u0131 Tatar, bu binalar\u0131n\u00a0 bir\u00e7o\u011funun TOK\u0130\u2019ye ait oldu\u011funu ifade etti. Cumhurba\u015fkan\u0131 Tatar, TOK\u0130\u2019nin altyap\u0131 ve ekibi\" \/>\n<meta property=\"og:url\" content=\"https:\/\/kibrisdakik.com\/?p=66160\" \/>\n<meta property=\"article:published_time\" content=\"2024-10-07T19:07:10+00:00\" \/>\n<meta property=\"og:image\" content=\"https:\/\/kibrisdakik.com\/wp-content\/uploads\/2024\/10\/Screenshot_20241007_221442_Gallery-740x420.jpg\" \/>\n\t<meta property=\"og:image:width\" content=\"1079\" \/>\n\t<meta property=\"og:image:height\" content=\"508\" \/>\n\t<meta property=\"og:image:type\" content=\"image\/jpeg\" \/>\n<meta name=\"author\" content=\"admin\" \/>\n<meta name=\"twitter:card\" content=\"summary_large_image\" \/>\n<meta name=\"twitter:label1\" content=\"Yazan:\" \/>\n\t<meta name=\"twitter:data1\" content=\"admin\" \/>\n\t<meta name=\"twitter:label2\" content=\"Tahmini okuma s\u00fcresi\" \/>\n\t<meta name=\"twitter:data2\" content=\"1 dakika\" \/>\n<script type=\"application\/ld+json\" class=\"yoast-schema-graph\">{\"@context\":\"https:\\\/\\\/schema.org\",\"@graph\":[{\"@type\":\"Article\",\"@id\":\"https:\\\/\\\/kibrisdakik.com\\\/?p=66160#article\",\"isPartOf\":{\"@id\":\"https:\\\/\\\/kibrisdakik.com\\\/?p=66160\"},\"author\":{\"name\":\"admin\",\"@id\":\"https:\\\/\\\/kibrisdakik.com\\\/#\\\/schema\\\/person\\\/9cd9d437bbb44f72b73ba127e06d8e79\"},\"headline\":\"Cumhurba\u015fkan\u0131 Ersin Tatar Toplu Konut \u0130daresi (TOK\u0130) Ba\u015fkan\u0131 Mustafa Levent Sungur\u2019u kabul etti Cumhurba\u015fkan\u0131 Ersin Tatar TOK\u0130 Ba\u015fkan\u0131 Mustafa Levent Sungur ve beraberindeki heyeti kabul ederek g\u00f6r\u00fc\u015ft\u00fc. Kabulde yapt\u0131\u011f\u0131 konu\u015fmada, Cumhurba\u015fkan\u0131 Ersin Tatar, TOK\u0130\u2019nin \u00f6nemli bir kurum oldu\u011funu belirterek, ziyaretten duydu\u011fu memnuniyeti ifade etti. Deprem b\u00f6lgesi ziyaretleri esnas\u0131nda, sa\u011flam binalara rastland\u0131\u011f\u0131n\u0131 belirten Cumhurba\u015fkan\u0131 Tatar, bu binalar\u0131n bir\u00e7o\u011funun TOK\u0130\u2019ye ait oldu\u011funu ifade etti. Cumhurba\u015fkan\u0131 Tatar, TOK\u0130\u2019nin altyap\u0131 ve ekibi ile kaliteli \u00e7al\u0131\u015fmalara imza atan \u00f6nemli bir kurum oldu\u011funu belirterek, yap\u0131sal d\u00f6n\u00fc\u015f\u00fcm\u00fc en iyi \u015fekilde ger\u00e7ekle\u015ftiren kurumlardan biri oldu\u011funu vurgulad\u0131. T\u00fcrkiye Cumhuriyetinde \u00f6nemli \u00e7al\u0131\u015fmalar yapan TOK\u0130\u2019nin, Kuzey K\u0131br\u0131s T\u00fcrk Cumhuriyetinde de K\u0131br\u0131s halk\u0131na hizmet sunmas\u0131n\u0131n son derece \u00f6nemli oldu\u011funun alt\u0131n\u0131 \u00e7izdi. TOK\u0130\u2019nin, Kuzey K\u0131br\u0131s T\u00fcrk Cumhuriyeti\u2019nin imar ve yap\u0131lanmas\u0131na katk\u0131 koymas\u0131n\u0131n \u00f6nemli bir de\u011fer oldu\u011funun alt\u0131n\u0131 \u00e7izen Cumhurba\u015fkan\u0131 Tatar, TOK\u0130 ba\u015fkan\u0131 ve yetkililerine \u00e7al\u0131\u015fmalar\u0131nda ba\u015far\u0131lar diledi. TOK\u0130\u2019nin katk\u0131 ve yard\u0131mlar\u0131n\u0131n K\u0131br\u0131s T\u00fcrk halk\u0131n\u0131 daha da g\u00fc\u00e7lendirece\u011fini vurgulayan Cumhurba\u015fkan\u0131 Tatar, bu kurumun \u00e7al\u0131\u015fmalar\u0131n\u0131n \u00e7ok k\u0131ymetli oldu\u011funu belirtti. Anavatan T\u00fcrkiye ile olan ba\u011flar\u0131n \u00e7ok g\u00fc\u00e7l\u00fc oldu\u011funu ifade eden Cumhurba\u015fkan\u0131 Tatar, Do\u011fu Akdeniz\u2019de ba\u011f\u0131ms\u0131z bir devlet olan Kuzey K\u0131br\u0131s T\u00fcrk Cumhuriyeti\u2019nin yap\u0131s\u0131n\u0131 g\u00fc\u00e7lendirmek, halk\u0131na daha iyi hizmet sunmak ad\u0131na TOK\u0130\u2019nin sunaca\u011f\u0131 hizmet ve katk\u0131lar\u0131n \u00e7ok \u00f6nemli geli\u015fmelerin ilk ad\u0131m\u0131 olaca\u011f\u0131n\u0131 s\u00f6zlerine ekledi.\",\"datePublished\":\"2024-10-07T19:07:10+00:00\",\"mainEntityOfPage\":{\"@id\":\"https:\\\/\\\/kibrisdakik.com\\\/?p=66160\"},\"wordCount\":588,\"commentCount\":0,\"image\":{\"@id\":\"https:\\\/\\\/kibrisdakik.com\\\/?p=66160#primaryimage\"},\"thumbnailUrl\":\"https:\\\/\\\/kibrisdakik.com\\\/wp-content\\\/uploads\\\/2024\\\/10\\\/Screenshot_20241007_221442_Gallery-740x420.jpg\",\"articleSection\":[\"K\u0131br\u0131s\"],\"inLanguage\":\"tr\",\"potentialAction\":[{\"@type\":\"CommentAction\",\"name\":\"Comment\",\"target\":[\"https:\\\/\\\/kibrisdakik.com\\\/?p=66160#respond\"]}]},{\"@type\":\"WebPage\",\"@id\":\"https:\\\/\\\/kibrisdakik.com\\\/?p=66160\",\"url\":\"https:\\\/\\\/kibrisdakik.com\\\/?p=66160\",\"name\":\"Cumhurba\u015fkan\u0131 Ersin Tatar Toplu Konut \u0130daresi (TOK\u0130) Ba\u015fkan\u0131 Mustafa Levent Sungur\u2019u kabul etti Cumhurba\u015fkan\u0131 Ersin Tatar TOK\u0130 Ba\u015fkan\u0131 Mustafa Levent Sungur ve beraberindeki heyeti kabul ederek g\u00f6r\u00fc\u015ft\u00fc. Kabulde yapt\u0131\u011f\u0131 konu\u015fmada, Cumhurba\u015fkan\u0131 Ersin Tatar, TOK\u0130\u2019nin \u00f6nemli bir kurum oldu\u011funu belirterek, ziyaretten duydu\u011fu memnuniyeti ifade etti. Deprem b\u00f6lgesi ziyaretleri esnas\u0131nda, sa\u011flam binalara rastland\u0131\u011f\u0131n\u0131 belirten Cumhurba\u015fkan\u0131 Tatar, bu binalar\u0131n bir\u00e7o\u011funun TOK\u0130\u2019ye ait oldu\u011funu ifade etti. Cumhurba\u015fkan\u0131 Tatar, TOK\u0130\u2019nin altyap\u0131 ve ekibi ile kaliteli \u00e7al\u0131\u015fmalara imza atan \u00f6nemli bir kurum oldu\u011funu belirterek, yap\u0131sal d\u00f6n\u00fc\u015f\u00fcm\u00fc en iyi \u015fekilde ger\u00e7ekle\u015ftiren kurumlardan biri oldu\u011funu vurgulad\u0131. T\u00fcrkiye Cumhuriyetinde \u00f6nemli \u00e7al\u0131\u015fmalar yapan TOK\u0130\u2019nin, Kuzey K\u0131br\u0131s T\u00fcrk Cumhuriyetinde de K\u0131br\u0131s halk\u0131na hizmet sunmas\u0131n\u0131n son derece \u00f6nemli oldu\u011funun alt\u0131n\u0131 \u00e7izdi. TOK\u0130\u2019nin, Kuzey K\u0131br\u0131s T\u00fcrk Cumhuriyeti\u2019nin imar ve yap\u0131lanmas\u0131na katk\u0131 koymas\u0131n\u0131n \u00f6nemli bir de\u011fer oldu\u011funun alt\u0131n\u0131 \u00e7izen Cumhurba\u015fkan\u0131 Tatar, TOK\u0130 ba\u015fkan\u0131 ve yetkililerine \u00e7al\u0131\u015fmalar\u0131nda ba\u015far\u0131lar diledi. TOK\u0130\u2019nin katk\u0131 ve yard\u0131mlar\u0131n\u0131n K\u0131br\u0131s T\u00fcrk halk\u0131n\u0131 daha da g\u00fc\u00e7lendirece\u011fini vurgulayan Cumhurba\u015fkan\u0131 Tatar, bu kurumun \u00e7al\u0131\u015fmalar\u0131n\u0131n \u00e7ok k\u0131ymetli oldu\u011funu belirtti. Anavatan T\u00fcrkiye ile olan ba\u011flar\u0131n \u00e7ok g\u00fc\u00e7l\u00fc oldu\u011funu ifade eden Cumhurba\u015fkan\u0131 Tatar, Do\u011fu Akdeniz\u2019de ba\u011f\u0131ms\u0131z bir devlet olan Kuzey K\u0131br\u0131s T\u00fcrk Cumhuriyeti\u2019nin yap\u0131s\u0131n\u0131 g\u00fc\u00e7lendirmek, halk\u0131na daha iyi hizmet sunmak ad\u0131na TOK\u0130\u2019nin sunaca\u011f\u0131 hizmet ve katk\u0131lar\u0131n \u00e7ok \u00f6nemli geli\u015fmelerin ilk ad\u0131m\u0131 olaca\u011f\u0131n\u0131 s\u00f6zlerine ekledi. -\",\"isPartOf\":{\"@id\":\"https:\\\/\\\/kibrisdakik.com\\\/#website\"},\"primaryImageOfPage\":{\"@id\":\"https:\\\/\\\/kibrisdakik.com\\\/?p=66160#primaryimage\"},\"image\":{\"@id\":\"https:\\\/\\\/kibrisdakik.com\\\/?p=66160#primaryimage\"},\"thumbnailUrl\":\"https:\\\/\\\/kibrisdakik.com\\\/wp-content\\\/uploads\\\/2024\\\/10\\\/Screenshot_20241007_221442_Gallery-740x420.jpg\",\"datePublished\":\"2024-10-07T19:07:10+00:00\",\"author\":{\"@id\":\"https:\\\/\\\/kibrisdakik.com\\\/#\\\/schema\\\/person\\\/9cd9d437bbb44f72b73ba127e06d8e79\"},\"breadcrumb\":{\"@id\":\"https:\\\/\\\/kibrisdakik.com\\\/?p=66160#breadcrumb\"},\"inLanguage\":\"tr\",\"potentialAction\":[{\"@type\":\"ReadAction\",\"target\":[\"https:\\\/\\\/kibrisdakik.com\\\/?p=66160\"]}]},{\"@type\":\"ImageObject\",\"inLanguage\":\"tr\",\"@id\":\"https:\\\/\\\/kibrisdakik.com\\\/?p=66160#primaryimage\",\"url\":\"https:\\\/\\\/kibrisdakik.com\\\/wp-content\\\/uploads\\\/2024\\\/10\\\/Screenshot_20241007_221442_Gallery-740x420.jpg\",\"contentUrl\":\"https:\\\/\\\/kibrisdakik.com\\\/wp-content\\\/uploads\\\/2024\\\/10\\\/Screenshot_20241007_221442_Gallery-740x420.jpg\",\"width\":1079,\"height\":508},{\"@type\":\"BreadcrumbList\",\"@id\":\"https:\\\/\\\/kibrisdakik.com\\\/?p=66160#breadcrumb\",\"itemListElement\":[{\"@type\":\"ListItem\",\"position\":1,\"name\":\"Home\",\"item\":\"https:\\\/\\\/kibrisdakik.com\\\/\"},{\"@type\":\"ListItem\",\"position\":2,\"name\":\"Cumhurba\u015fkan\u0131 Ersin Tatar Toplu Konut \u0130daresi (TOK\u0130) Ba\u015fkan\u0131 Mustafa Levent Sungur\u2019u kabul etti Cumhurba\u015fkan\u0131 Ersin Tatar TOK\u0130 Ba\u015fkan\u0131 Mustafa Levent Sungur ve beraberindeki heyeti kabul ederek g\u00f6r\u00fc\u015ft\u00fc. Kabulde yapt\u0131\u011f\u0131 konu\u015fmada, Cumhurba\u015fkan\u0131 Ersin Tatar, TOK\u0130\u2019nin \u00f6nemli bir kurum oldu\u011funu belirterek, ziyaretten duydu\u011fu memnuniyeti ifade etti. Deprem b\u00f6lgesi ziyaretleri esnas\u0131nda, sa\u011flam binalara rastland\u0131\u011f\u0131n\u0131 belirten Cumhurba\u015fkan\u0131 Tatar, bu binalar\u0131n bir\u00e7o\u011funun TOK\u0130\u2019ye ait oldu\u011funu ifade etti. Cumhurba\u015fkan\u0131 Tatar, TOK\u0130\u2019nin altyap\u0131 ve ekibi ile kaliteli \u00e7al\u0131\u015fmalara imza atan \u00f6nemli bir kurum oldu\u011funu belirterek, yap\u0131sal d\u00f6n\u00fc\u015f\u00fcm\u00fc en iyi \u015fekilde ger\u00e7ekle\u015ftiren kurumlardan biri oldu\u011funu vurgulad\u0131. T\u00fcrkiye Cumhuriyetinde \u00f6nemli \u00e7al\u0131\u015fmalar yapan TOK\u0130\u2019nin, Kuzey K\u0131br\u0131s T\u00fcrk Cumhuriyetinde de K\u0131br\u0131s halk\u0131na hizmet sunmas\u0131n\u0131n son derece \u00f6nemli oldu\u011funun alt\u0131n\u0131 \u00e7izdi. TOK\u0130\u2019nin, Kuzey K\u0131br\u0131s T\u00fcrk Cumhuriyeti\u2019nin imar ve yap\u0131lanmas\u0131na katk\u0131 koymas\u0131n\u0131n \u00f6nemli bir de\u011fer oldu\u011funun alt\u0131n\u0131 \u00e7izen Cumhurba\u015fkan\u0131 Tatar, TOK\u0130 ba\u015fkan\u0131 ve yetkililerine \u00e7al\u0131\u015fmalar\u0131nda ba\u015far\u0131lar diledi. TOK\u0130\u2019nin katk\u0131 ve yard\u0131mlar\u0131n\u0131n K\u0131br\u0131s T\u00fcrk halk\u0131n\u0131 daha da g\u00fc\u00e7lendirece\u011fini vurgulayan Cumhurba\u015fkan\u0131 Tatar, bu kurumun \u00e7al\u0131\u015fmalar\u0131n\u0131n \u00e7ok k\u0131ymetli oldu\u011funu belirtti. Anavatan T\u00fcrkiye ile olan ba\u011flar\u0131n \u00e7ok g\u00fc\u00e7l\u00fc oldu\u011funu ifade eden Cumhurba\u015fkan\u0131 Tatar, Do\u011fu Akdeniz\u2019de ba\u011f\u0131ms\u0131z bir devlet olan Kuzey K\u0131br\u0131s T\u00fcrk Cumhuriyeti\u2019nin yap\u0131s\u0131n\u0131 g\u00fc\u00e7lendirmek, halk\u0131na daha iyi hizmet sunmak ad\u0131na TOK\u0130\u2019nin sunaca\u011f\u0131 hizmet ve katk\u0131lar\u0131n \u00e7ok \u00f6nemli geli\u015fmelerin ilk ad\u0131m\u0131 olaca\u011f\u0131n\u0131 s\u00f6zlerine ekledi.\"}]},{\"@type\":\"WebSite\",\"@id\":\"https:\\\/\\\/kibrisdakik.com\\\/#website\",\"url\":\"https:\\\/\\\/kibrisdakik.com\\\/\",\"name\":\"\",\"description\":\"Tam vaktinde haber\",\"potentialAction\":[{\"@type\":\"SearchAction\",\"target\":{\"@type\":\"EntryPoint\",\"urlTemplate\":\"https:\\\/\\\/kibrisdakik.com\\\/?s={search_term_string}\"},\"query-input\":{\"@type\":\"PropertyValueSpecification\",\"valueRequired\":true,\"valueName\":\"search_term_string\"}}],\"inLanguage\":\"tr\"},{\"@type\":\"Person\",\"@id\":\"https:\\\/\\\/kibrisdakik.com\\\/#\\\/schema\\\/person\\\/9cd9d437bbb44f72b73ba127e06d8e79\",\"name\":\"admin\",\"image\":{\"@type\":\"ImageObject\",\"inLanguage\":\"tr\",\"@id\":\"https:\\\/\\\/secure.gravatar.com\\\/avatar\\\/ccc17943b9d660506c869530f897617f7cb1c21a4bf30023f252596d83e1f007?s=96&d=mm&r=g\",\"url\":\"https:\\\/\\\/secure.gravatar.com\\\/avatar\\\/ccc17943b9d660506c869530f897617f7cb1c21a4bf30023f252596d83e1f007?s=96&d=mm&r=g\",\"contentUrl\":\"https:\\\/\\\/secure.gravatar.com\\\/avatar\\\/ccc17943b9d660506c869530f897617f7cb1c21a4bf30023f252596d83e1f007?s=96&d=mm&r=g\",\"caption\":\"admin\"},\"sameAs\":[\"https:\\\/\\\/kibrisdakik.com\"],\"url\":\"https:\\\/\\\/kibrisdakik.com\\\/?author=1\"}]}<\/script>\n<!-- \/ Yoast SEO plugin. -->","yoast_head_json":{"title":"Cumhurba\u015fkan\u0131 Ersin Tatar  Toplu Konut \u0130daresi (TOK\u0130) Ba\u015fkan\u0131 Mustafa Levent Sungur\u2019u kabul etti Cumhurba\u015fkan\u0131 Ersin Tatar TOK\u0130 Ba\u015fkan\u0131 Mustafa Levent Sungur ve beraberindeki heyeti kabul ederek g\u00f6r\u00fc\u015ft\u00fc. Kabulde yapt\u0131\u011f\u0131 konu\u015fmada, Cumhurba\u015fkan\u0131 Ersin Tatar, TOK\u0130\u2019nin \u00f6nemli bir kurum oldu\u011funu belirterek, ziyaretten duydu\u011fu memnuniyeti ifade etti. Deprem b\u00f6lgesi ziyaretleri esnas\u0131nda, sa\u011flam binalara rastland\u0131\u011f\u0131n\u0131 belirten Cumhurba\u015fkan\u0131 Tatar, bu binalar\u0131n bir\u00e7o\u011funun TOK\u0130\u2019ye ait oldu\u011funu ifade etti. Cumhurba\u015fkan\u0131 Tatar, TOK\u0130\u2019nin altyap\u0131 ve ekibi ile kaliteli \u00e7al\u0131\u015fmalara imza atan \u00f6nemli bir kurum oldu\u011funu belirterek, yap\u0131sal d\u00f6n\u00fc\u015f\u00fcm\u00fc en iyi \u015fekilde ger\u00e7ekle\u015ftiren kurumlardan biri oldu\u011funu vurgulad\u0131.  T\u00fcrkiye Cumhuriyetinde \u00f6nemli \u00e7al\u0131\u015fmalar yapan TOK\u0130\u2019nin, Kuzey K\u0131br\u0131s T\u00fcrk Cumhuriyetinde de K\u0131br\u0131s halk\u0131na hizmet sunmas\u0131n\u0131n son derece \u00f6nemli oldu\u011funun alt\u0131n\u0131 \u00e7izdi. TOK\u0130\u2019nin, Kuzey K\u0131br\u0131s T\u00fcrk Cumhuriyeti\u2019nin imar ve yap\u0131lanmas\u0131na katk\u0131 koymas\u0131n\u0131n \u00f6nemli bir de\u011fer oldu\u011funun alt\u0131n\u0131 \u00e7izen Cumhurba\u015fkan\u0131 Tatar, TOK\u0130 ba\u015fkan\u0131 ve yetkililerine \u00e7al\u0131\u015fmalar\u0131nda ba\u015far\u0131lar diledi.  TOK\u0130\u2019nin katk\u0131 ve yard\u0131mlar\u0131n\u0131n K\u0131br\u0131s T\u00fcrk halk\u0131n\u0131 daha da g\u00fc\u00e7lendirece\u011fini vurgulayan Cumhurba\u015fkan\u0131 Tatar, bu kurumun \u00e7al\u0131\u015fmalar\u0131n\u0131n \u00e7ok k\u0131ymetli oldu\u011funu belirtti.  Anavatan T\u00fcrkiye ile olan ba\u011flar\u0131n \u00e7ok g\u00fc\u00e7l\u00fc oldu\u011funu ifade eden Cumhurba\u015fkan\u0131 Tatar, Do\u011fu Akdeniz\u2019de ba\u011f\u0131ms\u0131z bir devlet olan Kuzey K\u0131br\u0131s T\u00fcrk Cumhuriyeti\u2019nin yap\u0131s\u0131n\u0131 g\u00fc\u00e7lendirmek, halk\u0131na daha iyi hizmet sunmak ad\u0131na TOK\u0130\u2019nin sunaca\u011f\u0131 hizmet ve katk\u0131lar\u0131n \u00e7ok \u00f6nemli geli\u015fmelerin ilk ad\u0131m\u0131 olaca\u011f\u0131n\u0131 s\u00f6zlerine ekledi. -","robots":{"index":"index","follow":"follow","max-snippet":"max-snippet:-1","max-image-preview":"max-image-preview:large","max-video-preview":"max-video-preview:-1"},"canonical":"https:\/\/kibrisdakik.com\/?p=66160","og_locale":"tr_TR","og_type":"article","og_title":"Cumhurba\u015fkan\u0131 Ersin Tatar  Toplu Konut \u0130daresi (TOK\u0130) Ba\u015fkan\u0131 Mustafa Levent Sungur\u2019u kabul etti Cumhurba\u015fkan\u0131 Ersin Tatar TOK\u0130 Ba\u015fkan\u0131 Mustafa Levent Sungur ve beraberindeki heyeti kabul ederek g\u00f6r\u00fc\u015ft\u00fc. Kabulde yapt\u0131\u011f\u0131 konu\u015fmada, Cumhurba\u015fkan\u0131 Ersin Tatar, TOK\u0130\u2019nin \u00f6nemli bir kurum oldu\u011funu belirterek, ziyaretten duydu\u011fu memnuniyeti ifade etti. Deprem b\u00f6lgesi ziyaretleri esnas\u0131nda, sa\u011flam binalara rastland\u0131\u011f\u0131n\u0131 belirten Cumhurba\u015fkan\u0131 Tatar, bu binalar\u0131n bir\u00e7o\u011funun TOK\u0130\u2019ye ait oldu\u011funu ifade etti. Cumhurba\u015fkan\u0131 Tatar, TOK\u0130\u2019nin altyap\u0131 ve ekibi ile kaliteli \u00e7al\u0131\u015fmalara imza atan \u00f6nemli bir kurum oldu\u011funu belirterek, yap\u0131sal d\u00f6n\u00fc\u015f\u00fcm\u00fc en iyi \u015fekilde ger\u00e7ekle\u015ftiren kurumlardan biri oldu\u011funu vurgulad\u0131.  T\u00fcrkiye Cumhuriyetinde \u00f6nemli \u00e7al\u0131\u015fmalar yapan TOK\u0130\u2019nin, Kuzey K\u0131br\u0131s T\u00fcrk Cumhuriyetinde de K\u0131br\u0131s halk\u0131na hizmet sunmas\u0131n\u0131n son derece \u00f6nemli oldu\u011funun alt\u0131n\u0131 \u00e7izdi. TOK\u0130\u2019nin, Kuzey K\u0131br\u0131s T\u00fcrk Cumhuriyeti\u2019nin imar ve yap\u0131lanmas\u0131na katk\u0131 koymas\u0131n\u0131n \u00f6nemli bir de\u011fer oldu\u011funun alt\u0131n\u0131 \u00e7izen Cumhurba\u015fkan\u0131 Tatar, TOK\u0130 ba\u015fkan\u0131 ve yetkililerine \u00e7al\u0131\u015fmalar\u0131nda ba\u015far\u0131lar diledi.  TOK\u0130\u2019nin katk\u0131 ve yard\u0131mlar\u0131n\u0131n K\u0131br\u0131s T\u00fcrk halk\u0131n\u0131 daha da g\u00fc\u00e7lendirece\u011fini vurgulayan Cumhurba\u015fkan\u0131 Tatar, bu kurumun \u00e7al\u0131\u015fmalar\u0131n\u0131n \u00e7ok k\u0131ymetli oldu\u011funu belirtti.  Anavatan T\u00fcrkiye ile olan ba\u011flar\u0131n \u00e7ok g\u00fc\u00e7l\u00fc oldu\u011funu ifade eden Cumhurba\u015fkan\u0131 Tatar, Do\u011fu Akdeniz\u2019de ba\u011f\u0131ms\u0131z bir devlet olan Kuzey K\u0131br\u0131s T\u00fcrk Cumhuriyeti\u2019nin yap\u0131s\u0131n\u0131 g\u00fc\u00e7lendirmek, halk\u0131na daha iyi hizmet sunmak ad\u0131na TOK\u0130\u2019nin sunaca\u011f\u0131 hizmet ve katk\u0131lar\u0131n \u00e7ok \u00f6nemli geli\u015fmelerin ilk ad\u0131m\u0131 olaca\u011f\u0131n\u0131 s\u00f6zlerine ekledi. -","og_description":"Cumhurba\u015fkan\u0131 Ersin Tatar TOK\u0130 Ba\u015fkan\u0131 Mustafa Levent Sungur ve beraberindeki heyeti kabul ederek g\u00f6r\u00fc\u015ft\u00fc. Kabulde yapt\u0131\u011f\u0131 konu\u015fmada, Cumhurba\u015fkan\u0131 Ersin Tatar, TOK\u0130\u2019nin \u00f6nemli bir kurum oldu\u011funu belirterek,\u00a0 ziyaretten duydu\u011fu memnuniyeti ifade etti. Deprem b\u00f6lgesi ziyaretleri esnas\u0131nda, sa\u011flam binalara rastland\u0131\u011f\u0131n\u0131 belirten Cumhurba\u015fkan\u0131 Tatar, bu binalar\u0131n\u00a0 bir\u00e7o\u011funun TOK\u0130\u2019ye ait oldu\u011funu ifade etti. Cumhurba\u015fkan\u0131 Tatar, TOK\u0130\u2019nin altyap\u0131 ve ekibi","og_url":"https:\/\/kibrisdakik.com\/?p=66160","article_published_time":"2024-10-07T19:07:10+00:00","og_image":[{"width":1079,"height":508,"url":"https:\/\/kibrisdakik.com\/wp-content\/uploads\/2024\/10\/Screenshot_20241007_221442_Gallery-740x420.jpg","type":"image\/jpeg"}],"author":"admin","twitter_card":"summary_large_image","twitter_misc":{"Yazan:":"admin","Tahmini okuma s\u00fcresi":"1 dakika"},"schema":{"@context":"https:\/\/schema.org","@graph":[{"@type":"Article","@id":"https:\/\/kibrisdakik.com\/?p=66160#article","isPartOf":{"@id":"https:\/\/kibrisdakik.com\/?p=66160"},"author":{"name":"admin","@id":"https:\/\/kibrisdakik.com\/#\/schema\/person\/9cd9d437bbb44f72b73ba127e06d8e79"},"headline":"Cumhurba\u015fkan\u0131 Ersin Tatar Toplu Konut \u0130daresi (TOK\u0130) Ba\u015fkan\u0131 Mustafa Levent Sungur\u2019u kabul etti Cumhurba\u015fkan\u0131 Ersin Tatar TOK\u0130 Ba\u015fkan\u0131 Mustafa Levent Sungur ve beraberindeki heyeti kabul ederek g\u00f6r\u00fc\u015ft\u00fc. Kabulde yapt\u0131\u011f\u0131 konu\u015fmada, Cumhurba\u015fkan\u0131 Ersin Tatar, TOK\u0130\u2019nin \u00f6nemli bir kurum oldu\u011funu belirterek, ziyaretten duydu\u011fu memnuniyeti ifade etti. Deprem b\u00f6lgesi ziyaretleri esnas\u0131nda, sa\u011flam binalara rastland\u0131\u011f\u0131n\u0131 belirten Cumhurba\u015fkan\u0131 Tatar, bu binalar\u0131n bir\u00e7o\u011funun TOK\u0130\u2019ye ait oldu\u011funu ifade etti. Cumhurba\u015fkan\u0131 Tatar, TOK\u0130\u2019nin altyap\u0131 ve ekibi ile kaliteli \u00e7al\u0131\u015fmalara imza atan \u00f6nemli bir kurum oldu\u011funu belirterek, yap\u0131sal d\u00f6n\u00fc\u015f\u00fcm\u00fc en iyi \u015fekilde ger\u00e7ekle\u015ftiren kurumlardan biri oldu\u011funu vurgulad\u0131. T\u00fcrkiye Cumhuriyetinde \u00f6nemli \u00e7al\u0131\u015fmalar yapan TOK\u0130\u2019nin, Kuzey K\u0131br\u0131s T\u00fcrk Cumhuriyetinde de K\u0131br\u0131s halk\u0131na hizmet sunmas\u0131n\u0131n son derece \u00f6nemli oldu\u011funun alt\u0131n\u0131 \u00e7izdi. TOK\u0130\u2019nin, Kuzey K\u0131br\u0131s T\u00fcrk Cumhuriyeti\u2019nin imar ve yap\u0131lanmas\u0131na katk\u0131 koymas\u0131n\u0131n \u00f6nemli bir de\u011fer oldu\u011funun alt\u0131n\u0131 \u00e7izen Cumhurba\u015fkan\u0131 Tatar, TOK\u0130 ba\u015fkan\u0131 ve yetkililerine \u00e7al\u0131\u015fmalar\u0131nda ba\u015far\u0131lar diledi. TOK\u0130\u2019nin katk\u0131 ve yard\u0131mlar\u0131n\u0131n K\u0131br\u0131s T\u00fcrk halk\u0131n\u0131 daha da g\u00fc\u00e7lendirece\u011fini vurgulayan Cumhurba\u015fkan\u0131 Tatar, bu kurumun \u00e7al\u0131\u015fmalar\u0131n\u0131n \u00e7ok k\u0131ymetli oldu\u011funu belirtti. Anavatan T\u00fcrkiye ile olan ba\u011flar\u0131n \u00e7ok g\u00fc\u00e7l\u00fc oldu\u011funu ifade eden Cumhurba\u015fkan\u0131 Tatar, Do\u011fu Akdeniz\u2019de ba\u011f\u0131ms\u0131z bir devlet olan Kuzey K\u0131br\u0131s T\u00fcrk Cumhuriyeti\u2019nin yap\u0131s\u0131n\u0131 g\u00fc\u00e7lendirmek, halk\u0131na daha iyi hizmet sunmak ad\u0131na TOK\u0130\u2019nin sunaca\u011f\u0131 hizmet ve katk\u0131lar\u0131n \u00e7ok \u00f6nemli geli\u015fmelerin ilk ad\u0131m\u0131 olaca\u011f\u0131n\u0131 s\u00f6zlerine ekledi.","datePublished":"2024-10-07T19:07:10+00:00","mainEntityOfPage":{"@id":"https:\/\/kibrisdakik.com\/?p=66160"},"wordCount":588,"commentCount":0,"image":{"@id":"https:\/\/kibrisdakik.com\/?p=66160#primaryimage"},"thumbnailUrl":"https:\/\/kibrisdakik.com\/wp-content\/uploads\/2024\/10\/Screenshot_20241007_221442_Gallery-740x420.jpg","articleSection":["K\u0131br\u0131s"],"inLanguage":"tr","potentialAction":[{"@type":"CommentAction","name":"Comment","target":["https:\/\/kibrisdakik.com\/?p=66160#respond"]}]},{"@type":"WebPage","@id":"https:\/\/kibrisdakik.com\/?p=66160","url":"https:\/\/kibrisdakik.com\/?p=66160","name":"Cumhurba\u015fkan\u0131 Ersin Tatar Toplu Konut \u0130daresi (TOK\u0130) Ba\u015fkan\u0131 Mustafa Levent Sungur\u2019u kabul etti Cumhurba\u015fkan\u0131 Ersin Tatar TOK\u0130 Ba\u015fkan\u0131 Mustafa Levent Sungur ve beraberindeki heyeti kabul ederek g\u00f6r\u00fc\u015ft\u00fc. Kabulde yapt\u0131\u011f\u0131 konu\u015fmada, Cumhurba\u015fkan\u0131 Ersin Tatar, TOK\u0130\u2019nin \u00f6nemli bir kurum oldu\u011funu belirterek, ziyaretten duydu\u011fu memnuniyeti ifade etti. Deprem b\u00f6lgesi ziyaretleri esnas\u0131nda, sa\u011flam binalara rastland\u0131\u011f\u0131n\u0131 belirten Cumhurba\u015fkan\u0131 Tatar, bu binalar\u0131n bir\u00e7o\u011funun TOK\u0130\u2019ye ait oldu\u011funu ifade etti. Cumhurba\u015fkan\u0131 Tatar, TOK\u0130\u2019nin altyap\u0131 ve ekibi ile kaliteli \u00e7al\u0131\u015fmalara imza atan \u00f6nemli bir kurum oldu\u011funu belirterek, yap\u0131sal d\u00f6n\u00fc\u015f\u00fcm\u00fc en iyi \u015fekilde ger\u00e7ekle\u015ftiren kurumlardan biri oldu\u011funu vurgulad\u0131. T\u00fcrkiye Cumhuriyetinde \u00f6nemli \u00e7al\u0131\u015fmalar yapan TOK\u0130\u2019nin, Kuzey K\u0131br\u0131s T\u00fcrk Cumhuriyetinde de K\u0131br\u0131s halk\u0131na hizmet sunmas\u0131n\u0131n son derece \u00f6nemli oldu\u011funun alt\u0131n\u0131 \u00e7izdi. TOK\u0130\u2019nin, Kuzey K\u0131br\u0131s T\u00fcrk Cumhuriyeti\u2019nin imar ve yap\u0131lanmas\u0131na katk\u0131 koymas\u0131n\u0131n \u00f6nemli bir de\u011fer oldu\u011funun alt\u0131n\u0131 \u00e7izen Cumhurba\u015fkan\u0131 Tatar, TOK\u0130 ba\u015fkan\u0131 ve yetkililerine \u00e7al\u0131\u015fmalar\u0131nda ba\u015far\u0131lar diledi. TOK\u0130\u2019nin katk\u0131 ve yard\u0131mlar\u0131n\u0131n K\u0131br\u0131s T\u00fcrk halk\u0131n\u0131 daha da g\u00fc\u00e7lendirece\u011fini vurgulayan Cumhurba\u015fkan\u0131 Tatar, bu kurumun \u00e7al\u0131\u015fmalar\u0131n\u0131n \u00e7ok k\u0131ymetli oldu\u011funu belirtti. Anavatan T\u00fcrkiye ile olan ba\u011flar\u0131n \u00e7ok g\u00fc\u00e7l\u00fc oldu\u011funu ifade eden Cumhurba\u015fkan\u0131 Tatar, Do\u011fu Akdeniz\u2019de ba\u011f\u0131ms\u0131z bir devlet olan Kuzey K\u0131br\u0131s T\u00fcrk Cumhuriyeti\u2019nin yap\u0131s\u0131n\u0131 g\u00fc\u00e7lendirmek, halk\u0131na daha iyi hizmet sunmak ad\u0131na TOK\u0130\u2019nin sunaca\u011f\u0131 hizmet ve katk\u0131lar\u0131n \u00e7ok \u00f6nemli geli\u015fmelerin ilk ad\u0131m\u0131 olaca\u011f\u0131n\u0131 s\u00f6zlerine ekledi. -","isPartOf":{"@id":"https:\/\/kibrisdakik.com\/#website"},"primaryImageOfPage":{"@id":"https:\/\/kibrisdakik.com\/?p=66160#primaryimage"},"image":{"@id":"https:\/\/kibrisdakik.com\/?p=66160#primaryimage"},"thumbnailUrl":"https:\/\/kibrisdakik.com\/wp-content\/uploads\/2024\/10\/Screenshot_20241007_221442_Gallery-740x420.jpg","datePublished":"2024-10-07T19:07:10+00:00","author":{"@id":"https:\/\/kibrisdakik.com\/#\/schema\/person\/9cd9d437bbb44f72b73ba127e06d8e79"},"breadcrumb":{"@id":"https:\/\/kibrisdakik.com\/?p=66160#breadcrumb"},"inLanguage":"tr","potentialAction":[{"@type":"ReadAction","target":["https:\/\/kibrisdakik.com\/?p=66160"]}]},{"@type":"ImageObject","inLanguage":"tr","@id":"https:\/\/kibrisdakik.com\/?p=66160#primaryimage","url":"https:\/\/kibrisdakik.com\/wp-content\/uploads\/2024\/10\/Screenshot_20241007_221442_Gallery-740x420.jpg","contentUrl":"https:\/\/kibrisdakik.com\/wp-content\/uploads\/2024\/10\/Screenshot_20241007_221442_Gallery-740x420.jpg","width":1079,"height":508},{"@type":"BreadcrumbList","@id":"https:\/\/kibrisdakik.com\/?p=66160#breadcrumb","itemListElement":[{"@type":"ListItem","position":1,"name":"Home","item":"https:\/\/kibrisdakik.com\/"},{"@type":"ListItem","position":2,"name":"Cumhurba\u015fkan\u0131 Ersin Tatar Toplu Konut \u0130daresi (TOK\u0130) Ba\u015fkan\u0131 Mustafa Levent Sungur\u2019u kabul etti Cumhurba\u015fkan\u0131 Ersin Tatar TOK\u0130 Ba\u015fkan\u0131 Mustafa Levent Sungur ve beraberindeki heyeti kabul ederek g\u00f6r\u00fc\u015ft\u00fc. Kabulde yapt\u0131\u011f\u0131 konu\u015fmada, Cumhurba\u015fkan\u0131 Ersin Tatar, TOK\u0130\u2019nin \u00f6nemli bir kurum oldu\u011funu belirterek, ziyaretten duydu\u011fu memnuniyeti ifade etti. Deprem b\u00f6lgesi ziyaretleri esnas\u0131nda, sa\u011flam binalara rastland\u0131\u011f\u0131n\u0131 belirten Cumhurba\u015fkan\u0131 Tatar, bu binalar\u0131n bir\u00e7o\u011funun TOK\u0130\u2019ye ait oldu\u011funu ifade etti. Cumhurba\u015fkan\u0131 Tatar, TOK\u0130\u2019nin altyap\u0131 ve ekibi ile kaliteli \u00e7al\u0131\u015fmalara imza atan \u00f6nemli bir kurum oldu\u011funu belirterek, yap\u0131sal d\u00f6n\u00fc\u015f\u00fcm\u00fc en iyi \u015fekilde ger\u00e7ekle\u015ftiren kurumlardan biri oldu\u011funu vurgulad\u0131. T\u00fcrkiye Cumhuriyetinde \u00f6nemli \u00e7al\u0131\u015fmalar yapan TOK\u0130\u2019nin, Kuzey K\u0131br\u0131s T\u00fcrk Cumhuriyetinde de K\u0131br\u0131s halk\u0131na hizmet sunmas\u0131n\u0131n son derece \u00f6nemli oldu\u011funun alt\u0131n\u0131 \u00e7izdi. TOK\u0130\u2019nin, Kuzey K\u0131br\u0131s T\u00fcrk Cumhuriyeti\u2019nin imar ve yap\u0131lanmas\u0131na katk\u0131 koymas\u0131n\u0131n \u00f6nemli bir de\u011fer oldu\u011funun alt\u0131n\u0131 \u00e7izen Cumhurba\u015fkan\u0131 Tatar, TOK\u0130 ba\u015fkan\u0131 ve yetkililerine \u00e7al\u0131\u015fmalar\u0131nda ba\u015far\u0131lar diledi. TOK\u0130\u2019nin katk\u0131 ve yard\u0131mlar\u0131n\u0131n K\u0131br\u0131s T\u00fcrk halk\u0131n\u0131 daha da g\u00fc\u00e7lendirece\u011fini vurgulayan Cumhurba\u015fkan\u0131 Tatar, bu kurumun \u00e7al\u0131\u015fmalar\u0131n\u0131n \u00e7ok k\u0131ymetli oldu\u011funu belirtti. Anavatan T\u00fcrkiye ile olan ba\u011flar\u0131n \u00e7ok g\u00fc\u00e7l\u00fc oldu\u011funu ifade eden Cumhurba\u015fkan\u0131 Tatar, Do\u011fu Akdeniz\u2019de ba\u011f\u0131ms\u0131z bir devlet olan Kuzey K\u0131br\u0131s T\u00fcrk Cumhuriyeti\u2019nin yap\u0131s\u0131n\u0131 g\u00fc\u00e7lendirmek, halk\u0131na daha iyi hizmet sunmak ad\u0131na TOK\u0130\u2019nin sunaca\u011f\u0131 hizmet ve katk\u0131lar\u0131n \u00e7ok \u00f6nemli geli\u015fmelerin ilk ad\u0131m\u0131 olaca\u011f\u0131n\u0131 s\u00f6zlerine ekledi."}]},{"@type":"WebSite","@id":"https:\/\/kibrisdakik.com\/#website","url":"https:\/\/kibrisdakik.com\/","name":"","description":"Tam vaktinde haber","potentialAction":[{"@type":"SearchAction","target":{"@type":"EntryPoint","urlTemplate":"https:\/\/kibrisdakik.com\/?s={search_term_string}"},"query-input":{"@type":"PropertyValueSpecification","valueRequired":true,"valueName":"search_term_string"}}],"inLanguage":"tr"},{"@type":"Person","@id":"https:\/\/kibrisdakik.com\/#\/schema\/person\/9cd9d437bbb44f72b73ba127e06d8e79","name":"admin","image":{"@type":"ImageObject","inLanguage":"tr","@id":"https:\/\/secure.gravatar.com\/avatar\/ccc17943b9d660506c869530f897617f7cb1c21a4bf30023f252596d83e1f007?s=96&d=mm&r=g","url":"https:\/\/secure.gravatar.com\/avatar\/ccc17943b9d660506c869530f897617f7cb1c21a4bf30023f252596d83e1f007?s=96&d=mm&r=g","contentUrl":"https:\/\/secure.gravatar.com\/avatar\/ccc17943b9d660506c869530f897617f7cb1c21a4bf30023f252596d83e1f007?s=96&d=mm&r=g","caption":"admin"},"sameAs":["https:\/\/kibrisdakik.com"],"url":"https:\/\/kibrisdakik.com\/?author=1"}]}},"_links":{"self":[{"href":"https:\/\/kibrisdakik.com\/index.php?rest_route=\/wp\/v2\/posts\/66160","targetHints":{"allow":["GET"]}}],"collection":[{"href":"https:\/\/kibrisdakik.com\/index.php?rest_route=\/wp\/v2\/posts"}],"about":[{"href":"https:\/\/kibrisdakik.com\/index.php?rest_route=\/wp\/v2\/types\/post"}],"author":[{"embeddable":true,"href":"https:\/\/kibrisdakik.com\/index.php?rest_route=\/wp\/v2\/users\/1"}],"replies":[{"embeddable":true,"href":"https:\/\/kibrisdakik.com\/index.php?rest_route=%2Fwp%2Fv2%2Fcomments&post=66160"}],"version-history":[{"count":0,"href":"https:\/\/kibrisdakik.com\/index.php?rest_route=\/wp\/v2\/posts\/66160\/revisions"}],"wp:featuredmedia":[{"embeddable":true,"href":"https:\/\/kibrisdakik.com\/index.php?rest_route=\/wp\/v2\/media\/66161"}],"wp:attachment":[{"href":"https:\/\/kibrisdakik.com\/index.php?rest_route=%2Fwp%2Fv2%2Fmedia&parent=66160"}],"wp:term":[{"taxonomy":"category","embeddable":true,"href":"https:\/\/kibrisdakik.com\/index.php?rest_route=%2Fwp%2Fv2%2Fcategories&post=66160"},{"taxonomy":"post_tag","embeddable":true,"href":"https:\/\/kibrisdakik.com\/index.php?rest_route=%2Fwp%2Fv2%2Ftags&post=66160"}],"curies":[{"name":"wp","href":"https:\/\/api.w.org\/{rel}","templated":true}]}}