{"id":66235,"date":"2024-10-08T13:22:52","date_gmt":"2024-10-08T10:22:52","guid":{"rendered":"https:\/\/kibrisdakik.com\/index.php\/2024\/10\/08\/cumhuriyet-meclisinde-dun-sonuclanamayan-meclis-baskanligi-secimi-icin-gozler-genel-kurulda\/"},"modified":"2024-10-08T13:22:52","modified_gmt":"2024-10-08T10:22:52","slug":"cumhuriyet-meclisinde-dun-sonuclanamayan-meclis-baskanligi-secimi-icin-gozler-genel-kurulda","status":"publish","type":"post","link":"https:\/\/kibrisdakik.com\/?p=66235","title":{"rendered":"Cumhuriyet Meclisi\u2019nde d\u00fcn sonu\u00e7lanamayan Meclis Ba\u015fkanl\u0131\u011f\u0131 se\u00e7imi i\u00e7in g\u00f6zler Genel Kurul\u2019da\u2026"},"content":{"rendered":"<div>\n<div class=\"mariselle-image-container center\">\n                                            <\/div>\n<p>\nCumhuriyet Meclisi Genel Kurulu\u2019nun bug\u00fcnk\u00fc toplant\u0131s\u0131nda d\u00fcn tamamlanamayan Ba\u015fkanl\u0131k Divan\u0131 se\u00e7imlerinin yap\u0131lmas\u0131 beklenirken UBP ve CTP grubu sabah saatlerinde topland\u0131.<\/p>\n<p>CTP Genel Ba\u015fkan\u0131 Tufan Erh\u00fcrman ise Meclis\u2019te bas\u0131na a\u00e7\u0131klama yap\u0131yor.<\/p>\n<p>Meclis Ba\u015fkan\u0131 Zorlu T\u00f6re, bu sabah T\u00fcrkiye\u2019ye giden Cumhurba\u015fkan\u0131\u2019na vekalet etti\u011fi i\u00e7in Genel Kurul\u2019un bug\u00fcn Meclis Ba\u015fkan Yard\u0131mc\u0131s\u0131 Fazilet \u00d6zdenefe ba\u015fkanl\u0131\u011f\u0131nda toplanmas\u0131 bekleniyor. <\/p>\n<p>Ulusal Birlik Partisi (UBP) taraf\u0131ndan Cumhuriyet Meclisi ba\u015fkanl\u0131\u011f\u0131 i\u00e7in aday g\u00f6sterilen Zorlu T\u00f6re i\u00e7in d\u00fcn 4 d\u00f6rt tur oylama yap\u0131lm\u0131\u015f ancak salt \u00e7o\u011funluk sa\u011flanamam\u0131\u015ft\u0131.<\/p>\n<p>T\u00f6re i\u00e7in yap\u0131lan ilk oylamada 23 kabul, 23 ret, 2 \u00e7ekimser; ikinci oylamada 24 ret, 23 kabul; \u00fc\u00e7\u00fcnc\u00fc oylamada 25 ret, 23 kabul, 1 \u00e7ekimser; d\u00f6rd\u00fcnc\u00fc oylamada 25 ret, 23 kabul ve 1 \u00e7ekimser oy kullan\u0131lm\u0131\u015ft\u0131.<\/p>\n<p>Toplant\u0131 yapan UBP Grup Ba\u015fkan Vekili Sunat Atun, Genel Kurul\u2019da s\u00f6z alarak Zorlu T\u00f6re\u2019nin adayl\u0131\u011f\u0131n\u0131n geri \u00e7ekildi\u011fini ve grup olarak UBP Girne milletvekili Kutlu Evren\u2019i aday g\u00f6sterdiklerini a\u00e7\u0131klam\u0131\u015ft\u0131.<\/p>\n<p>UBP milletvekili Kutlu Evren, ilk oylamada 22 kabul, 26 ret oyu alm\u0131\u015f, Meclis Ba\u015fkan Yard\u0131mc\u0131s\u0131 Fazilet \u00d6zdenefe, bundan sonraki s\u00fcre\u00e7le ilgili grup ba\u015fkan vekilleriyle g\u00f6r\u00fc\u015fmek \u00fczere toplant\u0131ya ara vermi\u015fti.<\/p>\n<p>Bu s\u0131rada bas\u0131na a\u00e7\u0131klama yapan Cumhuriyet\u00e7i T\u00fcrk Partisi (CTP) Genel Ba\u015fkan\u0131 Tufan Erh\u00fcrman, bir an \u00f6nce erken se\u00e7ime gidilmesi gerekti\u011fini kaydetmi\u015f, \u201c\u00dclkeyi y\u00f6netme iddias\u0131 bug\u00fcn burada sona ermi\u015ftir\u201d ifadelerini kullanm\u0131\u015ft\u0131.<\/p>\n<p>Cumhuriyet Meclisi Genel Kurulu\u2019nda ba\u015fkanl\u0131k se\u00e7imiyle ilgili bir sonuca var\u0131lamam\u0131\u015f, oturuma verilen arayla milletvekilleri saat 22.00 s\u0131ralar\u0131nda Meclis\u2019ten ayr\u0131lm\u0131\u015ft\u0131. D\u00fcnk\u00fc toplant\u0131larda oturuma toplamda 3 kez ara verilmi\u015fti.<\/p>\n<p>Meclis \u0130\u00e7 T\u00fcz\u00fc\u011f\u00fc\u2019ne g\u00f6re, ba\u015fkanl\u0131k se\u00e7imindeki oylamalarda ilk d\u00f6rt turda salt \u00e7o\u011funluk aran\u0131yor. Be\u015finci turda ise kabul oylar\u0131 ret oylar\u0131ndan fazla olmas\u0131 halinde aday, se\u00e7imi kazanm\u0131\u015f oluyor.<\/p>\n<\/p><\/div>\n<p><script async\n                    defer\n                    crossorigin=\"anonymous\"\n                    src=\"https:\/\/connect.facebook.net\/tr_TR\/sdk.js#xfbml=1&#038;version=v3.3\"\n            ><\/script><\/p>\n","protected":false},"excerpt":{"rendered":"<p>Cumhuriyet Meclisi Genel Kurulu\u2019nun bug\u00fcnk\u00fc toplant\u0131s\u0131nda d\u00fcn tamamlanamayan Ba\u015fkanl\u0131k Divan\u0131 se\u00e7imlerinin yap\u0131lmas\u0131 beklenirken UBP ve CTP grubu sabah saatlerinde topland\u0131. CTP Genel Ba\u015fkan\u0131 Tufan Erh\u00fcrman ise Meclis\u2019te bas\u0131na a\u00e7\u0131klama yap\u0131yor. Meclis Ba\u015fkan\u0131 Zorlu T\u00f6re, bu sabah T\u00fcrkiye\u2019ye giden Cumhurba\u015fkan\u0131\u2019na vekalet etti\u011fi i\u00e7in Genel Kurul\u2019un bug\u00fcn Meclis Ba\u015fkan Yard\u0131mc\u0131s\u0131 Fazilet \u00d6zdenefe ba\u015fkanl\u0131\u011f\u0131nda toplanmas\u0131 bekleniyor. Ulusal Birlik<\/p>\n","protected":false},"author":1,"featured_media":66236,"comment_status":"open","ping_status":"open","sticky":false,"template":"","format":"standard","meta":{"footnotes":""},"categories":[81],"tags":[],"class_list":["post-66235","post","type-post","status-publish","format-standard","has-post-thumbnail","hentry","category-kibris"],"yoast_head":"<!-- This site is optimized with the Yoast SEO plugin v27.5 - https:\/\/yoast.com\/product\/yoast-seo-wordpress\/ -->\n<title>Cumhuriyet Meclisi\u2019nde d\u00fcn sonu\u00e7lanamayan Meclis Ba\u015fkanl\u0131\u011f\u0131 se\u00e7imi i\u00e7in g\u00f6zler Genel Kurul\u2019da\u2026 -<\/title>\n<meta name=\"robots\" content=\"index, follow, max-snippet:-1, max-image-preview:large, max-video-preview:-1\" \/>\n<link rel=\"canonical\" href=\"https:\/\/kibrisdakik.com\/?p=66235\" \/>\n<meta property=\"og:locale\" content=\"tr_TR\" \/>\n<meta property=\"og:type\" content=\"article\" \/>\n<meta property=\"og:title\" content=\"Cumhuriyet Meclisi\u2019nde d\u00fcn sonu\u00e7lanamayan Meclis Ba\u015fkanl\u0131\u011f\u0131 se\u00e7imi i\u00e7in g\u00f6zler Genel Kurul\u2019da\u2026 -\" \/>\n<meta property=\"og:description\" content=\"Cumhuriyet Meclisi Genel Kurulu\u2019nun bug\u00fcnk\u00fc toplant\u0131s\u0131nda d\u00fcn tamamlanamayan Ba\u015fkanl\u0131k Divan\u0131 se\u00e7imlerinin yap\u0131lmas\u0131 beklenirken UBP ve CTP grubu sabah saatlerinde topland\u0131. CTP Genel Ba\u015fkan\u0131 Tufan Erh\u00fcrman ise Meclis\u2019te bas\u0131na a\u00e7\u0131klama yap\u0131yor. Meclis Ba\u015fkan\u0131 Zorlu T\u00f6re, bu sabah T\u00fcrkiye\u2019ye giden Cumhurba\u015fkan\u0131\u2019na vekalet etti\u011fi i\u00e7in Genel Kurul\u2019un bug\u00fcn Meclis Ba\u015fkan Yard\u0131mc\u0131s\u0131 Fazilet \u00d6zdenefe ba\u015fkanl\u0131\u011f\u0131nda toplanmas\u0131 bekleniyor. Ulusal Birlik\" \/>\n<meta property=\"og:url\" content=\"https:\/\/kibrisdakik.com\/?p=66235\" \/>\n<meta property=\"article:published_time\" content=\"2024-10-08T10:22:52+00:00\" \/>\n<meta property=\"og:image\" content=\"https:\/\/kibrisdakik.com\/wp-content\/uploads\/2024\/10\/meclis-toplantisi-genel-ero-4-1-740x420.jpeg\" \/>\n\t<meta property=\"og:image:width\" content=\"2048\" \/>\n\t<meta property=\"og:image:height\" content=\"1367\" \/>\n\t<meta property=\"og:image:type\" content=\"image\/jpeg\" \/>\n<meta name=\"author\" content=\"admin\" \/>\n<meta name=\"twitter:card\" content=\"summary_large_image\" \/>\n<meta name=\"twitter:label1\" content=\"Yazan:\" \/>\n\t<meta name=\"twitter:data1\" content=\"admin\" \/>\n\t<meta name=\"twitter:label2\" content=\"Tahmini okuma s\u00fcresi\" \/>\n\t<meta name=\"twitter:data2\" content=\"2 dakika\" \/>\n<script type=\"application\/ld+json\" class=\"yoast-schema-graph\">{\"@context\":\"https:\\\/\\\/schema.org\",\"@graph\":[{\"@type\":\"Article\",\"@id\":\"https:\\\/\\\/kibrisdakik.com\\\/?p=66235#article\",\"isPartOf\":{\"@id\":\"https:\\\/\\\/kibrisdakik.com\\\/?p=66235\"},\"author\":{\"name\":\"admin\",\"@id\":\"https:\\\/\\\/kibrisdakik.com\\\/#\\\/schema\\\/person\\\/9cd9d437bbb44f72b73ba127e06d8e79\"},\"headline\":\"Cumhuriyet Meclisi\u2019nde d\u00fcn sonu\u00e7lanamayan Meclis Ba\u015fkanl\u0131\u011f\u0131 se\u00e7imi i\u00e7in g\u00f6zler Genel Kurul\u2019da\u2026\",\"datePublished\":\"2024-10-08T10:22:52+00:00\",\"mainEntityOfPage\":{\"@id\":\"https:\\\/\\\/kibrisdakik.com\\\/?p=66235\"},\"wordCount\":365,\"commentCount\":0,\"image\":{\"@id\":\"https:\\\/\\\/kibrisdakik.com\\\/?p=66235#primaryimage\"},\"thumbnailUrl\":\"https:\\\/\\\/kibrisdakik.com\\\/wp-content\\\/uploads\\\/2024\\\/10\\\/meclis-toplantisi-genel-ero-4-1-740x420.jpeg\",\"articleSection\":[\"K\u0131br\u0131s\"],\"inLanguage\":\"tr\",\"potentialAction\":[{\"@type\":\"CommentAction\",\"name\":\"Comment\",\"target\":[\"https:\\\/\\\/kibrisdakik.com\\\/?p=66235#respond\"]}]},{\"@type\":\"WebPage\",\"@id\":\"https:\\\/\\\/kibrisdakik.com\\\/?p=66235\",\"url\":\"https:\\\/\\\/kibrisdakik.com\\\/?p=66235\",\"name\":\"Cumhuriyet Meclisi\u2019nde d\u00fcn sonu\u00e7lanamayan Meclis Ba\u015fkanl\u0131\u011f\u0131 se\u00e7imi i\u00e7in g\u00f6zler Genel Kurul\u2019da\u2026 -\",\"isPartOf\":{\"@id\":\"https:\\\/\\\/kibrisdakik.com\\\/#website\"},\"primaryImageOfPage\":{\"@id\":\"https:\\\/\\\/kibrisdakik.com\\\/?p=66235#primaryimage\"},\"image\":{\"@id\":\"https:\\\/\\\/kibrisdakik.com\\\/?p=66235#primaryimage\"},\"thumbnailUrl\":\"https:\\\/\\\/kibrisdakik.com\\\/wp-content\\\/uploads\\\/2024\\\/10\\\/meclis-toplantisi-genel-ero-4-1-740x420.jpeg\",\"datePublished\":\"2024-10-08T10:22:52+00:00\",\"author\":{\"@id\":\"https:\\\/\\\/kibrisdakik.com\\\/#\\\/schema\\\/person\\\/9cd9d437bbb44f72b73ba127e06d8e79\"},\"breadcrumb\":{\"@id\":\"https:\\\/\\\/kibrisdakik.com\\\/?p=66235#breadcrumb\"},\"inLanguage\":\"tr\",\"potentialAction\":[{\"@type\":\"ReadAction\",\"target\":[\"https:\\\/\\\/kibrisdakik.com\\\/?p=66235\"]}]},{\"@type\":\"ImageObject\",\"inLanguage\":\"tr\",\"@id\":\"https:\\\/\\\/kibrisdakik.com\\\/?p=66235#primaryimage\",\"url\":\"https:\\\/\\\/kibrisdakik.com\\\/wp-content\\\/uploads\\\/2024\\\/10\\\/meclis-toplantisi-genel-ero-4-1-740x420.jpeg\",\"contentUrl\":\"https:\\\/\\\/kibrisdakik.com\\\/wp-content\\\/uploads\\\/2024\\\/10\\\/meclis-toplantisi-genel-ero-4-1-740x420.jpeg\",\"width\":2048,\"height\":1367},{\"@type\":\"BreadcrumbList\",\"@id\":\"https:\\\/\\\/kibrisdakik.com\\\/?p=66235#breadcrumb\",\"itemListElement\":[{\"@type\":\"ListItem\",\"position\":1,\"name\":\"Home\",\"item\":\"https:\\\/\\\/kibrisdakik.com\\\/\"},{\"@type\":\"ListItem\",\"position\":2,\"name\":\"Cumhuriyet Meclisi\u2019nde d\u00fcn sonu\u00e7lanamayan Meclis Ba\u015fkanl\u0131\u011f\u0131 se\u00e7imi i\u00e7in g\u00f6zler Genel Kurul\u2019da\u2026\"}]},{\"@type\":\"WebSite\",\"@id\":\"https:\\\/\\\/kibrisdakik.com\\\/#website\",\"url\":\"https:\\\/\\\/kibrisdakik.com\\\/\",\"name\":\"\",\"description\":\"Tam vaktinde haber\",\"potentialAction\":[{\"@type\":\"SearchAction\",\"target\":{\"@type\":\"EntryPoint\",\"urlTemplate\":\"https:\\\/\\\/kibrisdakik.com\\\/?s={search_term_string}\"},\"query-input\":{\"@type\":\"PropertyValueSpecification\",\"valueRequired\":true,\"valueName\":\"search_term_string\"}}],\"inLanguage\":\"tr\"},{\"@type\":\"Person\",\"@id\":\"https:\\\/\\\/kibrisdakik.com\\\/#\\\/schema\\\/person\\\/9cd9d437bbb44f72b73ba127e06d8e79\",\"name\":\"admin\",\"image\":{\"@type\":\"ImageObject\",\"inLanguage\":\"tr\",\"@id\":\"https:\\\/\\\/secure.gravatar.com\\\/avatar\\\/ccc17943b9d660506c869530f897617f7cb1c21a4bf30023f252596d83e1f007?s=96&d=mm&r=g\",\"url\":\"https:\\\/\\\/secure.gravatar.com\\\/avatar\\\/ccc17943b9d660506c869530f897617f7cb1c21a4bf30023f252596d83e1f007?s=96&d=mm&r=g\",\"contentUrl\":\"https:\\\/\\\/secure.gravatar.com\\\/avatar\\\/ccc17943b9d660506c869530f897617f7cb1c21a4bf30023f252596d83e1f007?s=96&d=mm&r=g\",\"caption\":\"admin\"},\"sameAs\":[\"https:\\\/\\\/kibrisdakik.com\"],\"url\":\"https:\\\/\\\/kibrisdakik.com\\\/?author=1\"}]}<\/script>\n<!-- \/ Yoast SEO plugin. -->","yoast_head_json":{"title":"Cumhuriyet Meclisi\u2019nde d\u00fcn sonu\u00e7lanamayan Meclis Ba\u015fkanl\u0131\u011f\u0131 se\u00e7imi i\u00e7in g\u00f6zler Genel Kurul\u2019da\u2026 -","robots":{"index":"index","follow":"follow","max-snippet":"max-snippet:-1","max-image-preview":"max-image-preview:large","max-video-preview":"max-video-preview:-1"},"canonical":"https:\/\/kibrisdakik.com\/?p=66235","og_locale":"tr_TR","og_type":"article","og_title":"Cumhuriyet Meclisi\u2019nde d\u00fcn sonu\u00e7lanamayan Meclis Ba\u015fkanl\u0131\u011f\u0131 se\u00e7imi i\u00e7in g\u00f6zler Genel Kurul\u2019da\u2026 -","og_description":"Cumhuriyet Meclisi Genel Kurulu\u2019nun bug\u00fcnk\u00fc toplant\u0131s\u0131nda d\u00fcn tamamlanamayan Ba\u015fkanl\u0131k Divan\u0131 se\u00e7imlerinin yap\u0131lmas\u0131 beklenirken UBP ve CTP grubu sabah saatlerinde topland\u0131. CTP Genel Ba\u015fkan\u0131 Tufan Erh\u00fcrman ise Meclis\u2019te bas\u0131na a\u00e7\u0131klama yap\u0131yor. Meclis Ba\u015fkan\u0131 Zorlu T\u00f6re, bu sabah T\u00fcrkiye\u2019ye giden Cumhurba\u015fkan\u0131\u2019na vekalet etti\u011fi i\u00e7in Genel Kurul\u2019un bug\u00fcn Meclis Ba\u015fkan Yard\u0131mc\u0131s\u0131 Fazilet \u00d6zdenefe ba\u015fkanl\u0131\u011f\u0131nda toplanmas\u0131 bekleniyor. Ulusal Birlik","og_url":"https:\/\/kibrisdakik.com\/?p=66235","article_published_time":"2024-10-08T10:22:52+00:00","og_image":[{"width":2048,"height":1367,"url":"https:\/\/kibrisdakik.com\/wp-content\/uploads\/2024\/10\/meclis-toplantisi-genel-ero-4-1-740x420.jpeg","type":"image\/jpeg"}],"author":"admin","twitter_card":"summary_large_image","twitter_misc":{"Yazan:":"admin","Tahmini okuma s\u00fcresi":"2 dakika"},"schema":{"@context":"https:\/\/schema.org","@graph":[{"@type":"Article","@id":"https:\/\/kibrisdakik.com\/?p=66235#article","isPartOf":{"@id":"https:\/\/kibrisdakik.com\/?p=66235"},"author":{"name":"admin","@id":"https:\/\/kibrisdakik.com\/#\/schema\/person\/9cd9d437bbb44f72b73ba127e06d8e79"},"headline":"Cumhuriyet Meclisi\u2019nde d\u00fcn sonu\u00e7lanamayan Meclis Ba\u015fkanl\u0131\u011f\u0131 se\u00e7imi i\u00e7in g\u00f6zler Genel Kurul\u2019da\u2026","datePublished":"2024-10-08T10:22:52+00:00","mainEntityOfPage":{"@id":"https:\/\/kibrisdakik.com\/?p=66235"},"wordCount":365,"commentCount":0,"image":{"@id":"https:\/\/kibrisdakik.com\/?p=66235#primaryimage"},"thumbnailUrl":"https:\/\/kibrisdakik.com\/wp-content\/uploads\/2024\/10\/meclis-toplantisi-genel-ero-4-1-740x420.jpeg","articleSection":["K\u0131br\u0131s"],"inLanguage":"tr","potentialAction":[{"@type":"CommentAction","name":"Comment","target":["https:\/\/kibrisdakik.com\/?p=66235#respond"]}]},{"@type":"WebPage","@id":"https:\/\/kibrisdakik.com\/?p=66235","url":"https:\/\/kibrisdakik.com\/?p=66235","name":"Cumhuriyet Meclisi\u2019nde d\u00fcn sonu\u00e7lanamayan Meclis Ba\u015fkanl\u0131\u011f\u0131 se\u00e7imi i\u00e7in g\u00f6zler Genel Kurul\u2019da\u2026 -","isPartOf":{"@id":"https:\/\/kibrisdakik.com\/#website"},"primaryImageOfPage":{"@id":"https:\/\/kibrisdakik.com\/?p=66235#primaryimage"},"image":{"@id":"https:\/\/kibrisdakik.com\/?p=66235#primaryimage"},"thumbnailUrl":"https:\/\/kibrisdakik.com\/wp-content\/uploads\/2024\/10\/meclis-toplantisi-genel-ero-4-1-740x420.jpeg","datePublished":"2024-10-08T10:22:52+00:00","author":{"@id":"https:\/\/kibrisdakik.com\/#\/schema\/person\/9cd9d437bbb44f72b73ba127e06d8e79"},"breadcrumb":{"@id":"https:\/\/kibrisdakik.com\/?p=66235#breadcrumb"},"inLanguage":"tr","potentialAction":[{"@type":"ReadAction","target":["https:\/\/kibrisdakik.com\/?p=66235"]}]},{"@type":"ImageObject","inLanguage":"tr","@id":"https:\/\/kibrisdakik.com\/?p=66235#primaryimage","url":"https:\/\/kibrisdakik.com\/wp-content\/uploads\/2024\/10\/meclis-toplantisi-genel-ero-4-1-740x420.jpeg","contentUrl":"https:\/\/kibrisdakik.com\/wp-content\/uploads\/2024\/10\/meclis-toplantisi-genel-ero-4-1-740x420.jpeg","width":2048,"height":1367},{"@type":"BreadcrumbList","@id":"https:\/\/kibrisdakik.com\/?p=66235#breadcrumb","itemListElement":[{"@type":"ListItem","position":1,"name":"Home","item":"https:\/\/kibrisdakik.com\/"},{"@type":"ListItem","position":2,"name":"Cumhuriyet Meclisi\u2019nde d\u00fcn sonu\u00e7lanamayan Meclis Ba\u015fkanl\u0131\u011f\u0131 se\u00e7imi i\u00e7in g\u00f6zler Genel Kurul\u2019da\u2026"}]},{"@type":"WebSite","@id":"https:\/\/kibrisdakik.com\/#website","url":"https:\/\/kibrisdakik.com\/","name":"","description":"Tam vaktinde haber","potentialAction":[{"@type":"SearchAction","target":{"@type":"EntryPoint","urlTemplate":"https:\/\/kibrisdakik.com\/?s={search_term_string}"},"query-input":{"@type":"PropertyValueSpecification","valueRequired":true,"valueName":"search_term_string"}}],"inLanguage":"tr"},{"@type":"Person","@id":"https:\/\/kibrisdakik.com\/#\/schema\/person\/9cd9d437bbb44f72b73ba127e06d8e79","name":"admin","image":{"@type":"ImageObject","inLanguage":"tr","@id":"https:\/\/secure.gravatar.com\/avatar\/ccc17943b9d660506c869530f897617f7cb1c21a4bf30023f252596d83e1f007?s=96&d=mm&r=g","url":"https:\/\/secure.gravatar.com\/avatar\/ccc17943b9d660506c869530f897617f7cb1c21a4bf30023f252596d83e1f007?s=96&d=mm&r=g","contentUrl":"https:\/\/secure.gravatar.com\/avatar\/ccc17943b9d660506c869530f897617f7cb1c21a4bf30023f252596d83e1f007?s=96&d=mm&r=g","caption":"admin"},"sameAs":["https:\/\/kibrisdakik.com"],"url":"https:\/\/kibrisdakik.com\/?author=1"}]}},"_links":{"self":[{"href":"https:\/\/kibrisdakik.com\/index.php?rest_route=\/wp\/v2\/posts\/66235","targetHints":{"allow":["GET"]}}],"collection":[{"href":"https:\/\/kibrisdakik.com\/index.php?rest_route=\/wp\/v2\/posts"}],"about":[{"href":"https:\/\/kibrisdakik.com\/index.php?rest_route=\/wp\/v2\/types\/post"}],"author":[{"embeddable":true,"href":"https:\/\/kibrisdakik.com\/index.php?rest_route=\/wp\/v2\/users\/1"}],"replies":[{"embeddable":true,"href":"https:\/\/kibrisdakik.com\/index.php?rest_route=%2Fwp%2Fv2%2Fcomments&post=66235"}],"version-history":[{"count":0,"href":"https:\/\/kibrisdakik.com\/index.php?rest_route=\/wp\/v2\/posts\/66235\/revisions"}],"wp:featuredmedia":[{"embeddable":true,"href":"https:\/\/kibrisdakik.com\/index.php?rest_route=\/wp\/v2\/media\/66236"}],"wp:attachment":[{"href":"https:\/\/kibrisdakik.com\/index.php?rest_route=%2Fwp%2Fv2%2Fmedia&parent=66235"}],"wp:term":[{"taxonomy":"category","embeddable":true,"href":"https:\/\/kibrisdakik.com\/index.php?rest_route=%2Fwp%2Fv2%2Fcategories&post=66235"},{"taxonomy":"post_tag","embeddable":true,"href":"https:\/\/kibrisdakik.com\/index.php?rest_route=%2Fwp%2Fv2%2Ftags&post=66235"}],"curies":[{"name":"wp","href":"https:\/\/api.w.org\/{rel}","templated":true}]}}