{"id":66256,"date":"2024-10-08T15:57:19","date_gmt":"2024-10-08T12:57:19","guid":{"rendered":"https:\/\/kibrisdakik.com\/index.php\/2024\/10\/08\/cumhurbaskani-tatar-programini-iptal-ederek-yurda-donuyor\/"},"modified":"2024-10-08T15:57:19","modified_gmt":"2024-10-08T12:57:19","slug":"cumhurbaskani-tatar-programini-iptal-ederek-yurda-donuyor","status":"publish","type":"post","link":"https:\/\/kibrisdakik.com\/?p=66256","title":{"rendered":"Cumhurba\u015fkan\u0131 Tatar program\u0131n\u0131 iptal ederek yurda d\u00f6n\u00fcyor"},"content":{"rendered":"<div>\n<div class=\"mariselle-image-container center\">\n                                            <\/div>\n<p>Cumhurba\u015fkan\u0131 Ersin Tatar, T\u00fcrkiye\u2019deki program\u0131n\u0131 iptal ederek yurda d\u00f6n\u00fcyor.<\/p>\n<p>Cumhurba\u015fkan\u0131 Tatar, Ankara\u2019da kat\u0131ld\u0131\u011f\u0131 konferansta, Meclis\u2019teki ba\u015fkanl\u0131k se\u00e7iminde ya\u015fanan sorun \u00fczerine ilk u\u00e7akla yurda d\u00f6nece\u011fini a\u00e7\u0131klad\u0131.<\/p>\n<p>\u201cProgramlar\u0131n\u0131 iptal ettim K\u0131br\u0131s\u2019a d\u00f6n\u00fcyorum.\u201d diyen Tatar, Samsun ve Trabzon\u2019daki programlar\u0131na kat\u0131lamayaca\u011f\u0131n\u0131, Meclis\u2019in toplanabilmesi i\u00e7in geri d\u00f6nece\u011fini kaydetti.<\/p>\n<p>Cumhuriyet Meclisi\u2019nin bug\u00fcn yap\u0131lmas\u0131 gereken toplant\u0131s\u0131 halen ba\u015flamad\u0131.<\/p>\n<p>Cumhurba\u015fkanl\u0131\u011f\u0131\u2019na Meclis Ba\u015fkan\u0131 Zorlu T\u00f6re vekalet etti\u011fi i\u00e7in Meclis Ba\u015fkanl\u0131\u011f\u0131\u2019na da Meclis Ba\u015fkan Yard\u0131mc\u0131s\u0131 Fazilet \u00d6zdenefe vekalet ediyor. <\/p>\n<p>CTP\u2018nin ald\u0131\u011f\u0131 karar \u00fczerine \u00d6zdenefe\u2019nin toplant\u0131ya ba\u015fkanl\u0131k etmeyece\u011fi a\u00e7\u0131klanm\u0131\u015ft\u0131. <\/p>\n<p>Cumhurba\u015fkan\u0131\u2019n\u0131n yurda d\u00f6nmesiyle Meclis\u2019in T\u00f6re ba\u015fkanl\u0131\u011f\u0131nda toplanmas\u0131 bekleniyor.<\/p>\n<\/p><\/div>\n<p><script async\n                    defer\n                    crossorigin=\"anonymous\"\n                    src=\"https:\/\/connect.facebook.net\/tr_TR\/sdk.js#xfbml=1&#038;version=v3.3\"\n            ><\/script><\/p>\n","protected":false},"excerpt":{"rendered":"<p>Cumhurba\u015fkan\u0131 Ersin Tatar, T\u00fcrkiye\u2019deki program\u0131n\u0131 iptal ederek yurda d\u00f6n\u00fcyor. Cumhurba\u015fkan\u0131 Tatar, Ankara\u2019da kat\u0131ld\u0131\u011f\u0131 konferansta, Meclis\u2019teki ba\u015fkanl\u0131k se\u00e7iminde ya\u015fanan sorun \u00fczerine ilk u\u00e7akla yurda d\u00f6nece\u011fini a\u00e7\u0131klad\u0131. \u201cProgramlar\u0131n\u0131 iptal ettim K\u0131br\u0131s\u2019a d\u00f6n\u00fcyorum.\u201d diyen Tatar, Samsun ve Trabzon\u2019daki programlar\u0131na kat\u0131lamayaca\u011f\u0131n\u0131, Meclis\u2019in toplanabilmesi i\u00e7in geri d\u00f6nece\u011fini kaydetti. Cumhuriyet Meclisi\u2019nin bug\u00fcn yap\u0131lmas\u0131 gereken toplant\u0131s\u0131 halen ba\u015flamad\u0131. Cumhurba\u015fkanl\u0131\u011f\u0131\u2019na Meclis Ba\u015fkan\u0131 Zorlu<\/p>\n","protected":false},"author":1,"featured_media":66257,"comment_status":"open","ping_status":"open","sticky":false,"template":"","format":"standard","meta":{"footnotes":""},"categories":[81],"tags":[],"class_list":["post-66256","post","type-post","status-publish","format-standard","has-post-thumbnail","hentry","category-kibris"],"yoast_head":"<!-- This site is optimized with the Yoast SEO plugin v27.4 - https:\/\/yoast.com\/product\/yoast-seo-wordpress\/ -->\n<title>Cumhurba\u015fkan\u0131 Tatar program\u0131n\u0131 iptal ederek yurda d\u00f6n\u00fcyor -<\/title>\n<meta name=\"robots\" content=\"index, follow, max-snippet:-1, max-image-preview:large, max-video-preview:-1\" \/>\n<link rel=\"canonical\" href=\"https:\/\/kibrisdakik.com\/?p=66256\" \/>\n<meta property=\"og:locale\" content=\"tr_TR\" \/>\n<meta property=\"og:type\" content=\"article\" \/>\n<meta property=\"og:title\" content=\"Cumhurba\u015fkan\u0131 Tatar program\u0131n\u0131 iptal ederek yurda d\u00f6n\u00fcyor -\" \/>\n<meta property=\"og:description\" content=\"Cumhurba\u015fkan\u0131 Ersin Tatar, T\u00fcrkiye\u2019deki program\u0131n\u0131 iptal ederek yurda d\u00f6n\u00fcyor. Cumhurba\u015fkan\u0131 Tatar, Ankara\u2019da kat\u0131ld\u0131\u011f\u0131 konferansta, Meclis\u2019teki ba\u015fkanl\u0131k se\u00e7iminde ya\u015fanan sorun \u00fczerine ilk u\u00e7akla yurda d\u00f6nece\u011fini a\u00e7\u0131klad\u0131. \u201cProgramlar\u0131n\u0131 iptal ettim K\u0131br\u0131s\u2019a d\u00f6n\u00fcyorum.\u201d diyen Tatar, Samsun ve Trabzon\u2019daki programlar\u0131na kat\u0131lamayaca\u011f\u0131n\u0131, Meclis\u2019in toplanabilmesi i\u00e7in geri d\u00f6nece\u011fini kaydetti. Cumhuriyet Meclisi\u2019nin bug\u00fcn yap\u0131lmas\u0131 gereken toplant\u0131s\u0131 halen ba\u015flamad\u0131. Cumhurba\u015fkanl\u0131\u011f\u0131\u2019na Meclis Ba\u015fkan\u0131 Zorlu\" \/>\n<meta property=\"og:url\" content=\"https:\/\/kibrisdakik.com\/?p=66256\" \/>\n<meta property=\"article:published_time\" content=\"2024-10-08T12:57:19+00:00\" \/>\n<meta property=\"og:image\" content=\"https:\/\/kibrisdakik.com\/wp-content\/uploads\/2024\/10\/tatar-rop7-740x420.jpg\" \/>\n\t<meta property=\"og:image:width\" content=\"1600\" \/>\n\t<meta property=\"og:image:height\" content=\"1066\" \/>\n\t<meta property=\"og:image:type\" content=\"image\/jpeg\" \/>\n<meta name=\"author\" content=\"admin\" \/>\n<meta name=\"twitter:card\" content=\"summary_large_image\" \/>\n<meta name=\"twitter:label1\" content=\"Yazan:\" \/>\n\t<meta name=\"twitter:data1\" content=\"admin\" \/>\n\t<meta name=\"twitter:label2\" content=\"Tahmini okuma s\u00fcresi\" \/>\n\t<meta name=\"twitter:data2\" content=\"1 dakika\" \/>\n<script type=\"application\/ld+json\" class=\"yoast-schema-graph\">{\"@context\":\"https:\\\/\\\/schema.org\",\"@graph\":[{\"@type\":\"Article\",\"@id\":\"https:\\\/\\\/kibrisdakik.com\\\/?p=66256#article\",\"isPartOf\":{\"@id\":\"https:\\\/\\\/kibrisdakik.com\\\/?p=66256\"},\"author\":{\"name\":\"admin\",\"@id\":\"https:\\\/\\\/kibrisdakik.com\\\/#\\\/schema\\\/person\\\/9cd9d437bbb44f72b73ba127e06d8e79\"},\"headline\":\"Cumhurba\u015fkan\u0131 Tatar program\u0131n\u0131 iptal ederek yurda d\u00f6n\u00fcyor\",\"datePublished\":\"2024-10-08T12:57:19+00:00\",\"mainEntityOfPage\":{\"@id\":\"https:\\\/\\\/kibrisdakik.com\\\/?p=66256\"},\"wordCount\":161,\"commentCount\":0,\"image\":{\"@id\":\"https:\\\/\\\/kibrisdakik.com\\\/?p=66256#primaryimage\"},\"thumbnailUrl\":\"https:\\\/\\\/kibrisdakik.com\\\/wp-content\\\/uploads\\\/2024\\\/10\\\/tatar-rop7-740x420.jpg\",\"articleSection\":[\"K\u0131br\u0131s\"],\"inLanguage\":\"tr\",\"potentialAction\":[{\"@type\":\"CommentAction\",\"name\":\"Comment\",\"target\":[\"https:\\\/\\\/kibrisdakik.com\\\/?p=66256#respond\"]}]},{\"@type\":\"WebPage\",\"@id\":\"https:\\\/\\\/kibrisdakik.com\\\/?p=66256\",\"url\":\"https:\\\/\\\/kibrisdakik.com\\\/?p=66256\",\"name\":\"Cumhurba\u015fkan\u0131 Tatar program\u0131n\u0131 iptal ederek yurda d\u00f6n\u00fcyor -\",\"isPartOf\":{\"@id\":\"https:\\\/\\\/kibrisdakik.com\\\/#website\"},\"primaryImageOfPage\":{\"@id\":\"https:\\\/\\\/kibrisdakik.com\\\/?p=66256#primaryimage\"},\"image\":{\"@id\":\"https:\\\/\\\/kibrisdakik.com\\\/?p=66256#primaryimage\"},\"thumbnailUrl\":\"https:\\\/\\\/kibrisdakik.com\\\/wp-content\\\/uploads\\\/2024\\\/10\\\/tatar-rop7-740x420.jpg\",\"datePublished\":\"2024-10-08T12:57:19+00:00\",\"author\":{\"@id\":\"https:\\\/\\\/kibrisdakik.com\\\/#\\\/schema\\\/person\\\/9cd9d437bbb44f72b73ba127e06d8e79\"},\"breadcrumb\":{\"@id\":\"https:\\\/\\\/kibrisdakik.com\\\/?p=66256#breadcrumb\"},\"inLanguage\":\"tr\",\"potentialAction\":[{\"@type\":\"ReadAction\",\"target\":[\"https:\\\/\\\/kibrisdakik.com\\\/?p=66256\"]}]},{\"@type\":\"ImageObject\",\"inLanguage\":\"tr\",\"@id\":\"https:\\\/\\\/kibrisdakik.com\\\/?p=66256#primaryimage\",\"url\":\"https:\\\/\\\/kibrisdakik.com\\\/wp-content\\\/uploads\\\/2024\\\/10\\\/tatar-rop7-740x420.jpg\",\"contentUrl\":\"https:\\\/\\\/kibrisdakik.com\\\/wp-content\\\/uploads\\\/2024\\\/10\\\/tatar-rop7-740x420.jpg\",\"width\":1600,\"height\":1066},{\"@type\":\"BreadcrumbList\",\"@id\":\"https:\\\/\\\/kibrisdakik.com\\\/?p=66256#breadcrumb\",\"itemListElement\":[{\"@type\":\"ListItem\",\"position\":1,\"name\":\"Home\",\"item\":\"https:\\\/\\\/kibrisdakik.com\\\/\"},{\"@type\":\"ListItem\",\"position\":2,\"name\":\"Cumhurba\u015fkan\u0131 Tatar program\u0131n\u0131 iptal ederek yurda d\u00f6n\u00fcyor\"}]},{\"@type\":\"WebSite\",\"@id\":\"https:\\\/\\\/kibrisdakik.com\\\/#website\",\"url\":\"https:\\\/\\\/kibrisdakik.com\\\/\",\"name\":\"\",\"description\":\"Tam vaktinde haber\",\"potentialAction\":[{\"@type\":\"SearchAction\",\"target\":{\"@type\":\"EntryPoint\",\"urlTemplate\":\"https:\\\/\\\/kibrisdakik.com\\\/?s={search_term_string}\"},\"query-input\":{\"@type\":\"PropertyValueSpecification\",\"valueRequired\":true,\"valueName\":\"search_term_string\"}}],\"inLanguage\":\"tr\"},{\"@type\":\"Person\",\"@id\":\"https:\\\/\\\/kibrisdakik.com\\\/#\\\/schema\\\/person\\\/9cd9d437bbb44f72b73ba127e06d8e79\",\"name\":\"admin\",\"image\":{\"@type\":\"ImageObject\",\"inLanguage\":\"tr\",\"@id\":\"https:\\\/\\\/secure.gravatar.com\\\/avatar\\\/ccc17943b9d660506c869530f897617f7cb1c21a4bf30023f252596d83e1f007?s=96&d=mm&r=g\",\"url\":\"https:\\\/\\\/secure.gravatar.com\\\/avatar\\\/ccc17943b9d660506c869530f897617f7cb1c21a4bf30023f252596d83e1f007?s=96&d=mm&r=g\",\"contentUrl\":\"https:\\\/\\\/secure.gravatar.com\\\/avatar\\\/ccc17943b9d660506c869530f897617f7cb1c21a4bf30023f252596d83e1f007?s=96&d=mm&r=g\",\"caption\":\"admin\"},\"sameAs\":[\"https:\\\/\\\/kibrisdakik.com\"],\"url\":\"https:\\\/\\\/kibrisdakik.com\\\/?author=1\"}]}<\/script>\n<!-- \/ Yoast SEO plugin. -->","yoast_head_json":{"title":"Cumhurba\u015fkan\u0131 Tatar program\u0131n\u0131 iptal ederek yurda d\u00f6n\u00fcyor -","robots":{"index":"index","follow":"follow","max-snippet":"max-snippet:-1","max-image-preview":"max-image-preview:large","max-video-preview":"max-video-preview:-1"},"canonical":"https:\/\/kibrisdakik.com\/?p=66256","og_locale":"tr_TR","og_type":"article","og_title":"Cumhurba\u015fkan\u0131 Tatar program\u0131n\u0131 iptal ederek yurda d\u00f6n\u00fcyor -","og_description":"Cumhurba\u015fkan\u0131 Ersin Tatar, T\u00fcrkiye\u2019deki program\u0131n\u0131 iptal ederek yurda d\u00f6n\u00fcyor. Cumhurba\u015fkan\u0131 Tatar, Ankara\u2019da kat\u0131ld\u0131\u011f\u0131 konferansta, Meclis\u2019teki ba\u015fkanl\u0131k se\u00e7iminde ya\u015fanan sorun \u00fczerine ilk u\u00e7akla yurda d\u00f6nece\u011fini a\u00e7\u0131klad\u0131. \u201cProgramlar\u0131n\u0131 iptal ettim K\u0131br\u0131s\u2019a d\u00f6n\u00fcyorum.\u201d diyen Tatar, Samsun ve Trabzon\u2019daki programlar\u0131na kat\u0131lamayaca\u011f\u0131n\u0131, Meclis\u2019in toplanabilmesi i\u00e7in geri d\u00f6nece\u011fini kaydetti. Cumhuriyet Meclisi\u2019nin bug\u00fcn yap\u0131lmas\u0131 gereken toplant\u0131s\u0131 halen ba\u015flamad\u0131. Cumhurba\u015fkanl\u0131\u011f\u0131\u2019na Meclis Ba\u015fkan\u0131 Zorlu","og_url":"https:\/\/kibrisdakik.com\/?p=66256","article_published_time":"2024-10-08T12:57:19+00:00","og_image":[{"width":1600,"height":1066,"url":"https:\/\/kibrisdakik.com\/wp-content\/uploads\/2024\/10\/tatar-rop7-740x420.jpg","type":"image\/jpeg"}],"author":"admin","twitter_card":"summary_large_image","twitter_misc":{"Yazan:":"admin","Tahmini okuma s\u00fcresi":"1 dakika"},"schema":{"@context":"https:\/\/schema.org","@graph":[{"@type":"Article","@id":"https:\/\/kibrisdakik.com\/?p=66256#article","isPartOf":{"@id":"https:\/\/kibrisdakik.com\/?p=66256"},"author":{"name":"admin","@id":"https:\/\/kibrisdakik.com\/#\/schema\/person\/9cd9d437bbb44f72b73ba127e06d8e79"},"headline":"Cumhurba\u015fkan\u0131 Tatar program\u0131n\u0131 iptal ederek yurda d\u00f6n\u00fcyor","datePublished":"2024-10-08T12:57:19+00:00","mainEntityOfPage":{"@id":"https:\/\/kibrisdakik.com\/?p=66256"},"wordCount":161,"commentCount":0,"image":{"@id":"https:\/\/kibrisdakik.com\/?p=66256#primaryimage"},"thumbnailUrl":"https:\/\/kibrisdakik.com\/wp-content\/uploads\/2024\/10\/tatar-rop7-740x420.jpg","articleSection":["K\u0131br\u0131s"],"inLanguage":"tr","potentialAction":[{"@type":"CommentAction","name":"Comment","target":["https:\/\/kibrisdakik.com\/?p=66256#respond"]}]},{"@type":"WebPage","@id":"https:\/\/kibrisdakik.com\/?p=66256","url":"https:\/\/kibrisdakik.com\/?p=66256","name":"Cumhurba\u015fkan\u0131 Tatar program\u0131n\u0131 iptal ederek yurda d\u00f6n\u00fcyor -","isPartOf":{"@id":"https:\/\/kibrisdakik.com\/#website"},"primaryImageOfPage":{"@id":"https:\/\/kibrisdakik.com\/?p=66256#primaryimage"},"image":{"@id":"https:\/\/kibrisdakik.com\/?p=66256#primaryimage"},"thumbnailUrl":"https:\/\/kibrisdakik.com\/wp-content\/uploads\/2024\/10\/tatar-rop7-740x420.jpg","datePublished":"2024-10-08T12:57:19+00:00","author":{"@id":"https:\/\/kibrisdakik.com\/#\/schema\/person\/9cd9d437bbb44f72b73ba127e06d8e79"},"breadcrumb":{"@id":"https:\/\/kibrisdakik.com\/?p=66256#breadcrumb"},"inLanguage":"tr","potentialAction":[{"@type":"ReadAction","target":["https:\/\/kibrisdakik.com\/?p=66256"]}]},{"@type":"ImageObject","inLanguage":"tr","@id":"https:\/\/kibrisdakik.com\/?p=66256#primaryimage","url":"https:\/\/kibrisdakik.com\/wp-content\/uploads\/2024\/10\/tatar-rop7-740x420.jpg","contentUrl":"https:\/\/kibrisdakik.com\/wp-content\/uploads\/2024\/10\/tatar-rop7-740x420.jpg","width":1600,"height":1066},{"@type":"BreadcrumbList","@id":"https:\/\/kibrisdakik.com\/?p=66256#breadcrumb","itemListElement":[{"@type":"ListItem","position":1,"name":"Home","item":"https:\/\/kibrisdakik.com\/"},{"@type":"ListItem","position":2,"name":"Cumhurba\u015fkan\u0131 Tatar program\u0131n\u0131 iptal ederek yurda d\u00f6n\u00fcyor"}]},{"@type":"WebSite","@id":"https:\/\/kibrisdakik.com\/#website","url":"https:\/\/kibrisdakik.com\/","name":"","description":"Tam vaktinde haber","potentialAction":[{"@type":"SearchAction","target":{"@type":"EntryPoint","urlTemplate":"https:\/\/kibrisdakik.com\/?s={search_term_string}"},"query-input":{"@type":"PropertyValueSpecification","valueRequired":true,"valueName":"search_term_string"}}],"inLanguage":"tr"},{"@type":"Person","@id":"https:\/\/kibrisdakik.com\/#\/schema\/person\/9cd9d437bbb44f72b73ba127e06d8e79","name":"admin","image":{"@type":"ImageObject","inLanguage":"tr","@id":"https:\/\/secure.gravatar.com\/avatar\/ccc17943b9d660506c869530f897617f7cb1c21a4bf30023f252596d83e1f007?s=96&d=mm&r=g","url":"https:\/\/secure.gravatar.com\/avatar\/ccc17943b9d660506c869530f897617f7cb1c21a4bf30023f252596d83e1f007?s=96&d=mm&r=g","contentUrl":"https:\/\/secure.gravatar.com\/avatar\/ccc17943b9d660506c869530f897617f7cb1c21a4bf30023f252596d83e1f007?s=96&d=mm&r=g","caption":"admin"},"sameAs":["https:\/\/kibrisdakik.com"],"url":"https:\/\/kibrisdakik.com\/?author=1"}]}},"_links":{"self":[{"href":"https:\/\/kibrisdakik.com\/index.php?rest_route=\/wp\/v2\/posts\/66256","targetHints":{"allow":["GET"]}}],"collection":[{"href":"https:\/\/kibrisdakik.com\/index.php?rest_route=\/wp\/v2\/posts"}],"about":[{"href":"https:\/\/kibrisdakik.com\/index.php?rest_route=\/wp\/v2\/types\/post"}],"author":[{"embeddable":true,"href":"https:\/\/kibrisdakik.com\/index.php?rest_route=\/wp\/v2\/users\/1"}],"replies":[{"embeddable":true,"href":"https:\/\/kibrisdakik.com\/index.php?rest_route=%2Fwp%2Fv2%2Fcomments&post=66256"}],"version-history":[{"count":0,"href":"https:\/\/kibrisdakik.com\/index.php?rest_route=\/wp\/v2\/posts\/66256\/revisions"}],"wp:featuredmedia":[{"embeddable":true,"href":"https:\/\/kibrisdakik.com\/index.php?rest_route=\/wp\/v2\/media\/66257"}],"wp:attachment":[{"href":"https:\/\/kibrisdakik.com\/index.php?rest_route=%2Fwp%2Fv2%2Fmedia&parent=66256"}],"wp:term":[{"taxonomy":"category","embeddable":true,"href":"https:\/\/kibrisdakik.com\/index.php?rest_route=%2Fwp%2Fv2%2Fcategories&post=66256"},{"taxonomy":"post_tag","embeddable":true,"href":"https:\/\/kibrisdakik.com\/index.php?rest_route=%2Fwp%2Fv2%2Ftags&post=66256"}],"curies":[{"name":"wp","href":"https:\/\/api.w.org\/{rel}","templated":true}]}}