{"id":66363,"date":"2024-10-09T11:13:50","date_gmt":"2024-10-09T08:13:50","guid":{"rendered":"https:\/\/kibrisdakik.com\/index.php\/2024\/10\/09\/gonyeli-belediye-bulvari-gonyeli-alaykoy-rallisi-nedeniyle-gecici-surelerle-trafige-kapatilacak\/"},"modified":"2024-10-09T11:13:50","modified_gmt":"2024-10-09T08:13:50","slug":"gonyeli-belediye-bulvari-gonyeli-alaykoy-rallisi-nedeniyle-gecici-surelerle-trafige-kapatilacak","status":"publish","type":"post","link":"https:\/\/kibrisdakik.com\/?p=66363","title":{"rendered":"G\u00f6nyeli Belediye Bulvar\u0131, G\u00f6nyeli-Alayk\u00f6y Rallisi nedeniyle ge\u00e7ici s\u00fcrelerle trafi\u011fe kapat\u0131lacak"},"content":{"rendered":"<p><\/p>\n<div>\n<div class=\"mariselle-image-container center\">\n                <img loading=\"lazy\" decoding=\"async\" width=\"1890\" height=\"1417\" class=\"lazy-image\" alt=\"\" sizes=\"auto, (max-width: 1890px) 100vw, 1890px\" src=\"https:\/\/brtk.net\/wp-content\/uploads\/2024\/10\/09\/gonyeli-alaykoy-rallisi.jpg?ver=db5bd1a03da7212c34e96222da846e42\" srcset=\"https:\/\/brtk.net\/wp-content\/uploads\/2024\/10\/09\/gonyeli-alaykoy-rallisi.jpg?ver=db5bd1a03da7212c34e96222da846e42 1890w, https:\/\/brtk.net\/wp-content\/uploads\/2024\/10\/09\/gonyeli-alaykoy-rallisi-300x225.jpg?ver=db5bd1a03da7212c34e96222da846e42 300w, https:\/\/brtk.net\/wp-content\/uploads\/2024\/10\/09\/gonyeli-alaykoy-rallisi-1024x768.jpg?ver=f377d31bdd3c96ed3c7d06123fb8b1ae 1024w, https:\/\/brtk.net\/wp-content\/uploads\/2024\/10\/09\/gonyeli-alaykoy-rallisi-768x576.jpg?ver=f377d31bdd3c96ed3c7d06123fb8b1ae 768w, https:\/\/brtk.net\/wp-content\/uploads\/2024\/10\/09\/gonyeli-alaykoy-rallisi-1536x1152.jpg?ver=e69a02343e1d64cb8bf4279e9d31051c 1536w\"\/>                            <\/div>\n<p>G\u00f6nyeli Belediye Bulvar\u0131, G\u00f6nyeli-Alayk\u00f6y Rallisi nedeniyle yar\u0131ndan itibaren pazar g\u00fcn\u00fcne kadar ge\u00e7ici s\u00fcrelerle trafi\u011fe kapat\u0131lacak.<\/p>\n<p>Polis Bas\u0131n Subayl\u0131\u011f\u0131\u2019ndan yap\u0131lan yaz\u0131l\u0131 a\u00e7\u0131klamada, Kuzey K\u0131br\u0131s Turing ve Otomobil Kurumu taraf\u0131ndan G\u00f6nyeli, Kanl\u0131k\u00f6y, Y\u0131lmazk\u00f6y, \u015eirinevler, Pl\u00fcmer ve Kozan b\u00f6lgelerinde \u201cG\u00f6nyeli-Alayk\u00f6y Rallisi\u201d ger\u00e7ekle\u015ftirilece\u011fi kaydedildi.  <\/p>\n<p>Ralli kapsam\u0131nda d\u00fczenlenecek olan Yenikent \u015eehir \u0130\u00e7i Etab\u0131 (Ralli \u015eov) i\u00e7in, G\u00f6nyeli Belediye Bulvar\u0131\u2019n\u0131n Bereket F\u0131r\u0131n\u0131 kav\u015fa\u011f\u0131 ile Damdelen Alpet Petrol kav\u015fa\u011f\u0131 aras\u0131nda kalan k\u0131sm\u0131n, yar\u0131n 21.00-01.00 saatleri, 11 Ekim Cuma g\u00fcn\u00fc 15.00-01.00 saatleri ve 13 Ekim Pazar g\u00fcn\u00fc 15.00-01.00 saatleri aras\u0131nda ara\u00e7 trafi\u011fine kapat\u0131laca\u011f\u0131ndan ula\u015f\u0131m\u0131n alternatif yollardan sa\u011flanaca\u011f\u0131 belirtildi.  <\/p>\n<p>Belirtilen tarih ve saatler aras\u0131nda, G\u00f6nyeli Belediye Bulvar\u0131\u2019n\u0131 kullanacak olan s\u00fcr\u00fcc\u00fclerin can ve mal g\u00fcvenli\u011fi a\u00e7\u0131s\u0131ndan yava\u015f ve dikkatli seyretmeleri, ayr\u0131ca trafik i\u015faret ve i\u015faret\u00e7ilerine uymalar\u0131 istendi.<\/p>\n<\/p><\/div>\n<p><script async\n                    defer\n                    crossorigin=\"anonymous\"\n                    src=\"https:\/\/connect.facebook.net\/tr_TR\/sdk.js#xfbml=1&#038;version=v3.3\"\n            ><\/script><\/p>\n","protected":false},"excerpt":{"rendered":"<p>G\u00f6nyeli Belediye Bulvar\u0131, G\u00f6nyeli-Alayk\u00f6y Rallisi nedeniyle yar\u0131ndan itibaren pazar g\u00fcn\u00fcne kadar ge\u00e7ici s\u00fcrelerle trafi\u011fe kapat\u0131lacak. Polis Bas\u0131n Subayl\u0131\u011f\u0131\u2019ndan yap\u0131lan yaz\u0131l\u0131 a\u00e7\u0131klamada, Kuzey K\u0131br\u0131s Turing ve Otomobil Kurumu taraf\u0131ndan G\u00f6nyeli, Kanl\u0131k\u00f6y, Y\u0131lmazk\u00f6y, \u015eirinevler, Pl\u00fcmer ve Kozan b\u00f6lgelerinde \u201cG\u00f6nyeli-Alayk\u00f6y Rallisi\u201d ger\u00e7ekle\u015ftirilece\u011fi kaydedildi. Ralli kapsam\u0131nda d\u00fczenlenecek olan Yenikent \u015eehir \u0130\u00e7i Etab\u0131 (Ralli \u015eov) i\u00e7in, G\u00f6nyeli Belediye Bulvar\u0131\u2019n\u0131n Bereket<\/p>\n","protected":false},"author":1,"featured_media":66364,"comment_status":"open","ping_status":"open","sticky":false,"template":"","format":"standard","meta":{"footnotes":""},"categories":[1],"tags":[],"class_list":["post-66363","post","type-post","status-publish","format-standard","has-post-thumbnail","hentry","category-gundem"],"yoast_head":"<!-- This site is optimized with the Yoast SEO plugin v27.5 - https:\/\/yoast.com\/product\/yoast-seo-wordpress\/ -->\n<title>G\u00f6nyeli Belediye Bulvar\u0131, G\u00f6nyeli-Alayk\u00f6y Rallisi nedeniyle ge\u00e7ici s\u00fcrelerle trafi\u011fe kapat\u0131lacak -<\/title>\n<meta name=\"robots\" content=\"index, follow, max-snippet:-1, max-image-preview:large, max-video-preview:-1\" \/>\n<link rel=\"canonical\" href=\"https:\/\/kibrisdakik.com\/?p=66363\" \/>\n<meta property=\"og:locale\" content=\"tr_TR\" \/>\n<meta property=\"og:type\" content=\"article\" \/>\n<meta property=\"og:title\" content=\"G\u00f6nyeli Belediye Bulvar\u0131, G\u00f6nyeli-Alayk\u00f6y Rallisi nedeniyle ge\u00e7ici s\u00fcrelerle trafi\u011fe kapat\u0131lacak -\" \/>\n<meta property=\"og:description\" content=\"G\u00f6nyeli Belediye Bulvar\u0131, G\u00f6nyeli-Alayk\u00f6y Rallisi nedeniyle yar\u0131ndan itibaren pazar g\u00fcn\u00fcne kadar ge\u00e7ici s\u00fcrelerle trafi\u011fe kapat\u0131lacak. Polis Bas\u0131n Subayl\u0131\u011f\u0131\u2019ndan yap\u0131lan yaz\u0131l\u0131 a\u00e7\u0131klamada, Kuzey K\u0131br\u0131s Turing ve Otomobil Kurumu taraf\u0131ndan G\u00f6nyeli, Kanl\u0131k\u00f6y, Y\u0131lmazk\u00f6y, \u015eirinevler, Pl\u00fcmer ve Kozan b\u00f6lgelerinde \u201cG\u00f6nyeli-Alayk\u00f6y Rallisi\u201d ger\u00e7ekle\u015ftirilece\u011fi kaydedildi. Ralli kapsam\u0131nda d\u00fczenlenecek olan Yenikent \u015eehir \u0130\u00e7i Etab\u0131 (Ralli \u015eov) i\u00e7in, G\u00f6nyeli Belediye Bulvar\u0131\u2019n\u0131n Bereket\" \/>\n<meta property=\"og:url\" content=\"https:\/\/kibrisdakik.com\/?p=66363\" \/>\n<meta property=\"article:published_time\" content=\"2024-10-09T08:13:50+00:00\" \/>\n<meta property=\"og:image\" content=\"https:\/\/kibrisdakik.com\/wp-content\/uploads\/2024\/10\/gonyeli-alaykoy-rallisi-740x420.jpg\" \/>\n\t<meta property=\"og:image:width\" content=\"1890\" \/>\n\t<meta property=\"og:image:height\" content=\"1417\" \/>\n\t<meta property=\"og:image:type\" content=\"image\/jpeg\" \/>\n<meta name=\"author\" content=\"admin\" \/>\n<meta name=\"twitter:card\" content=\"summary_large_image\" \/>\n<meta name=\"twitter:label1\" content=\"Yazan:\" \/>\n\t<meta name=\"twitter:data1\" content=\"admin\" \/>\n\t<meta name=\"twitter:label2\" content=\"Tahmini okuma s\u00fcresi\" \/>\n\t<meta name=\"twitter:data2\" content=\"1 dakika\" \/>\n<script type=\"application\/ld+json\" class=\"yoast-schema-graph\">{\"@context\":\"https:\\\/\\\/schema.org\",\"@graph\":[{\"@type\":\"Article\",\"@id\":\"https:\\\/\\\/kibrisdakik.com\\\/?p=66363#article\",\"isPartOf\":{\"@id\":\"https:\\\/\\\/kibrisdakik.com\\\/?p=66363\"},\"author\":{\"name\":\"admin\",\"@id\":\"https:\\\/\\\/kibrisdakik.com\\\/#\\\/schema\\\/person\\\/9cd9d437bbb44f72b73ba127e06d8e79\"},\"headline\":\"G\u00f6nyeli Belediye Bulvar\u0131, G\u00f6nyeli-Alayk\u00f6y Rallisi nedeniyle ge\u00e7ici s\u00fcrelerle trafi\u011fe kapat\u0131lacak\",\"datePublished\":\"2024-10-09T08:13:50+00:00\",\"mainEntityOfPage\":{\"@id\":\"https:\\\/\\\/kibrisdakik.com\\\/?p=66363\"},\"wordCount\":199,\"commentCount\":0,\"image\":{\"@id\":\"https:\\\/\\\/kibrisdakik.com\\\/?p=66363#primaryimage\"},\"thumbnailUrl\":\"https:\\\/\\\/kibrisdakik.com\\\/wp-content\\\/uploads\\\/2024\\\/10\\\/gonyeli-alaykoy-rallisi-740x420.jpg\",\"articleSection\":[\"G\u00fcndem\"],\"inLanguage\":\"tr\",\"potentialAction\":[{\"@type\":\"CommentAction\",\"name\":\"Comment\",\"target\":[\"https:\\\/\\\/kibrisdakik.com\\\/?p=66363#respond\"]}]},{\"@type\":\"WebPage\",\"@id\":\"https:\\\/\\\/kibrisdakik.com\\\/?p=66363\",\"url\":\"https:\\\/\\\/kibrisdakik.com\\\/?p=66363\",\"name\":\"G\u00f6nyeli Belediye Bulvar\u0131, G\u00f6nyeli-Alayk\u00f6y Rallisi nedeniyle ge\u00e7ici s\u00fcrelerle trafi\u011fe kapat\u0131lacak -\",\"isPartOf\":{\"@id\":\"https:\\\/\\\/kibrisdakik.com\\\/#website\"},\"primaryImageOfPage\":{\"@id\":\"https:\\\/\\\/kibrisdakik.com\\\/?p=66363#primaryimage\"},\"image\":{\"@id\":\"https:\\\/\\\/kibrisdakik.com\\\/?p=66363#primaryimage\"},\"thumbnailUrl\":\"https:\\\/\\\/kibrisdakik.com\\\/wp-content\\\/uploads\\\/2024\\\/10\\\/gonyeli-alaykoy-rallisi-740x420.jpg\",\"datePublished\":\"2024-10-09T08:13:50+00:00\",\"author\":{\"@id\":\"https:\\\/\\\/kibrisdakik.com\\\/#\\\/schema\\\/person\\\/9cd9d437bbb44f72b73ba127e06d8e79\"},\"breadcrumb\":{\"@id\":\"https:\\\/\\\/kibrisdakik.com\\\/?p=66363#breadcrumb\"},\"inLanguage\":\"tr\",\"potentialAction\":[{\"@type\":\"ReadAction\",\"target\":[\"https:\\\/\\\/kibrisdakik.com\\\/?p=66363\"]}]},{\"@type\":\"ImageObject\",\"inLanguage\":\"tr\",\"@id\":\"https:\\\/\\\/kibrisdakik.com\\\/?p=66363#primaryimage\",\"url\":\"https:\\\/\\\/kibrisdakik.com\\\/wp-content\\\/uploads\\\/2024\\\/10\\\/gonyeli-alaykoy-rallisi-740x420.jpg\",\"contentUrl\":\"https:\\\/\\\/kibrisdakik.com\\\/wp-content\\\/uploads\\\/2024\\\/10\\\/gonyeli-alaykoy-rallisi-740x420.jpg\",\"width\":1890,\"height\":1417},{\"@type\":\"BreadcrumbList\",\"@id\":\"https:\\\/\\\/kibrisdakik.com\\\/?p=66363#breadcrumb\",\"itemListElement\":[{\"@type\":\"ListItem\",\"position\":1,\"name\":\"Home\",\"item\":\"https:\\\/\\\/kibrisdakik.com\\\/\"},{\"@type\":\"ListItem\",\"position\":2,\"name\":\"G\u00f6nyeli Belediye Bulvar\u0131, G\u00f6nyeli-Alayk\u00f6y Rallisi nedeniyle ge\u00e7ici s\u00fcrelerle trafi\u011fe kapat\u0131lacak\"}]},{\"@type\":\"WebSite\",\"@id\":\"https:\\\/\\\/kibrisdakik.com\\\/#website\",\"url\":\"https:\\\/\\\/kibrisdakik.com\\\/\",\"name\":\"\",\"description\":\"Tam vaktinde haber\",\"potentialAction\":[{\"@type\":\"SearchAction\",\"target\":{\"@type\":\"EntryPoint\",\"urlTemplate\":\"https:\\\/\\\/kibrisdakik.com\\\/?s={search_term_string}\"},\"query-input\":{\"@type\":\"PropertyValueSpecification\",\"valueRequired\":true,\"valueName\":\"search_term_string\"}}],\"inLanguage\":\"tr\"},{\"@type\":\"Person\",\"@id\":\"https:\\\/\\\/kibrisdakik.com\\\/#\\\/schema\\\/person\\\/9cd9d437bbb44f72b73ba127e06d8e79\",\"name\":\"admin\",\"image\":{\"@type\":\"ImageObject\",\"inLanguage\":\"tr\",\"@id\":\"https:\\\/\\\/secure.gravatar.com\\\/avatar\\\/ccc17943b9d660506c869530f897617f7cb1c21a4bf30023f252596d83e1f007?s=96&d=mm&r=g\",\"url\":\"https:\\\/\\\/secure.gravatar.com\\\/avatar\\\/ccc17943b9d660506c869530f897617f7cb1c21a4bf30023f252596d83e1f007?s=96&d=mm&r=g\",\"contentUrl\":\"https:\\\/\\\/secure.gravatar.com\\\/avatar\\\/ccc17943b9d660506c869530f897617f7cb1c21a4bf30023f252596d83e1f007?s=96&d=mm&r=g\",\"caption\":\"admin\"},\"sameAs\":[\"https:\\\/\\\/kibrisdakik.com\"],\"url\":\"https:\\\/\\\/kibrisdakik.com\\\/?author=1\"}]}<\/script>\n<!-- \/ Yoast SEO plugin. -->","yoast_head_json":{"title":"G\u00f6nyeli Belediye Bulvar\u0131, G\u00f6nyeli-Alayk\u00f6y Rallisi nedeniyle ge\u00e7ici s\u00fcrelerle trafi\u011fe kapat\u0131lacak -","robots":{"index":"index","follow":"follow","max-snippet":"max-snippet:-1","max-image-preview":"max-image-preview:large","max-video-preview":"max-video-preview:-1"},"canonical":"https:\/\/kibrisdakik.com\/?p=66363","og_locale":"tr_TR","og_type":"article","og_title":"G\u00f6nyeli Belediye Bulvar\u0131, G\u00f6nyeli-Alayk\u00f6y Rallisi nedeniyle ge\u00e7ici s\u00fcrelerle trafi\u011fe kapat\u0131lacak -","og_description":"G\u00f6nyeli Belediye Bulvar\u0131, G\u00f6nyeli-Alayk\u00f6y Rallisi nedeniyle yar\u0131ndan itibaren pazar g\u00fcn\u00fcne kadar ge\u00e7ici s\u00fcrelerle trafi\u011fe kapat\u0131lacak. Polis Bas\u0131n Subayl\u0131\u011f\u0131\u2019ndan yap\u0131lan yaz\u0131l\u0131 a\u00e7\u0131klamada, Kuzey K\u0131br\u0131s Turing ve Otomobil Kurumu taraf\u0131ndan G\u00f6nyeli, Kanl\u0131k\u00f6y, Y\u0131lmazk\u00f6y, \u015eirinevler, Pl\u00fcmer ve Kozan b\u00f6lgelerinde \u201cG\u00f6nyeli-Alayk\u00f6y Rallisi\u201d ger\u00e7ekle\u015ftirilece\u011fi kaydedildi. Ralli kapsam\u0131nda d\u00fczenlenecek olan Yenikent \u015eehir \u0130\u00e7i Etab\u0131 (Ralli \u015eov) i\u00e7in, G\u00f6nyeli Belediye Bulvar\u0131\u2019n\u0131n Bereket","og_url":"https:\/\/kibrisdakik.com\/?p=66363","article_published_time":"2024-10-09T08:13:50+00:00","og_image":[{"width":1890,"height":1417,"url":"https:\/\/kibrisdakik.com\/wp-content\/uploads\/2024\/10\/gonyeli-alaykoy-rallisi-740x420.jpg","type":"image\/jpeg"}],"author":"admin","twitter_card":"summary_large_image","twitter_misc":{"Yazan:":"admin","Tahmini okuma s\u00fcresi":"1 dakika"},"schema":{"@context":"https:\/\/schema.org","@graph":[{"@type":"Article","@id":"https:\/\/kibrisdakik.com\/?p=66363#article","isPartOf":{"@id":"https:\/\/kibrisdakik.com\/?p=66363"},"author":{"name":"admin","@id":"https:\/\/kibrisdakik.com\/#\/schema\/person\/9cd9d437bbb44f72b73ba127e06d8e79"},"headline":"G\u00f6nyeli Belediye Bulvar\u0131, G\u00f6nyeli-Alayk\u00f6y Rallisi nedeniyle ge\u00e7ici s\u00fcrelerle trafi\u011fe kapat\u0131lacak","datePublished":"2024-10-09T08:13:50+00:00","mainEntityOfPage":{"@id":"https:\/\/kibrisdakik.com\/?p=66363"},"wordCount":199,"commentCount":0,"image":{"@id":"https:\/\/kibrisdakik.com\/?p=66363#primaryimage"},"thumbnailUrl":"https:\/\/kibrisdakik.com\/wp-content\/uploads\/2024\/10\/gonyeli-alaykoy-rallisi-740x420.jpg","articleSection":["G\u00fcndem"],"inLanguage":"tr","potentialAction":[{"@type":"CommentAction","name":"Comment","target":["https:\/\/kibrisdakik.com\/?p=66363#respond"]}]},{"@type":"WebPage","@id":"https:\/\/kibrisdakik.com\/?p=66363","url":"https:\/\/kibrisdakik.com\/?p=66363","name":"G\u00f6nyeli Belediye Bulvar\u0131, G\u00f6nyeli-Alayk\u00f6y Rallisi nedeniyle ge\u00e7ici s\u00fcrelerle trafi\u011fe kapat\u0131lacak -","isPartOf":{"@id":"https:\/\/kibrisdakik.com\/#website"},"primaryImageOfPage":{"@id":"https:\/\/kibrisdakik.com\/?p=66363#primaryimage"},"image":{"@id":"https:\/\/kibrisdakik.com\/?p=66363#primaryimage"},"thumbnailUrl":"https:\/\/kibrisdakik.com\/wp-content\/uploads\/2024\/10\/gonyeli-alaykoy-rallisi-740x420.jpg","datePublished":"2024-10-09T08:13:50+00:00","author":{"@id":"https:\/\/kibrisdakik.com\/#\/schema\/person\/9cd9d437bbb44f72b73ba127e06d8e79"},"breadcrumb":{"@id":"https:\/\/kibrisdakik.com\/?p=66363#breadcrumb"},"inLanguage":"tr","potentialAction":[{"@type":"ReadAction","target":["https:\/\/kibrisdakik.com\/?p=66363"]}]},{"@type":"ImageObject","inLanguage":"tr","@id":"https:\/\/kibrisdakik.com\/?p=66363#primaryimage","url":"https:\/\/kibrisdakik.com\/wp-content\/uploads\/2024\/10\/gonyeli-alaykoy-rallisi-740x420.jpg","contentUrl":"https:\/\/kibrisdakik.com\/wp-content\/uploads\/2024\/10\/gonyeli-alaykoy-rallisi-740x420.jpg","width":1890,"height":1417},{"@type":"BreadcrumbList","@id":"https:\/\/kibrisdakik.com\/?p=66363#breadcrumb","itemListElement":[{"@type":"ListItem","position":1,"name":"Home","item":"https:\/\/kibrisdakik.com\/"},{"@type":"ListItem","position":2,"name":"G\u00f6nyeli Belediye Bulvar\u0131, G\u00f6nyeli-Alayk\u00f6y Rallisi nedeniyle ge\u00e7ici s\u00fcrelerle trafi\u011fe kapat\u0131lacak"}]},{"@type":"WebSite","@id":"https:\/\/kibrisdakik.com\/#website","url":"https:\/\/kibrisdakik.com\/","name":"","description":"Tam vaktinde haber","potentialAction":[{"@type":"SearchAction","target":{"@type":"EntryPoint","urlTemplate":"https:\/\/kibrisdakik.com\/?s={search_term_string}"},"query-input":{"@type":"PropertyValueSpecification","valueRequired":true,"valueName":"search_term_string"}}],"inLanguage":"tr"},{"@type":"Person","@id":"https:\/\/kibrisdakik.com\/#\/schema\/person\/9cd9d437bbb44f72b73ba127e06d8e79","name":"admin","image":{"@type":"ImageObject","inLanguage":"tr","@id":"https:\/\/secure.gravatar.com\/avatar\/ccc17943b9d660506c869530f897617f7cb1c21a4bf30023f252596d83e1f007?s=96&d=mm&r=g","url":"https:\/\/secure.gravatar.com\/avatar\/ccc17943b9d660506c869530f897617f7cb1c21a4bf30023f252596d83e1f007?s=96&d=mm&r=g","contentUrl":"https:\/\/secure.gravatar.com\/avatar\/ccc17943b9d660506c869530f897617f7cb1c21a4bf30023f252596d83e1f007?s=96&d=mm&r=g","caption":"admin"},"sameAs":["https:\/\/kibrisdakik.com"],"url":"https:\/\/kibrisdakik.com\/?author=1"}]}},"_links":{"self":[{"href":"https:\/\/kibrisdakik.com\/index.php?rest_route=\/wp\/v2\/posts\/66363","targetHints":{"allow":["GET"]}}],"collection":[{"href":"https:\/\/kibrisdakik.com\/index.php?rest_route=\/wp\/v2\/posts"}],"about":[{"href":"https:\/\/kibrisdakik.com\/index.php?rest_route=\/wp\/v2\/types\/post"}],"author":[{"embeddable":true,"href":"https:\/\/kibrisdakik.com\/index.php?rest_route=\/wp\/v2\/users\/1"}],"replies":[{"embeddable":true,"href":"https:\/\/kibrisdakik.com\/index.php?rest_route=%2Fwp%2Fv2%2Fcomments&post=66363"}],"version-history":[{"count":0,"href":"https:\/\/kibrisdakik.com\/index.php?rest_route=\/wp\/v2\/posts\/66363\/revisions"}],"wp:featuredmedia":[{"embeddable":true,"href":"https:\/\/kibrisdakik.com\/index.php?rest_route=\/wp\/v2\/media\/66364"}],"wp:attachment":[{"href":"https:\/\/kibrisdakik.com\/index.php?rest_route=%2Fwp%2Fv2%2Fmedia&parent=66363"}],"wp:term":[{"taxonomy":"category","embeddable":true,"href":"https:\/\/kibrisdakik.com\/index.php?rest_route=%2Fwp%2Fv2%2Fcategories&post=66363"},{"taxonomy":"post_tag","embeddable":true,"href":"https:\/\/kibrisdakik.com\/index.php?rest_route=%2Fwp%2Fv2%2Ftags&post=66363"}],"curies":[{"name":"wp","href":"https:\/\/api.w.org\/{rel}","templated":true}]}}