{"id":66367,"date":"2024-10-09T13:33:40","date_gmt":"2024-10-09T10:33:40","guid":{"rendered":"https:\/\/kibrisdakik.com\/index.php\/2024\/10\/09\/ctp-genel-baskani-erhurman-new-york-temaslari-konusunda-sivil-toplum-orgutlerini-bilgilendirdi\/"},"modified":"2024-10-09T13:33:40","modified_gmt":"2024-10-09T10:33:40","slug":"ctp-genel-baskani-erhurman-new-york-temaslari-konusunda-sivil-toplum-orgutlerini-bilgilendirdi","status":"publish","type":"post","link":"https:\/\/kibrisdakik.com\/?p=66367","title":{"rendered":"CTP Genel Ba\u015fkan\u0131 Erh\u00fcrman, New York temaslar\u0131 konusunda sivil toplum \u00f6rg\u00fctlerini bilgilendirdi"},"content":{"rendered":"<div>\n<div class=\"mariselle-image-container center\">\n                                            <\/div>\n<p>Cumhuriyet\u00e7i T\u00fcrk Partisi Genel Ba\u015fkan\u0131 Tufan Erh\u00fcrman, bir s\u00fcre \u00f6nce ger\u00e7ekle\u015ftirdi\u011fi New York temaslar\u0131 ile ilgili sivil toplum \u00f6rg\u00fctlerine y\u00f6nelik bilgilendirme toplant\u0131s\u0131 ger\u00e7ekle\u015ftirdi. <\/p>\n<p>Erh\u00fcrman toplant\u0131 \u00f6ncesinde bas\u0131na y\u00f6nelik a\u00e7\u0131klamalarda bulundu. <\/p>\n<p>\u00dclkenin \u00e7alkant\u0131l\u0131 g\u00fcnlerden ge\u00e7ti\u011fini kaydeden Erh\u00fcrman, toplant\u0131y\u0131 organize ederken i\u00e7inde bulunulan g\u00fcnlerin bu kadar \u00e7alkant\u0131l\u0131 olaca\u011f\u0131ndan haberleri olmad\u0131\u011f\u0131n\u0131 s\u00f6yledi.<\/p>\n<p>Erh\u00fcrman, ekonominin temel ihtiya\u00e7lar\u0131ndan biri olan \u00f6ng\u00f6r\u00fclebilirli\u011fin siyasette oldu\u011fu gibi tamamen yitmi\u015f durumda oldu\u011funu belirtti.<br \/>K\u0131sa s\u00fcre \u00f6nce ger\u00e7ekle\u015ftirdikleri New York seyahatinden bir tak\u0131m izlenimlerle d\u00f6nd\u00fcklerini kaydeden Erh\u00fcrman, yapt\u0131klar\u0131 g\u00f6r\u00fc\u015fmelerde ekonominin konular\u0131n \u00f6ne \u00e7\u0131kt\u0131\u011f\u0131n\u0131 s\u00f6yledi.<\/p>\n<p>Erh\u00fcrman, \u201c K\u0131br\u0131s sorunu, g\u00fcven yarat\u0131c\u0131 \u00f6nlemler ve bundan sonra ne olaca\u011f\u0131 ile ilgili konu\u015ftuklar\u0131m\u0131z  hepsi d\u00f6n\u00fcp dola\u015f\u0131p in\u015faat sekt\u00f6r\u00fcndeki gelimeler, turizm sekt\u00f6r\u00fcndeki geli\u015fmeler  ekonominin g\u00fcneye kaymas\u0131, enerji konusunda gerek b\u00f6lgede gerek Ada\u2019da ya\u015fanan ve ya\u015fanmas\u0131 muhtemel olan \u015feyler ekseninde oldu hep.. dolay\u0131s\u0131 ile buraya geldikten sonra hem oradaki izlenimleri sizlerle payla\u015fmak hem bundan sonras\u0131 ile ilgili g\u00f6r\u00fc\u015f al\u0131\u015fveri\u015finde bulunma ihtiyac\u0131 hissettik\u201d dedi.<\/p>\n<p>B\u00f6lgede ya\u015fanan geli\u015fmelerin G\u00fcney K\u0131br\u0131s\u2019\u0131n belli konularda yapt\u0131\u011f\u0131 giri\u015fimler ve kurdu\u011fu ba\u011flant\u0131lar\u0131n Ada\u2019n\u0131n ekonomisini etkiledi\u011fini kaydeden Erh\u00fcrman, in\u015faat ve turizm sekt\u00f6r\u00fcndeki etkilerin \u00e7ok net g\u00f6r\u00fclmeye <\/p>\n<p>ba\u015fland\u0131\u011f\u0131n\u0131, orta ve uzun vadede \u00e7ok ciddi etkilerle kar\u015f\u0131 kar\u015f\u0131ya kal\u0131naca\u011f\u0131n\u0131n kendileri a\u015f\u0131s\u0131ndan a\u015fikar oldu\u011fun\u0131 s\u00f6yledi.<br \/>Toplant\u0131da g\u00fcncel siyasetin d\u0131\u015f\u0131nda konu\u015facaklar\u0131n\u0131 kaydeden Erh\u00fcrman, g\u00fcncel siyasetin i\u00e7ine sokuldu\u011fu halin \u00e7ok da sahan\u0131n ger\u00e7ekleri ile \u00f6rt\u00fc\u015fmedi\u011fini de kaydetti.<\/p>\n<\/p><\/div>\n<p><script async\n                    defer\n                    crossorigin=\"anonymous\"\n                    src=\"https:\/\/connect.facebook.net\/tr_TR\/sdk.js#xfbml=1&#038;version=v3.3\"\n            ><\/script><\/p>\n","protected":false},"excerpt":{"rendered":"<p>Cumhuriyet\u00e7i T\u00fcrk Partisi Genel Ba\u015fkan\u0131 Tufan Erh\u00fcrman, bir s\u00fcre \u00f6nce ger\u00e7ekle\u015ftirdi\u011fi New York temaslar\u0131 ile ilgili sivil toplum \u00f6rg\u00fctlerine y\u00f6nelik bilgilendirme toplant\u0131s\u0131 ger\u00e7ekle\u015ftirdi. Erh\u00fcrman toplant\u0131 \u00f6ncesinde bas\u0131na y\u00f6nelik a\u00e7\u0131klamalarda bulundu. \u00dclkenin \u00e7alkant\u0131l\u0131 g\u00fcnlerden ge\u00e7ti\u011fini kaydeden Erh\u00fcrman, toplant\u0131y\u0131 organize ederken i\u00e7inde bulunulan g\u00fcnlerin bu kadar \u00e7alkant\u0131l\u0131 olaca\u011f\u0131ndan haberleri olmad\u0131\u011f\u0131n\u0131 s\u00f6yledi. Erh\u00fcrman, ekonominin temel ihtiya\u00e7lar\u0131ndan biri olan<\/p>\n","protected":false},"author":1,"featured_media":66368,"comment_status":"open","ping_status":"open","sticky":false,"template":"","format":"standard","meta":{"footnotes":""},"categories":[81],"tags":[],"class_list":["post-66367","post","type-post","status-publish","format-standard","has-post-thumbnail","hentry","category-kibris"],"yoast_head":"<!-- This site is optimized with the Yoast SEO plugin v27.5 - https:\/\/yoast.com\/product\/yoast-seo-wordpress\/ -->\n<title>CTP Genel Ba\u015fkan\u0131 Erh\u00fcrman, New York temaslar\u0131 konusunda sivil toplum \u00f6rg\u00fctlerini bilgilendirdi -<\/title>\n<meta name=\"robots\" content=\"index, follow, max-snippet:-1, max-image-preview:large, max-video-preview:-1\" \/>\n<link rel=\"canonical\" href=\"https:\/\/kibrisdakik.com\/?p=66367\" \/>\n<meta property=\"og:locale\" content=\"tr_TR\" \/>\n<meta property=\"og:type\" content=\"article\" \/>\n<meta property=\"og:title\" content=\"CTP Genel Ba\u015fkan\u0131 Erh\u00fcrman, New York temaslar\u0131 konusunda sivil toplum \u00f6rg\u00fctlerini bilgilendirdi -\" \/>\n<meta property=\"og:description\" content=\"Cumhuriyet\u00e7i T\u00fcrk Partisi Genel Ba\u015fkan\u0131 Tufan Erh\u00fcrman, bir s\u00fcre \u00f6nce ger\u00e7ekle\u015ftirdi\u011fi New York temaslar\u0131 ile ilgili sivil toplum \u00f6rg\u00fctlerine y\u00f6nelik bilgilendirme toplant\u0131s\u0131 ger\u00e7ekle\u015ftirdi. Erh\u00fcrman toplant\u0131 \u00f6ncesinde bas\u0131na y\u00f6nelik a\u00e7\u0131klamalarda bulundu. \u00dclkenin \u00e7alkant\u0131l\u0131 g\u00fcnlerden ge\u00e7ti\u011fini kaydeden Erh\u00fcrman, toplant\u0131y\u0131 organize ederken i\u00e7inde bulunulan g\u00fcnlerin bu kadar \u00e7alkant\u0131l\u0131 olaca\u011f\u0131ndan haberleri olmad\u0131\u011f\u0131n\u0131 s\u00f6yledi. Erh\u00fcrman, ekonominin temel ihtiya\u00e7lar\u0131ndan biri olan\" \/>\n<meta property=\"og:url\" content=\"https:\/\/kibrisdakik.com\/?p=66367\" \/>\n<meta property=\"article:published_time\" content=\"2024-10-09T10:33:40+00:00\" \/>\n<meta property=\"og:image\" content=\"https:\/\/kibrisdakik.com\/wp-content\/uploads\/2024\/10\/qeowipqiq-740x420.jpg\" \/>\n\t<meta property=\"og:image:width\" content=\"2463\" \/>\n\t<meta property=\"og:image:height\" content=\"919\" \/>\n\t<meta property=\"og:image:type\" content=\"image\/jpeg\" \/>\n<meta name=\"author\" content=\"admin\" \/>\n<meta name=\"twitter:card\" content=\"summary_large_image\" \/>\n<meta name=\"twitter:label1\" content=\"Yazan:\" \/>\n\t<meta name=\"twitter:data1\" content=\"admin\" \/>\n\t<meta name=\"twitter:label2\" content=\"Tahmini okuma s\u00fcresi\" \/>\n\t<meta name=\"twitter:data2\" content=\"2 dakika\" \/>\n<script type=\"application\/ld+json\" class=\"yoast-schema-graph\">{\"@context\":\"https:\\\/\\\/schema.org\",\"@graph\":[{\"@type\":\"Article\",\"@id\":\"https:\\\/\\\/kibrisdakik.com\\\/?p=66367#article\",\"isPartOf\":{\"@id\":\"https:\\\/\\\/kibrisdakik.com\\\/?p=66367\"},\"author\":{\"name\":\"admin\",\"@id\":\"https:\\\/\\\/kibrisdakik.com\\\/#\\\/schema\\\/person\\\/9cd9d437bbb44f72b73ba127e06d8e79\"},\"headline\":\"CTP Genel Ba\u015fkan\u0131 Erh\u00fcrman, New York temaslar\u0131 konusunda sivil toplum \u00f6rg\u00fctlerini bilgilendirdi\",\"datePublished\":\"2024-10-09T10:33:40+00:00\",\"mainEntityOfPage\":{\"@id\":\"https:\\\/\\\/kibrisdakik.com\\\/?p=66367\"},\"wordCount\":345,\"commentCount\":0,\"image\":{\"@id\":\"https:\\\/\\\/kibrisdakik.com\\\/?p=66367#primaryimage\"},\"thumbnailUrl\":\"https:\\\/\\\/kibrisdakik.com\\\/wp-content\\\/uploads\\\/2024\\\/10\\\/qeowipqiq-740x420.jpg\",\"articleSection\":[\"K\u0131br\u0131s\"],\"inLanguage\":\"tr\",\"potentialAction\":[{\"@type\":\"CommentAction\",\"name\":\"Comment\",\"target\":[\"https:\\\/\\\/kibrisdakik.com\\\/?p=66367#respond\"]}]},{\"@type\":\"WebPage\",\"@id\":\"https:\\\/\\\/kibrisdakik.com\\\/?p=66367\",\"url\":\"https:\\\/\\\/kibrisdakik.com\\\/?p=66367\",\"name\":\"CTP Genel Ba\u015fkan\u0131 Erh\u00fcrman, New York temaslar\u0131 konusunda sivil toplum \u00f6rg\u00fctlerini bilgilendirdi -\",\"isPartOf\":{\"@id\":\"https:\\\/\\\/kibrisdakik.com\\\/#website\"},\"primaryImageOfPage\":{\"@id\":\"https:\\\/\\\/kibrisdakik.com\\\/?p=66367#primaryimage\"},\"image\":{\"@id\":\"https:\\\/\\\/kibrisdakik.com\\\/?p=66367#primaryimage\"},\"thumbnailUrl\":\"https:\\\/\\\/kibrisdakik.com\\\/wp-content\\\/uploads\\\/2024\\\/10\\\/qeowipqiq-740x420.jpg\",\"datePublished\":\"2024-10-09T10:33:40+00:00\",\"author\":{\"@id\":\"https:\\\/\\\/kibrisdakik.com\\\/#\\\/schema\\\/person\\\/9cd9d437bbb44f72b73ba127e06d8e79\"},\"breadcrumb\":{\"@id\":\"https:\\\/\\\/kibrisdakik.com\\\/?p=66367#breadcrumb\"},\"inLanguage\":\"tr\",\"potentialAction\":[{\"@type\":\"ReadAction\",\"target\":[\"https:\\\/\\\/kibrisdakik.com\\\/?p=66367\"]}]},{\"@type\":\"ImageObject\",\"inLanguage\":\"tr\",\"@id\":\"https:\\\/\\\/kibrisdakik.com\\\/?p=66367#primaryimage\",\"url\":\"https:\\\/\\\/kibrisdakik.com\\\/wp-content\\\/uploads\\\/2024\\\/10\\\/qeowipqiq-740x420.jpg\",\"contentUrl\":\"https:\\\/\\\/kibrisdakik.com\\\/wp-content\\\/uploads\\\/2024\\\/10\\\/qeowipqiq-740x420.jpg\",\"width\":2463,\"height\":919},{\"@type\":\"BreadcrumbList\",\"@id\":\"https:\\\/\\\/kibrisdakik.com\\\/?p=66367#breadcrumb\",\"itemListElement\":[{\"@type\":\"ListItem\",\"position\":1,\"name\":\"Home\",\"item\":\"https:\\\/\\\/kibrisdakik.com\\\/\"},{\"@type\":\"ListItem\",\"position\":2,\"name\":\"CTP Genel Ba\u015fkan\u0131 Erh\u00fcrman, New York temaslar\u0131 konusunda sivil toplum \u00f6rg\u00fctlerini bilgilendirdi\"}]},{\"@type\":\"WebSite\",\"@id\":\"https:\\\/\\\/kibrisdakik.com\\\/#website\",\"url\":\"https:\\\/\\\/kibrisdakik.com\\\/\",\"name\":\"\",\"description\":\"Tam vaktinde haber\",\"potentialAction\":[{\"@type\":\"SearchAction\",\"target\":{\"@type\":\"EntryPoint\",\"urlTemplate\":\"https:\\\/\\\/kibrisdakik.com\\\/?s={search_term_string}\"},\"query-input\":{\"@type\":\"PropertyValueSpecification\",\"valueRequired\":true,\"valueName\":\"search_term_string\"}}],\"inLanguage\":\"tr\"},{\"@type\":\"Person\",\"@id\":\"https:\\\/\\\/kibrisdakik.com\\\/#\\\/schema\\\/person\\\/9cd9d437bbb44f72b73ba127e06d8e79\",\"name\":\"admin\",\"image\":{\"@type\":\"ImageObject\",\"inLanguage\":\"tr\",\"@id\":\"https:\\\/\\\/secure.gravatar.com\\\/avatar\\\/ccc17943b9d660506c869530f897617f7cb1c21a4bf30023f252596d83e1f007?s=96&d=mm&r=g\",\"url\":\"https:\\\/\\\/secure.gravatar.com\\\/avatar\\\/ccc17943b9d660506c869530f897617f7cb1c21a4bf30023f252596d83e1f007?s=96&d=mm&r=g\",\"contentUrl\":\"https:\\\/\\\/secure.gravatar.com\\\/avatar\\\/ccc17943b9d660506c869530f897617f7cb1c21a4bf30023f252596d83e1f007?s=96&d=mm&r=g\",\"caption\":\"admin\"},\"sameAs\":[\"https:\\\/\\\/kibrisdakik.com\"],\"url\":\"https:\\\/\\\/kibrisdakik.com\\\/?author=1\"}]}<\/script>\n<!-- \/ Yoast SEO plugin. -->","yoast_head_json":{"title":"CTP Genel Ba\u015fkan\u0131 Erh\u00fcrman, New York temaslar\u0131 konusunda sivil toplum \u00f6rg\u00fctlerini bilgilendirdi -","robots":{"index":"index","follow":"follow","max-snippet":"max-snippet:-1","max-image-preview":"max-image-preview:large","max-video-preview":"max-video-preview:-1"},"canonical":"https:\/\/kibrisdakik.com\/?p=66367","og_locale":"tr_TR","og_type":"article","og_title":"CTP Genel Ba\u015fkan\u0131 Erh\u00fcrman, New York temaslar\u0131 konusunda sivil toplum \u00f6rg\u00fctlerini bilgilendirdi -","og_description":"Cumhuriyet\u00e7i T\u00fcrk Partisi Genel Ba\u015fkan\u0131 Tufan Erh\u00fcrman, bir s\u00fcre \u00f6nce ger\u00e7ekle\u015ftirdi\u011fi New York temaslar\u0131 ile ilgili sivil toplum \u00f6rg\u00fctlerine y\u00f6nelik bilgilendirme toplant\u0131s\u0131 ger\u00e7ekle\u015ftirdi. Erh\u00fcrman toplant\u0131 \u00f6ncesinde bas\u0131na y\u00f6nelik a\u00e7\u0131klamalarda bulundu. \u00dclkenin \u00e7alkant\u0131l\u0131 g\u00fcnlerden ge\u00e7ti\u011fini kaydeden Erh\u00fcrman, toplant\u0131y\u0131 organize ederken i\u00e7inde bulunulan g\u00fcnlerin bu kadar \u00e7alkant\u0131l\u0131 olaca\u011f\u0131ndan haberleri olmad\u0131\u011f\u0131n\u0131 s\u00f6yledi. Erh\u00fcrman, ekonominin temel ihtiya\u00e7lar\u0131ndan biri olan","og_url":"https:\/\/kibrisdakik.com\/?p=66367","article_published_time":"2024-10-09T10:33:40+00:00","og_image":[{"width":2463,"height":919,"url":"https:\/\/kibrisdakik.com\/wp-content\/uploads\/2024\/10\/qeowipqiq-740x420.jpg","type":"image\/jpeg"}],"author":"admin","twitter_card":"summary_large_image","twitter_misc":{"Yazan:":"admin","Tahmini okuma s\u00fcresi":"2 dakika"},"schema":{"@context":"https:\/\/schema.org","@graph":[{"@type":"Article","@id":"https:\/\/kibrisdakik.com\/?p=66367#article","isPartOf":{"@id":"https:\/\/kibrisdakik.com\/?p=66367"},"author":{"name":"admin","@id":"https:\/\/kibrisdakik.com\/#\/schema\/person\/9cd9d437bbb44f72b73ba127e06d8e79"},"headline":"CTP Genel Ba\u015fkan\u0131 Erh\u00fcrman, New York temaslar\u0131 konusunda sivil toplum \u00f6rg\u00fctlerini bilgilendirdi","datePublished":"2024-10-09T10:33:40+00:00","mainEntityOfPage":{"@id":"https:\/\/kibrisdakik.com\/?p=66367"},"wordCount":345,"commentCount":0,"image":{"@id":"https:\/\/kibrisdakik.com\/?p=66367#primaryimage"},"thumbnailUrl":"https:\/\/kibrisdakik.com\/wp-content\/uploads\/2024\/10\/qeowipqiq-740x420.jpg","articleSection":["K\u0131br\u0131s"],"inLanguage":"tr","potentialAction":[{"@type":"CommentAction","name":"Comment","target":["https:\/\/kibrisdakik.com\/?p=66367#respond"]}]},{"@type":"WebPage","@id":"https:\/\/kibrisdakik.com\/?p=66367","url":"https:\/\/kibrisdakik.com\/?p=66367","name":"CTP Genel Ba\u015fkan\u0131 Erh\u00fcrman, New York temaslar\u0131 konusunda sivil toplum \u00f6rg\u00fctlerini bilgilendirdi -","isPartOf":{"@id":"https:\/\/kibrisdakik.com\/#website"},"primaryImageOfPage":{"@id":"https:\/\/kibrisdakik.com\/?p=66367#primaryimage"},"image":{"@id":"https:\/\/kibrisdakik.com\/?p=66367#primaryimage"},"thumbnailUrl":"https:\/\/kibrisdakik.com\/wp-content\/uploads\/2024\/10\/qeowipqiq-740x420.jpg","datePublished":"2024-10-09T10:33:40+00:00","author":{"@id":"https:\/\/kibrisdakik.com\/#\/schema\/person\/9cd9d437bbb44f72b73ba127e06d8e79"},"breadcrumb":{"@id":"https:\/\/kibrisdakik.com\/?p=66367#breadcrumb"},"inLanguage":"tr","potentialAction":[{"@type":"ReadAction","target":["https:\/\/kibrisdakik.com\/?p=66367"]}]},{"@type":"ImageObject","inLanguage":"tr","@id":"https:\/\/kibrisdakik.com\/?p=66367#primaryimage","url":"https:\/\/kibrisdakik.com\/wp-content\/uploads\/2024\/10\/qeowipqiq-740x420.jpg","contentUrl":"https:\/\/kibrisdakik.com\/wp-content\/uploads\/2024\/10\/qeowipqiq-740x420.jpg","width":2463,"height":919},{"@type":"BreadcrumbList","@id":"https:\/\/kibrisdakik.com\/?p=66367#breadcrumb","itemListElement":[{"@type":"ListItem","position":1,"name":"Home","item":"https:\/\/kibrisdakik.com\/"},{"@type":"ListItem","position":2,"name":"CTP Genel Ba\u015fkan\u0131 Erh\u00fcrman, New York temaslar\u0131 konusunda sivil toplum \u00f6rg\u00fctlerini bilgilendirdi"}]},{"@type":"WebSite","@id":"https:\/\/kibrisdakik.com\/#website","url":"https:\/\/kibrisdakik.com\/","name":"","description":"Tam vaktinde haber","potentialAction":[{"@type":"SearchAction","target":{"@type":"EntryPoint","urlTemplate":"https:\/\/kibrisdakik.com\/?s={search_term_string}"},"query-input":{"@type":"PropertyValueSpecification","valueRequired":true,"valueName":"search_term_string"}}],"inLanguage":"tr"},{"@type":"Person","@id":"https:\/\/kibrisdakik.com\/#\/schema\/person\/9cd9d437bbb44f72b73ba127e06d8e79","name":"admin","image":{"@type":"ImageObject","inLanguage":"tr","@id":"https:\/\/secure.gravatar.com\/avatar\/ccc17943b9d660506c869530f897617f7cb1c21a4bf30023f252596d83e1f007?s=96&d=mm&r=g","url":"https:\/\/secure.gravatar.com\/avatar\/ccc17943b9d660506c869530f897617f7cb1c21a4bf30023f252596d83e1f007?s=96&d=mm&r=g","contentUrl":"https:\/\/secure.gravatar.com\/avatar\/ccc17943b9d660506c869530f897617f7cb1c21a4bf30023f252596d83e1f007?s=96&d=mm&r=g","caption":"admin"},"sameAs":["https:\/\/kibrisdakik.com"],"url":"https:\/\/kibrisdakik.com\/?author=1"}]}},"_links":{"self":[{"href":"https:\/\/kibrisdakik.com\/index.php?rest_route=\/wp\/v2\/posts\/66367","targetHints":{"allow":["GET"]}}],"collection":[{"href":"https:\/\/kibrisdakik.com\/index.php?rest_route=\/wp\/v2\/posts"}],"about":[{"href":"https:\/\/kibrisdakik.com\/index.php?rest_route=\/wp\/v2\/types\/post"}],"author":[{"embeddable":true,"href":"https:\/\/kibrisdakik.com\/index.php?rest_route=\/wp\/v2\/users\/1"}],"replies":[{"embeddable":true,"href":"https:\/\/kibrisdakik.com\/index.php?rest_route=%2Fwp%2Fv2%2Fcomments&post=66367"}],"version-history":[{"count":0,"href":"https:\/\/kibrisdakik.com\/index.php?rest_route=\/wp\/v2\/posts\/66367\/revisions"}],"wp:featuredmedia":[{"embeddable":true,"href":"https:\/\/kibrisdakik.com\/index.php?rest_route=\/wp\/v2\/media\/66368"}],"wp:attachment":[{"href":"https:\/\/kibrisdakik.com\/index.php?rest_route=%2Fwp%2Fv2%2Fmedia&parent=66367"}],"wp:term":[{"taxonomy":"category","embeddable":true,"href":"https:\/\/kibrisdakik.com\/index.php?rest_route=%2Fwp%2Fv2%2Fcategories&post=66367"},{"taxonomy":"post_tag","embeddable":true,"href":"https:\/\/kibrisdakik.com\/index.php?rest_route=%2Fwp%2Fv2%2Ftags&post=66367"}],"curies":[{"name":"wp","href":"https:\/\/api.w.org\/{rel}","templated":true}]}}