{"id":66404,"date":"2024-10-09T18:11:04","date_gmt":"2024-10-09T15:11:04","guid":{"rendered":"https:\/\/kibrisdakik.com\/index.php\/2024\/10\/09\/dp-tum-siyasi-partileri-sagduyu-ve-ortak-akilla-hareket-etmeye-davet-etti\/"},"modified":"2024-10-09T18:11:04","modified_gmt":"2024-10-09T15:11:04","slug":"dp-tum-siyasi-partileri-sagduyu-ve-ortak-akilla-hareket-etmeye-davet-etti","status":"publish","type":"post","link":"https:\/\/kibrisdakik.com\/?p=66404","title":{"rendered":"DP, t\u00fcm siyasi partileri sa\u011fduyu ve ortak ak\u0131lla hareket etmeye davet etti"},"content":{"rendered":"<div>\n<div class=\"mariselle-image-container center\">\n                                            <\/div>\n<p>Demokrat Parti, Cumhuriyet Meclisi Ba\u015fkanl\u0131k Divan\u0131 se\u00e7im s\u00fcrecinde ya\u015fananlar\u0131n ard\u0131ndan a\u00e7\u0131klama yapt\u0131. <\/p>\n<p>\tParti\u2019den yap\u0131lan a\u00e7\u0131klamada, ya\u015fananlar\u0131n demokrasilerde ya\u015fanabilecek \u015feyler oldu\u011funa vurgu yaparak, ana muhalefetin ya\u015fanan bu sorunu f\u0131rsata \u00e7evirip erken se\u00e7im \u00e7a\u011fr\u0131s\u0131 yapmas\u0131n\u0131 ele\u015ftirdi. <\/p>\n<p>\t\u00dclkenin i\u00e7inde bulundu\u011fu ekonomik ve siyasi poziyonun erken se\u00e7imlere uygun olmad\u0131\u011f\u0131na dikkati \u00e7eken Demokrat Parti,  ana muhalefetin mevcut sorunlar\u0131 f\u0131rsata \u00e7evirmeye \u00e7al\u0131\u015fmas\u0131n\u0131n toplumsal sorunlardan ve \u00f6nceliklerden kopuk oldu\u011funun g\u00f6stergesi oldu\u011funu belirtti.<\/p>\n<p>\tDemokrat Parti, \u201c\u015eu an ihtiyac\u0131m\u0131z olan, iktidar\u0131 ile muhalefeti ile \u00fclke sorunlar\u0131na \u00e7\u00f6z\u00fcm \u00fcretmek.. \u00d6zellikle, ekonomide ya\u015fanan daralman\u0131n ve hayat pahal\u0131l\u0131\u011f\u0131n\u0131n \u00f6n\u00fcn\u00fc alacak form\u00fclleri Meclis\u2019te tart\u0131\u015farak birlikte bulabilmek olmal\u0131d\u0131r\u201d de\u011ferlendirmesinde bulundu. <\/p>\n<p>\tCumhuriyet Meclisi\u2019nin \u00f6nemine i\u015faret eden Demokrat Parti, Meclis\u2019in kilitlenmesinin ve \u00e7al\u0131\u015fmalar\u0131n\u0131n engellenmesinin \u00fclkenin temsiliyetine, demokrasisine ve toplumsal sorumlulu\u011fa ayk\u0131r\u0131 bir duru\u015f oldu\u011funu kaydetti.<\/p>\n<p>\t\u00dclkenin ekonomik yap\u0131s\u0131n\u0131n bir erken se\u00e7imi kald\u0131ramayacak durumda oldu\u011funu g\u00f6z ard\u0131 etmeden,  toplumsal sorunlar\u0131n giderilmesi ad\u0131na \u00e7al\u0131\u015fmalar\u0131n bir an \u00f6nce ba\u015flat\u0131lmas\u0131 ve Cumhuriyet Meclisi\u2019nin bir an \u00f6nce i\u015flevini yerine getirmesine olanak verecek ad\u0131mlar\u0131n at\u0131lmas\u0131n\u0131 talep eden Demokrat Parti, t\u00fcm siyasi partileri sa\u011fduyu ve ortak ak\u0131lla hareket etmeye \u00e7a\u011f\u0131rd\u0131.<\/p>\n<\/p><\/div>\n<p><script async\n                    defer\n                    crossorigin=\"anonymous\"\n                    src=\"https:\/\/connect.facebook.net\/tr_TR\/sdk.js#xfbml=1&#038;version=v3.3\"\n            ><\/script><\/p>\n","protected":false},"excerpt":{"rendered":"<p>Demokrat Parti, Cumhuriyet Meclisi Ba\u015fkanl\u0131k Divan\u0131 se\u00e7im s\u00fcrecinde ya\u015fananlar\u0131n ard\u0131ndan a\u00e7\u0131klama yapt\u0131. Parti\u2019den yap\u0131lan a\u00e7\u0131klamada, ya\u015fananlar\u0131n demokrasilerde ya\u015fanabilecek \u015feyler oldu\u011funa vurgu yaparak, ana muhalefetin ya\u015fanan bu sorunu f\u0131rsata \u00e7evirip erken se\u00e7im \u00e7a\u011fr\u0131s\u0131 yapmas\u0131n\u0131 ele\u015ftirdi. \u00dclkenin i\u00e7inde bulundu\u011fu ekonomik ve siyasi poziyonun erken se\u00e7imlere uygun olmad\u0131\u011f\u0131na dikkati \u00e7eken Demokrat Parti, ana muhalefetin mevcut sorunlar\u0131 f\u0131rsata \u00e7evirmeye<\/p>\n","protected":false},"author":1,"featured_media":66405,"comment_status":"open","ping_status":"open","sticky":false,"template":"","format":"standard","meta":{"footnotes":""},"categories":[81],"tags":[],"class_list":["post-66404","post","type-post","status-publish","format-standard","has-post-thumbnail","hentry","category-kibris"],"yoast_head":"<!-- This site is optimized with the Yoast SEO plugin v27.4 - https:\/\/yoast.com\/product\/yoast-seo-wordpress\/ -->\n<title>DP, t\u00fcm siyasi partileri sa\u011fduyu ve ortak ak\u0131lla hareket etmeye davet etti -<\/title>\n<meta name=\"robots\" content=\"index, follow, max-snippet:-1, max-image-preview:large, max-video-preview:-1\" \/>\n<link rel=\"canonical\" href=\"https:\/\/kibrisdakik.com\/?p=66404\" \/>\n<meta property=\"og:locale\" content=\"tr_TR\" \/>\n<meta property=\"og:type\" content=\"article\" \/>\n<meta property=\"og:title\" content=\"DP, t\u00fcm siyasi partileri sa\u011fduyu ve ortak ak\u0131lla hareket etmeye davet etti -\" \/>\n<meta property=\"og:description\" content=\"Demokrat Parti, Cumhuriyet Meclisi Ba\u015fkanl\u0131k Divan\u0131 se\u00e7im s\u00fcrecinde ya\u015fananlar\u0131n ard\u0131ndan a\u00e7\u0131klama yapt\u0131. Parti\u2019den yap\u0131lan a\u00e7\u0131klamada, ya\u015fananlar\u0131n demokrasilerde ya\u015fanabilecek \u015feyler oldu\u011funa vurgu yaparak, ana muhalefetin ya\u015fanan bu sorunu f\u0131rsata \u00e7evirip erken se\u00e7im \u00e7a\u011fr\u0131s\u0131 yapmas\u0131n\u0131 ele\u015ftirdi. \u00dclkenin i\u00e7inde bulundu\u011fu ekonomik ve siyasi poziyonun erken se\u00e7imlere uygun olmad\u0131\u011f\u0131na dikkati \u00e7eken Demokrat Parti, ana muhalefetin mevcut sorunlar\u0131 f\u0131rsata \u00e7evirmeye\" \/>\n<meta property=\"og:url\" content=\"https:\/\/kibrisdakik.com\/?p=66404\" \/>\n<meta property=\"article:published_time\" content=\"2024-10-09T15:11:04+00:00\" \/>\n<meta property=\"og:image\" content=\"https:\/\/kibrisdakik.com\/wp-content\/uploads\/2024\/10\/demokrat-parti-dp-740x420.jpg\" \/>\n\t<meta property=\"og:image:width\" content=\"787\" \/>\n\t<meta property=\"og:image:height\" content=\"432\" \/>\n\t<meta property=\"og:image:type\" content=\"image\/jpeg\" \/>\n<meta name=\"author\" content=\"admin\" \/>\n<meta name=\"twitter:card\" content=\"summary_large_image\" \/>\n<meta name=\"twitter:label1\" content=\"Yazan:\" \/>\n\t<meta name=\"twitter:data1\" content=\"admin\" \/>\n\t<meta name=\"twitter:label2\" content=\"Tahmini okuma s\u00fcresi\" \/>\n\t<meta name=\"twitter:data2\" content=\"1 dakika\" \/>\n<script type=\"application\/ld+json\" class=\"yoast-schema-graph\">{\"@context\":\"https:\\\/\\\/schema.org\",\"@graph\":[{\"@type\":\"Article\",\"@id\":\"https:\\\/\\\/kibrisdakik.com\\\/?p=66404#article\",\"isPartOf\":{\"@id\":\"https:\\\/\\\/kibrisdakik.com\\\/?p=66404\"},\"author\":{\"name\":\"admin\",\"@id\":\"https:\\\/\\\/kibrisdakik.com\\\/#\\\/schema\\\/person\\\/9cd9d437bbb44f72b73ba127e06d8e79\"},\"headline\":\"DP, t\u00fcm siyasi partileri sa\u011fduyu ve ortak ak\u0131lla hareket etmeye davet etti\",\"datePublished\":\"2024-10-09T15:11:04+00:00\",\"mainEntityOfPage\":{\"@id\":\"https:\\\/\\\/kibrisdakik.com\\\/?p=66404\"},\"wordCount\":263,\"commentCount\":0,\"image\":{\"@id\":\"https:\\\/\\\/kibrisdakik.com\\\/?p=66404#primaryimage\"},\"thumbnailUrl\":\"https:\\\/\\\/kibrisdakik.com\\\/wp-content\\\/uploads\\\/2024\\\/10\\\/demokrat-parti-dp-740x420.jpg\",\"articleSection\":[\"K\u0131br\u0131s\"],\"inLanguage\":\"tr\",\"potentialAction\":[{\"@type\":\"CommentAction\",\"name\":\"Comment\",\"target\":[\"https:\\\/\\\/kibrisdakik.com\\\/?p=66404#respond\"]}]},{\"@type\":\"WebPage\",\"@id\":\"https:\\\/\\\/kibrisdakik.com\\\/?p=66404\",\"url\":\"https:\\\/\\\/kibrisdakik.com\\\/?p=66404\",\"name\":\"DP, t\u00fcm siyasi partileri sa\u011fduyu ve ortak ak\u0131lla hareket etmeye davet etti -\",\"isPartOf\":{\"@id\":\"https:\\\/\\\/kibrisdakik.com\\\/#website\"},\"primaryImageOfPage\":{\"@id\":\"https:\\\/\\\/kibrisdakik.com\\\/?p=66404#primaryimage\"},\"image\":{\"@id\":\"https:\\\/\\\/kibrisdakik.com\\\/?p=66404#primaryimage\"},\"thumbnailUrl\":\"https:\\\/\\\/kibrisdakik.com\\\/wp-content\\\/uploads\\\/2024\\\/10\\\/demokrat-parti-dp-740x420.jpg\",\"datePublished\":\"2024-10-09T15:11:04+00:00\",\"author\":{\"@id\":\"https:\\\/\\\/kibrisdakik.com\\\/#\\\/schema\\\/person\\\/9cd9d437bbb44f72b73ba127e06d8e79\"},\"breadcrumb\":{\"@id\":\"https:\\\/\\\/kibrisdakik.com\\\/?p=66404#breadcrumb\"},\"inLanguage\":\"tr\",\"potentialAction\":[{\"@type\":\"ReadAction\",\"target\":[\"https:\\\/\\\/kibrisdakik.com\\\/?p=66404\"]}]},{\"@type\":\"ImageObject\",\"inLanguage\":\"tr\",\"@id\":\"https:\\\/\\\/kibrisdakik.com\\\/?p=66404#primaryimage\",\"url\":\"https:\\\/\\\/kibrisdakik.com\\\/wp-content\\\/uploads\\\/2024\\\/10\\\/demokrat-parti-dp-740x420.jpg\",\"contentUrl\":\"https:\\\/\\\/kibrisdakik.com\\\/wp-content\\\/uploads\\\/2024\\\/10\\\/demokrat-parti-dp-740x420.jpg\",\"width\":787,\"height\":432},{\"@type\":\"BreadcrumbList\",\"@id\":\"https:\\\/\\\/kibrisdakik.com\\\/?p=66404#breadcrumb\",\"itemListElement\":[{\"@type\":\"ListItem\",\"position\":1,\"name\":\"Home\",\"item\":\"https:\\\/\\\/kibrisdakik.com\\\/\"},{\"@type\":\"ListItem\",\"position\":2,\"name\":\"DP, t\u00fcm siyasi partileri sa\u011fduyu ve ortak ak\u0131lla hareket etmeye davet etti\"}]},{\"@type\":\"WebSite\",\"@id\":\"https:\\\/\\\/kibrisdakik.com\\\/#website\",\"url\":\"https:\\\/\\\/kibrisdakik.com\\\/\",\"name\":\"\",\"description\":\"Tam vaktinde haber\",\"potentialAction\":[{\"@type\":\"SearchAction\",\"target\":{\"@type\":\"EntryPoint\",\"urlTemplate\":\"https:\\\/\\\/kibrisdakik.com\\\/?s={search_term_string}\"},\"query-input\":{\"@type\":\"PropertyValueSpecification\",\"valueRequired\":true,\"valueName\":\"search_term_string\"}}],\"inLanguage\":\"tr\"},{\"@type\":\"Person\",\"@id\":\"https:\\\/\\\/kibrisdakik.com\\\/#\\\/schema\\\/person\\\/9cd9d437bbb44f72b73ba127e06d8e79\",\"name\":\"admin\",\"image\":{\"@type\":\"ImageObject\",\"inLanguage\":\"tr\",\"@id\":\"https:\\\/\\\/secure.gravatar.com\\\/avatar\\\/ccc17943b9d660506c869530f897617f7cb1c21a4bf30023f252596d83e1f007?s=96&d=mm&r=g\",\"url\":\"https:\\\/\\\/secure.gravatar.com\\\/avatar\\\/ccc17943b9d660506c869530f897617f7cb1c21a4bf30023f252596d83e1f007?s=96&d=mm&r=g\",\"contentUrl\":\"https:\\\/\\\/secure.gravatar.com\\\/avatar\\\/ccc17943b9d660506c869530f897617f7cb1c21a4bf30023f252596d83e1f007?s=96&d=mm&r=g\",\"caption\":\"admin\"},\"sameAs\":[\"https:\\\/\\\/kibrisdakik.com\"],\"url\":\"https:\\\/\\\/kibrisdakik.com\\\/?author=1\"}]}<\/script>\n<!-- \/ Yoast SEO plugin. -->","yoast_head_json":{"title":"DP, t\u00fcm siyasi partileri sa\u011fduyu ve ortak ak\u0131lla hareket etmeye davet etti -","robots":{"index":"index","follow":"follow","max-snippet":"max-snippet:-1","max-image-preview":"max-image-preview:large","max-video-preview":"max-video-preview:-1"},"canonical":"https:\/\/kibrisdakik.com\/?p=66404","og_locale":"tr_TR","og_type":"article","og_title":"DP, t\u00fcm siyasi partileri sa\u011fduyu ve ortak ak\u0131lla hareket etmeye davet etti -","og_description":"Demokrat Parti, Cumhuriyet Meclisi Ba\u015fkanl\u0131k Divan\u0131 se\u00e7im s\u00fcrecinde ya\u015fananlar\u0131n ard\u0131ndan a\u00e7\u0131klama yapt\u0131. Parti\u2019den yap\u0131lan a\u00e7\u0131klamada, ya\u015fananlar\u0131n demokrasilerde ya\u015fanabilecek \u015feyler oldu\u011funa vurgu yaparak, ana muhalefetin ya\u015fanan bu sorunu f\u0131rsata \u00e7evirip erken se\u00e7im \u00e7a\u011fr\u0131s\u0131 yapmas\u0131n\u0131 ele\u015ftirdi. \u00dclkenin i\u00e7inde bulundu\u011fu ekonomik ve siyasi poziyonun erken se\u00e7imlere uygun olmad\u0131\u011f\u0131na dikkati \u00e7eken Demokrat Parti, ana muhalefetin mevcut sorunlar\u0131 f\u0131rsata \u00e7evirmeye","og_url":"https:\/\/kibrisdakik.com\/?p=66404","article_published_time":"2024-10-09T15:11:04+00:00","og_image":[{"width":787,"height":432,"url":"https:\/\/kibrisdakik.com\/wp-content\/uploads\/2024\/10\/demokrat-parti-dp-740x420.jpg","type":"image\/jpeg"}],"author":"admin","twitter_card":"summary_large_image","twitter_misc":{"Yazan:":"admin","Tahmini okuma s\u00fcresi":"1 dakika"},"schema":{"@context":"https:\/\/schema.org","@graph":[{"@type":"Article","@id":"https:\/\/kibrisdakik.com\/?p=66404#article","isPartOf":{"@id":"https:\/\/kibrisdakik.com\/?p=66404"},"author":{"name":"admin","@id":"https:\/\/kibrisdakik.com\/#\/schema\/person\/9cd9d437bbb44f72b73ba127e06d8e79"},"headline":"DP, t\u00fcm siyasi partileri sa\u011fduyu ve ortak ak\u0131lla hareket etmeye davet etti","datePublished":"2024-10-09T15:11:04+00:00","mainEntityOfPage":{"@id":"https:\/\/kibrisdakik.com\/?p=66404"},"wordCount":263,"commentCount":0,"image":{"@id":"https:\/\/kibrisdakik.com\/?p=66404#primaryimage"},"thumbnailUrl":"https:\/\/kibrisdakik.com\/wp-content\/uploads\/2024\/10\/demokrat-parti-dp-740x420.jpg","articleSection":["K\u0131br\u0131s"],"inLanguage":"tr","potentialAction":[{"@type":"CommentAction","name":"Comment","target":["https:\/\/kibrisdakik.com\/?p=66404#respond"]}]},{"@type":"WebPage","@id":"https:\/\/kibrisdakik.com\/?p=66404","url":"https:\/\/kibrisdakik.com\/?p=66404","name":"DP, t\u00fcm siyasi partileri sa\u011fduyu ve ortak ak\u0131lla hareket etmeye davet etti -","isPartOf":{"@id":"https:\/\/kibrisdakik.com\/#website"},"primaryImageOfPage":{"@id":"https:\/\/kibrisdakik.com\/?p=66404#primaryimage"},"image":{"@id":"https:\/\/kibrisdakik.com\/?p=66404#primaryimage"},"thumbnailUrl":"https:\/\/kibrisdakik.com\/wp-content\/uploads\/2024\/10\/demokrat-parti-dp-740x420.jpg","datePublished":"2024-10-09T15:11:04+00:00","author":{"@id":"https:\/\/kibrisdakik.com\/#\/schema\/person\/9cd9d437bbb44f72b73ba127e06d8e79"},"breadcrumb":{"@id":"https:\/\/kibrisdakik.com\/?p=66404#breadcrumb"},"inLanguage":"tr","potentialAction":[{"@type":"ReadAction","target":["https:\/\/kibrisdakik.com\/?p=66404"]}]},{"@type":"ImageObject","inLanguage":"tr","@id":"https:\/\/kibrisdakik.com\/?p=66404#primaryimage","url":"https:\/\/kibrisdakik.com\/wp-content\/uploads\/2024\/10\/demokrat-parti-dp-740x420.jpg","contentUrl":"https:\/\/kibrisdakik.com\/wp-content\/uploads\/2024\/10\/demokrat-parti-dp-740x420.jpg","width":787,"height":432},{"@type":"BreadcrumbList","@id":"https:\/\/kibrisdakik.com\/?p=66404#breadcrumb","itemListElement":[{"@type":"ListItem","position":1,"name":"Home","item":"https:\/\/kibrisdakik.com\/"},{"@type":"ListItem","position":2,"name":"DP, t\u00fcm siyasi partileri sa\u011fduyu ve ortak ak\u0131lla hareket etmeye davet etti"}]},{"@type":"WebSite","@id":"https:\/\/kibrisdakik.com\/#website","url":"https:\/\/kibrisdakik.com\/","name":"","description":"Tam vaktinde haber","potentialAction":[{"@type":"SearchAction","target":{"@type":"EntryPoint","urlTemplate":"https:\/\/kibrisdakik.com\/?s={search_term_string}"},"query-input":{"@type":"PropertyValueSpecification","valueRequired":true,"valueName":"search_term_string"}}],"inLanguage":"tr"},{"@type":"Person","@id":"https:\/\/kibrisdakik.com\/#\/schema\/person\/9cd9d437bbb44f72b73ba127e06d8e79","name":"admin","image":{"@type":"ImageObject","inLanguage":"tr","@id":"https:\/\/secure.gravatar.com\/avatar\/ccc17943b9d660506c869530f897617f7cb1c21a4bf30023f252596d83e1f007?s=96&d=mm&r=g","url":"https:\/\/secure.gravatar.com\/avatar\/ccc17943b9d660506c869530f897617f7cb1c21a4bf30023f252596d83e1f007?s=96&d=mm&r=g","contentUrl":"https:\/\/secure.gravatar.com\/avatar\/ccc17943b9d660506c869530f897617f7cb1c21a4bf30023f252596d83e1f007?s=96&d=mm&r=g","caption":"admin"},"sameAs":["https:\/\/kibrisdakik.com"],"url":"https:\/\/kibrisdakik.com\/?author=1"}]}},"_links":{"self":[{"href":"https:\/\/kibrisdakik.com\/index.php?rest_route=\/wp\/v2\/posts\/66404","targetHints":{"allow":["GET"]}}],"collection":[{"href":"https:\/\/kibrisdakik.com\/index.php?rest_route=\/wp\/v2\/posts"}],"about":[{"href":"https:\/\/kibrisdakik.com\/index.php?rest_route=\/wp\/v2\/types\/post"}],"author":[{"embeddable":true,"href":"https:\/\/kibrisdakik.com\/index.php?rest_route=\/wp\/v2\/users\/1"}],"replies":[{"embeddable":true,"href":"https:\/\/kibrisdakik.com\/index.php?rest_route=%2Fwp%2Fv2%2Fcomments&post=66404"}],"version-history":[{"count":0,"href":"https:\/\/kibrisdakik.com\/index.php?rest_route=\/wp\/v2\/posts\/66404\/revisions"}],"wp:featuredmedia":[{"embeddable":true,"href":"https:\/\/kibrisdakik.com\/index.php?rest_route=\/wp\/v2\/media\/66405"}],"wp:attachment":[{"href":"https:\/\/kibrisdakik.com\/index.php?rest_route=%2Fwp%2Fv2%2Fmedia&parent=66404"}],"wp:term":[{"taxonomy":"category","embeddable":true,"href":"https:\/\/kibrisdakik.com\/index.php?rest_route=%2Fwp%2Fv2%2Fcategories&post=66404"},{"taxonomy":"post_tag","embeddable":true,"href":"https:\/\/kibrisdakik.com\/index.php?rest_route=%2Fwp%2Fv2%2Ftags&post=66404"}],"curies":[{"name":"wp","href":"https:\/\/api.w.org\/{rel}","templated":true}]}}