{"id":66414,"date":"2024-10-09T19:06:29","date_gmt":"2024-10-09T16:06:29","guid":{"rendered":"https:\/\/kibrisdakik.com\/index.php\/2024\/10\/09\/ariklibutceye-katki-saglayan-dairler-mali-olarak-daha-fazla-desteklenmeli\/"},"modified":"2024-10-09T19:06:29","modified_gmt":"2024-10-09T16:06:29","slug":"ariklibutceye-katki-saglayan-dairler-mali-olarak-daha-fazla-desteklenmeli","status":"publish","type":"post","link":"https:\/\/kibrisdakik.com\/?p=66414","title":{"rendered":"Ar\u0131kl\u0131:B\u00fct\u00e7eye katk\u0131 sa\u011flayan dairler mali olarak daha fazla desteklenmeli"},"content":{"rendered":"<div>\n<div class=\"mariselle-image-container center\">\n                                            <\/div>\n<p>Bay\u0131nd\u0131rl\u0131k ve Ula\u015ft\u0131rma Bakan\u0131 Erhan Ar\u0131kl\u0131, Posta Dairesi\u2019nde d\u00fczenlenen bulu\u015fmada yapt\u0131\u011f\u0131 konu\u015fmada, \u00e7al\u0131\u015fanlar\u0131n 9 Ekim D\u00fcnya Posta G\u00fcn\u00fc\u2019n\u00fc kutlad\u0131 ve \u00f6zverili \u00e7al\u0131\u015fmalar\u0131ndan dolay\u0131 personele te\u015fekk\u00fcr etti.<\/p>\n<p>Posta Dairesi ile K\u0131br\u0131s T\u00fcrk Amme Memurlar\u0131 Sendikas\u0131\u2019n\u0131n (KTAMS) birlikte d\u00fczenledi\u011fi personel bulu\u015fmas\u0131na Bay\u0131nd\u0131rl\u0131k ve Ula\u015ft\u0131rma Bakanl\u0131\u011f\u0131 M\u00fcste\u015far\u0131 Enver \u00d6zt\u00fcrk ve KTAMS Ba\u015fkan\u0131 G\u00fcven Bengihan da kat\u0131larak birer konu\u015fma yapt\u0131.<\/p>\n<p>Bakanl\u0131ktan verilen bilgiye g\u00f6re, Bay\u0131nd\u0131rl\u0131k ve Ula\u015ft\u0131rma Bakan\u0131 Ar\u0131kl\u0131, konu\u015fmas\u0131nda \u00f6zellikle b\u00fct\u00e7eye katk\u0131 sa\u011flayan dairelerin mali olarak daha fazla desteklenmesi halinde verilen hizmetin kalitesinin artaca\u011f\u0131n\u0131 s\u00f6yledi.<\/p>\n<p>Ara\u00e7 Kay\u0131t, Muayene ve Ruhsatland\u0131rma \u015eubesi gibi Posta Dairesi\u2019nin de devlet b\u00fct\u00e7esine \u00f6nemli katk\u0131 sa\u011flad\u0131\u011f\u0131n\u0131 belirten Ar\u0131kl\u0131, \u201c2025 B\u00fct\u00e7esinden beklentimiz d\u00fc\u015f\u00fck. Posta Dairesi \u00f6n\u00fcm\u00fczdeki d\u00f6nem Anavatan T\u00fcrkiye Cumhuriyeti\u2019nin katk\u0131lar\u0131yla eksikliklerini gidermeye \u00e7al\u0131\u015facak. H\u0131zl\u0131 ve kaliteli hizmetin yan\u0131nda, personelimizin standartlara uygun ortamlarda \u00e7al\u0131\u015fabilmesi i\u00e7in sendika ile isti\u015fare halinde olaca\u011f\u0131z\u201d dedi.<\/p>\n<p>-\u201c\u0130ki \u00f6nemli proje\u201d<\/p>\n<p>Ar\u0131kl\u0131, Posta Dairesi\u2019nin \u00f6n\u00fcnde iki \u00f6nemli proje bulundu\u011funu, bir tanesinin Lefko\u015fa Sanayi B\u00f6lgesi\u2019ne in\u015fa edilecek \u201cPosta \u0130\u015fletim Merkezi\u201d, di\u011ferinin de k\u0131rsal b\u00f6lgede kad\u0131nlar taraf\u0131ndan \u00fcretilen \u00fcr\u00fcnlerin PTT AVM \u00fczerinden d\u00fcnyaya pazarlanmas\u0131 oldu\u011funu s\u00f6yledi.<\/p>\n<p>Ar\u0131kl\u0131, projelerle ilgili \u015funlar\u0131 s\u00f6yledi:<\/p>\n<p>\u201cSanayi B\u00f6lgesi\u2019nde yap\u0131lmas\u0131 planlanan \u2018Posta \u0130\u015fletim Merkezi\u2019 personelimize \u00e7ok daha iyi bir ortamda \u00e7al\u0131\u015fma f\u0131rsat\u0131 sunacak. Bunun yan\u0131nda Gazima\u011fusa Liman\u0131\u2019nda bulunan binalar\u0131n biri paket postanesine d\u00f6n\u00fc\u015ft\u00fcr\u00fclecek. Dairenin altyap\u0131s\u0131n\u0131 iyile\u015ftirme \u00e7abalar\u0131m\u0131z devam ediyor.<\/p>\n<p>-\u201cAma\u00e7 k\u0131rsal kalk\u0131nmaya katk\u0131 sa\u011flamak\u201d<\/p>\n<p>Di\u011fer yandan PTT AVM ile ilgili projemizin 2025\u2019te hayata ge\u00e7mesini hedefliyoruz. PTT AVM, PTT taraf\u0131ndan kurulan devasa bir sanal market. K\u0131rsal kesimde ya\u015fayan ve \u00fcreten kad\u0131nlar\u0131m\u0131z, \u00fcr\u00fcnlerini Posta Dairesi \u00fczerinden PTT AVM ile d\u00fcnyan\u0131n her yerine satabilecek. \u0130lk etapta aralar\u0131nda pekmez ve hellimin bulundu\u011fu sekiz \u00fcr\u00fcn ile ba\u015fl\u0131yoruz. 40-50 \u00fcr\u00fcne kadar \u00e7\u0131karmay\u0131 d\u00fc\u015f\u00fcn\u00fcyoruz.  Amac\u0131m\u0131z burada kad\u0131n\u0131n geli\u015fimi \u00fczerinden k\u0131rsal kalk\u0131nmaya katk\u0131 sa\u011flamak.\u201d<\/p>\n<p>-\u00d6zt\u00fcrk<\/p>\n<p>Bay\u0131nd\u0131rl\u0131k ve Ula\u015ft\u0131rma Bakanl\u0131\u011f\u0131 M\u00fcste\u015far\u0131 Enver \u00d6zt\u00fcrk, \u00f6\u011frencilik y\u0131llar\u0131nda ya\u015fad\u0131\u011f\u0131 bir an\u0131y\u0131 anlatarak, \u201cBug\u00fcn e-postalar saniyeler i\u00e7erisinde g\u00f6nderilebilir. Ge\u00e7mi\u015fte mektuplar gidece\u011fi yere \u00e7ok ge\u00e7 ula\u015f\u0131yordu ancak \u00e7ok daha fazla de\u011feri vard\u0131\u201d dedi.  <\/p>\n<p>-\u0130skender: \u201cDairemiz b\u00fct\u00e7e olarak desteklenmeli\u201d<\/p>\n<p>Posta Dairesi M\u00fcd\u00fcr\u00fc Yakup \u0130skender de posta hizmetlerinin geli\u015fimini anlatarak ba\u015flad\u0131\u011f\u0131 konu\u015fmas\u0131nda, \u201cPosta hizmetleri de\u011fi\u015fti ama hep hayat\u0131m\u0131zda olacak.  Posta Dairemizin b\u00fct\u00e7e olarak desteklenmesi gerekiyor. Amac\u0131m\u0131z her zaman at\u0131lgan ve yenilik\u00e7i bir yap\u0131da \u00fclkemiz ile halk\u0131m\u0131za posta hizmetlerini daha g\u00fcvenli ve h\u0131zl\u0131 bir \u015fekilde ula\u015ft\u0131rmakt\u0131r. \u0130mk\u00e2nlar\u0131m\u0131z\u0131n geli\u015fmesi ve en \u00f6nemlisi, halkla temasta olan personelin daha g\u00fcvenli \u015fekilde, hakk\u0131n\u0131 vererek i\u015fini yapmas\u0131 ve evine mutlu bir \u015fekilde d\u00f6nmesi en b\u00fcy\u00fck arzumuzdur\u201d dedi.<\/p>\n<p>-Bengihan<\/p>\n<p>KTAMS Ba\u015fkan\u0131 Bengihan ise \u00f6n\u00fcm\u00fczdeki y\u0131l yap\u0131lacak D\u00fcnya Posta G\u00fcn\u00fc etkinli\u011finde dairenin eksikliklerinin konu\u015fulmamas\u0131 gerekti\u011fini belirterek \u201cHalk\u0131n en iyi \u015fekilde hizmet alabilmesi i\u00e7in Daire ile i\u015f birli\u011fi yapaca\u011f\u0131z\u201d ifadelerini kulland\u0131.<\/p>\n<\/p><\/div>\n<p><script async\n                    defer\n                    crossorigin=\"anonymous\"\n                    src=\"https:\/\/connect.facebook.net\/tr_TR\/sdk.js#xfbml=1&#038;version=v3.3\"\n            ><\/script><\/p>\n","protected":false},"excerpt":{"rendered":"<p>Bay\u0131nd\u0131rl\u0131k ve Ula\u015ft\u0131rma Bakan\u0131 Erhan Ar\u0131kl\u0131, Posta Dairesi\u2019nde d\u00fczenlenen bulu\u015fmada yapt\u0131\u011f\u0131 konu\u015fmada, \u00e7al\u0131\u015fanlar\u0131n 9 Ekim D\u00fcnya Posta G\u00fcn\u00fc\u2019n\u00fc kutlad\u0131 ve \u00f6zverili \u00e7al\u0131\u015fmalar\u0131ndan dolay\u0131 personele te\u015fekk\u00fcr etti. Posta Dairesi ile K\u0131br\u0131s T\u00fcrk Amme Memurlar\u0131 Sendikas\u0131\u2019n\u0131n (KTAMS) birlikte d\u00fczenledi\u011fi personel bulu\u015fmas\u0131na Bay\u0131nd\u0131rl\u0131k ve Ula\u015ft\u0131rma Bakanl\u0131\u011f\u0131 M\u00fcste\u015far\u0131 Enver \u00d6zt\u00fcrk ve KTAMS Ba\u015fkan\u0131 G\u00fcven Bengihan da kat\u0131larak birer konu\u015fma<\/p>\n","protected":false},"author":1,"featured_media":66415,"comment_status":"open","ping_status":"open","sticky":false,"template":"","format":"standard","meta":{"footnotes":""},"categories":[81],"tags":[],"class_list":["post-66414","post","type-post","status-publish","format-standard","has-post-thumbnail","hentry","category-kibris"],"yoast_head":"<!-- This site is optimized with the Yoast SEO plugin v27.5 - https:\/\/yoast.com\/product\/yoast-seo-wordpress\/ -->\n<title>Ar\u0131kl\u0131:B\u00fct\u00e7eye katk\u0131 sa\u011flayan dairler mali olarak daha fazla desteklenmeli -<\/title>\n<meta name=\"robots\" content=\"index, follow, max-snippet:-1, max-image-preview:large, max-video-preview:-1\" \/>\n<link rel=\"canonical\" href=\"https:\/\/kibrisdakik.com\/?p=66414\" \/>\n<meta property=\"og:locale\" content=\"tr_TR\" \/>\n<meta property=\"og:type\" content=\"article\" \/>\n<meta property=\"og:title\" content=\"Ar\u0131kl\u0131:B\u00fct\u00e7eye katk\u0131 sa\u011flayan dairler mali olarak daha fazla desteklenmeli -\" \/>\n<meta property=\"og:description\" content=\"Bay\u0131nd\u0131rl\u0131k ve Ula\u015ft\u0131rma Bakan\u0131 Erhan Ar\u0131kl\u0131, Posta Dairesi\u2019nde d\u00fczenlenen bulu\u015fmada yapt\u0131\u011f\u0131 konu\u015fmada, \u00e7al\u0131\u015fanlar\u0131n 9 Ekim D\u00fcnya Posta G\u00fcn\u00fc\u2019n\u00fc kutlad\u0131 ve \u00f6zverili \u00e7al\u0131\u015fmalar\u0131ndan dolay\u0131 personele te\u015fekk\u00fcr etti. Posta Dairesi ile K\u0131br\u0131s T\u00fcrk Amme Memurlar\u0131 Sendikas\u0131\u2019n\u0131n (KTAMS) birlikte d\u00fczenledi\u011fi personel bulu\u015fmas\u0131na Bay\u0131nd\u0131rl\u0131k ve Ula\u015ft\u0131rma Bakanl\u0131\u011f\u0131 M\u00fcste\u015far\u0131 Enver \u00d6zt\u00fcrk ve KTAMS Ba\u015fkan\u0131 G\u00fcven Bengihan da kat\u0131larak birer konu\u015fma\" \/>\n<meta property=\"og:url\" content=\"https:\/\/kibrisdakik.com\/?p=66414\" \/>\n<meta property=\"article:published_time\" content=\"2024-10-09T16:06:29+00:00\" \/>\n<meta property=\"og:image\" content=\"https:\/\/kibrisdakik.com\/wp-content\/uploads\/2024\/10\/6565-scaled-740x420.jpg\" \/>\n\t<meta property=\"og:image:width\" content=\"2560\" \/>\n\t<meta property=\"og:image:height\" content=\"1342\" \/>\n\t<meta property=\"og:image:type\" content=\"image\/jpeg\" \/>\n<meta name=\"author\" content=\"admin\" \/>\n<meta name=\"twitter:card\" content=\"summary_large_image\" \/>\n<meta name=\"twitter:label1\" content=\"Yazan:\" \/>\n\t<meta name=\"twitter:data1\" content=\"admin\" \/>\n\t<meta name=\"twitter:label2\" content=\"Tahmini okuma s\u00fcresi\" \/>\n\t<meta name=\"twitter:data2\" content=\"3 dakika\" \/>\n<script type=\"application\/ld+json\" class=\"yoast-schema-graph\">{\"@context\":\"https:\\\/\\\/schema.org\",\"@graph\":[{\"@type\":\"Article\",\"@id\":\"https:\\\/\\\/kibrisdakik.com\\\/?p=66414#article\",\"isPartOf\":{\"@id\":\"https:\\\/\\\/kibrisdakik.com\\\/?p=66414\"},\"author\":{\"name\":\"admin\",\"@id\":\"https:\\\/\\\/kibrisdakik.com\\\/#\\\/schema\\\/person\\\/9cd9d437bbb44f72b73ba127e06d8e79\"},\"headline\":\"Ar\u0131kl\u0131:B\u00fct\u00e7eye katk\u0131 sa\u011flayan dairler mali olarak daha fazla desteklenmeli\",\"datePublished\":\"2024-10-09T16:06:29+00:00\",\"mainEntityOfPage\":{\"@id\":\"https:\\\/\\\/kibrisdakik.com\\\/?p=66414\"},\"wordCount\":646,\"commentCount\":0,\"image\":{\"@id\":\"https:\\\/\\\/kibrisdakik.com\\\/?p=66414#primaryimage\"},\"thumbnailUrl\":\"https:\\\/\\\/kibrisdakik.com\\\/wp-content\\\/uploads\\\/2024\\\/10\\\/6565-scaled-740x420.jpg\",\"articleSection\":[\"K\u0131br\u0131s\"],\"inLanguage\":\"tr\",\"potentialAction\":[{\"@type\":\"CommentAction\",\"name\":\"Comment\",\"target\":[\"https:\\\/\\\/kibrisdakik.com\\\/?p=66414#respond\"]}]},{\"@type\":\"WebPage\",\"@id\":\"https:\\\/\\\/kibrisdakik.com\\\/?p=66414\",\"url\":\"https:\\\/\\\/kibrisdakik.com\\\/?p=66414\",\"name\":\"Ar\u0131kl\u0131:B\u00fct\u00e7eye katk\u0131 sa\u011flayan dairler mali olarak daha fazla desteklenmeli -\",\"isPartOf\":{\"@id\":\"https:\\\/\\\/kibrisdakik.com\\\/#website\"},\"primaryImageOfPage\":{\"@id\":\"https:\\\/\\\/kibrisdakik.com\\\/?p=66414#primaryimage\"},\"image\":{\"@id\":\"https:\\\/\\\/kibrisdakik.com\\\/?p=66414#primaryimage\"},\"thumbnailUrl\":\"https:\\\/\\\/kibrisdakik.com\\\/wp-content\\\/uploads\\\/2024\\\/10\\\/6565-scaled-740x420.jpg\",\"datePublished\":\"2024-10-09T16:06:29+00:00\",\"author\":{\"@id\":\"https:\\\/\\\/kibrisdakik.com\\\/#\\\/schema\\\/person\\\/9cd9d437bbb44f72b73ba127e06d8e79\"},\"breadcrumb\":{\"@id\":\"https:\\\/\\\/kibrisdakik.com\\\/?p=66414#breadcrumb\"},\"inLanguage\":\"tr\",\"potentialAction\":[{\"@type\":\"ReadAction\",\"target\":[\"https:\\\/\\\/kibrisdakik.com\\\/?p=66414\"]}]},{\"@type\":\"ImageObject\",\"inLanguage\":\"tr\",\"@id\":\"https:\\\/\\\/kibrisdakik.com\\\/?p=66414#primaryimage\",\"url\":\"https:\\\/\\\/kibrisdakik.com\\\/wp-content\\\/uploads\\\/2024\\\/10\\\/6565-scaled-740x420.jpg\",\"contentUrl\":\"https:\\\/\\\/kibrisdakik.com\\\/wp-content\\\/uploads\\\/2024\\\/10\\\/6565-scaled-740x420.jpg\",\"width\":2560,\"height\":1342},{\"@type\":\"BreadcrumbList\",\"@id\":\"https:\\\/\\\/kibrisdakik.com\\\/?p=66414#breadcrumb\",\"itemListElement\":[{\"@type\":\"ListItem\",\"position\":1,\"name\":\"Home\",\"item\":\"https:\\\/\\\/kibrisdakik.com\\\/\"},{\"@type\":\"ListItem\",\"position\":2,\"name\":\"Ar\u0131kl\u0131:B\u00fct\u00e7eye katk\u0131 sa\u011flayan dairler mali olarak daha fazla desteklenmeli\"}]},{\"@type\":\"WebSite\",\"@id\":\"https:\\\/\\\/kibrisdakik.com\\\/#website\",\"url\":\"https:\\\/\\\/kibrisdakik.com\\\/\",\"name\":\"\",\"description\":\"Tam vaktinde haber\",\"potentialAction\":[{\"@type\":\"SearchAction\",\"target\":{\"@type\":\"EntryPoint\",\"urlTemplate\":\"https:\\\/\\\/kibrisdakik.com\\\/?s={search_term_string}\"},\"query-input\":{\"@type\":\"PropertyValueSpecification\",\"valueRequired\":true,\"valueName\":\"search_term_string\"}}],\"inLanguage\":\"tr\"},{\"@type\":\"Person\",\"@id\":\"https:\\\/\\\/kibrisdakik.com\\\/#\\\/schema\\\/person\\\/9cd9d437bbb44f72b73ba127e06d8e79\",\"name\":\"admin\",\"image\":{\"@type\":\"ImageObject\",\"inLanguage\":\"tr\",\"@id\":\"https:\\\/\\\/secure.gravatar.com\\\/avatar\\\/ccc17943b9d660506c869530f897617f7cb1c21a4bf30023f252596d83e1f007?s=96&d=mm&r=g\",\"url\":\"https:\\\/\\\/secure.gravatar.com\\\/avatar\\\/ccc17943b9d660506c869530f897617f7cb1c21a4bf30023f252596d83e1f007?s=96&d=mm&r=g\",\"contentUrl\":\"https:\\\/\\\/secure.gravatar.com\\\/avatar\\\/ccc17943b9d660506c869530f897617f7cb1c21a4bf30023f252596d83e1f007?s=96&d=mm&r=g\",\"caption\":\"admin\"},\"sameAs\":[\"https:\\\/\\\/kibrisdakik.com\"],\"url\":\"https:\\\/\\\/kibrisdakik.com\\\/?author=1\"}]}<\/script>\n<!-- \/ Yoast SEO plugin. -->","yoast_head_json":{"title":"Ar\u0131kl\u0131:B\u00fct\u00e7eye katk\u0131 sa\u011flayan dairler mali olarak daha fazla desteklenmeli -","robots":{"index":"index","follow":"follow","max-snippet":"max-snippet:-1","max-image-preview":"max-image-preview:large","max-video-preview":"max-video-preview:-1"},"canonical":"https:\/\/kibrisdakik.com\/?p=66414","og_locale":"tr_TR","og_type":"article","og_title":"Ar\u0131kl\u0131:B\u00fct\u00e7eye katk\u0131 sa\u011flayan dairler mali olarak daha fazla desteklenmeli -","og_description":"Bay\u0131nd\u0131rl\u0131k ve Ula\u015ft\u0131rma Bakan\u0131 Erhan Ar\u0131kl\u0131, Posta Dairesi\u2019nde d\u00fczenlenen bulu\u015fmada yapt\u0131\u011f\u0131 konu\u015fmada, \u00e7al\u0131\u015fanlar\u0131n 9 Ekim D\u00fcnya Posta G\u00fcn\u00fc\u2019n\u00fc kutlad\u0131 ve \u00f6zverili \u00e7al\u0131\u015fmalar\u0131ndan dolay\u0131 personele te\u015fekk\u00fcr etti. Posta Dairesi ile K\u0131br\u0131s T\u00fcrk Amme Memurlar\u0131 Sendikas\u0131\u2019n\u0131n (KTAMS) birlikte d\u00fczenledi\u011fi personel bulu\u015fmas\u0131na Bay\u0131nd\u0131rl\u0131k ve Ula\u015ft\u0131rma Bakanl\u0131\u011f\u0131 M\u00fcste\u015far\u0131 Enver \u00d6zt\u00fcrk ve KTAMS Ba\u015fkan\u0131 G\u00fcven Bengihan da kat\u0131larak birer konu\u015fma","og_url":"https:\/\/kibrisdakik.com\/?p=66414","article_published_time":"2024-10-09T16:06:29+00:00","og_image":[{"width":2560,"height":1342,"url":"https:\/\/kibrisdakik.com\/wp-content\/uploads\/2024\/10\/6565-scaled-740x420.jpg","type":"image\/jpeg"}],"author":"admin","twitter_card":"summary_large_image","twitter_misc":{"Yazan:":"admin","Tahmini okuma s\u00fcresi":"3 dakika"},"schema":{"@context":"https:\/\/schema.org","@graph":[{"@type":"Article","@id":"https:\/\/kibrisdakik.com\/?p=66414#article","isPartOf":{"@id":"https:\/\/kibrisdakik.com\/?p=66414"},"author":{"name":"admin","@id":"https:\/\/kibrisdakik.com\/#\/schema\/person\/9cd9d437bbb44f72b73ba127e06d8e79"},"headline":"Ar\u0131kl\u0131:B\u00fct\u00e7eye katk\u0131 sa\u011flayan dairler mali olarak daha fazla desteklenmeli","datePublished":"2024-10-09T16:06:29+00:00","mainEntityOfPage":{"@id":"https:\/\/kibrisdakik.com\/?p=66414"},"wordCount":646,"commentCount":0,"image":{"@id":"https:\/\/kibrisdakik.com\/?p=66414#primaryimage"},"thumbnailUrl":"https:\/\/kibrisdakik.com\/wp-content\/uploads\/2024\/10\/6565-scaled-740x420.jpg","articleSection":["K\u0131br\u0131s"],"inLanguage":"tr","potentialAction":[{"@type":"CommentAction","name":"Comment","target":["https:\/\/kibrisdakik.com\/?p=66414#respond"]}]},{"@type":"WebPage","@id":"https:\/\/kibrisdakik.com\/?p=66414","url":"https:\/\/kibrisdakik.com\/?p=66414","name":"Ar\u0131kl\u0131:B\u00fct\u00e7eye katk\u0131 sa\u011flayan dairler mali olarak daha fazla desteklenmeli -","isPartOf":{"@id":"https:\/\/kibrisdakik.com\/#website"},"primaryImageOfPage":{"@id":"https:\/\/kibrisdakik.com\/?p=66414#primaryimage"},"image":{"@id":"https:\/\/kibrisdakik.com\/?p=66414#primaryimage"},"thumbnailUrl":"https:\/\/kibrisdakik.com\/wp-content\/uploads\/2024\/10\/6565-scaled-740x420.jpg","datePublished":"2024-10-09T16:06:29+00:00","author":{"@id":"https:\/\/kibrisdakik.com\/#\/schema\/person\/9cd9d437bbb44f72b73ba127e06d8e79"},"breadcrumb":{"@id":"https:\/\/kibrisdakik.com\/?p=66414#breadcrumb"},"inLanguage":"tr","potentialAction":[{"@type":"ReadAction","target":["https:\/\/kibrisdakik.com\/?p=66414"]}]},{"@type":"ImageObject","inLanguage":"tr","@id":"https:\/\/kibrisdakik.com\/?p=66414#primaryimage","url":"https:\/\/kibrisdakik.com\/wp-content\/uploads\/2024\/10\/6565-scaled-740x420.jpg","contentUrl":"https:\/\/kibrisdakik.com\/wp-content\/uploads\/2024\/10\/6565-scaled-740x420.jpg","width":2560,"height":1342},{"@type":"BreadcrumbList","@id":"https:\/\/kibrisdakik.com\/?p=66414#breadcrumb","itemListElement":[{"@type":"ListItem","position":1,"name":"Home","item":"https:\/\/kibrisdakik.com\/"},{"@type":"ListItem","position":2,"name":"Ar\u0131kl\u0131:B\u00fct\u00e7eye katk\u0131 sa\u011flayan dairler mali olarak daha fazla desteklenmeli"}]},{"@type":"WebSite","@id":"https:\/\/kibrisdakik.com\/#website","url":"https:\/\/kibrisdakik.com\/","name":"","description":"Tam vaktinde haber","potentialAction":[{"@type":"SearchAction","target":{"@type":"EntryPoint","urlTemplate":"https:\/\/kibrisdakik.com\/?s={search_term_string}"},"query-input":{"@type":"PropertyValueSpecification","valueRequired":true,"valueName":"search_term_string"}}],"inLanguage":"tr"},{"@type":"Person","@id":"https:\/\/kibrisdakik.com\/#\/schema\/person\/9cd9d437bbb44f72b73ba127e06d8e79","name":"admin","image":{"@type":"ImageObject","inLanguage":"tr","@id":"https:\/\/secure.gravatar.com\/avatar\/ccc17943b9d660506c869530f897617f7cb1c21a4bf30023f252596d83e1f007?s=96&d=mm&r=g","url":"https:\/\/secure.gravatar.com\/avatar\/ccc17943b9d660506c869530f897617f7cb1c21a4bf30023f252596d83e1f007?s=96&d=mm&r=g","contentUrl":"https:\/\/secure.gravatar.com\/avatar\/ccc17943b9d660506c869530f897617f7cb1c21a4bf30023f252596d83e1f007?s=96&d=mm&r=g","caption":"admin"},"sameAs":["https:\/\/kibrisdakik.com"],"url":"https:\/\/kibrisdakik.com\/?author=1"}]}},"_links":{"self":[{"href":"https:\/\/kibrisdakik.com\/index.php?rest_route=\/wp\/v2\/posts\/66414","targetHints":{"allow":["GET"]}}],"collection":[{"href":"https:\/\/kibrisdakik.com\/index.php?rest_route=\/wp\/v2\/posts"}],"about":[{"href":"https:\/\/kibrisdakik.com\/index.php?rest_route=\/wp\/v2\/types\/post"}],"author":[{"embeddable":true,"href":"https:\/\/kibrisdakik.com\/index.php?rest_route=\/wp\/v2\/users\/1"}],"replies":[{"embeddable":true,"href":"https:\/\/kibrisdakik.com\/index.php?rest_route=%2Fwp%2Fv2%2Fcomments&post=66414"}],"version-history":[{"count":0,"href":"https:\/\/kibrisdakik.com\/index.php?rest_route=\/wp\/v2\/posts\/66414\/revisions"}],"wp:featuredmedia":[{"embeddable":true,"href":"https:\/\/kibrisdakik.com\/index.php?rest_route=\/wp\/v2\/media\/66415"}],"wp:attachment":[{"href":"https:\/\/kibrisdakik.com\/index.php?rest_route=%2Fwp%2Fv2%2Fmedia&parent=66414"}],"wp:term":[{"taxonomy":"category","embeddable":true,"href":"https:\/\/kibrisdakik.com\/index.php?rest_route=%2Fwp%2Fv2%2Fcategories&post=66414"},{"taxonomy":"post_tag","embeddable":true,"href":"https:\/\/kibrisdakik.com\/index.php?rest_route=%2Fwp%2Fv2%2Ftags&post=66414"}],"curies":[{"name":"wp","href":"https:\/\/api.w.org\/{rel}","templated":true}]}}