{"id":66422,"date":"2024-10-10T07:25:06","date_gmt":"2024-10-10T04:25:06","guid":{"rendered":"https:\/\/kibrisdakik.com\/index.php\/2024\/10\/10\/bm-guvenlik-konseyinde-gazze-oturumu\/"},"modified":"2024-10-10T07:25:06","modified_gmt":"2024-10-10T04:25:06","slug":"bm-guvenlik-konseyinde-gazze-oturumu","status":"publish","type":"post","link":"https:\/\/kibrisdakik.com\/?p=66422","title":{"rendered":"BM G\u00fcvenlik Konseyi\u2019nde \u201cGazze\u201d oturumu"},"content":{"rendered":"<p><\/p>\n<div>\n<div class=\"mariselle-image-container center\">\n                <img loading=\"lazy\" decoding=\"async\" width=\"1280\" height=\"720\" class=\"lazy-image\" alt=\"\" sizes=\"auto, (max-width: 1280px) 100vw, 1280px\" src=\"https:\/\/brtk.net\/wp-content\/uploads\/2024\/10\/10\/bmgk-aa-2285646-1.jpg?ver=1add2fd55a5fc5997d35aaf9e35b2caa\" srcset=\"https:\/\/brtk.net\/wp-content\/uploads\/2024\/10\/10\/bmgk-aa-2285646-1.jpg?ver=1add2fd55a5fc5997d35aaf9e35b2caa 1280w, https:\/\/brtk.net\/wp-content\/uploads\/2024\/10\/10\/bmgk-aa-2285646-1-300x169.jpg?ver=1add2fd55a5fc5997d35aaf9e35b2caa 300w, https:\/\/brtk.net\/wp-content\/uploads\/2024\/10\/10\/bmgk-aa-2285646-1-1024x576.jpg?ver=55431f90b565e04515330f2b1031a36f 1024w, https:\/\/brtk.net\/wp-content\/uploads\/2024\/10\/10\/bmgk-aa-2285646-1-768x432.jpg?ver=55431f90b565e04515330f2b1031a36f 768w\"\/>                            <\/div>\n<p>Birle\u015fmi\u015f Milletler G\u00fcvenlik Konseyi\u2019nde (BMGK) d\u00fczenlenen Gazze oturumunda, \u00fcye \u00fclkeler Gazze\u2019deki insani durumun k\u00f6t\u00fcle\u015fti\u011fine dikkati \u00e7ekerken, Birle\u015fmi\u015f Milletler Yak\u0131n Do\u011fu\u2019daki Filistinli M\u00fcltecilere Yard\u0131m ve Bay\u0131nd\u0131rl\u0131k Ajans\u0131\u2019n\u0131n (UNRWA) \u00f6neminin alt\u0131n\u0131 \u00e7izdi.<\/p>\n<p>Gazze\u2019de insani durumun ele al\u0131nd\u0131\u011f\u0131 BMGK oturumu, Cezayir ve Slovenya\u2019n\u0131n talebiyle d\u00fczenlendi.<\/p>\n<p>T\u00fcrkiye\u2019nin BM Daimi Temsilcisi B\u00fcy\u00fckel\u00e7i Ahmet Y\u0131ld\u0131z, UNRWA\u2019n\u0131n k\u00f6t\u00fc niyetli ve siyasi ama\u00e7l\u0131 bir karalama kampanyas\u0131na maruz kald\u0131\u011f\u0131na i\u015faret etti.<\/p>\n<p>UNRWA personeli ve tesislerine y\u00f6nelik sald\u0131r\u0131lar\u0131n kabul edilemez oldu\u011funu kaydeden Y\u0131ld\u0131z, s\u00f6z konusu sald\u0131r\u0131lar\u0131 k\u0131nad\u0131klar\u0131n\u0131 belirtti.<\/p>\n<p><strong>\u201cUNRWA\u2019n\u0131n yeri doldurulamaz\u201d<\/strong><br \/>Y\u0131ld\u0131z, \u201cUNRWA, yetkisi, fonksiyonu, kurumsal yap\u0131s\u0131 ve 70 y\u0131ldan fazla deneyimiyle Filistinli m\u00fcltecilere destek veriyor ve yeri doldurulamaz\u201d vurgusu yapt\u0131.<\/p>\n<p>UNRWA\u2019n\u0131n sadece kilit \u00f6neme sahip bir insani yard\u0131m \u00f6rg\u00fct\u00fc olmad\u0131\u011f\u0131na dikkati \u00e7eken Y\u0131ld\u0131z, ayn\u0131 zamanda ajans\u0131n b\u00f6lgede istikrar g\u00fcc\u00fc oldu\u011funu s\u00f6yledi.<\/p>\n<p>B\u00fcy\u00fckel\u00e7i Y\u0131ld\u0131z, \u201cUNRWA\u2019ya y\u00f6nelik sald\u0131r\u0131lar, uluslararas\u0131 bar\u0131\u015f ve g\u00fcvenli\u011fe y\u00f6nelik ciddi tehdit te\u015fkil ediyor. Ajans, siyasi \u00e7\u00f6z\u00fcm olmad\u0131\u011f\u0131 i\u00e7in var\u201d dedi.<\/p>\n<p>BMGK\u2019nin acilen UNRWA\u2019y\u0131 korumak i\u00e7in harekete ge\u00e7mesi gerekti\u011finin alt\u0131n\u0131 \u00e7izen Y\u0131ld\u0131z, ayn\u0131 zamanda t\u00fcm \u00fcye \u00fclkelere desteklerini art\u0131rma \u00e7a\u011fr\u0131s\u0131nda bulundu.<\/p>\n<p>Y\u0131ld\u0131z, T\u00fcrkiye\u2019nin bu y\u0131l UNRWA\u2019ya ilave 2 milyon <a href=\"https:\/\/brtk.net\/\">dolar<\/a> yard\u0131m sa\u011flad\u0131\u011f\u0131n\u0131 kaydetti.<\/p>\n<p>\u0130srail\u2019in UNRWA\u2019ya y\u00f6nelik sald\u0131r\u0131lar\u0131n\u0131n temel amac\u0131n\u0131n ajans\u0131 yok etmek oldu\u011funun a\u00e7\u0131k oldu\u011funu ifade eden Y\u0131ld\u0131z, \u201cUNRWA, Filistinli m\u00fcltecilerin onurlu geri d\u00f6nme hakk\u0131n\u0131 temsil ediyor. Nihai hedefte Filistinli m\u00fclteciler ve onlar\u0131n m\u00fclteci stat\u00fcs\u00fc var\u201d de\u011ferlendirmesinde bulundu.<\/p>\n<p><strong>\u201cOrta Do\u011fu\u2019da \u00e7at\u0131\u015fmalar cehennem ate\u015fi gibi yay\u0131l\u0131yor\u201d<\/strong><br \/>Slovenya\u2019n\u0131n BM Daimi Temsilcisi Samuel Zbogar ise Hamas\u2019\u0131n 7 Ekim sald\u0131r\u0131lar\u0131n\u0131 k\u0131nad\u0131klar\u0131n\u0131 an\u0131msatarak, \u201cAncak bir ter\u00f6r sald\u0131r\u0131s\u0131, nas\u0131l aralar\u0131nda kad\u0131n ve \u00e7ocuklar\u0131n da bulundu\u011fu 40 bin sivilin ayr\u0131m g\u00f6zetmeksizin \u00f6l\u00fcm\u00fcyle sonu\u00e7lanabilir? Bunu anlamakta g\u00fc\u00e7l\u00fck \u00e7ekiyoruz\u201d ifadelerini kulland\u0131.<\/p>\n<p>Gazze\u2019deki durumun uluslararas\u0131 bar\u0131\u015f ve g\u00fcvenli\u011fi tehdit etti\u011fini kaydeden Zbogar, \u201cOrta Do\u011fu\u2019da \u00e7at\u0131\u015fmalar cehennem ate\u015fi gibi yay\u0131l\u0131yor\u201d dedi.<\/p>\n<p>Zbogar, daha fazla sava\u015f\u0131n esirleri geri getirmeyece\u011fini belirterek, acil ate\u015fkes \u00e7a\u011fr\u0131s\u0131n\u0131 yineledi.<\/p>\n<p>Rusya\u2019n\u0131n BM Daimi Temsilcisi Vassily Nebenzia ise \u0130srail\u2019in 7 Ekim\u2019i kulland\u0131\u011f\u0131na i\u015faret ederek, \u201cBu trajedi size 1 y\u0131l boyunca ac\u0131mas\u0131z ve insanl\u0131k d\u0131\u015f\u0131 bir \u015fekilde Filistinlileri toplu cezaland\u0131rma imkan\u0131 verdi\u201d ifadelerini kulland\u0131.<\/p>\n<p><strong>\u201cG\u0131da sevkiyat\u0131na ili\u015fkin engellerin artmas\u0131 de\u011fil azalmas\u0131n\u0131 g\u00f6rmemiz gerekiyor\u201d<\/strong><br \/>ABD\u2019nin BM Daimi Temsilcisi Linda Thomas Greenfield de ABD\u2019nin Filistinli sivillerin korunmas\u0131 i\u00e7in \u0130srail\u2019e acil \u00e7a\u011fr\u0131da bulundu\u011funu kaydetti.<\/p>\n<p>\u0130srail\u2019in Gazze\u2019ye insani yard\u0131m giri\u015fine y\u00f6nelik engellerinden de ABD\u2019nin derin endi\u015fe duydu\u011funu kaydeden Greenfield, \u201cG\u0131da sevkiyat\u0131na ili\u015fkin engellerin artmas\u0131 de\u011fil azalmas\u0131n\u0131 g\u00f6rmemiz gerekiyor\u201d dedi.<\/p>\n<p>Greenfield, ABD\u2019nin ayn\u0131 zamanda \u0130srail\u2019in UNRWA\u2019y\u0131 yasaklamaya ili\u015fkin yasa teklifinden de derin endi\u015fe duydu\u011funu ifade etti.<\/p>\n<p><strong>\u201cSessiz kalmak sadece su\u00e7 orta\u011f\u0131 olmak de\u011fildir, su\u00e7a i\u015ftirak etmektir\u201d<\/strong><br \/>Cezayir\u2019in BM Daimi Temsilcisi Amar Bendjama ise \u0130srail\u2019in sald\u0131r\u0131lar\u0131 sonucu 900 ailenin kay\u0131tlardan tamamen silindi\u011fini, 17 bin \u00e7ocu\u011fun ailelerini kaybetti\u011fini s\u00f6yledi.<\/p>\n<p>Gazze\u2019nin \u201chayalet \u015fehre\u201d d\u00f6n\u00fc\u015ft\u00fc\u011f\u00fcn\u00fc belirten Bendjama, \u0130srail\u2019in \u201caskeri bir operasyon\u201d ger\u00e7ekle\u015ftirmedi\u011fini, Filistin halk\u0131na kar\u015f\u0131 sava\u015f y\u00fcr\u00fctt\u00fc\u011f\u00fcn\u00fc dile getirdi.<\/p>\n<p>Bendjama, \u0130srail\u2019in Filistinlileri ana vatan\u0131ndan s\u00fcrmeyi hedefledi\u011fini belirterek, \u201cUluslararas\u0131 toplum ne kadar g\u00f6rmezden gelmeye devam ederse, \u0130srail\u2019in zulm\u00fc o kadar art\u0131yor. Sessiz kalmak sadece su\u00e7 orta\u011f\u0131 olmak de\u011fildir, su\u00e7a i\u015ftirak etmektir\u201d dedi.<\/p>\n<p>BMGK\u2019nin ba\u015far\u0131s\u0131zl\u0131\u011f\u0131 nedeniyle \u0130srail\u2019in iyice cesaretlendi\u011fini belirten Bendjama, kendisini hukukun \u00fcst\u00fcnde g\u00f6rmeye ba\u015flad\u0131\u011f\u0131n\u0131 belirtti.<\/p>\n<p>Bendjama, \u201cBug\u00fcn sessiz kalanlar, yar\u0131n hukukun \u00fcst\u00fcnl\u00fc\u011f\u00fcn\u00fc savunamaz. Zaten geriye sadece orman kanunlar\u0131 kalacak\u201d uyar\u0131s\u0131n\u0131 yaparak, harekete ge\u00e7ilmemesi halinde Orta Do\u011fu\u2019nun e\u015fi benzeri g\u00f6r\u00fclmemi\u015f bir sava\u015fa s\u00fcr\u00fcklenece\u011fini kaydetti.<\/p>\n<p><strong>\u201cDi\u015finizi g\u00f6stermiyorsunuz, sizi dinlemeleri i\u00e7in elinizde olan ara\u00e7lar\u0131 kullanm\u0131yorsunuz\u201d<\/strong><br \/>Filistin\u2019in BM Daimi Temsilcisi Riyad Mansur da \u0130srail\u2019in Filistin halk\u0131na kar\u015f\u0131 topyek\u00fcn sava\u015f a\u00e7t\u0131\u011f\u0131n\u0131n art\u0131k \u00e7ok a\u00e7\u0131k oldu\u011funu dile getirdi.<\/p>\n<p>\u0130srail\u2019in ayn\u0131 zamanda Filistin halk\u0131na yard\u0131m etmeye \u00e7al\u0131\u015fan herkesi de d\u00fc\u015fman ilan etti\u011fini ve hedef ald\u0131\u011f\u0131n\u0131 belirten Mansur, bu nedenle doktor, insani yard\u0131m \u00e7al\u0131\u015fanlar\u0131, BM personeli ve gazetecileri daha \u00f6nce hi\u00e7 g\u00f6r\u00fclmemi\u015f d\u00fczeyde \u00f6ld\u00fcrd\u00fc\u011f\u00fcn\u00fc kaydetti.<\/p>\n<p>Mansur, \u0130srail\u2019in Filistin halk\u0131n\u0131 g\u00fcven sa\u011flamak i\u00e7in zorla yerinden etmedi\u011fini, temel amac\u0131n toprak kontrol\u00fc sa\u011flamak oldu\u011funu ifade etti.<\/p>\n<p>UNRWA\u2019y\u0131 BM tarihinin \u201cba\u015far\u0131 hikayesi\u201d olarak tan\u0131mlayan Mansur, UNRWA\u2019n\u0131n vazge\u00e7ilmez bir \u00f6rg\u00fct oldu\u011funu ve korunmas\u0131 gerekti\u011fini vurgulad\u0131.<\/p>\n<p>Mansur, BMGK\u2019nin s\u00fcrekli toplanarak ayn\u0131 konu\u015fmalar\u0131 yapt\u0131\u011f\u0131n\u0131 belirterek, \u201cSizi dinlemesi gerekenler cep telefonlar\u0131yla oynuyor, sizi kale alm\u0131yor. Di\u015finizi g\u00f6stermiyorsunuz, sizi dinlemeleri i\u00e7in elinizde olan ara\u00e7lar\u0131 kullanm\u0131yorsunuz. Ayn\u0131 \u015feyleri tekrar edip duruyorsunuz\u201d ele\u015ftirilerini y\u00f6neltti.<\/p>\n<p>\u0130srail\u2019in \u015fimdi Filistin\u2019de yapt\u0131klar\u0131n\u0131n ayn\u0131s\u0131n\u0131 L\u00fcbnan\u2019da yapmaya ba\u015flad\u0131\u011f\u0131n\u0131 belirten Mansur, \u201cBizim kan\u0131m\u0131z m\u0131 ucuz? Sivillerimiz mi daha az de\u011ferli, yoksa can\u0131m\u0131z m\u0131 daha az kutsal?\u201d sorular\u0131n\u0131 y\u00f6neltti.<\/p>\n<p>Mansur. s\u00f6zlerini \u015f\u00f6yle s\u00fcrd\u00fcrd\u00fc:<\/p>\n<p>\u201c\u00d6l\u00fcm\u00fcm\u00fcze mi al\u0131\u015ft\u0131n\u0131z? T\u00fcm mahallerin sakinlerinin ba\u015f\u0131na y\u0131k\u0131lmas\u0131na, kad\u0131n, \u00e7o\u00e7uk ve ya\u015fl\u0131lar\u0131n \u00f6ld\u00fcr\u00fclmesine mi al\u0131\u015ft\u0131n\u0131z? Yeni normal bu mu? \u0130srail Ba\u015fbakan\u0131n\u0131n sizi kale almamas\u0131, hakaret etmesi ama buna ra\u011fmen deste\u011finizi, silahlar\u0131n\u0131z\u0131, ticaretinizi ve ili\u015fkilerinizi s\u00fcrd\u00fcrmesini beklemesine mi al\u0131\u015ft\u0131n\u0131z? \u0130srail\u2019in durdurulmas\u0131 gerek. \u0130srail ate\u015fkesi veto etme hakk\u0131na sahip olmamal\u0131.\u201d<\/p>\n<\/p><\/div>\n<p><script async\n                    defer\n                    crossorigin=\"anonymous\"\n                    src=\"https:\/\/connect.facebook.net\/tr_TR\/sdk.js#xfbml=1&#038;version=v3.3\"\n            ><\/script><\/p>\n","protected":false},"excerpt":{"rendered":"<p>Birle\u015fmi\u015f Milletler G\u00fcvenlik Konseyi\u2019nde (BMGK) d\u00fczenlenen Gazze oturumunda, \u00fcye \u00fclkeler Gazze\u2019deki insani durumun k\u00f6t\u00fcle\u015fti\u011fine dikkati \u00e7ekerken, Birle\u015fmi\u015f Milletler Yak\u0131n Do\u011fu\u2019daki Filistinli M\u00fcltecilere Yard\u0131m ve Bay\u0131nd\u0131rl\u0131k Ajans\u0131\u2019n\u0131n (UNRWA) \u00f6neminin alt\u0131n\u0131 \u00e7izdi. Gazze\u2019de insani durumun ele al\u0131nd\u0131\u011f\u0131 BMGK oturumu, Cezayir ve Slovenya\u2019n\u0131n talebiyle d\u00fczenlendi. T\u00fcrkiye\u2019nin BM Daimi Temsilcisi B\u00fcy\u00fckel\u00e7i Ahmet Y\u0131ld\u0131z, UNRWA\u2019n\u0131n k\u00f6t\u00fc niyetli ve siyasi ama\u00e7l\u0131<\/p>\n","protected":false},"author":1,"featured_media":66423,"comment_status":"open","ping_status":"open","sticky":false,"template":"","format":"standard","meta":{"footnotes":""},"categories":[1],"tags":[],"class_list":["post-66422","post","type-post","status-publish","format-standard","has-post-thumbnail","hentry","category-gundem"],"yoast_head":"<!-- This site is optimized with the Yoast SEO plugin v27.5 - https:\/\/yoast.com\/product\/yoast-seo-wordpress\/ -->\n<title>BM G\u00fcvenlik Konseyi\u2019nde \u201cGazze\u201d oturumu -<\/title>\n<meta name=\"robots\" content=\"index, follow, max-snippet:-1, max-image-preview:large, max-video-preview:-1\" \/>\n<link rel=\"canonical\" href=\"https:\/\/kibrisdakik.com\/?p=66422\" \/>\n<meta property=\"og:locale\" content=\"tr_TR\" \/>\n<meta property=\"og:type\" content=\"article\" \/>\n<meta property=\"og:title\" content=\"BM G\u00fcvenlik Konseyi\u2019nde \u201cGazze\u201d oturumu -\" \/>\n<meta property=\"og:description\" content=\"Birle\u015fmi\u015f Milletler G\u00fcvenlik Konseyi\u2019nde (BMGK) d\u00fczenlenen Gazze oturumunda, \u00fcye \u00fclkeler Gazze\u2019deki insani durumun k\u00f6t\u00fcle\u015fti\u011fine dikkati \u00e7ekerken, Birle\u015fmi\u015f Milletler Yak\u0131n Do\u011fu\u2019daki Filistinli M\u00fcltecilere Yard\u0131m ve Bay\u0131nd\u0131rl\u0131k Ajans\u0131\u2019n\u0131n (UNRWA) \u00f6neminin alt\u0131n\u0131 \u00e7izdi. Gazze\u2019de insani durumun ele al\u0131nd\u0131\u011f\u0131 BMGK oturumu, Cezayir ve Slovenya\u2019n\u0131n talebiyle d\u00fczenlendi. T\u00fcrkiye\u2019nin BM Daimi Temsilcisi B\u00fcy\u00fckel\u00e7i Ahmet Y\u0131ld\u0131z, UNRWA\u2019n\u0131n k\u00f6t\u00fc niyetli ve siyasi ama\u00e7l\u0131\" \/>\n<meta property=\"og:url\" content=\"https:\/\/kibrisdakik.com\/?p=66422\" \/>\n<meta property=\"article:published_time\" content=\"2024-10-10T04:25:06+00:00\" \/>\n<meta property=\"og:image\" content=\"https:\/\/kibrisdakik.com\/wp-content\/uploads\/2024\/10\/bmgk-aa-2285646-1-740x420.jpg\" \/>\n\t<meta property=\"og:image:width\" content=\"1280\" \/>\n\t<meta property=\"og:image:height\" content=\"720\" \/>\n\t<meta property=\"og:image:type\" content=\"image\/jpeg\" \/>\n<meta name=\"author\" content=\"admin\" \/>\n<meta name=\"twitter:card\" content=\"summary_large_image\" \/>\n<meta name=\"twitter:label1\" content=\"Yazan:\" \/>\n\t<meta name=\"twitter:data1\" content=\"admin\" \/>\n\t<meta name=\"twitter:label2\" content=\"Tahmini okuma s\u00fcresi\" \/>\n\t<meta name=\"twitter:data2\" content=\"6 dakika\" \/>\n<script type=\"application\/ld+json\" class=\"yoast-schema-graph\">{\"@context\":\"https:\\\/\\\/schema.org\",\"@graph\":[{\"@type\":\"Article\",\"@id\":\"https:\\\/\\\/kibrisdakik.com\\\/?p=66422#article\",\"isPartOf\":{\"@id\":\"https:\\\/\\\/kibrisdakik.com\\\/?p=66422\"},\"author\":{\"name\":\"admin\",\"@id\":\"https:\\\/\\\/kibrisdakik.com\\\/#\\\/schema\\\/person\\\/9cd9d437bbb44f72b73ba127e06d8e79\"},\"headline\":\"BM G\u00fcvenlik Konseyi\u2019nde \u201cGazze\u201d oturumu\",\"datePublished\":\"2024-10-10T04:25:06+00:00\",\"mainEntityOfPage\":{\"@id\":\"https:\\\/\\\/kibrisdakik.com\\\/?p=66422\"},\"wordCount\":1116,\"commentCount\":0,\"image\":{\"@id\":\"https:\\\/\\\/kibrisdakik.com\\\/?p=66422#primaryimage\"},\"thumbnailUrl\":\"https:\\\/\\\/kibrisdakik.com\\\/wp-content\\\/uploads\\\/2024\\\/10\\\/bmgk-aa-2285646-1-740x420.jpg\",\"articleSection\":[\"G\u00fcndem\"],\"inLanguage\":\"tr\",\"potentialAction\":[{\"@type\":\"CommentAction\",\"name\":\"Comment\",\"target\":[\"https:\\\/\\\/kibrisdakik.com\\\/?p=66422#respond\"]}]},{\"@type\":\"WebPage\",\"@id\":\"https:\\\/\\\/kibrisdakik.com\\\/?p=66422\",\"url\":\"https:\\\/\\\/kibrisdakik.com\\\/?p=66422\",\"name\":\"BM G\u00fcvenlik Konseyi\u2019nde \u201cGazze\u201d oturumu -\",\"isPartOf\":{\"@id\":\"https:\\\/\\\/kibrisdakik.com\\\/#website\"},\"primaryImageOfPage\":{\"@id\":\"https:\\\/\\\/kibrisdakik.com\\\/?p=66422#primaryimage\"},\"image\":{\"@id\":\"https:\\\/\\\/kibrisdakik.com\\\/?p=66422#primaryimage\"},\"thumbnailUrl\":\"https:\\\/\\\/kibrisdakik.com\\\/wp-content\\\/uploads\\\/2024\\\/10\\\/bmgk-aa-2285646-1-740x420.jpg\",\"datePublished\":\"2024-10-10T04:25:06+00:00\",\"author\":{\"@id\":\"https:\\\/\\\/kibrisdakik.com\\\/#\\\/schema\\\/person\\\/9cd9d437bbb44f72b73ba127e06d8e79\"},\"breadcrumb\":{\"@id\":\"https:\\\/\\\/kibrisdakik.com\\\/?p=66422#breadcrumb\"},\"inLanguage\":\"tr\",\"potentialAction\":[{\"@type\":\"ReadAction\",\"target\":[\"https:\\\/\\\/kibrisdakik.com\\\/?p=66422\"]}]},{\"@type\":\"ImageObject\",\"inLanguage\":\"tr\",\"@id\":\"https:\\\/\\\/kibrisdakik.com\\\/?p=66422#primaryimage\",\"url\":\"https:\\\/\\\/kibrisdakik.com\\\/wp-content\\\/uploads\\\/2024\\\/10\\\/bmgk-aa-2285646-1-740x420.jpg\",\"contentUrl\":\"https:\\\/\\\/kibrisdakik.com\\\/wp-content\\\/uploads\\\/2024\\\/10\\\/bmgk-aa-2285646-1-740x420.jpg\",\"width\":1280,\"height\":720},{\"@type\":\"BreadcrumbList\",\"@id\":\"https:\\\/\\\/kibrisdakik.com\\\/?p=66422#breadcrumb\",\"itemListElement\":[{\"@type\":\"ListItem\",\"position\":1,\"name\":\"Home\",\"item\":\"https:\\\/\\\/kibrisdakik.com\\\/\"},{\"@type\":\"ListItem\",\"position\":2,\"name\":\"BM G\u00fcvenlik Konseyi\u2019nde \u201cGazze\u201d oturumu\"}]},{\"@type\":\"WebSite\",\"@id\":\"https:\\\/\\\/kibrisdakik.com\\\/#website\",\"url\":\"https:\\\/\\\/kibrisdakik.com\\\/\",\"name\":\"\",\"description\":\"Tam vaktinde haber\",\"potentialAction\":[{\"@type\":\"SearchAction\",\"target\":{\"@type\":\"EntryPoint\",\"urlTemplate\":\"https:\\\/\\\/kibrisdakik.com\\\/?s={search_term_string}\"},\"query-input\":{\"@type\":\"PropertyValueSpecification\",\"valueRequired\":true,\"valueName\":\"search_term_string\"}}],\"inLanguage\":\"tr\"},{\"@type\":\"Person\",\"@id\":\"https:\\\/\\\/kibrisdakik.com\\\/#\\\/schema\\\/person\\\/9cd9d437bbb44f72b73ba127e06d8e79\",\"name\":\"admin\",\"image\":{\"@type\":\"ImageObject\",\"inLanguage\":\"tr\",\"@id\":\"https:\\\/\\\/secure.gravatar.com\\\/avatar\\\/ccc17943b9d660506c869530f897617f7cb1c21a4bf30023f252596d83e1f007?s=96&d=mm&r=g\",\"url\":\"https:\\\/\\\/secure.gravatar.com\\\/avatar\\\/ccc17943b9d660506c869530f897617f7cb1c21a4bf30023f252596d83e1f007?s=96&d=mm&r=g\",\"contentUrl\":\"https:\\\/\\\/secure.gravatar.com\\\/avatar\\\/ccc17943b9d660506c869530f897617f7cb1c21a4bf30023f252596d83e1f007?s=96&d=mm&r=g\",\"caption\":\"admin\"},\"sameAs\":[\"https:\\\/\\\/kibrisdakik.com\"],\"url\":\"https:\\\/\\\/kibrisdakik.com\\\/?author=1\"}]}<\/script>\n<!-- \/ Yoast SEO plugin. -->","yoast_head_json":{"title":"BM G\u00fcvenlik Konseyi\u2019nde \u201cGazze\u201d oturumu -","robots":{"index":"index","follow":"follow","max-snippet":"max-snippet:-1","max-image-preview":"max-image-preview:large","max-video-preview":"max-video-preview:-1"},"canonical":"https:\/\/kibrisdakik.com\/?p=66422","og_locale":"tr_TR","og_type":"article","og_title":"BM G\u00fcvenlik Konseyi\u2019nde \u201cGazze\u201d oturumu -","og_description":"Birle\u015fmi\u015f Milletler G\u00fcvenlik Konseyi\u2019nde (BMGK) d\u00fczenlenen Gazze oturumunda, \u00fcye \u00fclkeler Gazze\u2019deki insani durumun k\u00f6t\u00fcle\u015fti\u011fine dikkati \u00e7ekerken, Birle\u015fmi\u015f Milletler Yak\u0131n Do\u011fu\u2019daki Filistinli M\u00fcltecilere Yard\u0131m ve Bay\u0131nd\u0131rl\u0131k Ajans\u0131\u2019n\u0131n (UNRWA) \u00f6neminin alt\u0131n\u0131 \u00e7izdi. Gazze\u2019de insani durumun ele al\u0131nd\u0131\u011f\u0131 BMGK oturumu, Cezayir ve Slovenya\u2019n\u0131n talebiyle d\u00fczenlendi. T\u00fcrkiye\u2019nin BM Daimi Temsilcisi B\u00fcy\u00fckel\u00e7i Ahmet Y\u0131ld\u0131z, UNRWA\u2019n\u0131n k\u00f6t\u00fc niyetli ve siyasi ama\u00e7l\u0131","og_url":"https:\/\/kibrisdakik.com\/?p=66422","article_published_time":"2024-10-10T04:25:06+00:00","og_image":[{"width":1280,"height":720,"url":"https:\/\/kibrisdakik.com\/wp-content\/uploads\/2024\/10\/bmgk-aa-2285646-1-740x420.jpg","type":"image\/jpeg"}],"author":"admin","twitter_card":"summary_large_image","twitter_misc":{"Yazan:":"admin","Tahmini okuma s\u00fcresi":"6 dakika"},"schema":{"@context":"https:\/\/schema.org","@graph":[{"@type":"Article","@id":"https:\/\/kibrisdakik.com\/?p=66422#article","isPartOf":{"@id":"https:\/\/kibrisdakik.com\/?p=66422"},"author":{"name":"admin","@id":"https:\/\/kibrisdakik.com\/#\/schema\/person\/9cd9d437bbb44f72b73ba127e06d8e79"},"headline":"BM G\u00fcvenlik Konseyi\u2019nde \u201cGazze\u201d oturumu","datePublished":"2024-10-10T04:25:06+00:00","mainEntityOfPage":{"@id":"https:\/\/kibrisdakik.com\/?p=66422"},"wordCount":1116,"commentCount":0,"image":{"@id":"https:\/\/kibrisdakik.com\/?p=66422#primaryimage"},"thumbnailUrl":"https:\/\/kibrisdakik.com\/wp-content\/uploads\/2024\/10\/bmgk-aa-2285646-1-740x420.jpg","articleSection":["G\u00fcndem"],"inLanguage":"tr","potentialAction":[{"@type":"CommentAction","name":"Comment","target":["https:\/\/kibrisdakik.com\/?p=66422#respond"]}]},{"@type":"WebPage","@id":"https:\/\/kibrisdakik.com\/?p=66422","url":"https:\/\/kibrisdakik.com\/?p=66422","name":"BM G\u00fcvenlik Konseyi\u2019nde \u201cGazze\u201d oturumu -","isPartOf":{"@id":"https:\/\/kibrisdakik.com\/#website"},"primaryImageOfPage":{"@id":"https:\/\/kibrisdakik.com\/?p=66422#primaryimage"},"image":{"@id":"https:\/\/kibrisdakik.com\/?p=66422#primaryimage"},"thumbnailUrl":"https:\/\/kibrisdakik.com\/wp-content\/uploads\/2024\/10\/bmgk-aa-2285646-1-740x420.jpg","datePublished":"2024-10-10T04:25:06+00:00","author":{"@id":"https:\/\/kibrisdakik.com\/#\/schema\/person\/9cd9d437bbb44f72b73ba127e06d8e79"},"breadcrumb":{"@id":"https:\/\/kibrisdakik.com\/?p=66422#breadcrumb"},"inLanguage":"tr","potentialAction":[{"@type":"ReadAction","target":["https:\/\/kibrisdakik.com\/?p=66422"]}]},{"@type":"ImageObject","inLanguage":"tr","@id":"https:\/\/kibrisdakik.com\/?p=66422#primaryimage","url":"https:\/\/kibrisdakik.com\/wp-content\/uploads\/2024\/10\/bmgk-aa-2285646-1-740x420.jpg","contentUrl":"https:\/\/kibrisdakik.com\/wp-content\/uploads\/2024\/10\/bmgk-aa-2285646-1-740x420.jpg","width":1280,"height":720},{"@type":"BreadcrumbList","@id":"https:\/\/kibrisdakik.com\/?p=66422#breadcrumb","itemListElement":[{"@type":"ListItem","position":1,"name":"Home","item":"https:\/\/kibrisdakik.com\/"},{"@type":"ListItem","position":2,"name":"BM G\u00fcvenlik Konseyi\u2019nde \u201cGazze\u201d oturumu"}]},{"@type":"WebSite","@id":"https:\/\/kibrisdakik.com\/#website","url":"https:\/\/kibrisdakik.com\/","name":"","description":"Tam vaktinde haber","potentialAction":[{"@type":"SearchAction","target":{"@type":"EntryPoint","urlTemplate":"https:\/\/kibrisdakik.com\/?s={search_term_string}"},"query-input":{"@type":"PropertyValueSpecification","valueRequired":true,"valueName":"search_term_string"}}],"inLanguage":"tr"},{"@type":"Person","@id":"https:\/\/kibrisdakik.com\/#\/schema\/person\/9cd9d437bbb44f72b73ba127e06d8e79","name":"admin","image":{"@type":"ImageObject","inLanguage":"tr","@id":"https:\/\/secure.gravatar.com\/avatar\/ccc17943b9d660506c869530f897617f7cb1c21a4bf30023f252596d83e1f007?s=96&d=mm&r=g","url":"https:\/\/secure.gravatar.com\/avatar\/ccc17943b9d660506c869530f897617f7cb1c21a4bf30023f252596d83e1f007?s=96&d=mm&r=g","contentUrl":"https:\/\/secure.gravatar.com\/avatar\/ccc17943b9d660506c869530f897617f7cb1c21a4bf30023f252596d83e1f007?s=96&d=mm&r=g","caption":"admin"},"sameAs":["https:\/\/kibrisdakik.com"],"url":"https:\/\/kibrisdakik.com\/?author=1"}]}},"_links":{"self":[{"href":"https:\/\/kibrisdakik.com\/index.php?rest_route=\/wp\/v2\/posts\/66422","targetHints":{"allow":["GET"]}}],"collection":[{"href":"https:\/\/kibrisdakik.com\/index.php?rest_route=\/wp\/v2\/posts"}],"about":[{"href":"https:\/\/kibrisdakik.com\/index.php?rest_route=\/wp\/v2\/types\/post"}],"author":[{"embeddable":true,"href":"https:\/\/kibrisdakik.com\/index.php?rest_route=\/wp\/v2\/users\/1"}],"replies":[{"embeddable":true,"href":"https:\/\/kibrisdakik.com\/index.php?rest_route=%2Fwp%2Fv2%2Fcomments&post=66422"}],"version-history":[{"count":0,"href":"https:\/\/kibrisdakik.com\/index.php?rest_route=\/wp\/v2\/posts\/66422\/revisions"}],"wp:featuredmedia":[{"embeddable":true,"href":"https:\/\/kibrisdakik.com\/index.php?rest_route=\/wp\/v2\/media\/66423"}],"wp:attachment":[{"href":"https:\/\/kibrisdakik.com\/index.php?rest_route=%2Fwp%2Fv2%2Fmedia&parent=66422"}],"wp:term":[{"taxonomy":"category","embeddable":true,"href":"https:\/\/kibrisdakik.com\/index.php?rest_route=%2Fwp%2Fv2%2Fcategories&post=66422"},{"taxonomy":"post_tag","embeddable":true,"href":"https:\/\/kibrisdakik.com\/index.php?rest_route=%2Fwp%2Fv2%2Ftags&post=66422"}],"curies":[{"name":"wp","href":"https:\/\/api.w.org\/{rel}","templated":true}]}}