{"id":66428,"date":"2024-10-10T10:05:41","date_gmt":"2024-10-10T07:05:41","guid":{"rendered":"https:\/\/kibrisdakik.com\/index.php\/2024\/10\/10\/25-geleneksel-buyukkonuk-eko-gunu-pazar-gunu-yapilacak\/"},"modified":"2024-10-10T10:05:41","modified_gmt":"2024-10-10T07:05:41","slug":"25-geleneksel-buyukkonuk-eko-gunu-pazar-gunu-yapilacak","status":"publish","type":"post","link":"https:\/\/kibrisdakik.com\/?p=66428","title":{"rendered":"25. Geleneksel B\u00fcy\u00fckkonuk Eko G\u00fcn\u00fc Pazar g\u00fcn\u00fc yap\u0131lacak"},"content":{"rendered":"<p> <br \/>\n<\/p>\n<div>\n<div class=\"mariselle-image-container center\">\n                <img loading=\"lazy\" decoding=\"async\" width=\"1279\" height=\"545\" class=\"lazy-image\" alt=\"\" sizes=\"auto, (max-width: 1279px) 100vw, 1279px\" src=\"https:\/\/brtk.net\/wp-content\/uploads\/2024\/10\/01\/25.-Geleneksel-Buyukkonuk-Eko-Gun.jpg?ver=499f4e3d9909bb9ccc92d7f10992d0b0\" srcset=\"https:\/\/brtk.net\/wp-content\/uploads\/2024\/10\/01\/25.-Geleneksel-Buyukkonuk-Eko-Gun.jpg?ver=499f4e3d9909bb9ccc92d7f10992d0b0 1279w, https:\/\/brtk.net\/wp-content\/uploads\/2024\/10\/01\/25.-Geleneksel-Buyukkonuk-Eko-Gun-300x128.jpg?ver=530fa5ebd84cdef89dd2e85974db6939 300w, https:\/\/brtk.net\/wp-content\/uploads\/2024\/10\/01\/25.-Geleneksel-Buyukkonuk-Eko-Gun-1024x436.jpg?ver=530fa5ebd84cdef89dd2e85974db6939 1024w, https:\/\/brtk.net\/wp-content\/uploads\/2024\/10\/01\/25.-Geleneksel-Buyukkonuk-Eko-Gun-768x327.jpg?ver=530fa5ebd84cdef89dd2e85974db6939 768w\"\/>                            <\/div>\n<p>Mehmet\u00e7ik B\u00fcy\u00fckkonuk Belediyesi, 25. Geleneksel B\u00fcy\u00fckkonuk Eko G\u00fcn\u00fc\u2019n\u00fcn Pazar g\u00fcn\u00fc ger\u00e7ekle\u015ftirilece\u011fini duyurdu.<\/p>\n<p>Belediye\u2019den yap\u0131lan yaz\u0131l\u0131 a\u00e7\u0131klamada, bu y\u0131l 25.\u2019sinin d\u00fczenlenece\u011fi Geleneksel B\u00fcy\u00fckkonuk Eko G\u00fcn\u00fc etkinli\u011fi ile k\u00fclt\u00fcrel miras\u0131n en g\u00fczel \u015fekilde ya\u015fatmaya ve dolu dolu bir g\u00fcn ge\u00e7irterek unutulmaz anlar ya\u015fatmay\u0131 ama\u00e7lad\u0131klar\u0131n\u0131 belirtildi.  <\/p>\n<p>B\u00fcy\u00fckkonuk K\u00f6y\u00fc\u2019nde ger\u00e7ekle\u015fecek etkinlikte t\u00fcm halk davet edildi.<\/p>\n<p>Eko G\u00fcn\u00fc kapsam\u0131nda, yerel k\u00fclt\u00fcr\u00fc ve gelenekleri yans\u0131tan etkinliklerin, yerli \u00fcreticilerin do\u011fal \u00fcr\u00fcnleri ve \u00e7e\u015fitli k\u00fclt\u00fcrel aktivitelerin ziyaret\u00e7ilere e\u015fsiz bir deneyim sunmay\u0131 hedefledi\u011fi vurguland\u0131.<\/p>\n<p>Etkinli\u011fin saat 10.30\u2019da Ayta\u00e7 \u00c7a\u011f\u0131n\u2019\u0131n keman dinletisi ile ba\u015flayaca\u011f\u0131, ard\u0131ndan Grup Traffic, Ferdi Usbahal\u0131 ve Murat \u00c7\u0131\u011f gibi sanat\u00e7\u0131lar\u0131n sahne alaca\u011f\u0131, K\u0131br\u0131s Havalar\u0131 Derne\u011fi m\u00fczisyenlerinin ise g\u00fcn boyu etkinlikte yer alaca\u011f\u0131 belirtildi.<\/p>\n<p>Ayr\u0131ca \u00e7ocuklar i\u00e7in HASDER i\u015f birli\u011fi ile \u00e7e\u015fitli at\u00f6lye \u00e7al\u0131\u015fmalar\u0131 d\u00fczenlenece\u011fi ifade edildi.<\/p>\n<p>At\u00f6lyelerde, \u00e7ocuklar Sesta \u00f6r\u00fcc\u00fcl\u00fc\u011f\u00fc, andrez (\u00fc\u00e7 ta\u015f) at\u00f6lyesi, markutti at\u00f6lyesi, topa\u00e7, torba yar\u0131\u015f\u0131, yumurta yar\u0131\u015f\u0131, bohurdanl\u0131k boyama ve sek sek gibi aktivitelerle hem e\u011flenece\u011fi hem de el becerilerini geli\u015ftirecek.<\/p>\n<\/p><\/div>\n<p><script async\n                    defer\n                    crossorigin=\"anonymous\"\n                    src=\"https:\/\/connect.facebook.net\/tr_TR\/sdk.js#xfbml=1&#038;version=v3.3\"\n            ><\/script><br \/>\n<br \/><br \/>\n<br \/><a href=\"https:\/\/brtk.net\/25-geleneksel-buyukkonuk-eko-gunu-pazar-gunu-yapilacak\/\">kpostasi <\/a><\/p>\n","protected":false},"excerpt":{"rendered":"<p>Mehmet\u00e7ik B\u00fcy\u00fckkonuk Belediyesi, 25. Geleneksel B\u00fcy\u00fckkonuk Eko G\u00fcn\u00fc\u2019n\u00fcn Pazar g\u00fcn\u00fc ger\u00e7ekle\u015ftirilece\u011fini duyurdu. Belediye\u2019den yap\u0131lan yaz\u0131l\u0131 a\u00e7\u0131klamada, bu y\u0131l 25.\u2019sinin d\u00fczenlenece\u011fi Geleneksel B\u00fcy\u00fckkonuk Eko G\u00fcn\u00fc etkinli\u011fi ile k\u00fclt\u00fcrel miras\u0131n en g\u00fczel \u015fekilde ya\u015fatmaya ve dolu dolu bir g\u00fcn ge\u00e7irterek unutulmaz anlar ya\u015fatmay\u0131 ama\u00e7lad\u0131klar\u0131n\u0131 belirtildi. B\u00fcy\u00fckkonuk K\u00f6y\u00fc\u2019nde ger\u00e7ekle\u015fecek etkinlikte t\u00fcm halk davet edildi. Eko G\u00fcn\u00fc kapsam\u0131nda, yerel<\/p>\n","protected":false},"author":1,"featured_media":66429,"comment_status":"open","ping_status":"open","sticky":false,"template":"","format":"standard","meta":{"footnotes":""},"categories":[1,81],"tags":[],"class_list":["post-66428","post","type-post","status-publish","format-standard","has-post-thumbnail","hentry","category-gundem","category-kibris"],"yoast_head":"<!-- This site is optimized with the Yoast SEO plugin v27.5 - https:\/\/yoast.com\/product\/yoast-seo-wordpress\/ -->\n<title>25. Geleneksel B\u00fcy\u00fckkonuk Eko G\u00fcn\u00fc Pazar g\u00fcn\u00fc yap\u0131lacak -<\/title>\n<meta name=\"robots\" content=\"index, follow, max-snippet:-1, max-image-preview:large, max-video-preview:-1\" \/>\n<link rel=\"canonical\" href=\"https:\/\/kibrisdakik.com\/?p=66428\" \/>\n<meta property=\"og:locale\" content=\"tr_TR\" \/>\n<meta property=\"og:type\" content=\"article\" \/>\n<meta property=\"og:title\" content=\"25. Geleneksel B\u00fcy\u00fckkonuk Eko G\u00fcn\u00fc Pazar g\u00fcn\u00fc yap\u0131lacak -\" \/>\n<meta property=\"og:description\" content=\"Mehmet\u00e7ik B\u00fcy\u00fckkonuk Belediyesi, 25. Geleneksel B\u00fcy\u00fckkonuk Eko G\u00fcn\u00fc\u2019n\u00fcn Pazar g\u00fcn\u00fc ger\u00e7ekle\u015ftirilece\u011fini duyurdu. Belediye\u2019den yap\u0131lan yaz\u0131l\u0131 a\u00e7\u0131klamada, bu y\u0131l 25.\u2019sinin d\u00fczenlenece\u011fi Geleneksel B\u00fcy\u00fckkonuk Eko G\u00fcn\u00fc etkinli\u011fi ile k\u00fclt\u00fcrel miras\u0131n en g\u00fczel \u015fekilde ya\u015fatmaya ve dolu dolu bir g\u00fcn ge\u00e7irterek unutulmaz anlar ya\u015fatmay\u0131 ama\u00e7lad\u0131klar\u0131n\u0131 belirtildi. B\u00fcy\u00fckkonuk K\u00f6y\u00fc\u2019nde ger\u00e7ekle\u015fecek etkinlikte t\u00fcm halk davet edildi. Eko G\u00fcn\u00fc kapsam\u0131nda, yerel\" \/>\n<meta property=\"og:url\" content=\"https:\/\/kibrisdakik.com\/?p=66428\" \/>\n<meta property=\"article:published_time\" content=\"2024-10-10T07:05:41+00:00\" \/>\n<meta property=\"og:image\" content=\"https:\/\/kibrisdakik.com\/wp-content\/uploads\/2024\/10\/25.-Geleneksel-Buyukkonuk-Eko-Gun-1-740x420.jpg\" \/>\n\t<meta property=\"og:image:width\" content=\"1279\" \/>\n\t<meta property=\"og:image:height\" content=\"545\" \/>\n\t<meta property=\"og:image:type\" content=\"image\/jpeg\" \/>\n<meta name=\"author\" content=\"admin\" \/>\n<meta name=\"twitter:card\" content=\"summary_large_image\" \/>\n<meta name=\"twitter:label1\" content=\"Yazan:\" \/>\n\t<meta name=\"twitter:data1\" content=\"admin\" \/>\n\t<meta name=\"twitter:label2\" content=\"Tahmini okuma s\u00fcresi\" \/>\n\t<meta name=\"twitter:data2\" content=\"1 dakika\" \/>\n<script type=\"application\/ld+json\" class=\"yoast-schema-graph\">{\"@context\":\"https:\\\/\\\/schema.org\",\"@graph\":[{\"@type\":\"Article\",\"@id\":\"https:\\\/\\\/kibrisdakik.com\\\/?p=66428#article\",\"isPartOf\":{\"@id\":\"https:\\\/\\\/kibrisdakik.com\\\/?p=66428\"},\"author\":{\"name\":\"admin\",\"@id\":\"https:\\\/\\\/kibrisdakik.com\\\/#\\\/schema\\\/person\\\/9cd9d437bbb44f72b73ba127e06d8e79\"},\"headline\":\"25. Geleneksel B\u00fcy\u00fckkonuk Eko G\u00fcn\u00fc Pazar g\u00fcn\u00fc yap\u0131lacak\",\"datePublished\":\"2024-10-10T07:05:41+00:00\",\"mainEntityOfPage\":{\"@id\":\"https:\\\/\\\/kibrisdakik.com\\\/?p=66428\"},\"wordCount\":244,\"commentCount\":0,\"image\":{\"@id\":\"https:\\\/\\\/kibrisdakik.com\\\/?p=66428#primaryimage\"},\"thumbnailUrl\":\"https:\\\/\\\/kibrisdakik.com\\\/wp-content\\\/uploads\\\/2024\\\/10\\\/25.-Geleneksel-Buyukkonuk-Eko-Gun-1-740x420.jpg\",\"articleSection\":[\"G\u00fcndem\",\"K\u0131br\u0131s\"],\"inLanguage\":\"tr\",\"potentialAction\":[{\"@type\":\"CommentAction\",\"name\":\"Comment\",\"target\":[\"https:\\\/\\\/kibrisdakik.com\\\/?p=66428#respond\"]}]},{\"@type\":\"WebPage\",\"@id\":\"https:\\\/\\\/kibrisdakik.com\\\/?p=66428\",\"url\":\"https:\\\/\\\/kibrisdakik.com\\\/?p=66428\",\"name\":\"25. Geleneksel B\u00fcy\u00fckkonuk Eko G\u00fcn\u00fc Pazar g\u00fcn\u00fc yap\u0131lacak -\",\"isPartOf\":{\"@id\":\"https:\\\/\\\/kibrisdakik.com\\\/#website\"},\"primaryImageOfPage\":{\"@id\":\"https:\\\/\\\/kibrisdakik.com\\\/?p=66428#primaryimage\"},\"image\":{\"@id\":\"https:\\\/\\\/kibrisdakik.com\\\/?p=66428#primaryimage\"},\"thumbnailUrl\":\"https:\\\/\\\/kibrisdakik.com\\\/wp-content\\\/uploads\\\/2024\\\/10\\\/25.-Geleneksel-Buyukkonuk-Eko-Gun-1-740x420.jpg\",\"datePublished\":\"2024-10-10T07:05:41+00:00\",\"author\":{\"@id\":\"https:\\\/\\\/kibrisdakik.com\\\/#\\\/schema\\\/person\\\/9cd9d437bbb44f72b73ba127e06d8e79\"},\"breadcrumb\":{\"@id\":\"https:\\\/\\\/kibrisdakik.com\\\/?p=66428#breadcrumb\"},\"inLanguage\":\"tr\",\"potentialAction\":[{\"@type\":\"ReadAction\",\"target\":[\"https:\\\/\\\/kibrisdakik.com\\\/?p=66428\"]}]},{\"@type\":\"ImageObject\",\"inLanguage\":\"tr\",\"@id\":\"https:\\\/\\\/kibrisdakik.com\\\/?p=66428#primaryimage\",\"url\":\"https:\\\/\\\/kibrisdakik.com\\\/wp-content\\\/uploads\\\/2024\\\/10\\\/25.-Geleneksel-Buyukkonuk-Eko-Gun-1-740x420.jpg\",\"contentUrl\":\"https:\\\/\\\/kibrisdakik.com\\\/wp-content\\\/uploads\\\/2024\\\/10\\\/25.-Geleneksel-Buyukkonuk-Eko-Gun-1-740x420.jpg\",\"width\":1279,\"height\":545},{\"@type\":\"BreadcrumbList\",\"@id\":\"https:\\\/\\\/kibrisdakik.com\\\/?p=66428#breadcrumb\",\"itemListElement\":[{\"@type\":\"ListItem\",\"position\":1,\"name\":\"Home\",\"item\":\"https:\\\/\\\/kibrisdakik.com\\\/\"},{\"@type\":\"ListItem\",\"position\":2,\"name\":\"25. Geleneksel B\u00fcy\u00fckkonuk Eko G\u00fcn\u00fc Pazar g\u00fcn\u00fc yap\u0131lacak\"}]},{\"@type\":\"WebSite\",\"@id\":\"https:\\\/\\\/kibrisdakik.com\\\/#website\",\"url\":\"https:\\\/\\\/kibrisdakik.com\\\/\",\"name\":\"\",\"description\":\"Tam vaktinde haber\",\"potentialAction\":[{\"@type\":\"SearchAction\",\"target\":{\"@type\":\"EntryPoint\",\"urlTemplate\":\"https:\\\/\\\/kibrisdakik.com\\\/?s={search_term_string}\"},\"query-input\":{\"@type\":\"PropertyValueSpecification\",\"valueRequired\":true,\"valueName\":\"search_term_string\"}}],\"inLanguage\":\"tr\"},{\"@type\":\"Person\",\"@id\":\"https:\\\/\\\/kibrisdakik.com\\\/#\\\/schema\\\/person\\\/9cd9d437bbb44f72b73ba127e06d8e79\",\"name\":\"admin\",\"image\":{\"@type\":\"ImageObject\",\"inLanguage\":\"tr\",\"@id\":\"https:\\\/\\\/secure.gravatar.com\\\/avatar\\\/ccc17943b9d660506c869530f897617f7cb1c21a4bf30023f252596d83e1f007?s=96&d=mm&r=g\",\"url\":\"https:\\\/\\\/secure.gravatar.com\\\/avatar\\\/ccc17943b9d660506c869530f897617f7cb1c21a4bf30023f252596d83e1f007?s=96&d=mm&r=g\",\"contentUrl\":\"https:\\\/\\\/secure.gravatar.com\\\/avatar\\\/ccc17943b9d660506c869530f897617f7cb1c21a4bf30023f252596d83e1f007?s=96&d=mm&r=g\",\"caption\":\"admin\"},\"sameAs\":[\"https:\\\/\\\/kibrisdakik.com\"],\"url\":\"https:\\\/\\\/kibrisdakik.com\\\/?author=1\"}]}<\/script>\n<!-- \/ Yoast SEO plugin. -->","yoast_head_json":{"title":"25. Geleneksel B\u00fcy\u00fckkonuk Eko G\u00fcn\u00fc Pazar g\u00fcn\u00fc yap\u0131lacak -","robots":{"index":"index","follow":"follow","max-snippet":"max-snippet:-1","max-image-preview":"max-image-preview:large","max-video-preview":"max-video-preview:-1"},"canonical":"https:\/\/kibrisdakik.com\/?p=66428","og_locale":"tr_TR","og_type":"article","og_title":"25. Geleneksel B\u00fcy\u00fckkonuk Eko G\u00fcn\u00fc Pazar g\u00fcn\u00fc yap\u0131lacak -","og_description":"Mehmet\u00e7ik B\u00fcy\u00fckkonuk Belediyesi, 25. Geleneksel B\u00fcy\u00fckkonuk Eko G\u00fcn\u00fc\u2019n\u00fcn Pazar g\u00fcn\u00fc ger\u00e7ekle\u015ftirilece\u011fini duyurdu. Belediye\u2019den yap\u0131lan yaz\u0131l\u0131 a\u00e7\u0131klamada, bu y\u0131l 25.\u2019sinin d\u00fczenlenece\u011fi Geleneksel B\u00fcy\u00fckkonuk Eko G\u00fcn\u00fc etkinli\u011fi ile k\u00fclt\u00fcrel miras\u0131n en g\u00fczel \u015fekilde ya\u015fatmaya ve dolu dolu bir g\u00fcn ge\u00e7irterek unutulmaz anlar ya\u015fatmay\u0131 ama\u00e7lad\u0131klar\u0131n\u0131 belirtildi. B\u00fcy\u00fckkonuk K\u00f6y\u00fc\u2019nde ger\u00e7ekle\u015fecek etkinlikte t\u00fcm halk davet edildi. Eko G\u00fcn\u00fc kapsam\u0131nda, yerel","og_url":"https:\/\/kibrisdakik.com\/?p=66428","article_published_time":"2024-10-10T07:05:41+00:00","og_image":[{"width":1279,"height":545,"url":"https:\/\/kibrisdakik.com\/wp-content\/uploads\/2024\/10\/25.-Geleneksel-Buyukkonuk-Eko-Gun-1-740x420.jpg","type":"image\/jpeg"}],"author":"admin","twitter_card":"summary_large_image","twitter_misc":{"Yazan:":"admin","Tahmini okuma s\u00fcresi":"1 dakika"},"schema":{"@context":"https:\/\/schema.org","@graph":[{"@type":"Article","@id":"https:\/\/kibrisdakik.com\/?p=66428#article","isPartOf":{"@id":"https:\/\/kibrisdakik.com\/?p=66428"},"author":{"name":"admin","@id":"https:\/\/kibrisdakik.com\/#\/schema\/person\/9cd9d437bbb44f72b73ba127e06d8e79"},"headline":"25. Geleneksel B\u00fcy\u00fckkonuk Eko G\u00fcn\u00fc Pazar g\u00fcn\u00fc yap\u0131lacak","datePublished":"2024-10-10T07:05:41+00:00","mainEntityOfPage":{"@id":"https:\/\/kibrisdakik.com\/?p=66428"},"wordCount":244,"commentCount":0,"image":{"@id":"https:\/\/kibrisdakik.com\/?p=66428#primaryimage"},"thumbnailUrl":"https:\/\/kibrisdakik.com\/wp-content\/uploads\/2024\/10\/25.-Geleneksel-Buyukkonuk-Eko-Gun-1-740x420.jpg","articleSection":["G\u00fcndem","K\u0131br\u0131s"],"inLanguage":"tr","potentialAction":[{"@type":"CommentAction","name":"Comment","target":["https:\/\/kibrisdakik.com\/?p=66428#respond"]}]},{"@type":"WebPage","@id":"https:\/\/kibrisdakik.com\/?p=66428","url":"https:\/\/kibrisdakik.com\/?p=66428","name":"25. Geleneksel B\u00fcy\u00fckkonuk Eko G\u00fcn\u00fc Pazar g\u00fcn\u00fc yap\u0131lacak -","isPartOf":{"@id":"https:\/\/kibrisdakik.com\/#website"},"primaryImageOfPage":{"@id":"https:\/\/kibrisdakik.com\/?p=66428#primaryimage"},"image":{"@id":"https:\/\/kibrisdakik.com\/?p=66428#primaryimage"},"thumbnailUrl":"https:\/\/kibrisdakik.com\/wp-content\/uploads\/2024\/10\/25.-Geleneksel-Buyukkonuk-Eko-Gun-1-740x420.jpg","datePublished":"2024-10-10T07:05:41+00:00","author":{"@id":"https:\/\/kibrisdakik.com\/#\/schema\/person\/9cd9d437bbb44f72b73ba127e06d8e79"},"breadcrumb":{"@id":"https:\/\/kibrisdakik.com\/?p=66428#breadcrumb"},"inLanguage":"tr","potentialAction":[{"@type":"ReadAction","target":["https:\/\/kibrisdakik.com\/?p=66428"]}]},{"@type":"ImageObject","inLanguage":"tr","@id":"https:\/\/kibrisdakik.com\/?p=66428#primaryimage","url":"https:\/\/kibrisdakik.com\/wp-content\/uploads\/2024\/10\/25.-Geleneksel-Buyukkonuk-Eko-Gun-1-740x420.jpg","contentUrl":"https:\/\/kibrisdakik.com\/wp-content\/uploads\/2024\/10\/25.-Geleneksel-Buyukkonuk-Eko-Gun-1-740x420.jpg","width":1279,"height":545},{"@type":"BreadcrumbList","@id":"https:\/\/kibrisdakik.com\/?p=66428#breadcrumb","itemListElement":[{"@type":"ListItem","position":1,"name":"Home","item":"https:\/\/kibrisdakik.com\/"},{"@type":"ListItem","position":2,"name":"25. Geleneksel B\u00fcy\u00fckkonuk Eko G\u00fcn\u00fc Pazar g\u00fcn\u00fc yap\u0131lacak"}]},{"@type":"WebSite","@id":"https:\/\/kibrisdakik.com\/#website","url":"https:\/\/kibrisdakik.com\/","name":"","description":"Tam vaktinde haber","potentialAction":[{"@type":"SearchAction","target":{"@type":"EntryPoint","urlTemplate":"https:\/\/kibrisdakik.com\/?s={search_term_string}"},"query-input":{"@type":"PropertyValueSpecification","valueRequired":true,"valueName":"search_term_string"}}],"inLanguage":"tr"},{"@type":"Person","@id":"https:\/\/kibrisdakik.com\/#\/schema\/person\/9cd9d437bbb44f72b73ba127e06d8e79","name":"admin","image":{"@type":"ImageObject","inLanguage":"tr","@id":"https:\/\/secure.gravatar.com\/avatar\/ccc17943b9d660506c869530f897617f7cb1c21a4bf30023f252596d83e1f007?s=96&d=mm&r=g","url":"https:\/\/secure.gravatar.com\/avatar\/ccc17943b9d660506c869530f897617f7cb1c21a4bf30023f252596d83e1f007?s=96&d=mm&r=g","contentUrl":"https:\/\/secure.gravatar.com\/avatar\/ccc17943b9d660506c869530f897617f7cb1c21a4bf30023f252596d83e1f007?s=96&d=mm&r=g","caption":"admin"},"sameAs":["https:\/\/kibrisdakik.com"],"url":"https:\/\/kibrisdakik.com\/?author=1"}]}},"_links":{"self":[{"href":"https:\/\/kibrisdakik.com\/index.php?rest_route=\/wp\/v2\/posts\/66428","targetHints":{"allow":["GET"]}}],"collection":[{"href":"https:\/\/kibrisdakik.com\/index.php?rest_route=\/wp\/v2\/posts"}],"about":[{"href":"https:\/\/kibrisdakik.com\/index.php?rest_route=\/wp\/v2\/types\/post"}],"author":[{"embeddable":true,"href":"https:\/\/kibrisdakik.com\/index.php?rest_route=\/wp\/v2\/users\/1"}],"replies":[{"embeddable":true,"href":"https:\/\/kibrisdakik.com\/index.php?rest_route=%2Fwp%2Fv2%2Fcomments&post=66428"}],"version-history":[{"count":0,"href":"https:\/\/kibrisdakik.com\/index.php?rest_route=\/wp\/v2\/posts\/66428\/revisions"}],"wp:featuredmedia":[{"embeddable":true,"href":"https:\/\/kibrisdakik.com\/index.php?rest_route=\/wp\/v2\/media\/66429"}],"wp:attachment":[{"href":"https:\/\/kibrisdakik.com\/index.php?rest_route=%2Fwp%2Fv2%2Fmedia&parent=66428"}],"wp:term":[{"taxonomy":"category","embeddable":true,"href":"https:\/\/kibrisdakik.com\/index.php?rest_route=%2Fwp%2Fv2%2Fcategories&post=66428"},{"taxonomy":"post_tag","embeddable":true,"href":"https:\/\/kibrisdakik.com\/index.php?rest_route=%2Fwp%2Fv2%2Ftags&post=66428"}],"curies":[{"name":"wp","href":"https:\/\/api.w.org\/{rel}","templated":true}]}}