{"id":66438,"date":"2024-10-10T11:21:20","date_gmt":"2024-10-10T08:21:20","guid":{"rendered":"https:\/\/kibrisdakik.com\/index.php\/2024\/10\/10\/basbakan-ve-ubp-genel-baskani-ustel-ile-ctp-genel-baskani-erhurman-mecliste-bir-araya-geldi\/"},"modified":"2024-10-10T11:21:20","modified_gmt":"2024-10-10T08:21:20","slug":"basbakan-ve-ubp-genel-baskani-ustel-ile-ctp-genel-baskani-erhurman-mecliste-bir-araya-geldi","status":"publish","type":"post","link":"https:\/\/kibrisdakik.com\/?p=66438","title":{"rendered":"Ba\u015fbakan ve UBP Genel Ba\u015fkan\u0131 \u00dcstel ile CTP Genel Ba\u015fkan\u0131 Erh\u00fcrman Meclis\u2019te bir araya geldi"},"content":{"rendered":"<div>\n<div class=\"mariselle-image-container center\">\n                                            <\/div>\n<p>Ba\u015fbakan ve Ulusal Birlik Partisi (UBP) Genel Ba\u015fkan\u0131 \u00dcnal \u00dcstel ile ana muhalefet Cumhuriyet\u00e7i T\u00fcrk Partisi (CTP) Genel Ba\u015fkan\u0131 Tufan Erh\u00fcrman, Meclis\u2019te ba\u015f ba\u015fa g\u00f6r\u00fc\u015ft\u00fc.<\/p>\n<p>Al\u0131nan bilgiye g\u00f6re, \u00dcstel ile Erh\u00fcrman, Cumhuriyet Meclisi Genel Kurulu\u2019nda pazartesiden beri t\u0131kanan Ba\u015fkanl\u0131k Divan\u0131 se\u00e7imleri konusunu ele ald\u0131.<\/p>\n<p>\u0130ki ba\u015fkan\u0131n g\u00f6r\u00fc\u015fmesinin ard\u0131ndan UBP Meclis Grubu son durumu de\u011ferlendirmek \u00fczere topland\u0131. <\/p>\n<p>UBP Genel Sekreteri O\u011fuzhan Hasipo\u011flu, d\u00fcn ak\u015fam yapt\u0131\u011f\u0131 a\u00e7\u0131klamada, i\u00e7 t\u00fcz\u00fck ve anayasa gere\u011fi Meclis Ba\u015fkanl\u0131k Divan\u0131 se\u00e7imlerinin bug\u00fcn tamamlanmas\u0131 gerekti\u011fini, bu nedenle bu sabah 10.00\u2019da UBP\u2018li milletvekillerinin Meclis\u2019te haz\u0131r olaca\u011f\u0131n\u0131 s\u00f6ylemi\u015fti.<\/p>\n<p>Di\u011fer siyasi partilerden milletvekilleri de Meclis\u2019te bulunuyor. <\/p>\n<p>Genel Kurul\u2019un toplanmas\u0131 halinde ba\u015fkanl\u0131k se\u00e7iminin ilk turda tamamlanmas\u0131n\u0131n hedeflendi\u011fi de al\u0131nan bilgiler aras\u0131nda\u2026<\/p>\n<\/p><\/div>\n<p><script async\n                    defer\n                    crossorigin=\"anonymous\"\n                    src=\"https:\/\/connect.facebook.net\/tr_TR\/sdk.js#xfbml=1&#038;version=v3.3\"\n            ><\/script><\/p>\n","protected":false},"excerpt":{"rendered":"<p>Ba\u015fbakan ve Ulusal Birlik Partisi (UBP) Genel Ba\u015fkan\u0131 \u00dcnal \u00dcstel ile ana muhalefet Cumhuriyet\u00e7i T\u00fcrk Partisi (CTP) Genel Ba\u015fkan\u0131 Tufan Erh\u00fcrman, Meclis\u2019te ba\u015f ba\u015fa g\u00f6r\u00fc\u015ft\u00fc. Al\u0131nan bilgiye g\u00f6re, \u00dcstel ile Erh\u00fcrman, Cumhuriyet Meclisi Genel Kurulu\u2019nda pazartesiden beri t\u0131kanan Ba\u015fkanl\u0131k Divan\u0131 se\u00e7imleri konusunu ele ald\u0131. \u0130ki ba\u015fkan\u0131n g\u00f6r\u00fc\u015fmesinin ard\u0131ndan UBP Meclis Grubu son durumu de\u011ferlendirmek \u00fczere<\/p>\n","protected":false},"author":1,"featured_media":66439,"comment_status":"open","ping_status":"open","sticky":false,"template":"","format":"standard","meta":{"footnotes":""},"categories":[81],"tags":[],"class_list":["post-66438","post","type-post","status-publish","format-standard","has-post-thumbnail","hentry","category-kibris"],"yoast_head":"<!-- This site is optimized with the Yoast SEO plugin v27.5 - https:\/\/yoast.com\/product\/yoast-seo-wordpress\/ -->\n<title>Ba\u015fbakan ve UBP Genel Ba\u015fkan\u0131 \u00dcstel ile CTP Genel Ba\u015fkan\u0131 Erh\u00fcrman Meclis\u2019te bir araya geldi -<\/title>\n<meta name=\"robots\" content=\"index, follow, max-snippet:-1, max-image-preview:large, max-video-preview:-1\" \/>\n<link rel=\"canonical\" href=\"https:\/\/kibrisdakik.com\/?p=66438\" \/>\n<meta property=\"og:locale\" content=\"tr_TR\" \/>\n<meta property=\"og:type\" content=\"article\" \/>\n<meta property=\"og:title\" content=\"Ba\u015fbakan ve UBP Genel Ba\u015fkan\u0131 \u00dcstel ile CTP Genel Ba\u015fkan\u0131 Erh\u00fcrman Meclis\u2019te bir araya geldi -\" \/>\n<meta property=\"og:description\" content=\"Ba\u015fbakan ve Ulusal Birlik Partisi (UBP) Genel Ba\u015fkan\u0131 \u00dcnal \u00dcstel ile ana muhalefet Cumhuriyet\u00e7i T\u00fcrk Partisi (CTP) Genel Ba\u015fkan\u0131 Tufan Erh\u00fcrman, Meclis\u2019te ba\u015f ba\u015fa g\u00f6r\u00fc\u015ft\u00fc. Al\u0131nan bilgiye g\u00f6re, \u00dcstel ile Erh\u00fcrman, Cumhuriyet Meclisi Genel Kurulu\u2019nda pazartesiden beri t\u0131kanan Ba\u015fkanl\u0131k Divan\u0131 se\u00e7imleri konusunu ele ald\u0131. \u0130ki ba\u015fkan\u0131n g\u00f6r\u00fc\u015fmesinin ard\u0131ndan UBP Meclis Grubu son durumu de\u011ferlendirmek \u00fczere\" \/>\n<meta property=\"og:url\" content=\"https:\/\/kibrisdakik.com\/?p=66438\" \/>\n<meta property=\"article:published_time\" content=\"2024-10-10T08:21:20+00:00\" \/>\n<meta property=\"og:image\" content=\"https:\/\/kibrisdakik.com\/wp-content\/uploads\/2024\/10\/kcklksksk-1.webp-740x420.webp\" \/>\n\t<meta property=\"og:image:width\" content=\"1280\" \/>\n\t<meta property=\"og:image:height\" content=\"720\" \/>\n\t<meta property=\"og:image:type\" content=\"image\/webp\" \/>\n<meta name=\"author\" content=\"admin\" \/>\n<meta name=\"twitter:card\" content=\"summary_large_image\" \/>\n<meta name=\"twitter:label1\" content=\"Yazan:\" \/>\n\t<meta name=\"twitter:data1\" content=\"admin\" \/>\n\t<meta name=\"twitter:label2\" content=\"Tahmini okuma s\u00fcresi\" \/>\n\t<meta name=\"twitter:data2\" content=\"1 dakika\" \/>\n<script type=\"application\/ld+json\" class=\"yoast-schema-graph\">{\"@context\":\"https:\\\/\\\/schema.org\",\"@graph\":[{\"@type\":\"Article\",\"@id\":\"https:\\\/\\\/kibrisdakik.com\\\/?p=66438#article\",\"isPartOf\":{\"@id\":\"https:\\\/\\\/kibrisdakik.com\\\/?p=66438\"},\"author\":{\"name\":\"admin\",\"@id\":\"https:\\\/\\\/kibrisdakik.com\\\/#\\\/schema\\\/person\\\/9cd9d437bbb44f72b73ba127e06d8e79\"},\"headline\":\"Ba\u015fbakan ve UBP Genel Ba\u015fkan\u0131 \u00dcstel ile CTP Genel Ba\u015fkan\u0131 Erh\u00fcrman Meclis\u2019te bir araya geldi\",\"datePublished\":\"2024-10-10T08:21:20+00:00\",\"mainEntityOfPage\":{\"@id\":\"https:\\\/\\\/kibrisdakik.com\\\/?p=66438\"},\"wordCount\":183,\"commentCount\":0,\"image\":{\"@id\":\"https:\\\/\\\/kibrisdakik.com\\\/?p=66438#primaryimage\"},\"thumbnailUrl\":\"https:\\\/\\\/kibrisdakik.com\\\/wp-content\\\/uploads\\\/2024\\\/10\\\/kcklksksk-1.webp-740x420.webp\",\"articleSection\":[\"K\u0131br\u0131s\"],\"inLanguage\":\"tr\",\"potentialAction\":[{\"@type\":\"CommentAction\",\"name\":\"Comment\",\"target\":[\"https:\\\/\\\/kibrisdakik.com\\\/?p=66438#respond\"]}]},{\"@type\":\"WebPage\",\"@id\":\"https:\\\/\\\/kibrisdakik.com\\\/?p=66438\",\"url\":\"https:\\\/\\\/kibrisdakik.com\\\/?p=66438\",\"name\":\"Ba\u015fbakan ve UBP Genel Ba\u015fkan\u0131 \u00dcstel ile CTP Genel Ba\u015fkan\u0131 Erh\u00fcrman Meclis\u2019te bir araya geldi -\",\"isPartOf\":{\"@id\":\"https:\\\/\\\/kibrisdakik.com\\\/#website\"},\"primaryImageOfPage\":{\"@id\":\"https:\\\/\\\/kibrisdakik.com\\\/?p=66438#primaryimage\"},\"image\":{\"@id\":\"https:\\\/\\\/kibrisdakik.com\\\/?p=66438#primaryimage\"},\"thumbnailUrl\":\"https:\\\/\\\/kibrisdakik.com\\\/wp-content\\\/uploads\\\/2024\\\/10\\\/kcklksksk-1.webp-740x420.webp\",\"datePublished\":\"2024-10-10T08:21:20+00:00\",\"author\":{\"@id\":\"https:\\\/\\\/kibrisdakik.com\\\/#\\\/schema\\\/person\\\/9cd9d437bbb44f72b73ba127e06d8e79\"},\"breadcrumb\":{\"@id\":\"https:\\\/\\\/kibrisdakik.com\\\/?p=66438#breadcrumb\"},\"inLanguage\":\"tr\",\"potentialAction\":[{\"@type\":\"ReadAction\",\"target\":[\"https:\\\/\\\/kibrisdakik.com\\\/?p=66438\"]}]},{\"@type\":\"ImageObject\",\"inLanguage\":\"tr\",\"@id\":\"https:\\\/\\\/kibrisdakik.com\\\/?p=66438#primaryimage\",\"url\":\"https:\\\/\\\/kibrisdakik.com\\\/wp-content\\\/uploads\\\/2024\\\/10\\\/kcklksksk-1.webp-740x420.webp\",\"contentUrl\":\"https:\\\/\\\/kibrisdakik.com\\\/wp-content\\\/uploads\\\/2024\\\/10\\\/kcklksksk-1.webp-740x420.webp\",\"width\":1280,\"height\":720},{\"@type\":\"BreadcrumbList\",\"@id\":\"https:\\\/\\\/kibrisdakik.com\\\/?p=66438#breadcrumb\",\"itemListElement\":[{\"@type\":\"ListItem\",\"position\":1,\"name\":\"Home\",\"item\":\"https:\\\/\\\/kibrisdakik.com\\\/\"},{\"@type\":\"ListItem\",\"position\":2,\"name\":\"Ba\u015fbakan ve UBP Genel Ba\u015fkan\u0131 \u00dcstel ile CTP Genel Ba\u015fkan\u0131 Erh\u00fcrman Meclis\u2019te bir araya geldi\"}]},{\"@type\":\"WebSite\",\"@id\":\"https:\\\/\\\/kibrisdakik.com\\\/#website\",\"url\":\"https:\\\/\\\/kibrisdakik.com\\\/\",\"name\":\"\",\"description\":\"Tam vaktinde haber\",\"potentialAction\":[{\"@type\":\"SearchAction\",\"target\":{\"@type\":\"EntryPoint\",\"urlTemplate\":\"https:\\\/\\\/kibrisdakik.com\\\/?s={search_term_string}\"},\"query-input\":{\"@type\":\"PropertyValueSpecification\",\"valueRequired\":true,\"valueName\":\"search_term_string\"}}],\"inLanguage\":\"tr\"},{\"@type\":\"Person\",\"@id\":\"https:\\\/\\\/kibrisdakik.com\\\/#\\\/schema\\\/person\\\/9cd9d437bbb44f72b73ba127e06d8e79\",\"name\":\"admin\",\"image\":{\"@type\":\"ImageObject\",\"inLanguage\":\"tr\",\"@id\":\"https:\\\/\\\/secure.gravatar.com\\\/avatar\\\/ccc17943b9d660506c869530f897617f7cb1c21a4bf30023f252596d83e1f007?s=96&d=mm&r=g\",\"url\":\"https:\\\/\\\/secure.gravatar.com\\\/avatar\\\/ccc17943b9d660506c869530f897617f7cb1c21a4bf30023f252596d83e1f007?s=96&d=mm&r=g\",\"contentUrl\":\"https:\\\/\\\/secure.gravatar.com\\\/avatar\\\/ccc17943b9d660506c869530f897617f7cb1c21a4bf30023f252596d83e1f007?s=96&d=mm&r=g\",\"caption\":\"admin\"},\"sameAs\":[\"https:\\\/\\\/kibrisdakik.com\"],\"url\":\"https:\\\/\\\/kibrisdakik.com\\\/?author=1\"}]}<\/script>\n<!-- \/ Yoast SEO plugin. -->","yoast_head_json":{"title":"Ba\u015fbakan ve UBP Genel Ba\u015fkan\u0131 \u00dcstel ile CTP Genel Ba\u015fkan\u0131 Erh\u00fcrman Meclis\u2019te bir araya geldi -","robots":{"index":"index","follow":"follow","max-snippet":"max-snippet:-1","max-image-preview":"max-image-preview:large","max-video-preview":"max-video-preview:-1"},"canonical":"https:\/\/kibrisdakik.com\/?p=66438","og_locale":"tr_TR","og_type":"article","og_title":"Ba\u015fbakan ve UBP Genel Ba\u015fkan\u0131 \u00dcstel ile CTP Genel Ba\u015fkan\u0131 Erh\u00fcrman Meclis\u2019te bir araya geldi -","og_description":"Ba\u015fbakan ve Ulusal Birlik Partisi (UBP) Genel Ba\u015fkan\u0131 \u00dcnal \u00dcstel ile ana muhalefet Cumhuriyet\u00e7i T\u00fcrk Partisi (CTP) Genel Ba\u015fkan\u0131 Tufan Erh\u00fcrman, Meclis\u2019te ba\u015f ba\u015fa g\u00f6r\u00fc\u015ft\u00fc. Al\u0131nan bilgiye g\u00f6re, \u00dcstel ile Erh\u00fcrman, Cumhuriyet Meclisi Genel Kurulu\u2019nda pazartesiden beri t\u0131kanan Ba\u015fkanl\u0131k Divan\u0131 se\u00e7imleri konusunu ele ald\u0131. \u0130ki ba\u015fkan\u0131n g\u00f6r\u00fc\u015fmesinin ard\u0131ndan UBP Meclis Grubu son durumu de\u011ferlendirmek \u00fczere","og_url":"https:\/\/kibrisdakik.com\/?p=66438","article_published_time":"2024-10-10T08:21:20+00:00","og_image":[{"width":1280,"height":720,"url":"https:\/\/kibrisdakik.com\/wp-content\/uploads\/2024\/10\/kcklksksk-1.webp-740x420.webp","type":"image\/webp"}],"author":"admin","twitter_card":"summary_large_image","twitter_misc":{"Yazan:":"admin","Tahmini okuma s\u00fcresi":"1 dakika"},"schema":{"@context":"https:\/\/schema.org","@graph":[{"@type":"Article","@id":"https:\/\/kibrisdakik.com\/?p=66438#article","isPartOf":{"@id":"https:\/\/kibrisdakik.com\/?p=66438"},"author":{"name":"admin","@id":"https:\/\/kibrisdakik.com\/#\/schema\/person\/9cd9d437bbb44f72b73ba127e06d8e79"},"headline":"Ba\u015fbakan ve UBP Genel Ba\u015fkan\u0131 \u00dcstel ile CTP Genel Ba\u015fkan\u0131 Erh\u00fcrman Meclis\u2019te bir araya geldi","datePublished":"2024-10-10T08:21:20+00:00","mainEntityOfPage":{"@id":"https:\/\/kibrisdakik.com\/?p=66438"},"wordCount":183,"commentCount":0,"image":{"@id":"https:\/\/kibrisdakik.com\/?p=66438#primaryimage"},"thumbnailUrl":"https:\/\/kibrisdakik.com\/wp-content\/uploads\/2024\/10\/kcklksksk-1.webp-740x420.webp","articleSection":["K\u0131br\u0131s"],"inLanguage":"tr","potentialAction":[{"@type":"CommentAction","name":"Comment","target":["https:\/\/kibrisdakik.com\/?p=66438#respond"]}]},{"@type":"WebPage","@id":"https:\/\/kibrisdakik.com\/?p=66438","url":"https:\/\/kibrisdakik.com\/?p=66438","name":"Ba\u015fbakan ve UBP Genel Ba\u015fkan\u0131 \u00dcstel ile CTP Genel Ba\u015fkan\u0131 Erh\u00fcrman Meclis\u2019te bir araya geldi -","isPartOf":{"@id":"https:\/\/kibrisdakik.com\/#website"},"primaryImageOfPage":{"@id":"https:\/\/kibrisdakik.com\/?p=66438#primaryimage"},"image":{"@id":"https:\/\/kibrisdakik.com\/?p=66438#primaryimage"},"thumbnailUrl":"https:\/\/kibrisdakik.com\/wp-content\/uploads\/2024\/10\/kcklksksk-1.webp-740x420.webp","datePublished":"2024-10-10T08:21:20+00:00","author":{"@id":"https:\/\/kibrisdakik.com\/#\/schema\/person\/9cd9d437bbb44f72b73ba127e06d8e79"},"breadcrumb":{"@id":"https:\/\/kibrisdakik.com\/?p=66438#breadcrumb"},"inLanguage":"tr","potentialAction":[{"@type":"ReadAction","target":["https:\/\/kibrisdakik.com\/?p=66438"]}]},{"@type":"ImageObject","inLanguage":"tr","@id":"https:\/\/kibrisdakik.com\/?p=66438#primaryimage","url":"https:\/\/kibrisdakik.com\/wp-content\/uploads\/2024\/10\/kcklksksk-1.webp-740x420.webp","contentUrl":"https:\/\/kibrisdakik.com\/wp-content\/uploads\/2024\/10\/kcklksksk-1.webp-740x420.webp","width":1280,"height":720},{"@type":"BreadcrumbList","@id":"https:\/\/kibrisdakik.com\/?p=66438#breadcrumb","itemListElement":[{"@type":"ListItem","position":1,"name":"Home","item":"https:\/\/kibrisdakik.com\/"},{"@type":"ListItem","position":2,"name":"Ba\u015fbakan ve UBP Genel Ba\u015fkan\u0131 \u00dcstel ile CTP Genel Ba\u015fkan\u0131 Erh\u00fcrman Meclis\u2019te bir araya geldi"}]},{"@type":"WebSite","@id":"https:\/\/kibrisdakik.com\/#website","url":"https:\/\/kibrisdakik.com\/","name":"","description":"Tam vaktinde haber","potentialAction":[{"@type":"SearchAction","target":{"@type":"EntryPoint","urlTemplate":"https:\/\/kibrisdakik.com\/?s={search_term_string}"},"query-input":{"@type":"PropertyValueSpecification","valueRequired":true,"valueName":"search_term_string"}}],"inLanguage":"tr"},{"@type":"Person","@id":"https:\/\/kibrisdakik.com\/#\/schema\/person\/9cd9d437bbb44f72b73ba127e06d8e79","name":"admin","image":{"@type":"ImageObject","inLanguage":"tr","@id":"https:\/\/secure.gravatar.com\/avatar\/ccc17943b9d660506c869530f897617f7cb1c21a4bf30023f252596d83e1f007?s=96&d=mm&r=g","url":"https:\/\/secure.gravatar.com\/avatar\/ccc17943b9d660506c869530f897617f7cb1c21a4bf30023f252596d83e1f007?s=96&d=mm&r=g","contentUrl":"https:\/\/secure.gravatar.com\/avatar\/ccc17943b9d660506c869530f897617f7cb1c21a4bf30023f252596d83e1f007?s=96&d=mm&r=g","caption":"admin"},"sameAs":["https:\/\/kibrisdakik.com"],"url":"https:\/\/kibrisdakik.com\/?author=1"}]}},"_links":{"self":[{"href":"https:\/\/kibrisdakik.com\/index.php?rest_route=\/wp\/v2\/posts\/66438","targetHints":{"allow":["GET"]}}],"collection":[{"href":"https:\/\/kibrisdakik.com\/index.php?rest_route=\/wp\/v2\/posts"}],"about":[{"href":"https:\/\/kibrisdakik.com\/index.php?rest_route=\/wp\/v2\/types\/post"}],"author":[{"embeddable":true,"href":"https:\/\/kibrisdakik.com\/index.php?rest_route=\/wp\/v2\/users\/1"}],"replies":[{"embeddable":true,"href":"https:\/\/kibrisdakik.com\/index.php?rest_route=%2Fwp%2Fv2%2Fcomments&post=66438"}],"version-history":[{"count":0,"href":"https:\/\/kibrisdakik.com\/index.php?rest_route=\/wp\/v2\/posts\/66438\/revisions"}],"wp:featuredmedia":[{"embeddable":true,"href":"https:\/\/kibrisdakik.com\/index.php?rest_route=\/wp\/v2\/media\/66439"}],"wp:attachment":[{"href":"https:\/\/kibrisdakik.com\/index.php?rest_route=%2Fwp%2Fv2%2Fmedia&parent=66438"}],"wp:term":[{"taxonomy":"category","embeddable":true,"href":"https:\/\/kibrisdakik.com\/index.php?rest_route=%2Fwp%2Fv2%2Fcategories&post=66438"},{"taxonomy":"post_tag","embeddable":true,"href":"https:\/\/kibrisdakik.com\/index.php?rest_route=%2Fwp%2Fv2%2Ftags&post=66438"}],"curies":[{"name":"wp","href":"https:\/\/api.w.org\/{rel}","templated":true}]}}