{"id":66451,"date":"2024-10-10T13:30:06","date_gmt":"2024-10-10T10:30:06","guid":{"rendered":"https:\/\/kibrisdakik.com\/index.php\/2024\/10\/10\/sivil-savunma-afet-yonetimi-ve-mudahale-tatbikati-17-ekimde-gemikonaginda-yapiliyor\/"},"modified":"2024-10-10T13:30:06","modified_gmt":"2024-10-10T10:30:06","slug":"sivil-savunma-afet-yonetimi-ve-mudahale-tatbikati-17-ekimde-gemikonaginda-yapiliyor","status":"publish","type":"post","link":"https:\/\/kibrisdakik.com\/?p=66451","title":{"rendered":"Sivil Savunma, Afet Y\u00f6netimi ve M\u00fcdahale Tatbikat\u0131 17 Ekim\u2019de Gemikona\u011f\u0131\u2019nda yap\u0131l\u0131yor"},"content":{"rendered":"<div>\n<div class=\"mariselle-image-container center\">\n                                            <\/div>\n<p> Sivil Savunma Te\u015fkilat\u0131 Ba\u015fkanl\u0131\u011f\u0131 Afet Y\u00f6netimi ve M\u00fcdahale Tatbikat\u0131 bu y\u0131l 17 Ekim Per\u015fembe g\u00fcn\u00fc Gemikona\u011f\u0131\u2019nda yap\u0131lacak.<\/p>\n<p>Tatbikat Richter \u00f6l\u00e7e\u011fine g\u00f6re 7,6 b\u00fcy\u00fckl\u00fc\u011f\u00fcnde, deniz taban\u0131n\u0131n 4 kilometre derinli\u011finde meydana gelen deprem senaryosuyla  10.00-15.00 saatleri aras\u0131nda ger\u00e7ekle\u015ftirilecek. <\/p>\n<p>G\u00fczelyurt ve Lefke \u0130l\u00e7e Kriz Y\u00f6netim Merkezlerinin aktif g\u00f6rev alaca\u011f\u0131 tatbikatta, afet ve acil durumlarda g\u00f6revleri olan Sivil Savunma Te\u015fkilat\u0131 personeli, Afet Y\u00f6netimi sistemimde bulunan bakanl\u0131k, kurum ve kurulu\u015flar, T\u00fcrkiye Afet ve Acil Durum Ba\u015fkanl\u0131\u011f\u0131 (AFAD), T\u00fcrkiye Jandarma Genel Komutanl\u0131\u011f\u0131, G\u00fcvenlik Kuvvetleri Komutanl\u0131\u011f\u0131, K\u0131br\u0131s T\u00fcrk Bar\u0131\u015f Kuvvetleri Komutanl\u0131\u011f\u0131, Do\u011fal Afet Arama Kurtarma Derne\u011fi (DAAK), K\u0131br\u0131s Arama Kurtarma Derne\u011fi (KARK), Kolan Hastanesi ekipleri ve Uluslararas\u0131 \u00dcniversiteler Arama Kurtarma Konseyi\u2019ne \u00fcye yerel \u00fcniversitelerin arama kurtarma kul\u00fcp \u00f6\u011frencileri yer alacak.<\/p>\n<p>Tatbikatta, senaryo gere\u011fi a\u015fa\u011f\u0131daki faaliyetler icra edilecek:<\/p>\n<p>\u201cTahliye ve enkaza m\u00fcdahale, akaryak\u0131t yang\u0131n\u0131, atlama yata\u011f\u0131 ile kurtarma, duman dolu odadan kurtarma, sedye ile indirme, kuyu kazas\u0131na m\u00fcdahale, havai hatla kurtarma, t\u00fcnel ile \u00fcst kattan kurtarma, \u00fcst kattan itfaiye merdiveni ile kurtarma, trafik kazas\u0131na m\u00fcdahale ve triaj, denize d\u00fc\u015fen ara\u00e7tan kurtarma, \u015f\u00fcpheli pakete m\u00fcdahale, altyap\u0131 tamir \u00e7al\u0131\u015fmalar\u0131, yola devrilen araca m\u00fcdahale, kimyasal, biyolojik, radyoaktif ve n\u00fckleer ajan kirlili\u011fine m\u00fcdahale, helikopterle d\u00fczensiz g\u00f6\u00e7men kurtarma ile denize d\u00fc\u015fen yaral\u0131n\u0131n kurtar\u0131lmas\u0131 ve deniz kirlili\u011fine m\u00fcdahale faaliyetleri.\u201d<\/p>\n<p>Tatbikata ili\u015fkin bug\u00fcn Sivil Savunma Sosyal Tesisleri Gazinosu\u2019nda bilgilendirme toplant\u0131s\u0131 d\u00fczenlendi. <\/p>\n<p>Toplant\u0131da Sivil Savunma tan\u0131t\u0131m filmi g\u00f6sterildi, Sivil Savunma Te\u015fkilat\u0131 Ba\u015fkan\u0131 Atilla Karaca bir konu\u015fma yapt\u0131, Harekat ve E\u011fitim \u015eube M\u00fcd\u00fcr\u00fc Yusuf Eker ise tatbikat hakk\u0131nda bilgi verdi. <\/p>\n<p>\u2013 Karaca: \u201cAfet ve acil durum y\u00f6netim sistemi ciddi derecede teknik ve lojistik destek ve bilgiye ihtiya\u00e7 duyuyor\u201d<\/p>\n<p>Sivil Savunma Te\u015fkilat\u0131 Ba\u015fkan\u0131 Atilla Karaca, konu\u015fmas\u0131nda d\u00fcnya genelinde k\u00fcresel \u0131s\u0131nmadan kaynaklanan <\/p>\n<p>afetlerin olu\u015f s\u0131kl\u0131\u011f\u0131 ve \u015fiddetindeki ciddi art\u0131\u015flara ve ada \u00e7evresinde bulunan aktif fay hatlar\u0131n\u0131n risklerine dikkat \u00e7ekti. <\/p>\n<p>Karaca, \u201cSivil Savunma Te\u015fkilat\u0131 Ba\u015fkanl\u0131\u011f\u0131 olarak bizlerin misyonu, yasalar\u0131n bize tevdi etti\u011fi g\u00f6revler \u00e7er\u00e7evesinde, vatan\u0131m\u0131zda meydana gelebilecek her t\u00fcrl\u00fc afet ve acil durumda, halk\u0131m\u0131z\u0131n \u00f6ncelikle can ve mal kayb\u0131n\u0131 en aza indirmek amac\u0131yla gerekli tedbirlerin al\u0131nmas\u0131n\u0131 sa\u011flamakt\u0131r.\u201d diyerek, g\u00f6revlerini en iyi \u015fekilde yerine getirme gayreti i\u00e7erisinde olduklar\u0131n\u0131 vurgulad\u0131.<\/p>\n<p>6 \u015eubat 2023\u2019te T\u00fcrkiye\u2019de meydana gelen depremin de afet ve b\u00fcy\u00fck felaketlerde Sivil Savunma\u2019n\u0131n \u00f6nemini g\u00f6zler \u00f6n\u00fcne serdi\u011fini kaydeden Karaca, b\u00fct\u00fcnle\u015fik afet ve acil durum y\u00f6netim sisteminin i\u015fletilmesinin ciddi derecede teknik ve lojistik destek ile bilgi gerektirdi\u011fini belirtti.<\/p>\n<p>Bu kapsamda Sivil Savunma Te\u015fkilat\u0131\u2019n\u0131n kapasitesini geli\u015ftirmek i\u00e7in ad\u0131mlar att\u0131\u011f\u0131n\u0131, son d\u00f6nemde istihdam edilen personelle g\u00fcc\u00fcn\u00fc art\u0131rd\u0131\u011f\u0131n\u0131, arzular\u0131n\u0131n kadrolar\u0131 y\u00fczde y\u00fcz oran\u0131na ula\u015ft\u0131rmak oldu\u011funu s\u00f6yleyen Karaca, personel istihdam\u0131na ve envanterin modernle\u015ftirilmesine destek veren T\u00fcrkiye Cumhuriyeti B\u00fcy\u00fckel\u00e7ili\u011fine te\u015fekk\u00fcrlerini sundu. <\/p>\n<p>\u2013 \u201cHalk\u0131 tatbikat\u0131 izlemeye davet ediyoruz\u201d<\/p>\n<p>Bu y\u0131l yap\u0131lan \u00e7al\u0131\u015fmalara da de\u011finen Karaca, may\u0131s ay\u0131nda  T\u00fcrkiye Kara Kuvvetleri Lojistik Komutanl\u0131\u011f\u0131 \u0130nsani Yard\u0131m Tugay\u0131 Do\u011fal Afetler Arama Kurtarma Taburu Metehan E\u011fitim ve Tatbikat Alan\u0131nda \u201cM\u00fc\u015fterek E\u011fitim ve Tatbikat\u201d icra ettiklerini hat\u0131rlatt\u0131.<\/p>\n<p>Tatbikat kapsam\u0131nda, pazartesi g\u00fcn\u00fc Gazima\u011fusa ve \u0130skele\u2019de, bug\u00fcn ise Lefko\u015fa ve Girne\u2019de b\u00f6lge m\u00fcd\u00fcrl\u00fckleri koordinesinde k\u0131sm\u0131 tatbikatlar\u0131n yap\u0131ld\u0131\u011f\u0131na i\u015faret eden Karaca, ama\u00e7lar\u0131n\u0131n afetlere diren\u00e7li bir toplum olu\u015fturmak oldu\u011funun alt\u0131n\u0131 \u00e7izdi.<\/p>\n<p>Bu y\u0131lki tatbikat\u0131n AFAD ile Jandarma Genel Komutanl\u0131\u011f\u0131 Arama Kurtarma Taburuna ba\u011fl\u0131 unsurlar\u0131n da kat\u0131l\u0131m\u0131yla uluslararas\u0131 nitelikte olaca\u011f\u0131n\u0131 kaydeden Karaca, t\u00fcm halk\u0131 tatbikat\u0131 izlemeye davet etti. <\/p>\n<p>\u2013 Eker: \u201cYol boyunca olas\u0131 afetlere y\u00f6nelik haz\u0131rl\u0131klar\u0131m\u0131z\u0131 s\u00fcrd\u00fcr\u00fcyoruz\u201d<\/p>\n<p>Harekat ve E\u011fitim \u015eube M\u00fcd\u00fcr\u00fc Yusuf Eker ise tatbikat hakk\u0131nda detayl\u0131 bilgiler aktard\u0131. Eker, afet ve acil durumlar\u0131n sadece ya\u015fand\u0131\u011f\u0131 anda dikkate al\u0131nmayacak kadar \u00f6nemli oldu\u011funu kaydederek, bu nedenle y\u0131l boyunca afet y\u00f6netim d\u00f6ng\u00fcs\u00fcn\u00fc olu\u015fturan risk azaltma, haz\u0131rl\u0131k, m\u00fcdahale ve iyile\u015ftirme safhalar\u0131na ili\u015fkin haz\u0131rl\u0131klar\u0131n\u0131 s\u00fcrd\u00fcrd\u00fcklerini kaydetti.<\/p>\n<p>B\u00fcy\u00fck \u00f6nem arz eden Afet Y\u00f6netimi ve M\u00fcdahale Tatbikat\u0131\u2019n\u0131n ge\u00e7en y\u0131l Girne\u2019de yap\u0131ld\u0131\u011f\u0131n\u0131, bu sene de Gemikona\u011f\u0131\u2019nda yap\u0131laca\u011f\u0131n\u0131 belirten Eker, adan\u0131n di\u011fer b\u00f6lgelerinde yap\u0131lmakta olan k\u0131sm\u0131 tatbikatlara dikkat \u00e7ekti.<\/p>\n<\/p><\/div>\n<p><script async\n                    defer\n                    crossorigin=\"anonymous\"\n                    src=\"https:\/\/connect.facebook.net\/tr_TR\/sdk.js#xfbml=1&#038;version=v3.3\"\n            ><\/script><\/p>\n","protected":false},"excerpt":{"rendered":"<p>Sivil Savunma Te\u015fkilat\u0131 Ba\u015fkanl\u0131\u011f\u0131 Afet Y\u00f6netimi ve M\u00fcdahale Tatbikat\u0131 bu y\u0131l 17 Ekim Per\u015fembe g\u00fcn\u00fc Gemikona\u011f\u0131\u2019nda yap\u0131lacak. Tatbikat Richter \u00f6l\u00e7e\u011fine g\u00f6re 7,6 b\u00fcy\u00fckl\u00fc\u011f\u00fcnde, deniz taban\u0131n\u0131n 4 kilometre derinli\u011finde meydana gelen deprem senaryosuyla 10.00-15.00 saatleri aras\u0131nda ger\u00e7ekle\u015ftirilecek. G\u00fczelyurt ve Lefke \u0130l\u00e7e Kriz Y\u00f6netim Merkezlerinin aktif g\u00f6rev alaca\u011f\u0131 tatbikatta, afet ve acil durumlarda g\u00f6revleri olan Sivil Savunma<\/p>\n","protected":false},"author":1,"featured_media":66452,"comment_status":"open","ping_status":"open","sticky":false,"template":"","format":"standard","meta":{"footnotes":""},"categories":[81],"tags":[],"class_list":["post-66451","post","type-post","status-publish","format-standard","has-post-thumbnail","hentry","category-kibris"],"yoast_head":"<!-- This site is optimized with the Yoast SEO plugin v27.5 - https:\/\/yoast.com\/product\/yoast-seo-wordpress\/ -->\n<title>Sivil Savunma, Afet Y\u00f6netimi ve M\u00fcdahale Tatbikat\u0131 17 Ekim\u2019de Gemikona\u011f\u0131\u2019nda yap\u0131l\u0131yor -<\/title>\n<meta name=\"robots\" content=\"index, follow, max-snippet:-1, max-image-preview:large, max-video-preview:-1\" \/>\n<link rel=\"canonical\" href=\"https:\/\/kibrisdakik.com\/?p=66451\" \/>\n<meta property=\"og:locale\" content=\"tr_TR\" \/>\n<meta property=\"og:type\" content=\"article\" \/>\n<meta property=\"og:title\" content=\"Sivil Savunma, Afet Y\u00f6netimi ve M\u00fcdahale Tatbikat\u0131 17 Ekim\u2019de Gemikona\u011f\u0131\u2019nda yap\u0131l\u0131yor -\" \/>\n<meta property=\"og:description\" content=\"Sivil Savunma Te\u015fkilat\u0131 Ba\u015fkanl\u0131\u011f\u0131 Afet Y\u00f6netimi ve M\u00fcdahale Tatbikat\u0131 bu y\u0131l 17 Ekim Per\u015fembe g\u00fcn\u00fc Gemikona\u011f\u0131\u2019nda yap\u0131lacak. Tatbikat Richter \u00f6l\u00e7e\u011fine g\u00f6re 7,6 b\u00fcy\u00fckl\u00fc\u011f\u00fcnde, deniz taban\u0131n\u0131n 4 kilometre derinli\u011finde meydana gelen deprem senaryosuyla 10.00-15.00 saatleri aras\u0131nda ger\u00e7ekle\u015ftirilecek. G\u00fczelyurt ve Lefke \u0130l\u00e7e Kriz Y\u00f6netim Merkezlerinin aktif g\u00f6rev alaca\u011f\u0131 tatbikatta, afet ve acil durumlarda g\u00f6revleri olan Sivil Savunma\" \/>\n<meta property=\"og:url\" content=\"https:\/\/kibrisdakik.com\/?p=66451\" \/>\n<meta property=\"article:published_time\" content=\"2024-10-10T10:30:06+00:00\" \/>\n<meta property=\"og:image\" content=\"https:\/\/kibrisdakik.com\/wp-content\/uploads\/2024\/10\/asksa-740x420.jpg\" \/>\n\t<meta property=\"og:image:width\" content=\"2480\" \/>\n\t<meta property=\"og:image:height\" content=\"1656\" \/>\n\t<meta property=\"og:image:type\" content=\"image\/jpeg\" \/>\n<meta name=\"author\" content=\"admin\" \/>\n<meta name=\"twitter:card\" content=\"summary_large_image\" \/>\n<meta name=\"twitter:label1\" content=\"Yazan:\" \/>\n\t<meta name=\"twitter:data1\" content=\"admin\" \/>\n\t<meta name=\"twitter:label2\" content=\"Tahmini okuma s\u00fcresi\" \/>\n\t<meta name=\"twitter:data2\" content=\"4 dakika\" \/>\n<script type=\"application\/ld+json\" class=\"yoast-schema-graph\">{\"@context\":\"https:\\\/\\\/schema.org\",\"@graph\":[{\"@type\":\"Article\",\"@id\":\"https:\\\/\\\/kibrisdakik.com\\\/?p=66451#article\",\"isPartOf\":{\"@id\":\"https:\\\/\\\/kibrisdakik.com\\\/?p=66451\"},\"author\":{\"name\":\"admin\",\"@id\":\"https:\\\/\\\/kibrisdakik.com\\\/#\\\/schema\\\/person\\\/9cd9d437bbb44f72b73ba127e06d8e79\"},\"headline\":\"Sivil Savunma, Afet Y\u00f6netimi ve M\u00fcdahale Tatbikat\u0131 17 Ekim\u2019de Gemikona\u011f\u0131\u2019nda yap\u0131l\u0131yor\",\"datePublished\":\"2024-10-10T10:30:06+00:00\",\"mainEntityOfPage\":{\"@id\":\"https:\\\/\\\/kibrisdakik.com\\\/?p=66451\"},\"wordCount\":857,\"commentCount\":0,\"image\":{\"@id\":\"https:\\\/\\\/kibrisdakik.com\\\/?p=66451#primaryimage\"},\"thumbnailUrl\":\"https:\\\/\\\/kibrisdakik.com\\\/wp-content\\\/uploads\\\/2024\\\/10\\\/asksa-740x420.jpg\",\"articleSection\":[\"K\u0131br\u0131s\"],\"inLanguage\":\"tr\",\"potentialAction\":[{\"@type\":\"CommentAction\",\"name\":\"Comment\",\"target\":[\"https:\\\/\\\/kibrisdakik.com\\\/?p=66451#respond\"]}]},{\"@type\":\"WebPage\",\"@id\":\"https:\\\/\\\/kibrisdakik.com\\\/?p=66451\",\"url\":\"https:\\\/\\\/kibrisdakik.com\\\/?p=66451\",\"name\":\"Sivil Savunma, Afet Y\u00f6netimi ve M\u00fcdahale Tatbikat\u0131 17 Ekim\u2019de Gemikona\u011f\u0131\u2019nda yap\u0131l\u0131yor -\",\"isPartOf\":{\"@id\":\"https:\\\/\\\/kibrisdakik.com\\\/#website\"},\"primaryImageOfPage\":{\"@id\":\"https:\\\/\\\/kibrisdakik.com\\\/?p=66451#primaryimage\"},\"image\":{\"@id\":\"https:\\\/\\\/kibrisdakik.com\\\/?p=66451#primaryimage\"},\"thumbnailUrl\":\"https:\\\/\\\/kibrisdakik.com\\\/wp-content\\\/uploads\\\/2024\\\/10\\\/asksa-740x420.jpg\",\"datePublished\":\"2024-10-10T10:30:06+00:00\",\"author\":{\"@id\":\"https:\\\/\\\/kibrisdakik.com\\\/#\\\/schema\\\/person\\\/9cd9d437bbb44f72b73ba127e06d8e79\"},\"breadcrumb\":{\"@id\":\"https:\\\/\\\/kibrisdakik.com\\\/?p=66451#breadcrumb\"},\"inLanguage\":\"tr\",\"potentialAction\":[{\"@type\":\"ReadAction\",\"target\":[\"https:\\\/\\\/kibrisdakik.com\\\/?p=66451\"]}]},{\"@type\":\"ImageObject\",\"inLanguage\":\"tr\",\"@id\":\"https:\\\/\\\/kibrisdakik.com\\\/?p=66451#primaryimage\",\"url\":\"https:\\\/\\\/kibrisdakik.com\\\/wp-content\\\/uploads\\\/2024\\\/10\\\/asksa-740x420.jpg\",\"contentUrl\":\"https:\\\/\\\/kibrisdakik.com\\\/wp-content\\\/uploads\\\/2024\\\/10\\\/asksa-740x420.jpg\",\"width\":2480,\"height\":1656},{\"@type\":\"BreadcrumbList\",\"@id\":\"https:\\\/\\\/kibrisdakik.com\\\/?p=66451#breadcrumb\",\"itemListElement\":[{\"@type\":\"ListItem\",\"position\":1,\"name\":\"Home\",\"item\":\"https:\\\/\\\/kibrisdakik.com\\\/\"},{\"@type\":\"ListItem\",\"position\":2,\"name\":\"Sivil Savunma, Afet Y\u00f6netimi ve M\u00fcdahale Tatbikat\u0131 17 Ekim\u2019de Gemikona\u011f\u0131\u2019nda yap\u0131l\u0131yor\"}]},{\"@type\":\"WebSite\",\"@id\":\"https:\\\/\\\/kibrisdakik.com\\\/#website\",\"url\":\"https:\\\/\\\/kibrisdakik.com\\\/\",\"name\":\"\",\"description\":\"Tam vaktinde haber\",\"potentialAction\":[{\"@type\":\"SearchAction\",\"target\":{\"@type\":\"EntryPoint\",\"urlTemplate\":\"https:\\\/\\\/kibrisdakik.com\\\/?s={search_term_string}\"},\"query-input\":{\"@type\":\"PropertyValueSpecification\",\"valueRequired\":true,\"valueName\":\"search_term_string\"}}],\"inLanguage\":\"tr\"},{\"@type\":\"Person\",\"@id\":\"https:\\\/\\\/kibrisdakik.com\\\/#\\\/schema\\\/person\\\/9cd9d437bbb44f72b73ba127e06d8e79\",\"name\":\"admin\",\"image\":{\"@type\":\"ImageObject\",\"inLanguage\":\"tr\",\"@id\":\"https:\\\/\\\/secure.gravatar.com\\\/avatar\\\/ccc17943b9d660506c869530f897617f7cb1c21a4bf30023f252596d83e1f007?s=96&d=mm&r=g\",\"url\":\"https:\\\/\\\/secure.gravatar.com\\\/avatar\\\/ccc17943b9d660506c869530f897617f7cb1c21a4bf30023f252596d83e1f007?s=96&d=mm&r=g\",\"contentUrl\":\"https:\\\/\\\/secure.gravatar.com\\\/avatar\\\/ccc17943b9d660506c869530f897617f7cb1c21a4bf30023f252596d83e1f007?s=96&d=mm&r=g\",\"caption\":\"admin\"},\"sameAs\":[\"https:\\\/\\\/kibrisdakik.com\"],\"url\":\"https:\\\/\\\/kibrisdakik.com\\\/?author=1\"}]}<\/script>\n<!-- \/ Yoast SEO plugin. -->","yoast_head_json":{"title":"Sivil Savunma, Afet Y\u00f6netimi ve M\u00fcdahale Tatbikat\u0131 17 Ekim\u2019de Gemikona\u011f\u0131\u2019nda yap\u0131l\u0131yor -","robots":{"index":"index","follow":"follow","max-snippet":"max-snippet:-1","max-image-preview":"max-image-preview:large","max-video-preview":"max-video-preview:-1"},"canonical":"https:\/\/kibrisdakik.com\/?p=66451","og_locale":"tr_TR","og_type":"article","og_title":"Sivil Savunma, Afet Y\u00f6netimi ve M\u00fcdahale Tatbikat\u0131 17 Ekim\u2019de Gemikona\u011f\u0131\u2019nda yap\u0131l\u0131yor -","og_description":"Sivil Savunma Te\u015fkilat\u0131 Ba\u015fkanl\u0131\u011f\u0131 Afet Y\u00f6netimi ve M\u00fcdahale Tatbikat\u0131 bu y\u0131l 17 Ekim Per\u015fembe g\u00fcn\u00fc Gemikona\u011f\u0131\u2019nda yap\u0131lacak. Tatbikat Richter \u00f6l\u00e7e\u011fine g\u00f6re 7,6 b\u00fcy\u00fckl\u00fc\u011f\u00fcnde, deniz taban\u0131n\u0131n 4 kilometre derinli\u011finde meydana gelen deprem senaryosuyla 10.00-15.00 saatleri aras\u0131nda ger\u00e7ekle\u015ftirilecek. G\u00fczelyurt ve Lefke \u0130l\u00e7e Kriz Y\u00f6netim Merkezlerinin aktif g\u00f6rev alaca\u011f\u0131 tatbikatta, afet ve acil durumlarda g\u00f6revleri olan Sivil Savunma","og_url":"https:\/\/kibrisdakik.com\/?p=66451","article_published_time":"2024-10-10T10:30:06+00:00","og_image":[{"width":2480,"height":1656,"url":"https:\/\/kibrisdakik.com\/wp-content\/uploads\/2024\/10\/asksa-740x420.jpg","type":"image\/jpeg"}],"author":"admin","twitter_card":"summary_large_image","twitter_misc":{"Yazan:":"admin","Tahmini okuma s\u00fcresi":"4 dakika"},"schema":{"@context":"https:\/\/schema.org","@graph":[{"@type":"Article","@id":"https:\/\/kibrisdakik.com\/?p=66451#article","isPartOf":{"@id":"https:\/\/kibrisdakik.com\/?p=66451"},"author":{"name":"admin","@id":"https:\/\/kibrisdakik.com\/#\/schema\/person\/9cd9d437bbb44f72b73ba127e06d8e79"},"headline":"Sivil Savunma, Afet Y\u00f6netimi ve M\u00fcdahale Tatbikat\u0131 17 Ekim\u2019de Gemikona\u011f\u0131\u2019nda yap\u0131l\u0131yor","datePublished":"2024-10-10T10:30:06+00:00","mainEntityOfPage":{"@id":"https:\/\/kibrisdakik.com\/?p=66451"},"wordCount":857,"commentCount":0,"image":{"@id":"https:\/\/kibrisdakik.com\/?p=66451#primaryimage"},"thumbnailUrl":"https:\/\/kibrisdakik.com\/wp-content\/uploads\/2024\/10\/asksa-740x420.jpg","articleSection":["K\u0131br\u0131s"],"inLanguage":"tr","potentialAction":[{"@type":"CommentAction","name":"Comment","target":["https:\/\/kibrisdakik.com\/?p=66451#respond"]}]},{"@type":"WebPage","@id":"https:\/\/kibrisdakik.com\/?p=66451","url":"https:\/\/kibrisdakik.com\/?p=66451","name":"Sivil Savunma, Afet Y\u00f6netimi ve M\u00fcdahale Tatbikat\u0131 17 Ekim\u2019de Gemikona\u011f\u0131\u2019nda yap\u0131l\u0131yor -","isPartOf":{"@id":"https:\/\/kibrisdakik.com\/#website"},"primaryImageOfPage":{"@id":"https:\/\/kibrisdakik.com\/?p=66451#primaryimage"},"image":{"@id":"https:\/\/kibrisdakik.com\/?p=66451#primaryimage"},"thumbnailUrl":"https:\/\/kibrisdakik.com\/wp-content\/uploads\/2024\/10\/asksa-740x420.jpg","datePublished":"2024-10-10T10:30:06+00:00","author":{"@id":"https:\/\/kibrisdakik.com\/#\/schema\/person\/9cd9d437bbb44f72b73ba127e06d8e79"},"breadcrumb":{"@id":"https:\/\/kibrisdakik.com\/?p=66451#breadcrumb"},"inLanguage":"tr","potentialAction":[{"@type":"ReadAction","target":["https:\/\/kibrisdakik.com\/?p=66451"]}]},{"@type":"ImageObject","inLanguage":"tr","@id":"https:\/\/kibrisdakik.com\/?p=66451#primaryimage","url":"https:\/\/kibrisdakik.com\/wp-content\/uploads\/2024\/10\/asksa-740x420.jpg","contentUrl":"https:\/\/kibrisdakik.com\/wp-content\/uploads\/2024\/10\/asksa-740x420.jpg","width":2480,"height":1656},{"@type":"BreadcrumbList","@id":"https:\/\/kibrisdakik.com\/?p=66451#breadcrumb","itemListElement":[{"@type":"ListItem","position":1,"name":"Home","item":"https:\/\/kibrisdakik.com\/"},{"@type":"ListItem","position":2,"name":"Sivil Savunma, Afet Y\u00f6netimi ve M\u00fcdahale Tatbikat\u0131 17 Ekim\u2019de Gemikona\u011f\u0131\u2019nda yap\u0131l\u0131yor"}]},{"@type":"WebSite","@id":"https:\/\/kibrisdakik.com\/#website","url":"https:\/\/kibrisdakik.com\/","name":"","description":"Tam vaktinde haber","potentialAction":[{"@type":"SearchAction","target":{"@type":"EntryPoint","urlTemplate":"https:\/\/kibrisdakik.com\/?s={search_term_string}"},"query-input":{"@type":"PropertyValueSpecification","valueRequired":true,"valueName":"search_term_string"}}],"inLanguage":"tr"},{"@type":"Person","@id":"https:\/\/kibrisdakik.com\/#\/schema\/person\/9cd9d437bbb44f72b73ba127e06d8e79","name":"admin","image":{"@type":"ImageObject","inLanguage":"tr","@id":"https:\/\/secure.gravatar.com\/avatar\/ccc17943b9d660506c869530f897617f7cb1c21a4bf30023f252596d83e1f007?s=96&d=mm&r=g","url":"https:\/\/secure.gravatar.com\/avatar\/ccc17943b9d660506c869530f897617f7cb1c21a4bf30023f252596d83e1f007?s=96&d=mm&r=g","contentUrl":"https:\/\/secure.gravatar.com\/avatar\/ccc17943b9d660506c869530f897617f7cb1c21a4bf30023f252596d83e1f007?s=96&d=mm&r=g","caption":"admin"},"sameAs":["https:\/\/kibrisdakik.com"],"url":"https:\/\/kibrisdakik.com\/?author=1"}]}},"_links":{"self":[{"href":"https:\/\/kibrisdakik.com\/index.php?rest_route=\/wp\/v2\/posts\/66451","targetHints":{"allow":["GET"]}}],"collection":[{"href":"https:\/\/kibrisdakik.com\/index.php?rest_route=\/wp\/v2\/posts"}],"about":[{"href":"https:\/\/kibrisdakik.com\/index.php?rest_route=\/wp\/v2\/types\/post"}],"author":[{"embeddable":true,"href":"https:\/\/kibrisdakik.com\/index.php?rest_route=\/wp\/v2\/users\/1"}],"replies":[{"embeddable":true,"href":"https:\/\/kibrisdakik.com\/index.php?rest_route=%2Fwp%2Fv2%2Fcomments&post=66451"}],"version-history":[{"count":0,"href":"https:\/\/kibrisdakik.com\/index.php?rest_route=\/wp\/v2\/posts\/66451\/revisions"}],"wp:featuredmedia":[{"embeddable":true,"href":"https:\/\/kibrisdakik.com\/index.php?rest_route=\/wp\/v2\/media\/66452"}],"wp:attachment":[{"href":"https:\/\/kibrisdakik.com\/index.php?rest_route=%2Fwp%2Fv2%2Fmedia&parent=66451"}],"wp:term":[{"taxonomy":"category","embeddable":true,"href":"https:\/\/kibrisdakik.com\/index.php?rest_route=%2Fwp%2Fv2%2Fcategories&post=66451"},{"taxonomy":"post_tag","embeddable":true,"href":"https:\/\/kibrisdakik.com\/index.php?rest_route=%2Fwp%2Fv2%2Ftags&post=66451"}],"curies":[{"name":"wp","href":"https:\/\/api.w.org\/{rel}","templated":true}]}}