{"id":6646,"date":"2023-05-10T19:20:01","date_gmt":"2023-05-10T19:20:01","guid":{"rendered":"https:\/\/kibrisdakik.com\/index.php\/2023\/05\/10\/tdpnin-ara-secimdeki-vekil-adayi-belli-oldu-tacan-reynar\/"},"modified":"2023-05-10T19:20:01","modified_gmt":"2023-05-10T19:20:01","slug":"tdpnin-ara-secimdeki-vekil-adayi-belli-oldu-tacan-reynar","status":"publish","type":"post","link":"https:\/\/kibrisdakik.com\/?p=6646","title":{"rendered":"TDP\u2019nin ara se\u00e7imdeki vekil aday\u0131 belli oldu: Tacan Reynar"},"content":{"rendered":"<p><\/p>\n<div>\n<div class=\"mariselle-image-container center\">\n                <img width=\"1804\" height=\"708\" class=\"lazy-image\" alt=\"\" decoding=\"async\" loading=\"lazy\" sizes=\"auto, (max-width: 1804px) 100vw, 1804px\" src=\"https:\/\/brtk.net\/wp-content\/uploads\/2023\/05\/10\/HU00527.jpg?ver=056654828dc674c0180a925c6045b78e\" srcset=\"https:\/\/brtk.net\/wp-content\/uploads\/2023\/05\/10\/HU00527.jpg?ver=056654828dc674c0180a925c6045b78e 1804w, https:\/\/brtk.net\/wp-content\/uploads\/2023\/05\/10\/HU00527-300x118.jpg?ver=056654828dc674c0180a925c6045b78e 300w, https:\/\/brtk.net\/wp-content\/uploads\/2023\/05\/10\/HU00527-1024x402.jpg?ver=7167f87cfcfc6d5580f4547fa8584e7b 1024w, https:\/\/brtk.net\/wp-content\/uploads\/2023\/05\/10\/HU00527-768x301.jpg?ver=7167f87cfcfc6d5580f4547fa8584e7b 768w, https:\/\/brtk.net\/wp-content\/uploads\/2023\/05\/10\/HU00527-1536x603.jpg?ver=7167f87cfcfc6d5580f4547fa8584e7b 1536w\"\/>                            <\/div>\n<p>Toplumcu Demokrasi Partisi 25 Haziran\u2019da ger\u00e7ekle\u015ftirilecek  milletvekilli\u011fi ara se\u00e7iminde yar\u0131\u015facak aday\u0131n\u0131 tan\u0131tt\u0131.<\/p>\n<p>Merkez Lefko\u015fa\u2019da d\u00fczenlenen tan\u0131t\u0131mda; Parti MYK ve PM \u00fcyeleriyle birlikte K\u0131demli eski yarg\u0131\u00e7, Hukuk\u00e7u Tacan Reynar\u2019\u0131n adayl\u0131\u011f\u0131n\u0131 ilan eden TDP Genel Ba\u015fkan\u0131 Mine Atl\u0131, sloganlar\u0131n\u0131n \u201c D\u00fcn\u00fcm\u00fcz, Bug\u00fcn\u00fcm\u00fcz ve yar\u0131n\u0131m\u0131z\u201d oldu\u011funu belirtti.<\/p>\n<p>Mine Atl\u0131, Meclisi ger\u00e7ekten bir m\u00fccadele alan\u0131na \u00e7evirerek, toplumun sesini partisinin yeniden y\u00fckseltece\u011fini s\u00f6yledi.<\/p>\n<p>Atl\u0131, \u201cBizler yeniden s\u00f6z\u00fcm\u00fcz\u00fc bu \u00fclkenin siyasi, g\u00fcndemine ta\u015f\u0131maya kararl\u0131y\u0131z. Bu \u00fclkeyi batt\u0131\u011f\u0131 karanl\u0131ktan \u00e7\u0131karmak , yeniden umut olmak, hayal etti\u011fimiz d\u00fcnyay\u0131 ve hayal etti\u011fimiz K\u0131br\u0131s\u2019\u0131 b\u0131kmadan, y\u0131lmadan, yorulmadan anlatmak ve yaratmak i\u00e7in harekete ge\u00e7iyoruz\u201d dedi.<\/p>\n<div class=\"mariselle-image-container center\">\n                <img width=\"1889\" height=\"994\" class=\"lazy-image\" alt=\"\" decoding=\"async\" loading=\"lazy\" sizes=\"auto, (max-width: 1889px) 100vw, 1889px\" src=\"https:\/\/brtk.net\/wp-content\/uploads\/2023\/05\/10\/Tacan-Reynar.jpg?ver=f4228c52592b5d32dcb4dd9b76ca9826\" srcset=\"https:\/\/brtk.net\/wp-content\/uploads\/2023\/05\/10\/Tacan-Reynar.jpg?ver=f4228c52592b5d32dcb4dd9b76ca9826 1889w, https:\/\/brtk.net\/wp-content\/uploads\/2023\/05\/10\/Tacan-Reynar-300x158.jpg?ver=f4228c52592b5d32dcb4dd9b76ca9826 300w, https:\/\/brtk.net\/wp-content\/uploads\/2023\/05\/10\/Tacan-Reynar-1024x539.jpg?ver=e751b6c7e84b2944b21fa56bd8bc1c75 1024w, https:\/\/brtk.net\/wp-content\/uploads\/2023\/05\/10\/Tacan-Reynar-768x404.jpg?ver=e751b6c7e84b2944b21fa56bd8bc1c75 768w, https:\/\/brtk.net\/wp-content\/uploads\/2023\/05\/10\/Tacan-Reynar-1536x808.jpg?ver=e751b6c7e84b2944b21fa56bd8bc1c75 1536w\"\/>                            <\/div>\n<p>Adayl\u0131\u011f\u0131 a\u00e7\u0131klanan Tacan Reynar da konu\u015fmas\u0131nda son y\u0131llarda \u00fclkede ya\u015fanan geli\u015fmeleri yarg\u0131\u00e7l\u0131k c\u00fcbbesini \u00e7\u0131kard\u0131\u011f\u0131 o an\u0131 ve neden aday oldu\u011funu anlatt\u0131. <\/p>\n<p>Reynar, \u201c\u00fclkede g\u00fcven ortam\u0131n\u0131n kalmad\u0131\u011f\u0131n\u0131 s\u00f6yleyerek \u201casgari \u00fccret a\u00e7l\u0131k s\u0131n\u0131r\u0131n\u0131n alt\u0131ndayken susamazd\u0131k susamazd\u0131m\u201d ifadelerine yer verdi.<\/p>\n<p>Her\u015fey tek bir koltukla de\u011fi\u015fir mi ele\u015ftirilerine de cevap veren Reynar, \u201c e\u011fer toplumun ger\u00e7ek iradesi ortaya \u00e7\u0131kar e\u011fer bir de\u011fil biz olursak de\u011fi\u015fir! \u201d dedi.<\/p>\n<\/p><\/div>\n<p><script async\n                    defer\n                    crossorigin=\"anonymous\"\n                    src=\"https:\/\/connect.facebook.net\/tr_TR\/sdk.js#xfbml=1&#038;version=v3.3\"\n            ><\/script><\/p>\n","protected":false},"excerpt":{"rendered":"<p>Toplumcu Demokrasi Partisi 25 Haziran\u2019da ger\u00e7ekle\u015ftirilecek milletvekilli\u011fi ara se\u00e7iminde yar\u0131\u015facak aday\u0131n\u0131 tan\u0131tt\u0131. Merkez Lefko\u015fa\u2019da d\u00fczenlenen tan\u0131t\u0131mda; Parti MYK ve PM \u00fcyeleriyle birlikte K\u0131demli eski yarg\u0131\u00e7, Hukuk\u00e7u Tacan Reynar\u2019\u0131n adayl\u0131\u011f\u0131n\u0131 ilan eden TDP Genel Ba\u015fkan\u0131 Mine Atl\u0131, sloganlar\u0131n\u0131n \u201c D\u00fcn\u00fcm\u00fcz, Bug\u00fcn\u00fcm\u00fcz ve yar\u0131n\u0131m\u0131z\u201d oldu\u011funu belirtti. Mine Atl\u0131, Meclisi ger\u00e7ekten bir m\u00fccadele alan\u0131na \u00e7evirerek, toplumun sesini partisinin<\/p>\n","protected":false},"author":1,"featured_media":6647,"comment_status":"open","ping_status":"open","sticky":false,"template":"","format":"standard","meta":{"footnotes":""},"categories":[1],"tags":[],"class_list":["post-6646","post","type-post","status-publish","format-standard","has-post-thumbnail","hentry","category-gundem"],"yoast_head":"<!-- This site is optimized with the Yoast SEO plugin v27.4 - https:\/\/yoast.com\/product\/yoast-seo-wordpress\/ -->\n<title>TDP\u2019nin ara se\u00e7imdeki vekil aday\u0131 belli oldu: Tacan Reynar -<\/title>\n<meta name=\"robots\" content=\"index, follow, max-snippet:-1, max-image-preview:large, max-video-preview:-1\" \/>\n<link rel=\"canonical\" href=\"https:\/\/kibrisdakik.com\/?p=6646\" \/>\n<meta property=\"og:locale\" content=\"tr_TR\" \/>\n<meta property=\"og:type\" content=\"article\" \/>\n<meta property=\"og:title\" content=\"TDP\u2019nin ara se\u00e7imdeki vekil aday\u0131 belli oldu: Tacan Reynar -\" \/>\n<meta property=\"og:description\" content=\"Toplumcu Demokrasi Partisi 25 Haziran\u2019da ger\u00e7ekle\u015ftirilecek milletvekilli\u011fi ara se\u00e7iminde yar\u0131\u015facak aday\u0131n\u0131 tan\u0131tt\u0131. Merkez Lefko\u015fa\u2019da d\u00fczenlenen tan\u0131t\u0131mda; Parti MYK ve PM \u00fcyeleriyle birlikte K\u0131demli eski yarg\u0131\u00e7, Hukuk\u00e7u Tacan Reynar\u2019\u0131n adayl\u0131\u011f\u0131n\u0131 ilan eden TDP Genel Ba\u015fkan\u0131 Mine Atl\u0131, sloganlar\u0131n\u0131n \u201c D\u00fcn\u00fcm\u00fcz, Bug\u00fcn\u00fcm\u00fcz ve yar\u0131n\u0131m\u0131z\u201d oldu\u011funu belirtti. Mine Atl\u0131, Meclisi ger\u00e7ekten bir m\u00fccadele alan\u0131na \u00e7evirerek, toplumun sesini partisinin\" \/>\n<meta property=\"og:url\" content=\"https:\/\/kibrisdakik.com\/?p=6646\" \/>\n<meta property=\"article:published_time\" content=\"2023-05-10T19:20:01+00:00\" \/>\n<meta property=\"og:image\" content=\"https:\/\/kibrisdakik.com\/wp-content\/uploads\/2023\/05\/Tacan-Reynar-740x420.jpg\" \/>\n\t<meta property=\"og:image:width\" content=\"1889\" \/>\n\t<meta property=\"og:image:height\" content=\"994\" \/>\n\t<meta property=\"og:image:type\" content=\"image\/jpeg\" \/>\n<meta name=\"author\" content=\"admin\" \/>\n<meta name=\"twitter:card\" content=\"summary_large_image\" \/>\n<meta name=\"twitter:label1\" content=\"Yazan:\" \/>\n\t<meta name=\"twitter:data1\" content=\"admin\" \/>\n\t<meta name=\"twitter:label2\" content=\"Tahmini okuma s\u00fcresi\" \/>\n\t<meta name=\"twitter:data2\" content=\"1 dakika\" \/>\n<script type=\"application\/ld+json\" class=\"yoast-schema-graph\">{\"@context\":\"https:\\\/\\\/schema.org\",\"@graph\":[{\"@type\":\"Article\",\"@id\":\"https:\\\/\\\/kibrisdakik.com\\\/?p=6646#article\",\"isPartOf\":{\"@id\":\"https:\\\/\\\/kibrisdakik.com\\\/?p=6646\"},\"author\":{\"name\":\"admin\",\"@id\":\"https:\\\/\\\/kibrisdakik.com\\\/#\\\/schema\\\/person\\\/9cd9d437bbb44f72b73ba127e06d8e79\"},\"headline\":\"TDP\u2019nin ara se\u00e7imdeki vekil aday\u0131 belli oldu: Tacan Reynar\",\"datePublished\":\"2023-05-10T19:20:01+00:00\",\"mainEntityOfPage\":{\"@id\":\"https:\\\/\\\/kibrisdakik.com\\\/?p=6646\"},\"wordCount\":250,\"commentCount\":0,\"image\":{\"@id\":\"https:\\\/\\\/kibrisdakik.com\\\/?p=6646#primaryimage\"},\"thumbnailUrl\":\"https:\\\/\\\/kibrisdakik.com\\\/wp-content\\\/uploads\\\/2023\\\/05\\\/Tacan-Reynar-740x420.jpg\",\"articleSection\":[\"G\u00fcndem\"],\"inLanguage\":\"tr\",\"potentialAction\":[{\"@type\":\"CommentAction\",\"name\":\"Comment\",\"target\":[\"https:\\\/\\\/kibrisdakik.com\\\/?p=6646#respond\"]}]},{\"@type\":\"WebPage\",\"@id\":\"https:\\\/\\\/kibrisdakik.com\\\/?p=6646\",\"url\":\"https:\\\/\\\/kibrisdakik.com\\\/?p=6646\",\"name\":\"TDP\u2019nin ara se\u00e7imdeki vekil aday\u0131 belli oldu: Tacan Reynar -\",\"isPartOf\":{\"@id\":\"https:\\\/\\\/kibrisdakik.com\\\/#website\"},\"primaryImageOfPage\":{\"@id\":\"https:\\\/\\\/kibrisdakik.com\\\/?p=6646#primaryimage\"},\"image\":{\"@id\":\"https:\\\/\\\/kibrisdakik.com\\\/?p=6646#primaryimage\"},\"thumbnailUrl\":\"https:\\\/\\\/kibrisdakik.com\\\/wp-content\\\/uploads\\\/2023\\\/05\\\/Tacan-Reynar-740x420.jpg\",\"datePublished\":\"2023-05-10T19:20:01+00:00\",\"author\":{\"@id\":\"https:\\\/\\\/kibrisdakik.com\\\/#\\\/schema\\\/person\\\/9cd9d437bbb44f72b73ba127e06d8e79\"},\"breadcrumb\":{\"@id\":\"https:\\\/\\\/kibrisdakik.com\\\/?p=6646#breadcrumb\"},\"inLanguage\":\"tr\",\"potentialAction\":[{\"@type\":\"ReadAction\",\"target\":[\"https:\\\/\\\/kibrisdakik.com\\\/?p=6646\"]}]},{\"@type\":\"ImageObject\",\"inLanguage\":\"tr\",\"@id\":\"https:\\\/\\\/kibrisdakik.com\\\/?p=6646#primaryimage\",\"url\":\"https:\\\/\\\/kibrisdakik.com\\\/wp-content\\\/uploads\\\/2023\\\/05\\\/Tacan-Reynar-740x420.jpg\",\"contentUrl\":\"https:\\\/\\\/kibrisdakik.com\\\/wp-content\\\/uploads\\\/2023\\\/05\\\/Tacan-Reynar-740x420.jpg\",\"width\":1889,\"height\":994},{\"@type\":\"BreadcrumbList\",\"@id\":\"https:\\\/\\\/kibrisdakik.com\\\/?p=6646#breadcrumb\",\"itemListElement\":[{\"@type\":\"ListItem\",\"position\":1,\"name\":\"Home\",\"item\":\"https:\\\/\\\/kibrisdakik.com\\\/\"},{\"@type\":\"ListItem\",\"position\":2,\"name\":\"TDP\u2019nin ara se\u00e7imdeki vekil aday\u0131 belli oldu: Tacan Reynar\"}]},{\"@type\":\"WebSite\",\"@id\":\"https:\\\/\\\/kibrisdakik.com\\\/#website\",\"url\":\"https:\\\/\\\/kibrisdakik.com\\\/\",\"name\":\"\",\"description\":\"Tam vaktinde haber\",\"potentialAction\":[{\"@type\":\"SearchAction\",\"target\":{\"@type\":\"EntryPoint\",\"urlTemplate\":\"https:\\\/\\\/kibrisdakik.com\\\/?s={search_term_string}\"},\"query-input\":{\"@type\":\"PropertyValueSpecification\",\"valueRequired\":true,\"valueName\":\"search_term_string\"}}],\"inLanguage\":\"tr\"},{\"@type\":\"Person\",\"@id\":\"https:\\\/\\\/kibrisdakik.com\\\/#\\\/schema\\\/person\\\/9cd9d437bbb44f72b73ba127e06d8e79\",\"name\":\"admin\",\"image\":{\"@type\":\"ImageObject\",\"inLanguage\":\"tr\",\"@id\":\"https:\\\/\\\/secure.gravatar.com\\\/avatar\\\/ccc17943b9d660506c869530f897617f7cb1c21a4bf30023f252596d83e1f007?s=96&d=mm&r=g\",\"url\":\"https:\\\/\\\/secure.gravatar.com\\\/avatar\\\/ccc17943b9d660506c869530f897617f7cb1c21a4bf30023f252596d83e1f007?s=96&d=mm&r=g\",\"contentUrl\":\"https:\\\/\\\/secure.gravatar.com\\\/avatar\\\/ccc17943b9d660506c869530f897617f7cb1c21a4bf30023f252596d83e1f007?s=96&d=mm&r=g\",\"caption\":\"admin\"},\"sameAs\":[\"https:\\\/\\\/kibrisdakik.com\"],\"url\":\"https:\\\/\\\/kibrisdakik.com\\\/?author=1\"}]}<\/script>\n<!-- \/ Yoast SEO plugin. -->","yoast_head_json":{"title":"TDP\u2019nin ara se\u00e7imdeki vekil aday\u0131 belli oldu: Tacan Reynar -","robots":{"index":"index","follow":"follow","max-snippet":"max-snippet:-1","max-image-preview":"max-image-preview:large","max-video-preview":"max-video-preview:-1"},"canonical":"https:\/\/kibrisdakik.com\/?p=6646","og_locale":"tr_TR","og_type":"article","og_title":"TDP\u2019nin ara se\u00e7imdeki vekil aday\u0131 belli oldu: Tacan Reynar -","og_description":"Toplumcu Demokrasi Partisi 25 Haziran\u2019da ger\u00e7ekle\u015ftirilecek milletvekilli\u011fi ara se\u00e7iminde yar\u0131\u015facak aday\u0131n\u0131 tan\u0131tt\u0131. Merkez Lefko\u015fa\u2019da d\u00fczenlenen tan\u0131t\u0131mda; Parti MYK ve PM \u00fcyeleriyle birlikte K\u0131demli eski yarg\u0131\u00e7, Hukuk\u00e7u Tacan Reynar\u2019\u0131n adayl\u0131\u011f\u0131n\u0131 ilan eden TDP Genel Ba\u015fkan\u0131 Mine Atl\u0131, sloganlar\u0131n\u0131n \u201c D\u00fcn\u00fcm\u00fcz, Bug\u00fcn\u00fcm\u00fcz ve yar\u0131n\u0131m\u0131z\u201d oldu\u011funu belirtti. Mine Atl\u0131, Meclisi ger\u00e7ekten bir m\u00fccadele alan\u0131na \u00e7evirerek, toplumun sesini partisinin","og_url":"https:\/\/kibrisdakik.com\/?p=6646","article_published_time":"2023-05-10T19:20:01+00:00","og_image":[{"width":1889,"height":994,"url":"https:\/\/kibrisdakik.com\/wp-content\/uploads\/2023\/05\/Tacan-Reynar-740x420.jpg","type":"image\/jpeg"}],"author":"admin","twitter_card":"summary_large_image","twitter_misc":{"Yazan:":"admin","Tahmini okuma s\u00fcresi":"1 dakika"},"schema":{"@context":"https:\/\/schema.org","@graph":[{"@type":"Article","@id":"https:\/\/kibrisdakik.com\/?p=6646#article","isPartOf":{"@id":"https:\/\/kibrisdakik.com\/?p=6646"},"author":{"name":"admin","@id":"https:\/\/kibrisdakik.com\/#\/schema\/person\/9cd9d437bbb44f72b73ba127e06d8e79"},"headline":"TDP\u2019nin ara se\u00e7imdeki vekil aday\u0131 belli oldu: Tacan Reynar","datePublished":"2023-05-10T19:20:01+00:00","mainEntityOfPage":{"@id":"https:\/\/kibrisdakik.com\/?p=6646"},"wordCount":250,"commentCount":0,"image":{"@id":"https:\/\/kibrisdakik.com\/?p=6646#primaryimage"},"thumbnailUrl":"https:\/\/kibrisdakik.com\/wp-content\/uploads\/2023\/05\/Tacan-Reynar-740x420.jpg","articleSection":["G\u00fcndem"],"inLanguage":"tr","potentialAction":[{"@type":"CommentAction","name":"Comment","target":["https:\/\/kibrisdakik.com\/?p=6646#respond"]}]},{"@type":"WebPage","@id":"https:\/\/kibrisdakik.com\/?p=6646","url":"https:\/\/kibrisdakik.com\/?p=6646","name":"TDP\u2019nin ara se\u00e7imdeki vekil aday\u0131 belli oldu: Tacan Reynar -","isPartOf":{"@id":"https:\/\/kibrisdakik.com\/#website"},"primaryImageOfPage":{"@id":"https:\/\/kibrisdakik.com\/?p=6646#primaryimage"},"image":{"@id":"https:\/\/kibrisdakik.com\/?p=6646#primaryimage"},"thumbnailUrl":"https:\/\/kibrisdakik.com\/wp-content\/uploads\/2023\/05\/Tacan-Reynar-740x420.jpg","datePublished":"2023-05-10T19:20:01+00:00","author":{"@id":"https:\/\/kibrisdakik.com\/#\/schema\/person\/9cd9d437bbb44f72b73ba127e06d8e79"},"breadcrumb":{"@id":"https:\/\/kibrisdakik.com\/?p=6646#breadcrumb"},"inLanguage":"tr","potentialAction":[{"@type":"ReadAction","target":["https:\/\/kibrisdakik.com\/?p=6646"]}]},{"@type":"ImageObject","inLanguage":"tr","@id":"https:\/\/kibrisdakik.com\/?p=6646#primaryimage","url":"https:\/\/kibrisdakik.com\/wp-content\/uploads\/2023\/05\/Tacan-Reynar-740x420.jpg","contentUrl":"https:\/\/kibrisdakik.com\/wp-content\/uploads\/2023\/05\/Tacan-Reynar-740x420.jpg","width":1889,"height":994},{"@type":"BreadcrumbList","@id":"https:\/\/kibrisdakik.com\/?p=6646#breadcrumb","itemListElement":[{"@type":"ListItem","position":1,"name":"Home","item":"https:\/\/kibrisdakik.com\/"},{"@type":"ListItem","position":2,"name":"TDP\u2019nin ara se\u00e7imdeki vekil aday\u0131 belli oldu: Tacan Reynar"}]},{"@type":"WebSite","@id":"https:\/\/kibrisdakik.com\/#website","url":"https:\/\/kibrisdakik.com\/","name":"","description":"Tam vaktinde haber","potentialAction":[{"@type":"SearchAction","target":{"@type":"EntryPoint","urlTemplate":"https:\/\/kibrisdakik.com\/?s={search_term_string}"},"query-input":{"@type":"PropertyValueSpecification","valueRequired":true,"valueName":"search_term_string"}}],"inLanguage":"tr"},{"@type":"Person","@id":"https:\/\/kibrisdakik.com\/#\/schema\/person\/9cd9d437bbb44f72b73ba127e06d8e79","name":"admin","image":{"@type":"ImageObject","inLanguage":"tr","@id":"https:\/\/secure.gravatar.com\/avatar\/ccc17943b9d660506c869530f897617f7cb1c21a4bf30023f252596d83e1f007?s=96&d=mm&r=g","url":"https:\/\/secure.gravatar.com\/avatar\/ccc17943b9d660506c869530f897617f7cb1c21a4bf30023f252596d83e1f007?s=96&d=mm&r=g","contentUrl":"https:\/\/secure.gravatar.com\/avatar\/ccc17943b9d660506c869530f897617f7cb1c21a4bf30023f252596d83e1f007?s=96&d=mm&r=g","caption":"admin"},"sameAs":["https:\/\/kibrisdakik.com"],"url":"https:\/\/kibrisdakik.com\/?author=1"}]}},"_links":{"self":[{"href":"https:\/\/kibrisdakik.com\/index.php?rest_route=\/wp\/v2\/posts\/6646","targetHints":{"allow":["GET"]}}],"collection":[{"href":"https:\/\/kibrisdakik.com\/index.php?rest_route=\/wp\/v2\/posts"}],"about":[{"href":"https:\/\/kibrisdakik.com\/index.php?rest_route=\/wp\/v2\/types\/post"}],"author":[{"embeddable":true,"href":"https:\/\/kibrisdakik.com\/index.php?rest_route=\/wp\/v2\/users\/1"}],"replies":[{"embeddable":true,"href":"https:\/\/kibrisdakik.com\/index.php?rest_route=%2Fwp%2Fv2%2Fcomments&post=6646"}],"version-history":[{"count":0,"href":"https:\/\/kibrisdakik.com\/index.php?rest_route=\/wp\/v2\/posts\/6646\/revisions"}],"wp:featuredmedia":[{"embeddable":true,"href":"https:\/\/kibrisdakik.com\/index.php?rest_route=\/wp\/v2\/media\/6647"}],"wp:attachment":[{"href":"https:\/\/kibrisdakik.com\/index.php?rest_route=%2Fwp%2Fv2%2Fmedia&parent=6646"}],"wp:term":[{"taxonomy":"category","embeddable":true,"href":"https:\/\/kibrisdakik.com\/index.php?rest_route=%2Fwp%2Fv2%2Fcategories&post=6646"},{"taxonomy":"post_tag","embeddable":true,"href":"https:\/\/kibrisdakik.com\/index.php?rest_route=%2Fwp%2Fv2%2Ftags&post=6646"}],"curies":[{"name":"wp","href":"https:\/\/api.w.org\/{rel}","templated":true}]}}