{"id":66491,"date":"2024-10-10T19:42:36","date_gmt":"2024-10-10T16:42:36","guid":{"rendered":"https:\/\/kibrisdakik.com\/index.php\/2024\/10\/10\/avrupa-parlamentosu-milletvekillerini-tasiyan-tren-patlama-nedeniyle-bosaltildi\/"},"modified":"2024-10-10T19:42:36","modified_gmt":"2024-10-10T16:42:36","slug":"avrupa-parlamentosu-milletvekillerini-tasiyan-tren-patlama-nedeniyle-bosaltildi","status":"publish","type":"post","link":"https:\/\/kibrisdakik.com\/?p=66491","title":{"rendered":"Avrupa Parlamentosu milletvekillerini ta\u015f\u0131yan tren \u201cpatlama\u201d nedeniyle bo\u015falt\u0131ld\u0131"},"content":{"rendered":"<p><\/p>\n<div>\n<div class=\"mariselle-image-container center\">\n                <img loading=\"lazy\" decoding=\"async\" width=\"1920\" height=\"1080\" class=\"lazy-image\" alt=\"\" sizes=\"auto, (max-width: 1920px) 100vw, 1920px\" src=\"https:\/\/brtk.net\/wp-content\/uploads\/2024\/10\/10\/hab.jpg?ver=c05ff6278aa58a7bf5977da7ae84af1c\" srcset=\"https:\/\/brtk.net\/wp-content\/uploads\/2024\/10\/10\/hab.jpg?ver=c05ff6278aa58a7bf5977da7ae84af1c 1920w, https:\/\/brtk.net\/wp-content\/uploads\/2024\/10\/10\/hab-300x169.jpg?ver=c05ff6278aa58a7bf5977da7ae84af1c 300w, https:\/\/brtk.net\/wp-content\/uploads\/2024\/10\/10\/hab-1024x576.jpg?ver=c05ff6278aa58a7bf5977da7ae84af1c 1024w, https:\/\/brtk.net\/wp-content\/uploads\/2024\/10\/10\/hab-768x432.jpg?ver=ea5f5204e9002a5397a9e431003795b9 768w, https:\/\/brtk.net\/wp-content\/uploads\/2024\/10\/10\/hab-1536x864.jpg?ver=ea5f5204e9002a5397a9e431003795b9 1536w\"\/>                            <\/div>\n<p>Avrupa Parlamentosu (AP) milletvekillerini Fransa\u2019n\u0131n Strazburg kentindeki Genel Kurul toplant\u0131s\u0131n\u0131n bitiminde Br\u00fcksel\u2019e geri ta\u015f\u0131yan h\u0131zl\u0131 tren, teknik bir ar\u0131za nedeniyle meydana gelen patlama sonucu bo\u015falt\u0131ld\u0131.<\/p>\n<p>Tren yolu \u015firketi <a href=\"https:\/\/brtk.net\/\">Euro<\/a>star\u2019dan al\u0131nan bilgiye g\u00f6re, Strazburg-Br\u00fcksel seferini yapmak \u00fczere hareket eden charter treninde k\u0131sa s\u00fcre sonra teknik bir nedenle patlama meydana geldi.<\/p>\n<p>Olay yerine itfaiye ekipleri y\u00f6nlendirilirken milletvekilleri Paris\u2019e sevk edildi. Baz\u0131 milletvekilleri olay nedeniyle sosyal medyada \u00f6fkeli payla\u015f\u0131mlarda bulundu.<\/p>\n<p>AP Genel Kurulu ayda bir kez Br\u00fcksel yerine Strazburg\u2019da toplan\u0131yor. 7 Ekim\u2019de ba\u015flayan oturumlar, bug\u00fcn sona ermi\u015fti.<\/p>\n<p>Daha \u00f6nce de milletvekillerini ta\u015f\u0131yan h\u0131zl\u0131 tren, Strazburg yerine yanl\u0131\u015fl\u0131kla Paris\u2019teki Disneyland\u2019a gitmi\u015fti. Bu durum sosyal medyada \u015fakalara neden olmu\u015ftu<\/p>\n<\/p><\/div>\n<p><script async\n                    defer\n                    crossorigin=\"anonymous\"\n                    src=\"https:\/\/connect.facebook.net\/tr_TR\/sdk.js#xfbml=1&#038;version=v3.3\"\n            ><\/script><\/p>\n","protected":false},"excerpt":{"rendered":"<p>Avrupa Parlamentosu (AP) milletvekillerini Fransa\u2019n\u0131n Strazburg kentindeki Genel Kurul toplant\u0131s\u0131n\u0131n bitiminde Br\u00fcksel\u2019e geri ta\u015f\u0131yan h\u0131zl\u0131 tren, teknik bir ar\u0131za nedeniyle meydana gelen patlama sonucu bo\u015falt\u0131ld\u0131. Tren yolu \u015firketi Eurostar\u2019dan al\u0131nan bilgiye g\u00f6re, Strazburg-Br\u00fcksel seferini yapmak \u00fczere hareket eden charter treninde k\u0131sa s\u00fcre sonra teknik bir nedenle patlama meydana geldi. Olay yerine itfaiye ekipleri y\u00f6nlendirilirken milletvekilleri<\/p>\n","protected":false},"author":1,"featured_media":66492,"comment_status":"open","ping_status":"open","sticky":false,"template":"","format":"standard","meta":{"footnotes":""},"categories":[1],"tags":[],"class_list":["post-66491","post","type-post","status-publish","format-standard","has-post-thumbnail","hentry","category-gundem"],"yoast_head":"<!-- This site is optimized with the Yoast SEO plugin v27.5 - https:\/\/yoast.com\/product\/yoast-seo-wordpress\/ -->\n<title>Avrupa Parlamentosu milletvekillerini ta\u015f\u0131yan tren \u201cpatlama\u201d nedeniyle bo\u015falt\u0131ld\u0131 -<\/title>\n<meta name=\"robots\" content=\"index, follow, max-snippet:-1, max-image-preview:large, max-video-preview:-1\" \/>\n<link rel=\"canonical\" href=\"https:\/\/kibrisdakik.com\/?p=66491\" \/>\n<meta property=\"og:locale\" content=\"tr_TR\" \/>\n<meta property=\"og:type\" content=\"article\" \/>\n<meta property=\"og:title\" content=\"Avrupa Parlamentosu milletvekillerini ta\u015f\u0131yan tren \u201cpatlama\u201d nedeniyle bo\u015falt\u0131ld\u0131 -\" \/>\n<meta property=\"og:description\" content=\"Avrupa Parlamentosu (AP) milletvekillerini Fransa\u2019n\u0131n Strazburg kentindeki Genel Kurul toplant\u0131s\u0131n\u0131n bitiminde Br\u00fcksel\u2019e geri ta\u015f\u0131yan h\u0131zl\u0131 tren, teknik bir ar\u0131za nedeniyle meydana gelen patlama sonucu bo\u015falt\u0131ld\u0131. Tren yolu \u015firketi Eurostar\u2019dan al\u0131nan bilgiye g\u00f6re, Strazburg-Br\u00fcksel seferini yapmak \u00fczere hareket eden charter treninde k\u0131sa s\u00fcre sonra teknik bir nedenle patlama meydana geldi. Olay yerine itfaiye ekipleri y\u00f6nlendirilirken milletvekilleri\" \/>\n<meta property=\"og:url\" content=\"https:\/\/kibrisdakik.com\/?p=66491\" \/>\n<meta property=\"article:published_time\" content=\"2024-10-10T16:42:36+00:00\" \/>\n<meta property=\"og:image\" content=\"https:\/\/kibrisdakik.com\/wp-content\/uploads\/2024\/10\/hab-740x420.jpg\" \/>\n\t<meta property=\"og:image:width\" content=\"1920\" \/>\n\t<meta property=\"og:image:height\" content=\"1080\" \/>\n\t<meta property=\"og:image:type\" content=\"image\/jpeg\" \/>\n<meta name=\"author\" content=\"admin\" \/>\n<meta name=\"twitter:card\" content=\"summary_large_image\" \/>\n<meta name=\"twitter:label1\" content=\"Yazan:\" \/>\n\t<meta name=\"twitter:data1\" content=\"admin\" \/>\n\t<meta name=\"twitter:label2\" content=\"Tahmini okuma s\u00fcresi\" \/>\n\t<meta name=\"twitter:data2\" content=\"1 dakika\" \/>\n<script type=\"application\/ld+json\" class=\"yoast-schema-graph\">{\"@context\":\"https:\\\/\\\/schema.org\",\"@graph\":[{\"@type\":\"Article\",\"@id\":\"https:\\\/\\\/kibrisdakik.com\\\/?p=66491#article\",\"isPartOf\":{\"@id\":\"https:\\\/\\\/kibrisdakik.com\\\/?p=66491\"},\"author\":{\"name\":\"admin\",\"@id\":\"https:\\\/\\\/kibrisdakik.com\\\/#\\\/schema\\\/person\\\/9cd9d437bbb44f72b73ba127e06d8e79\"},\"headline\":\"Avrupa Parlamentosu milletvekillerini ta\u015f\u0131yan tren \u201cpatlama\u201d nedeniyle bo\u015falt\u0131ld\u0131\",\"datePublished\":\"2024-10-10T16:42:36+00:00\",\"mainEntityOfPage\":{\"@id\":\"https:\\\/\\\/kibrisdakik.com\\\/?p=66491\"},\"wordCount\":150,\"commentCount\":0,\"image\":{\"@id\":\"https:\\\/\\\/kibrisdakik.com\\\/?p=66491#primaryimage\"},\"thumbnailUrl\":\"https:\\\/\\\/kibrisdakik.com\\\/wp-content\\\/uploads\\\/2024\\\/10\\\/hab-740x420.jpg\",\"articleSection\":[\"G\u00fcndem\"],\"inLanguage\":\"tr\",\"potentialAction\":[{\"@type\":\"CommentAction\",\"name\":\"Comment\",\"target\":[\"https:\\\/\\\/kibrisdakik.com\\\/?p=66491#respond\"]}]},{\"@type\":\"WebPage\",\"@id\":\"https:\\\/\\\/kibrisdakik.com\\\/?p=66491\",\"url\":\"https:\\\/\\\/kibrisdakik.com\\\/?p=66491\",\"name\":\"Avrupa Parlamentosu milletvekillerini ta\u015f\u0131yan tren \u201cpatlama\u201d nedeniyle bo\u015falt\u0131ld\u0131 -\",\"isPartOf\":{\"@id\":\"https:\\\/\\\/kibrisdakik.com\\\/#website\"},\"primaryImageOfPage\":{\"@id\":\"https:\\\/\\\/kibrisdakik.com\\\/?p=66491#primaryimage\"},\"image\":{\"@id\":\"https:\\\/\\\/kibrisdakik.com\\\/?p=66491#primaryimage\"},\"thumbnailUrl\":\"https:\\\/\\\/kibrisdakik.com\\\/wp-content\\\/uploads\\\/2024\\\/10\\\/hab-740x420.jpg\",\"datePublished\":\"2024-10-10T16:42:36+00:00\",\"author\":{\"@id\":\"https:\\\/\\\/kibrisdakik.com\\\/#\\\/schema\\\/person\\\/9cd9d437bbb44f72b73ba127e06d8e79\"},\"breadcrumb\":{\"@id\":\"https:\\\/\\\/kibrisdakik.com\\\/?p=66491#breadcrumb\"},\"inLanguage\":\"tr\",\"potentialAction\":[{\"@type\":\"ReadAction\",\"target\":[\"https:\\\/\\\/kibrisdakik.com\\\/?p=66491\"]}]},{\"@type\":\"ImageObject\",\"inLanguage\":\"tr\",\"@id\":\"https:\\\/\\\/kibrisdakik.com\\\/?p=66491#primaryimage\",\"url\":\"https:\\\/\\\/kibrisdakik.com\\\/wp-content\\\/uploads\\\/2024\\\/10\\\/hab-740x420.jpg\",\"contentUrl\":\"https:\\\/\\\/kibrisdakik.com\\\/wp-content\\\/uploads\\\/2024\\\/10\\\/hab-740x420.jpg\",\"width\":1920,\"height\":1080},{\"@type\":\"BreadcrumbList\",\"@id\":\"https:\\\/\\\/kibrisdakik.com\\\/?p=66491#breadcrumb\",\"itemListElement\":[{\"@type\":\"ListItem\",\"position\":1,\"name\":\"Home\",\"item\":\"https:\\\/\\\/kibrisdakik.com\\\/\"},{\"@type\":\"ListItem\",\"position\":2,\"name\":\"Avrupa Parlamentosu milletvekillerini ta\u015f\u0131yan tren \u201cpatlama\u201d nedeniyle bo\u015falt\u0131ld\u0131\"}]},{\"@type\":\"WebSite\",\"@id\":\"https:\\\/\\\/kibrisdakik.com\\\/#website\",\"url\":\"https:\\\/\\\/kibrisdakik.com\\\/\",\"name\":\"\",\"description\":\"Tam vaktinde haber\",\"potentialAction\":[{\"@type\":\"SearchAction\",\"target\":{\"@type\":\"EntryPoint\",\"urlTemplate\":\"https:\\\/\\\/kibrisdakik.com\\\/?s={search_term_string}\"},\"query-input\":{\"@type\":\"PropertyValueSpecification\",\"valueRequired\":true,\"valueName\":\"search_term_string\"}}],\"inLanguage\":\"tr\"},{\"@type\":\"Person\",\"@id\":\"https:\\\/\\\/kibrisdakik.com\\\/#\\\/schema\\\/person\\\/9cd9d437bbb44f72b73ba127e06d8e79\",\"name\":\"admin\",\"image\":{\"@type\":\"ImageObject\",\"inLanguage\":\"tr\",\"@id\":\"https:\\\/\\\/secure.gravatar.com\\\/avatar\\\/ccc17943b9d660506c869530f897617f7cb1c21a4bf30023f252596d83e1f007?s=96&d=mm&r=g\",\"url\":\"https:\\\/\\\/secure.gravatar.com\\\/avatar\\\/ccc17943b9d660506c869530f897617f7cb1c21a4bf30023f252596d83e1f007?s=96&d=mm&r=g\",\"contentUrl\":\"https:\\\/\\\/secure.gravatar.com\\\/avatar\\\/ccc17943b9d660506c869530f897617f7cb1c21a4bf30023f252596d83e1f007?s=96&d=mm&r=g\",\"caption\":\"admin\"},\"sameAs\":[\"https:\\\/\\\/kibrisdakik.com\"],\"url\":\"https:\\\/\\\/kibrisdakik.com\\\/?author=1\"}]}<\/script>\n<!-- \/ Yoast SEO plugin. -->","yoast_head_json":{"title":"Avrupa Parlamentosu milletvekillerini ta\u015f\u0131yan tren \u201cpatlama\u201d nedeniyle bo\u015falt\u0131ld\u0131 -","robots":{"index":"index","follow":"follow","max-snippet":"max-snippet:-1","max-image-preview":"max-image-preview:large","max-video-preview":"max-video-preview:-1"},"canonical":"https:\/\/kibrisdakik.com\/?p=66491","og_locale":"tr_TR","og_type":"article","og_title":"Avrupa Parlamentosu milletvekillerini ta\u015f\u0131yan tren \u201cpatlama\u201d nedeniyle bo\u015falt\u0131ld\u0131 -","og_description":"Avrupa Parlamentosu (AP) milletvekillerini Fransa\u2019n\u0131n Strazburg kentindeki Genel Kurul toplant\u0131s\u0131n\u0131n bitiminde Br\u00fcksel\u2019e geri ta\u015f\u0131yan h\u0131zl\u0131 tren, teknik bir ar\u0131za nedeniyle meydana gelen patlama sonucu bo\u015falt\u0131ld\u0131. Tren yolu \u015firketi Eurostar\u2019dan al\u0131nan bilgiye g\u00f6re, Strazburg-Br\u00fcksel seferini yapmak \u00fczere hareket eden charter treninde k\u0131sa s\u00fcre sonra teknik bir nedenle patlama meydana geldi. Olay yerine itfaiye ekipleri y\u00f6nlendirilirken milletvekilleri","og_url":"https:\/\/kibrisdakik.com\/?p=66491","article_published_time":"2024-10-10T16:42:36+00:00","og_image":[{"width":1920,"height":1080,"url":"https:\/\/kibrisdakik.com\/wp-content\/uploads\/2024\/10\/hab-740x420.jpg","type":"image\/jpeg"}],"author":"admin","twitter_card":"summary_large_image","twitter_misc":{"Yazan:":"admin","Tahmini okuma s\u00fcresi":"1 dakika"},"schema":{"@context":"https:\/\/schema.org","@graph":[{"@type":"Article","@id":"https:\/\/kibrisdakik.com\/?p=66491#article","isPartOf":{"@id":"https:\/\/kibrisdakik.com\/?p=66491"},"author":{"name":"admin","@id":"https:\/\/kibrisdakik.com\/#\/schema\/person\/9cd9d437bbb44f72b73ba127e06d8e79"},"headline":"Avrupa Parlamentosu milletvekillerini ta\u015f\u0131yan tren \u201cpatlama\u201d nedeniyle bo\u015falt\u0131ld\u0131","datePublished":"2024-10-10T16:42:36+00:00","mainEntityOfPage":{"@id":"https:\/\/kibrisdakik.com\/?p=66491"},"wordCount":150,"commentCount":0,"image":{"@id":"https:\/\/kibrisdakik.com\/?p=66491#primaryimage"},"thumbnailUrl":"https:\/\/kibrisdakik.com\/wp-content\/uploads\/2024\/10\/hab-740x420.jpg","articleSection":["G\u00fcndem"],"inLanguage":"tr","potentialAction":[{"@type":"CommentAction","name":"Comment","target":["https:\/\/kibrisdakik.com\/?p=66491#respond"]}]},{"@type":"WebPage","@id":"https:\/\/kibrisdakik.com\/?p=66491","url":"https:\/\/kibrisdakik.com\/?p=66491","name":"Avrupa Parlamentosu milletvekillerini ta\u015f\u0131yan tren \u201cpatlama\u201d nedeniyle bo\u015falt\u0131ld\u0131 -","isPartOf":{"@id":"https:\/\/kibrisdakik.com\/#website"},"primaryImageOfPage":{"@id":"https:\/\/kibrisdakik.com\/?p=66491#primaryimage"},"image":{"@id":"https:\/\/kibrisdakik.com\/?p=66491#primaryimage"},"thumbnailUrl":"https:\/\/kibrisdakik.com\/wp-content\/uploads\/2024\/10\/hab-740x420.jpg","datePublished":"2024-10-10T16:42:36+00:00","author":{"@id":"https:\/\/kibrisdakik.com\/#\/schema\/person\/9cd9d437bbb44f72b73ba127e06d8e79"},"breadcrumb":{"@id":"https:\/\/kibrisdakik.com\/?p=66491#breadcrumb"},"inLanguage":"tr","potentialAction":[{"@type":"ReadAction","target":["https:\/\/kibrisdakik.com\/?p=66491"]}]},{"@type":"ImageObject","inLanguage":"tr","@id":"https:\/\/kibrisdakik.com\/?p=66491#primaryimage","url":"https:\/\/kibrisdakik.com\/wp-content\/uploads\/2024\/10\/hab-740x420.jpg","contentUrl":"https:\/\/kibrisdakik.com\/wp-content\/uploads\/2024\/10\/hab-740x420.jpg","width":1920,"height":1080},{"@type":"BreadcrumbList","@id":"https:\/\/kibrisdakik.com\/?p=66491#breadcrumb","itemListElement":[{"@type":"ListItem","position":1,"name":"Home","item":"https:\/\/kibrisdakik.com\/"},{"@type":"ListItem","position":2,"name":"Avrupa Parlamentosu milletvekillerini ta\u015f\u0131yan tren \u201cpatlama\u201d nedeniyle bo\u015falt\u0131ld\u0131"}]},{"@type":"WebSite","@id":"https:\/\/kibrisdakik.com\/#website","url":"https:\/\/kibrisdakik.com\/","name":"","description":"Tam vaktinde haber","potentialAction":[{"@type":"SearchAction","target":{"@type":"EntryPoint","urlTemplate":"https:\/\/kibrisdakik.com\/?s={search_term_string}"},"query-input":{"@type":"PropertyValueSpecification","valueRequired":true,"valueName":"search_term_string"}}],"inLanguage":"tr"},{"@type":"Person","@id":"https:\/\/kibrisdakik.com\/#\/schema\/person\/9cd9d437bbb44f72b73ba127e06d8e79","name":"admin","image":{"@type":"ImageObject","inLanguage":"tr","@id":"https:\/\/secure.gravatar.com\/avatar\/ccc17943b9d660506c869530f897617f7cb1c21a4bf30023f252596d83e1f007?s=96&d=mm&r=g","url":"https:\/\/secure.gravatar.com\/avatar\/ccc17943b9d660506c869530f897617f7cb1c21a4bf30023f252596d83e1f007?s=96&d=mm&r=g","contentUrl":"https:\/\/secure.gravatar.com\/avatar\/ccc17943b9d660506c869530f897617f7cb1c21a4bf30023f252596d83e1f007?s=96&d=mm&r=g","caption":"admin"},"sameAs":["https:\/\/kibrisdakik.com"],"url":"https:\/\/kibrisdakik.com\/?author=1"}]}},"_links":{"self":[{"href":"https:\/\/kibrisdakik.com\/index.php?rest_route=\/wp\/v2\/posts\/66491","targetHints":{"allow":["GET"]}}],"collection":[{"href":"https:\/\/kibrisdakik.com\/index.php?rest_route=\/wp\/v2\/posts"}],"about":[{"href":"https:\/\/kibrisdakik.com\/index.php?rest_route=\/wp\/v2\/types\/post"}],"author":[{"embeddable":true,"href":"https:\/\/kibrisdakik.com\/index.php?rest_route=\/wp\/v2\/users\/1"}],"replies":[{"embeddable":true,"href":"https:\/\/kibrisdakik.com\/index.php?rest_route=%2Fwp%2Fv2%2Fcomments&post=66491"}],"version-history":[{"count":0,"href":"https:\/\/kibrisdakik.com\/index.php?rest_route=\/wp\/v2\/posts\/66491\/revisions"}],"wp:featuredmedia":[{"embeddable":true,"href":"https:\/\/kibrisdakik.com\/index.php?rest_route=\/wp\/v2\/media\/66492"}],"wp:attachment":[{"href":"https:\/\/kibrisdakik.com\/index.php?rest_route=%2Fwp%2Fv2%2Fmedia&parent=66491"}],"wp:term":[{"taxonomy":"category","embeddable":true,"href":"https:\/\/kibrisdakik.com\/index.php?rest_route=%2Fwp%2Fv2%2Fcategories&post=66491"},{"taxonomy":"post_tag","embeddable":true,"href":"https:\/\/kibrisdakik.com\/index.php?rest_route=%2Fwp%2Fv2%2Ftags&post=66491"}],"curies":[{"name":"wp","href":"https:\/\/api.w.org\/{rel}","templated":true}]}}