{"id":66507,"date":"2024-10-10T22:25:06","date_gmt":"2024-10-10T19:25:06","guid":{"rendered":"https:\/\/kibrisdakik.com\/index.php\/2024\/10\/10\/tore-ucuncu-turda-da-salt-cogunluga-ulasamadi-meclis-baskanliginda-dorduncu-tura-gecildi\/"},"modified":"2024-10-10T22:25:06","modified_gmt":"2024-10-10T19:25:06","slug":"tore-ucuncu-turda-da-salt-cogunluga-ulasamadi-meclis-baskanliginda-dorduncu-tura-gecildi","status":"publish","type":"post","link":"https:\/\/kibrisdakik.com\/?p=66507","title":{"rendered":"T\u00f6re, \u00fc\u00e7\u00fcnc\u00fc turda da salt \u00e7o\u011funlu\u011fa ula\u015famad\u0131\u2026 Meclis ba\u015fkanl\u0131\u011f\u0131nda d\u00f6rd\u00fcnc\u00fc tura ge\u00e7ildi\u2026"},"content":{"rendered":"<div>\n<div class=\"mariselle-image-container center\">\n                                            <\/div>\n<p>\u00a0<\/p>\n<p style=\"font-weight: 300;\"><span style=\"font-weight: 300 !important;\">\u00a0Cumhuriyet Meclisi Genel Kurulu\u2019nda\u00a0<\/span><\/p>\n<p style=\"font-weight: 300;\"><span style=\"font-weight: 300 !important;\">Meclis Ba\u015fkanl\u0131\u011f\u0131 i\u00e7in yap\u0131lan 3. tur oylamada Zorlu T\u00f6re yine salt \u00e7o\u011funlu\u011fa ula\u015famad\u0131.<\/span><\/p>\n<p style=\"font-weight: 300;\"><span style=\"font-weight: 300 !important;\">T\u00f6re 25 kabul, 24 ret oyu ald\u0131.<\/span><\/p>\n<div class=\"mariselle-image-container center\">\n                <img loading=\"lazy\" decoding=\"async\" width=\"2048\" height=\"1366\" class=\"lazy-image\" alt=\"\" sizes=\"auto, (max-width: 2048px) 100vw, 2048px\" src=\"https:\/\/brtk.net\/wp-content\/uploads\/2024\/10\/10\/erhurman-meclis-232.jpg?ver=22e8242653719592ddac01c6fe052c51\" srcset=\"https:\/\/brtk.net\/wp-content\/uploads\/2024\/10\/10\/erhurman-meclis-232.jpg?ver=22e8242653719592ddac01c6fe052c51 2048w, https:\/\/brtk.net\/wp-content\/uploads\/2024\/10\/10\/erhurman-meclis-232-300x200.jpg?ver=22e8242653719592ddac01c6fe052c51 300w, https:\/\/brtk.net\/wp-content\/uploads\/2024\/10\/10\/erhurman-meclis-232-1024x683.jpg?ver=2b2f5862340c0c0757971a7c12c090fd 1024w, https:\/\/brtk.net\/wp-content\/uploads\/2024\/10\/10\/erhurman-meclis-232-768x512.jpg?ver=2b2f5862340c0c0757971a7c12c090fd 768w, https:\/\/brtk.net\/wp-content\/uploads\/2024\/10\/10\/erhurman-meclis-232-1536x1025.jpg?ver=4d1e3cc2f111ab553d94ddade7786184 1536w\"\/>                            <\/div>\n<ol start=\"4\">\n<li style=\"font-weight: 300;\"><span style=\"font-weight: 300 !important;\"> tur oylamaya ge\u00e7ilece\u011fi s\u0131rada s\u00f6z alan CTP Genel Ba\u015fkan\u0131 Tufan Erh\u00fcrman duruma tepki g\u00f6sterdi ve bir an \u00f6nce halk\u0131n iradesine ba\u015fvurulmas\u0131 gerekti\u011fini s\u00f6yledi.<\/span><\/li>\n<\/ol><\/div>\n<p><script async\n                    defer\n                    crossorigin=\"anonymous\"\n                    src=\"https:\/\/connect.facebook.net\/tr_TR\/sdk.js#xfbml=1&#038;version=v3.3\"\n            ><\/script><\/p>\n","protected":false},"excerpt":{"rendered":"<p>\u00a0 \u00a0Cumhuriyet Meclisi Genel Kurulu\u2019nda\u00a0 Meclis Ba\u015fkanl\u0131\u011f\u0131 i\u00e7in yap\u0131lan 3. tur oylamada Zorlu T\u00f6re yine salt \u00e7o\u011funlu\u011fa ula\u015famad\u0131. T\u00f6re 25 kabul, 24 ret oyu ald\u0131. tur oylamaya ge\u00e7ilece\u011fi s\u0131rada s\u00f6z alan CTP Genel Ba\u015fkan\u0131 Tufan Erh\u00fcrman duruma tepki g\u00f6sterdi ve bir an \u00f6nce halk\u0131n iradesine ba\u015fvurulmas\u0131 gerekti\u011fini s\u00f6yledi.<\/p>\n","protected":false},"author":1,"featured_media":66506,"comment_status":"open","ping_status":"open","sticky":false,"template":"","format":"standard","meta":{"footnotes":""},"categories":[81],"tags":[],"class_list":["post-66507","post","type-post","status-publish","format-standard","has-post-thumbnail","hentry","category-kibris"],"yoast_head":"<!-- This site is optimized with the Yoast SEO plugin v27.5 - https:\/\/yoast.com\/product\/yoast-seo-wordpress\/ -->\n<title>T\u00f6re, \u00fc\u00e7\u00fcnc\u00fc turda da salt \u00e7o\u011funlu\u011fa ula\u015famad\u0131\u2026 Meclis ba\u015fkanl\u0131\u011f\u0131nda d\u00f6rd\u00fcnc\u00fc tura ge\u00e7ildi\u2026 -<\/title>\n<meta name=\"robots\" content=\"index, follow, max-snippet:-1, max-image-preview:large, max-video-preview:-1\" \/>\n<link rel=\"canonical\" href=\"https:\/\/kibrisdakik.com\/?p=66507\" \/>\n<meta property=\"og:locale\" content=\"tr_TR\" \/>\n<meta property=\"og:type\" content=\"article\" \/>\n<meta property=\"og:title\" content=\"T\u00f6re, \u00fc\u00e7\u00fcnc\u00fc turda da salt \u00e7o\u011funlu\u011fa ula\u015famad\u0131\u2026 Meclis ba\u015fkanl\u0131\u011f\u0131nda d\u00f6rd\u00fcnc\u00fc tura ge\u00e7ildi\u2026 -\" \/>\n<meta property=\"og:description\" content=\"\u00a0 \u00a0Cumhuriyet Meclisi Genel Kurulu\u2019nda\u00a0 Meclis Ba\u015fkanl\u0131\u011f\u0131 i\u00e7in yap\u0131lan 3. tur oylamada Zorlu T\u00f6re yine salt \u00e7o\u011funlu\u011fa ula\u015famad\u0131. T\u00f6re 25 kabul, 24 ret oyu ald\u0131. tur oylamaya ge\u00e7ilece\u011fi s\u0131rada s\u00f6z alan CTP Genel Ba\u015fkan\u0131 Tufan Erh\u00fcrman duruma tepki g\u00f6sterdi ve bir an \u00f6nce halk\u0131n iradesine ba\u015fvurulmas\u0131 gerekti\u011fini s\u00f6yledi.\" \/>\n<meta property=\"og:url\" content=\"https:\/\/kibrisdakik.com\/?p=66507\" \/>\n<meta property=\"article:published_time\" content=\"2024-10-10T19:25:06+00:00\" \/>\n<meta property=\"og:image\" content=\"https:\/\/kibrisdakik.com\/wp-content\/uploads\/2024\/10\/21ea7568-c9a0-44b7-a24e-ed8a0116f45b-740x420.jpg\" \/>\n\t<meta property=\"og:image:width\" content=\"2048\" \/>\n\t<meta property=\"og:image:height\" content=\"1366\" \/>\n\t<meta property=\"og:image:type\" content=\"image\/jpeg\" \/>\n<meta name=\"author\" content=\"admin\" \/>\n<meta name=\"twitter:card\" content=\"summary_large_image\" \/>\n<meta name=\"twitter:label1\" content=\"Yazan:\" \/>\n\t<meta name=\"twitter:data1\" content=\"admin\" \/>\n<script type=\"application\/ld+json\" class=\"yoast-schema-graph\">{\"@context\":\"https:\\\/\\\/schema.org\",\"@graph\":[{\"@type\":\"Article\",\"@id\":\"https:\\\/\\\/kibrisdakik.com\\\/?p=66507#article\",\"isPartOf\":{\"@id\":\"https:\\\/\\\/kibrisdakik.com\\\/?p=66507\"},\"author\":{\"name\":\"admin\",\"@id\":\"https:\\\/\\\/kibrisdakik.com\\\/#\\\/schema\\\/person\\\/9cd9d437bbb44f72b73ba127e06d8e79\"},\"headline\":\"T\u00f6re, \u00fc\u00e7\u00fcnc\u00fc turda da salt \u00e7o\u011funlu\u011fa ula\u015famad\u0131\u2026 Meclis ba\u015fkanl\u0131\u011f\u0131nda d\u00f6rd\u00fcnc\u00fc tura ge\u00e7ildi\u2026\",\"datePublished\":\"2024-10-10T19:25:06+00:00\",\"mainEntityOfPage\":{\"@id\":\"https:\\\/\\\/kibrisdakik.com\\\/?p=66507\"},\"wordCount\":85,\"commentCount\":0,\"image\":{\"@id\":\"https:\\\/\\\/kibrisdakik.com\\\/?p=66507#primaryimage\"},\"thumbnailUrl\":\"https:\\\/\\\/kibrisdakik.com\\\/wp-content\\\/uploads\\\/2024\\\/10\\\/21ea7568-c9a0-44b7-a24e-ed8a0116f45b-740x420.jpg\",\"articleSection\":[\"K\u0131br\u0131s\"],\"inLanguage\":\"tr\",\"potentialAction\":[{\"@type\":\"CommentAction\",\"name\":\"Comment\",\"target\":[\"https:\\\/\\\/kibrisdakik.com\\\/?p=66507#respond\"]}]},{\"@type\":\"WebPage\",\"@id\":\"https:\\\/\\\/kibrisdakik.com\\\/?p=66507\",\"url\":\"https:\\\/\\\/kibrisdakik.com\\\/?p=66507\",\"name\":\"T\u00f6re, \u00fc\u00e7\u00fcnc\u00fc turda da salt \u00e7o\u011funlu\u011fa ula\u015famad\u0131\u2026 Meclis ba\u015fkanl\u0131\u011f\u0131nda d\u00f6rd\u00fcnc\u00fc tura ge\u00e7ildi\u2026 -\",\"isPartOf\":{\"@id\":\"https:\\\/\\\/kibrisdakik.com\\\/#website\"},\"primaryImageOfPage\":{\"@id\":\"https:\\\/\\\/kibrisdakik.com\\\/?p=66507#primaryimage\"},\"image\":{\"@id\":\"https:\\\/\\\/kibrisdakik.com\\\/?p=66507#primaryimage\"},\"thumbnailUrl\":\"https:\\\/\\\/kibrisdakik.com\\\/wp-content\\\/uploads\\\/2024\\\/10\\\/21ea7568-c9a0-44b7-a24e-ed8a0116f45b-740x420.jpg\",\"datePublished\":\"2024-10-10T19:25:06+00:00\",\"author\":{\"@id\":\"https:\\\/\\\/kibrisdakik.com\\\/#\\\/schema\\\/person\\\/9cd9d437bbb44f72b73ba127e06d8e79\"},\"breadcrumb\":{\"@id\":\"https:\\\/\\\/kibrisdakik.com\\\/?p=66507#breadcrumb\"},\"inLanguage\":\"tr\",\"potentialAction\":[{\"@type\":\"ReadAction\",\"target\":[\"https:\\\/\\\/kibrisdakik.com\\\/?p=66507\"]}]},{\"@type\":\"ImageObject\",\"inLanguage\":\"tr\",\"@id\":\"https:\\\/\\\/kibrisdakik.com\\\/?p=66507#primaryimage\",\"url\":\"https:\\\/\\\/kibrisdakik.com\\\/wp-content\\\/uploads\\\/2024\\\/10\\\/21ea7568-c9a0-44b7-a24e-ed8a0116f45b-740x420.jpg\",\"contentUrl\":\"https:\\\/\\\/kibrisdakik.com\\\/wp-content\\\/uploads\\\/2024\\\/10\\\/21ea7568-c9a0-44b7-a24e-ed8a0116f45b-740x420.jpg\",\"width\":2048,\"height\":1366},{\"@type\":\"BreadcrumbList\",\"@id\":\"https:\\\/\\\/kibrisdakik.com\\\/?p=66507#breadcrumb\",\"itemListElement\":[{\"@type\":\"ListItem\",\"position\":1,\"name\":\"Home\",\"item\":\"https:\\\/\\\/kibrisdakik.com\\\/\"},{\"@type\":\"ListItem\",\"position\":2,\"name\":\"T\u00f6re, \u00fc\u00e7\u00fcnc\u00fc turda da salt \u00e7o\u011funlu\u011fa ula\u015famad\u0131\u2026 Meclis ba\u015fkanl\u0131\u011f\u0131nda d\u00f6rd\u00fcnc\u00fc tura ge\u00e7ildi\u2026\"}]},{\"@type\":\"WebSite\",\"@id\":\"https:\\\/\\\/kibrisdakik.com\\\/#website\",\"url\":\"https:\\\/\\\/kibrisdakik.com\\\/\",\"name\":\"\",\"description\":\"Tam vaktinde haber\",\"potentialAction\":[{\"@type\":\"SearchAction\",\"target\":{\"@type\":\"EntryPoint\",\"urlTemplate\":\"https:\\\/\\\/kibrisdakik.com\\\/?s={search_term_string}\"},\"query-input\":{\"@type\":\"PropertyValueSpecification\",\"valueRequired\":true,\"valueName\":\"search_term_string\"}}],\"inLanguage\":\"tr\"},{\"@type\":\"Person\",\"@id\":\"https:\\\/\\\/kibrisdakik.com\\\/#\\\/schema\\\/person\\\/9cd9d437bbb44f72b73ba127e06d8e79\",\"name\":\"admin\",\"image\":{\"@type\":\"ImageObject\",\"inLanguage\":\"tr\",\"@id\":\"https:\\\/\\\/secure.gravatar.com\\\/avatar\\\/ccc17943b9d660506c869530f897617f7cb1c21a4bf30023f252596d83e1f007?s=96&d=mm&r=g\",\"url\":\"https:\\\/\\\/secure.gravatar.com\\\/avatar\\\/ccc17943b9d660506c869530f897617f7cb1c21a4bf30023f252596d83e1f007?s=96&d=mm&r=g\",\"contentUrl\":\"https:\\\/\\\/secure.gravatar.com\\\/avatar\\\/ccc17943b9d660506c869530f897617f7cb1c21a4bf30023f252596d83e1f007?s=96&d=mm&r=g\",\"caption\":\"admin\"},\"sameAs\":[\"https:\\\/\\\/kibrisdakik.com\"],\"url\":\"https:\\\/\\\/kibrisdakik.com\\\/?author=1\"}]}<\/script>\n<!-- \/ Yoast SEO plugin. -->","yoast_head_json":{"title":"T\u00f6re, \u00fc\u00e7\u00fcnc\u00fc turda da salt \u00e7o\u011funlu\u011fa ula\u015famad\u0131\u2026 Meclis ba\u015fkanl\u0131\u011f\u0131nda d\u00f6rd\u00fcnc\u00fc tura ge\u00e7ildi\u2026 -","robots":{"index":"index","follow":"follow","max-snippet":"max-snippet:-1","max-image-preview":"max-image-preview:large","max-video-preview":"max-video-preview:-1"},"canonical":"https:\/\/kibrisdakik.com\/?p=66507","og_locale":"tr_TR","og_type":"article","og_title":"T\u00f6re, \u00fc\u00e7\u00fcnc\u00fc turda da salt \u00e7o\u011funlu\u011fa ula\u015famad\u0131\u2026 Meclis ba\u015fkanl\u0131\u011f\u0131nda d\u00f6rd\u00fcnc\u00fc tura ge\u00e7ildi\u2026 -","og_description":"\u00a0 \u00a0Cumhuriyet Meclisi Genel Kurulu\u2019nda\u00a0 Meclis Ba\u015fkanl\u0131\u011f\u0131 i\u00e7in yap\u0131lan 3. tur oylamada Zorlu T\u00f6re yine salt \u00e7o\u011funlu\u011fa ula\u015famad\u0131. T\u00f6re 25 kabul, 24 ret oyu ald\u0131. tur oylamaya ge\u00e7ilece\u011fi s\u0131rada s\u00f6z alan CTP Genel Ba\u015fkan\u0131 Tufan Erh\u00fcrman duruma tepki g\u00f6sterdi ve bir an \u00f6nce halk\u0131n iradesine ba\u015fvurulmas\u0131 gerekti\u011fini s\u00f6yledi.","og_url":"https:\/\/kibrisdakik.com\/?p=66507","article_published_time":"2024-10-10T19:25:06+00:00","og_image":[{"width":2048,"height":1366,"url":"https:\/\/kibrisdakik.com\/wp-content\/uploads\/2024\/10\/21ea7568-c9a0-44b7-a24e-ed8a0116f45b-740x420.jpg","type":"image\/jpeg"}],"author":"admin","twitter_card":"summary_large_image","twitter_misc":{"Yazan:":"admin"},"schema":{"@context":"https:\/\/schema.org","@graph":[{"@type":"Article","@id":"https:\/\/kibrisdakik.com\/?p=66507#article","isPartOf":{"@id":"https:\/\/kibrisdakik.com\/?p=66507"},"author":{"name":"admin","@id":"https:\/\/kibrisdakik.com\/#\/schema\/person\/9cd9d437bbb44f72b73ba127e06d8e79"},"headline":"T\u00f6re, \u00fc\u00e7\u00fcnc\u00fc turda da salt \u00e7o\u011funlu\u011fa ula\u015famad\u0131\u2026 Meclis ba\u015fkanl\u0131\u011f\u0131nda d\u00f6rd\u00fcnc\u00fc tura ge\u00e7ildi\u2026","datePublished":"2024-10-10T19:25:06+00:00","mainEntityOfPage":{"@id":"https:\/\/kibrisdakik.com\/?p=66507"},"wordCount":85,"commentCount":0,"image":{"@id":"https:\/\/kibrisdakik.com\/?p=66507#primaryimage"},"thumbnailUrl":"https:\/\/kibrisdakik.com\/wp-content\/uploads\/2024\/10\/21ea7568-c9a0-44b7-a24e-ed8a0116f45b-740x420.jpg","articleSection":["K\u0131br\u0131s"],"inLanguage":"tr","potentialAction":[{"@type":"CommentAction","name":"Comment","target":["https:\/\/kibrisdakik.com\/?p=66507#respond"]}]},{"@type":"WebPage","@id":"https:\/\/kibrisdakik.com\/?p=66507","url":"https:\/\/kibrisdakik.com\/?p=66507","name":"T\u00f6re, \u00fc\u00e7\u00fcnc\u00fc turda da salt \u00e7o\u011funlu\u011fa ula\u015famad\u0131\u2026 Meclis ba\u015fkanl\u0131\u011f\u0131nda d\u00f6rd\u00fcnc\u00fc tura ge\u00e7ildi\u2026 -","isPartOf":{"@id":"https:\/\/kibrisdakik.com\/#website"},"primaryImageOfPage":{"@id":"https:\/\/kibrisdakik.com\/?p=66507#primaryimage"},"image":{"@id":"https:\/\/kibrisdakik.com\/?p=66507#primaryimage"},"thumbnailUrl":"https:\/\/kibrisdakik.com\/wp-content\/uploads\/2024\/10\/21ea7568-c9a0-44b7-a24e-ed8a0116f45b-740x420.jpg","datePublished":"2024-10-10T19:25:06+00:00","author":{"@id":"https:\/\/kibrisdakik.com\/#\/schema\/person\/9cd9d437bbb44f72b73ba127e06d8e79"},"breadcrumb":{"@id":"https:\/\/kibrisdakik.com\/?p=66507#breadcrumb"},"inLanguage":"tr","potentialAction":[{"@type":"ReadAction","target":["https:\/\/kibrisdakik.com\/?p=66507"]}]},{"@type":"ImageObject","inLanguage":"tr","@id":"https:\/\/kibrisdakik.com\/?p=66507#primaryimage","url":"https:\/\/kibrisdakik.com\/wp-content\/uploads\/2024\/10\/21ea7568-c9a0-44b7-a24e-ed8a0116f45b-740x420.jpg","contentUrl":"https:\/\/kibrisdakik.com\/wp-content\/uploads\/2024\/10\/21ea7568-c9a0-44b7-a24e-ed8a0116f45b-740x420.jpg","width":2048,"height":1366},{"@type":"BreadcrumbList","@id":"https:\/\/kibrisdakik.com\/?p=66507#breadcrumb","itemListElement":[{"@type":"ListItem","position":1,"name":"Home","item":"https:\/\/kibrisdakik.com\/"},{"@type":"ListItem","position":2,"name":"T\u00f6re, \u00fc\u00e7\u00fcnc\u00fc turda da salt \u00e7o\u011funlu\u011fa ula\u015famad\u0131\u2026 Meclis ba\u015fkanl\u0131\u011f\u0131nda d\u00f6rd\u00fcnc\u00fc tura ge\u00e7ildi\u2026"}]},{"@type":"WebSite","@id":"https:\/\/kibrisdakik.com\/#website","url":"https:\/\/kibrisdakik.com\/","name":"","description":"Tam vaktinde haber","potentialAction":[{"@type":"SearchAction","target":{"@type":"EntryPoint","urlTemplate":"https:\/\/kibrisdakik.com\/?s={search_term_string}"},"query-input":{"@type":"PropertyValueSpecification","valueRequired":true,"valueName":"search_term_string"}}],"inLanguage":"tr"},{"@type":"Person","@id":"https:\/\/kibrisdakik.com\/#\/schema\/person\/9cd9d437bbb44f72b73ba127e06d8e79","name":"admin","image":{"@type":"ImageObject","inLanguage":"tr","@id":"https:\/\/secure.gravatar.com\/avatar\/ccc17943b9d660506c869530f897617f7cb1c21a4bf30023f252596d83e1f007?s=96&d=mm&r=g","url":"https:\/\/secure.gravatar.com\/avatar\/ccc17943b9d660506c869530f897617f7cb1c21a4bf30023f252596d83e1f007?s=96&d=mm&r=g","contentUrl":"https:\/\/secure.gravatar.com\/avatar\/ccc17943b9d660506c869530f897617f7cb1c21a4bf30023f252596d83e1f007?s=96&d=mm&r=g","caption":"admin"},"sameAs":["https:\/\/kibrisdakik.com"],"url":"https:\/\/kibrisdakik.com\/?author=1"}]}},"_links":{"self":[{"href":"https:\/\/kibrisdakik.com\/index.php?rest_route=\/wp\/v2\/posts\/66507","targetHints":{"allow":["GET"]}}],"collection":[{"href":"https:\/\/kibrisdakik.com\/index.php?rest_route=\/wp\/v2\/posts"}],"about":[{"href":"https:\/\/kibrisdakik.com\/index.php?rest_route=\/wp\/v2\/types\/post"}],"author":[{"embeddable":true,"href":"https:\/\/kibrisdakik.com\/index.php?rest_route=\/wp\/v2\/users\/1"}],"replies":[{"embeddable":true,"href":"https:\/\/kibrisdakik.com\/index.php?rest_route=%2Fwp%2Fv2%2Fcomments&post=66507"}],"version-history":[{"count":0,"href":"https:\/\/kibrisdakik.com\/index.php?rest_route=\/wp\/v2\/posts\/66507\/revisions"}],"wp:featuredmedia":[{"embeddable":true,"href":"https:\/\/kibrisdakik.com\/index.php?rest_route=\/wp\/v2\/media\/66506"}],"wp:attachment":[{"href":"https:\/\/kibrisdakik.com\/index.php?rest_route=%2Fwp%2Fv2%2Fmedia&parent=66507"}],"wp:term":[{"taxonomy":"category","embeddable":true,"href":"https:\/\/kibrisdakik.com\/index.php?rest_route=%2Fwp%2Fv2%2Fcategories&post=66507"},{"taxonomy":"post_tag","embeddable":true,"href":"https:\/\/kibrisdakik.com\/index.php?rest_route=%2Fwp%2Fv2%2Ftags&post=66507"}],"curies":[{"name":"wp","href":"https:\/\/api.w.org\/{rel}","templated":true}]}}