{"id":66536,"date":"2024-10-11T11:40:43","date_gmt":"2024-10-11T08:40:43","guid":{"rendered":"https:\/\/kibrisdakik.com\/index.php\/2024\/10\/11\/lubnandan-tahliye-edilen-sivilleri-tasiyan-tcg-sancaktar-da-mersine-ulasti\/"},"modified":"2024-10-11T11:40:43","modified_gmt":"2024-10-11T08:40:43","slug":"lubnandan-tahliye-edilen-sivilleri-tasiyan-tcg-sancaktar-da-mersine-ulasti","status":"publish","type":"post","link":"https:\/\/kibrisdakik.com\/?p=66536","title":{"rendered":"L\u00fcbnan\u2019dan tahliye edilen sivilleri ta\u015f\u0131yan TCG Sancaktar da Mersin\u2019e ula\u015ft\u0131"},"content":{"rendered":"<p><\/p>\n<div>\n<div class=\"mariselle-image-container center\">\n                <img loading=\"lazy\" decoding=\"async\" width=\"864\" height=\"486\" class=\"lazy-image\" alt=\"\" sizes=\"auto, (max-width: 864px) 100vw, 864px\" src=\"https:\/\/brtk.net\/wp-content\/uploads\/2024\/10\/11\/thumbs-b-c-80413a5b47d4d74bd2e72f7ce992aa1a.jpg?ver=37c167a3e7511c22660f85e75e00d781\" srcset=\"https:\/\/brtk.net\/wp-content\/uploads\/2024\/10\/11\/thumbs-b-c-80413a5b47d4d74bd2e72f7ce992aa1a.jpg?ver=37c167a3e7511c22660f85e75e00d781 864w, https:\/\/brtk.net\/wp-content\/uploads\/2024\/10\/11\/thumbs-b-c-80413a5b47d4d74bd2e72f7ce992aa1a-300x169.jpg?ver=688b8579ef9e46a2fc2f1828f3dc02e9 300w, https:\/\/brtk.net\/wp-content\/uploads\/2024\/10\/11\/thumbs-b-c-80413a5b47d4d74bd2e72f7ce992aa1a-768x432.jpg?ver=688b8579ef9e46a2fc2f1828f3dc02e9 768w\"\/>                            <\/div>\n<p>\u0130srail\u2019in sald\u0131r\u0131lar\u0131n\u0131n s\u00fcrd\u00fc\u011f\u00fc L\u00fcbnan\u2019dan tahliye edilen 378 sivili ta\u015f\u0131yan Deniz Kuvvetleri Komutanl\u0131\u011f\u0131n\u0131n amfibi gemisi TCG Sancaktar, Mersin Liman\u0131\u2019na ula\u015ft\u0131.<\/p>\n<p>TC D\u0131\u015fi\u015fleri Bakanl\u0131\u011f\u0131 ve Milli Savunma Bakanl\u0131\u011f\u0131 koordinesinde, L\u00fcbnan\u2019a insani yard\u0131mlar\u0131 ula\u015ft\u0131ran amfibi gemilerden TCG Bayraktar\u2019\u0131n tahliye edilen 588 sivili Mersin\u2019e getirmesinin ard\u0131ndan ayn\u0131 g\u00f6reve kat\u0131lan TCG Sancaktar da yurda d\u00f6n\u00fc\u015f yolculu\u011funu tamamlad\u0131.<\/p>\n<p>Beyrut Liman\u0131\u2019ndan bindirilen 378 sivili ta\u015f\u0131yan gemi, ula\u015ft\u0131\u011f\u0131 Mersin Liman\u0131\u2019nda r\u0131ht\u0131ma yana\u015ft\u0131.<\/p>\n<p>Gemidekiler, i\u015flemlerin tamamlanmas\u0131n\u0131n ard\u0131ndan askeri personel e\u015fli\u011finde TCG Sancaktar\u2019dan indirildi.<\/p>\n<p>Yaral\u0131 veya t\u0131bbi bak\u0131ma ihtiyac\u0131 olanlar 112 Acil Sa\u011fl\u0131k ekiplerince hastanelere kald\u0131r\u0131ld\u0131, di\u011ferleri ise midib\u00fcslerle limandan ayr\u0131ld\u0131.<\/p>\n<p>Deniz Kuvvetleri Komutanl\u0131\u011f\u0131n\u0131n amfibi gemileri TCG Sancaktar ve TCG Bayraktar, AFAD\u2019\u0131n giri\u015fimiyle toplanan 300 ton insani yard\u0131m malzemesini \u00f6nceki g\u00fcn Beyrut Liman\u0131\u2019na ula\u015ft\u0131rm\u0131\u015ft\u0131.<\/p>\n<p>Y\u00fcklerin bo\u015falt\u0131lmas\u0131n\u0131n ard\u0131ndan sivillerin tahliyesini ger\u00e7ekle\u015ftiren amfibi gemileri, 2 firkateyn ve 2 karakol gemisi e\u015fli\u011finde T\u00fcrkiye\u2019ye d\u00f6n\u00fc\u015fe ge\u00e7mi\u015fti.<\/p>\n<\/p><\/div>\n<p><script async\n                    defer\n                    crossorigin=\"anonymous\"\n                    src=\"https:\/\/connect.facebook.net\/tr_TR\/sdk.js#xfbml=1&#038;version=v3.3\"\n            ><\/script><\/p>\n","protected":false},"excerpt":{"rendered":"<p>\u0130srail\u2019in sald\u0131r\u0131lar\u0131n\u0131n s\u00fcrd\u00fc\u011f\u00fc L\u00fcbnan\u2019dan tahliye edilen 378 sivili ta\u015f\u0131yan Deniz Kuvvetleri Komutanl\u0131\u011f\u0131n\u0131n amfibi gemisi TCG Sancaktar, Mersin Liman\u0131\u2019na ula\u015ft\u0131. TC D\u0131\u015fi\u015fleri Bakanl\u0131\u011f\u0131 ve Milli Savunma Bakanl\u0131\u011f\u0131 koordinesinde, L\u00fcbnan\u2019a insani yard\u0131mlar\u0131 ula\u015ft\u0131ran amfibi gemilerden TCG Bayraktar\u2019\u0131n tahliye edilen 588 sivili Mersin\u2019e getirmesinin ard\u0131ndan ayn\u0131 g\u00f6reve kat\u0131lan TCG Sancaktar da yurda d\u00f6n\u00fc\u015f yolculu\u011funu tamamlad\u0131. Beyrut Liman\u0131\u2019ndan bindirilen<\/p>\n","protected":false},"author":1,"featured_media":66537,"comment_status":"open","ping_status":"open","sticky":false,"template":"","format":"standard","meta":{"footnotes":""},"categories":[86],"tags":[],"class_list":["post-66536","post","type-post","status-publish","format-standard","has-post-thumbnail","hentry","category-turkiye"],"yoast_head":"<!-- This site is optimized with the Yoast SEO plugin v27.4 - https:\/\/yoast.com\/product\/yoast-seo-wordpress\/ -->\n<title>L\u00fcbnan\u2019dan tahliye edilen sivilleri ta\u015f\u0131yan TCG Sancaktar da Mersin\u2019e ula\u015ft\u0131 -<\/title>\n<meta name=\"robots\" content=\"index, follow, max-snippet:-1, max-image-preview:large, max-video-preview:-1\" \/>\n<link rel=\"canonical\" href=\"https:\/\/kibrisdakik.com\/?p=66536\" \/>\n<meta property=\"og:locale\" content=\"tr_TR\" \/>\n<meta property=\"og:type\" content=\"article\" \/>\n<meta property=\"og:title\" content=\"L\u00fcbnan\u2019dan tahliye edilen sivilleri ta\u015f\u0131yan TCG Sancaktar da Mersin\u2019e ula\u015ft\u0131 -\" \/>\n<meta property=\"og:description\" content=\"\u0130srail\u2019in sald\u0131r\u0131lar\u0131n\u0131n s\u00fcrd\u00fc\u011f\u00fc L\u00fcbnan\u2019dan tahliye edilen 378 sivili ta\u015f\u0131yan Deniz Kuvvetleri Komutanl\u0131\u011f\u0131n\u0131n amfibi gemisi TCG Sancaktar, Mersin Liman\u0131\u2019na ula\u015ft\u0131. TC D\u0131\u015fi\u015fleri Bakanl\u0131\u011f\u0131 ve Milli Savunma Bakanl\u0131\u011f\u0131 koordinesinde, L\u00fcbnan\u2019a insani yard\u0131mlar\u0131 ula\u015ft\u0131ran amfibi gemilerden TCG Bayraktar\u2019\u0131n tahliye edilen 588 sivili Mersin\u2019e getirmesinin ard\u0131ndan ayn\u0131 g\u00f6reve kat\u0131lan TCG Sancaktar da yurda d\u00f6n\u00fc\u015f yolculu\u011funu tamamlad\u0131. Beyrut Liman\u0131\u2019ndan bindirilen\" \/>\n<meta property=\"og:url\" content=\"https:\/\/kibrisdakik.com\/?p=66536\" \/>\n<meta property=\"article:published_time\" content=\"2024-10-11T08:40:43+00:00\" \/>\n<meta property=\"og:image\" content=\"https:\/\/kibrisdakik.com\/wp-content\/uploads\/2024\/10\/thumbs-b-c-80413a5b47d4d74bd2e72f7ce992aa1a-740x420.jpg\" \/>\n\t<meta property=\"og:image:width\" content=\"864\" \/>\n\t<meta property=\"og:image:height\" content=\"486\" \/>\n\t<meta property=\"og:image:type\" content=\"image\/jpeg\" \/>\n<meta name=\"author\" content=\"admin\" \/>\n<meta name=\"twitter:card\" content=\"summary_large_image\" \/>\n<meta name=\"twitter:label1\" content=\"Yazan:\" \/>\n\t<meta name=\"twitter:data1\" content=\"admin\" \/>\n\t<meta name=\"twitter:label2\" content=\"Tahmini okuma s\u00fcresi\" \/>\n\t<meta name=\"twitter:data2\" content=\"1 dakika\" \/>\n<script type=\"application\/ld+json\" class=\"yoast-schema-graph\">{\"@context\":\"https:\\\/\\\/schema.org\",\"@graph\":[{\"@type\":\"Article\",\"@id\":\"https:\\\/\\\/kibrisdakik.com\\\/?p=66536#article\",\"isPartOf\":{\"@id\":\"https:\\\/\\\/kibrisdakik.com\\\/?p=66536\"},\"author\":{\"name\":\"admin\",\"@id\":\"https:\\\/\\\/kibrisdakik.com\\\/#\\\/schema\\\/person\\\/9cd9d437bbb44f72b73ba127e06d8e79\"},\"headline\":\"L\u00fcbnan\u2019dan tahliye edilen sivilleri ta\u015f\u0131yan TCG Sancaktar da Mersin\u2019e ula\u015ft\u0131\",\"datePublished\":\"2024-10-11T08:40:43+00:00\",\"mainEntityOfPage\":{\"@id\":\"https:\\\/\\\/kibrisdakik.com\\\/?p=66536\"},\"wordCount\":216,\"commentCount\":0,\"image\":{\"@id\":\"https:\\\/\\\/kibrisdakik.com\\\/?p=66536#primaryimage\"},\"thumbnailUrl\":\"https:\\\/\\\/kibrisdakik.com\\\/wp-content\\\/uploads\\\/2024\\\/10\\\/thumbs-b-c-80413a5b47d4d74bd2e72f7ce992aa1a-740x420.jpg\",\"articleSection\":[\"T\u00fcrkiye\"],\"inLanguage\":\"tr\",\"potentialAction\":[{\"@type\":\"CommentAction\",\"name\":\"Comment\",\"target\":[\"https:\\\/\\\/kibrisdakik.com\\\/?p=66536#respond\"]}]},{\"@type\":\"WebPage\",\"@id\":\"https:\\\/\\\/kibrisdakik.com\\\/?p=66536\",\"url\":\"https:\\\/\\\/kibrisdakik.com\\\/?p=66536\",\"name\":\"L\u00fcbnan\u2019dan tahliye edilen sivilleri ta\u015f\u0131yan TCG Sancaktar da Mersin\u2019e ula\u015ft\u0131 -\",\"isPartOf\":{\"@id\":\"https:\\\/\\\/kibrisdakik.com\\\/#website\"},\"primaryImageOfPage\":{\"@id\":\"https:\\\/\\\/kibrisdakik.com\\\/?p=66536#primaryimage\"},\"image\":{\"@id\":\"https:\\\/\\\/kibrisdakik.com\\\/?p=66536#primaryimage\"},\"thumbnailUrl\":\"https:\\\/\\\/kibrisdakik.com\\\/wp-content\\\/uploads\\\/2024\\\/10\\\/thumbs-b-c-80413a5b47d4d74bd2e72f7ce992aa1a-740x420.jpg\",\"datePublished\":\"2024-10-11T08:40:43+00:00\",\"author\":{\"@id\":\"https:\\\/\\\/kibrisdakik.com\\\/#\\\/schema\\\/person\\\/9cd9d437bbb44f72b73ba127e06d8e79\"},\"breadcrumb\":{\"@id\":\"https:\\\/\\\/kibrisdakik.com\\\/?p=66536#breadcrumb\"},\"inLanguage\":\"tr\",\"potentialAction\":[{\"@type\":\"ReadAction\",\"target\":[\"https:\\\/\\\/kibrisdakik.com\\\/?p=66536\"]}]},{\"@type\":\"ImageObject\",\"inLanguage\":\"tr\",\"@id\":\"https:\\\/\\\/kibrisdakik.com\\\/?p=66536#primaryimage\",\"url\":\"https:\\\/\\\/kibrisdakik.com\\\/wp-content\\\/uploads\\\/2024\\\/10\\\/thumbs-b-c-80413a5b47d4d74bd2e72f7ce992aa1a-740x420.jpg\",\"contentUrl\":\"https:\\\/\\\/kibrisdakik.com\\\/wp-content\\\/uploads\\\/2024\\\/10\\\/thumbs-b-c-80413a5b47d4d74bd2e72f7ce992aa1a-740x420.jpg\",\"width\":864,\"height\":486},{\"@type\":\"BreadcrumbList\",\"@id\":\"https:\\\/\\\/kibrisdakik.com\\\/?p=66536#breadcrumb\",\"itemListElement\":[{\"@type\":\"ListItem\",\"position\":1,\"name\":\"Home\",\"item\":\"https:\\\/\\\/kibrisdakik.com\\\/\"},{\"@type\":\"ListItem\",\"position\":2,\"name\":\"L\u00fcbnan\u2019dan tahliye edilen sivilleri ta\u015f\u0131yan TCG Sancaktar da Mersin\u2019e ula\u015ft\u0131\"}]},{\"@type\":\"WebSite\",\"@id\":\"https:\\\/\\\/kibrisdakik.com\\\/#website\",\"url\":\"https:\\\/\\\/kibrisdakik.com\\\/\",\"name\":\"\",\"description\":\"Tam vaktinde haber\",\"potentialAction\":[{\"@type\":\"SearchAction\",\"target\":{\"@type\":\"EntryPoint\",\"urlTemplate\":\"https:\\\/\\\/kibrisdakik.com\\\/?s={search_term_string}\"},\"query-input\":{\"@type\":\"PropertyValueSpecification\",\"valueRequired\":true,\"valueName\":\"search_term_string\"}}],\"inLanguage\":\"tr\"},{\"@type\":\"Person\",\"@id\":\"https:\\\/\\\/kibrisdakik.com\\\/#\\\/schema\\\/person\\\/9cd9d437bbb44f72b73ba127e06d8e79\",\"name\":\"admin\",\"image\":{\"@type\":\"ImageObject\",\"inLanguage\":\"tr\",\"@id\":\"https:\\\/\\\/secure.gravatar.com\\\/avatar\\\/ccc17943b9d660506c869530f897617f7cb1c21a4bf30023f252596d83e1f007?s=96&d=mm&r=g\",\"url\":\"https:\\\/\\\/secure.gravatar.com\\\/avatar\\\/ccc17943b9d660506c869530f897617f7cb1c21a4bf30023f252596d83e1f007?s=96&d=mm&r=g\",\"contentUrl\":\"https:\\\/\\\/secure.gravatar.com\\\/avatar\\\/ccc17943b9d660506c869530f897617f7cb1c21a4bf30023f252596d83e1f007?s=96&d=mm&r=g\",\"caption\":\"admin\"},\"sameAs\":[\"https:\\\/\\\/kibrisdakik.com\"],\"url\":\"https:\\\/\\\/kibrisdakik.com\\\/?author=1\"}]}<\/script>\n<!-- \/ Yoast SEO plugin. -->","yoast_head_json":{"title":"L\u00fcbnan\u2019dan tahliye edilen sivilleri ta\u015f\u0131yan TCG Sancaktar da Mersin\u2019e ula\u015ft\u0131 -","robots":{"index":"index","follow":"follow","max-snippet":"max-snippet:-1","max-image-preview":"max-image-preview:large","max-video-preview":"max-video-preview:-1"},"canonical":"https:\/\/kibrisdakik.com\/?p=66536","og_locale":"tr_TR","og_type":"article","og_title":"L\u00fcbnan\u2019dan tahliye edilen sivilleri ta\u015f\u0131yan TCG Sancaktar da Mersin\u2019e ula\u015ft\u0131 -","og_description":"\u0130srail\u2019in sald\u0131r\u0131lar\u0131n\u0131n s\u00fcrd\u00fc\u011f\u00fc L\u00fcbnan\u2019dan tahliye edilen 378 sivili ta\u015f\u0131yan Deniz Kuvvetleri Komutanl\u0131\u011f\u0131n\u0131n amfibi gemisi TCG Sancaktar, Mersin Liman\u0131\u2019na ula\u015ft\u0131. TC D\u0131\u015fi\u015fleri Bakanl\u0131\u011f\u0131 ve Milli Savunma Bakanl\u0131\u011f\u0131 koordinesinde, L\u00fcbnan\u2019a insani yard\u0131mlar\u0131 ula\u015ft\u0131ran amfibi gemilerden TCG Bayraktar\u2019\u0131n tahliye edilen 588 sivili Mersin\u2019e getirmesinin ard\u0131ndan ayn\u0131 g\u00f6reve kat\u0131lan TCG Sancaktar da yurda d\u00f6n\u00fc\u015f yolculu\u011funu tamamlad\u0131. Beyrut Liman\u0131\u2019ndan bindirilen","og_url":"https:\/\/kibrisdakik.com\/?p=66536","article_published_time":"2024-10-11T08:40:43+00:00","og_image":[{"width":864,"height":486,"url":"https:\/\/kibrisdakik.com\/wp-content\/uploads\/2024\/10\/thumbs-b-c-80413a5b47d4d74bd2e72f7ce992aa1a-740x420.jpg","type":"image\/jpeg"}],"author":"admin","twitter_card":"summary_large_image","twitter_misc":{"Yazan:":"admin","Tahmini okuma s\u00fcresi":"1 dakika"},"schema":{"@context":"https:\/\/schema.org","@graph":[{"@type":"Article","@id":"https:\/\/kibrisdakik.com\/?p=66536#article","isPartOf":{"@id":"https:\/\/kibrisdakik.com\/?p=66536"},"author":{"name":"admin","@id":"https:\/\/kibrisdakik.com\/#\/schema\/person\/9cd9d437bbb44f72b73ba127e06d8e79"},"headline":"L\u00fcbnan\u2019dan tahliye edilen sivilleri ta\u015f\u0131yan TCG Sancaktar da Mersin\u2019e ula\u015ft\u0131","datePublished":"2024-10-11T08:40:43+00:00","mainEntityOfPage":{"@id":"https:\/\/kibrisdakik.com\/?p=66536"},"wordCount":216,"commentCount":0,"image":{"@id":"https:\/\/kibrisdakik.com\/?p=66536#primaryimage"},"thumbnailUrl":"https:\/\/kibrisdakik.com\/wp-content\/uploads\/2024\/10\/thumbs-b-c-80413a5b47d4d74bd2e72f7ce992aa1a-740x420.jpg","articleSection":["T\u00fcrkiye"],"inLanguage":"tr","potentialAction":[{"@type":"CommentAction","name":"Comment","target":["https:\/\/kibrisdakik.com\/?p=66536#respond"]}]},{"@type":"WebPage","@id":"https:\/\/kibrisdakik.com\/?p=66536","url":"https:\/\/kibrisdakik.com\/?p=66536","name":"L\u00fcbnan\u2019dan tahliye edilen sivilleri ta\u015f\u0131yan TCG Sancaktar da Mersin\u2019e ula\u015ft\u0131 -","isPartOf":{"@id":"https:\/\/kibrisdakik.com\/#website"},"primaryImageOfPage":{"@id":"https:\/\/kibrisdakik.com\/?p=66536#primaryimage"},"image":{"@id":"https:\/\/kibrisdakik.com\/?p=66536#primaryimage"},"thumbnailUrl":"https:\/\/kibrisdakik.com\/wp-content\/uploads\/2024\/10\/thumbs-b-c-80413a5b47d4d74bd2e72f7ce992aa1a-740x420.jpg","datePublished":"2024-10-11T08:40:43+00:00","author":{"@id":"https:\/\/kibrisdakik.com\/#\/schema\/person\/9cd9d437bbb44f72b73ba127e06d8e79"},"breadcrumb":{"@id":"https:\/\/kibrisdakik.com\/?p=66536#breadcrumb"},"inLanguage":"tr","potentialAction":[{"@type":"ReadAction","target":["https:\/\/kibrisdakik.com\/?p=66536"]}]},{"@type":"ImageObject","inLanguage":"tr","@id":"https:\/\/kibrisdakik.com\/?p=66536#primaryimage","url":"https:\/\/kibrisdakik.com\/wp-content\/uploads\/2024\/10\/thumbs-b-c-80413a5b47d4d74bd2e72f7ce992aa1a-740x420.jpg","contentUrl":"https:\/\/kibrisdakik.com\/wp-content\/uploads\/2024\/10\/thumbs-b-c-80413a5b47d4d74bd2e72f7ce992aa1a-740x420.jpg","width":864,"height":486},{"@type":"BreadcrumbList","@id":"https:\/\/kibrisdakik.com\/?p=66536#breadcrumb","itemListElement":[{"@type":"ListItem","position":1,"name":"Home","item":"https:\/\/kibrisdakik.com\/"},{"@type":"ListItem","position":2,"name":"L\u00fcbnan\u2019dan tahliye edilen sivilleri ta\u015f\u0131yan TCG Sancaktar da Mersin\u2019e ula\u015ft\u0131"}]},{"@type":"WebSite","@id":"https:\/\/kibrisdakik.com\/#website","url":"https:\/\/kibrisdakik.com\/","name":"","description":"Tam vaktinde haber","potentialAction":[{"@type":"SearchAction","target":{"@type":"EntryPoint","urlTemplate":"https:\/\/kibrisdakik.com\/?s={search_term_string}"},"query-input":{"@type":"PropertyValueSpecification","valueRequired":true,"valueName":"search_term_string"}}],"inLanguage":"tr"},{"@type":"Person","@id":"https:\/\/kibrisdakik.com\/#\/schema\/person\/9cd9d437bbb44f72b73ba127e06d8e79","name":"admin","image":{"@type":"ImageObject","inLanguage":"tr","@id":"https:\/\/secure.gravatar.com\/avatar\/ccc17943b9d660506c869530f897617f7cb1c21a4bf30023f252596d83e1f007?s=96&d=mm&r=g","url":"https:\/\/secure.gravatar.com\/avatar\/ccc17943b9d660506c869530f897617f7cb1c21a4bf30023f252596d83e1f007?s=96&d=mm&r=g","contentUrl":"https:\/\/secure.gravatar.com\/avatar\/ccc17943b9d660506c869530f897617f7cb1c21a4bf30023f252596d83e1f007?s=96&d=mm&r=g","caption":"admin"},"sameAs":["https:\/\/kibrisdakik.com"],"url":"https:\/\/kibrisdakik.com\/?author=1"}]}},"_links":{"self":[{"href":"https:\/\/kibrisdakik.com\/index.php?rest_route=\/wp\/v2\/posts\/66536","targetHints":{"allow":["GET"]}}],"collection":[{"href":"https:\/\/kibrisdakik.com\/index.php?rest_route=\/wp\/v2\/posts"}],"about":[{"href":"https:\/\/kibrisdakik.com\/index.php?rest_route=\/wp\/v2\/types\/post"}],"author":[{"embeddable":true,"href":"https:\/\/kibrisdakik.com\/index.php?rest_route=\/wp\/v2\/users\/1"}],"replies":[{"embeddable":true,"href":"https:\/\/kibrisdakik.com\/index.php?rest_route=%2Fwp%2Fv2%2Fcomments&post=66536"}],"version-history":[{"count":0,"href":"https:\/\/kibrisdakik.com\/index.php?rest_route=\/wp\/v2\/posts\/66536\/revisions"}],"wp:featuredmedia":[{"embeddable":true,"href":"https:\/\/kibrisdakik.com\/index.php?rest_route=\/wp\/v2\/media\/66537"}],"wp:attachment":[{"href":"https:\/\/kibrisdakik.com\/index.php?rest_route=%2Fwp%2Fv2%2Fmedia&parent=66536"}],"wp:term":[{"taxonomy":"category","embeddable":true,"href":"https:\/\/kibrisdakik.com\/index.php?rest_route=%2Fwp%2Fv2%2Fcategories&post=66536"},{"taxonomy":"post_tag","embeddable":true,"href":"https:\/\/kibrisdakik.com\/index.php?rest_route=%2Fwp%2Fv2%2Ftags&post=66536"}],"curies":[{"name":"wp","href":"https:\/\/api.w.org\/{rel}","templated":true}]}}