{"id":66538,"date":"2024-10-11T11:49:59","date_gmt":"2024-10-11T08:49:59","guid":{"rendered":"https:\/\/kibrisdakik.com\/index.php\/2024\/10\/11\/peyzaj-mimarlari-odasi-kuslarin-yoklugunda-saglikli-bir-dunyadan-dolayisiyla-saglikli-bir-insan-varligindan-soz-etmek-mumkun-degil\/"},"modified":"2024-10-11T11:49:59","modified_gmt":"2024-10-11T08:49:59","slug":"peyzaj-mimarlari-odasi-kuslarin-yoklugunda-saglikli-bir-dunyadan-dolayisiyla-saglikli-bir-insan-varligindan-soz-etmek-mumkun-degil","status":"publish","type":"post","link":"https:\/\/kibrisdakik.com\/?p=66538","title":{"rendered":"Peyzaj Mimarlar\u0131 Odas\u0131: \u201cKu\u015flar\u0131n yoklu\u011funda sa\u011fl\u0131kl\u0131 bir d\u00fcnyadan, dolay\u0131s\u0131yla sa\u011fl\u0131kl\u0131 bir insan varl\u0131\u011f\u0131ndan s\u00f6z etmek m\u00fcmk\u00fcn de\u011fil\u201d"},"content":{"rendered":"<div>\n<div class=\"mariselle-image-container center\">\n                                            <\/div>\n<p> Peyzaj Mimarlar\u0131 Odas\u0131, ku\u015flar\u0131n yoklu\u011funda, sa\u011fl\u0131kl\u0131 bir d\u00fcnyadan, dolay\u0131s\u0131yla sa\u011fl\u0131kl\u0131 bir insan varl\u0131\u011f\u0131ndan s\u00f6z etmenin m\u00fcmk\u00fcn olmad\u0131\u011f\u0131n\u0131 vurgulad\u0131. Oda, sulak alanlar\u0131n korunmas\u0131n\u0131 istedi. <\/p>\n<p>K\u0131br\u0131s T\u00fcrk M\u00fchendis ve Mimar Odalar\u0131 Birli\u011fi\u2019ne (KTMMOB) ba\u011fl\u0131 Peyzaj Mimarlar\u0131 Odas\u0131 Ba\u015fkan\u0131 G\u00fclizar Ero\u011flu, 12 Ekim D\u00fcnya G\u00f6\u00e7men Ku\u015flar G\u00fcn\u00fc dolay\u0131s\u0131yla yay\u0131mlad\u0131\u011f\u0131 a\u00e7\u0131klamada, sonbahar mevsimiyle art\u0131k ku\u015flar\u0131n so\u011fuk kuzey yar\u0131m k\u00fcreden s\u0131cak g\u00fcney yar\u0131m k\u00fcreye do\u011fru g\u00f6\u00e7e ba\u015flad\u0131\u011f\u0131na dikkat \u00e7ekerek, K\u0131br\u0131s\u2019\u0131n iki b\u00fcy\u00fck g\u00f6\u00e7 rotas\u0131 \u00fczerinde yer ald\u0131\u011f\u0131n\u0131 belirtti.<\/p>\n<p>G\u00f6\u00e7 s\u0131ras\u0131nda karn\u0131n\u0131 adada doyuran ve burada bir s\u00fcre dinlenerek g\u00f6\u00e7\u00fcne devam eden ku\u015flar\u0131n yan\u0131nda, adada \u00fcreyen t\u00fcrler de oldu\u011funu s\u00f6yleyen Ero\u011flu, \u201cK\u0131br\u0131s ku\u015f \u00e7e\u015fitlili\u011fi a\u00e7\u0131s\u0131ndan olduk\u00e7a zengindir zira K\u0131br\u0131s\u2019tan \u00e7ok daha b\u00fcy\u00fck olan T\u00fcrkiye\u2019de 500\u2019e yak\u0131n ku\u015f t\u00fcr\u00fc g\u00f6zlemlenirken K\u0131br\u0131s\u2019ta bu say\u0131 400\u2019\u00fcn \u00fczerindedir.\u201d dedi.<\/p>\n<p>Ero\u011flu, ila\u00e7 ve benzeri kimyasallar nedeniyle ku\u015flar\u0131n var olmak i\u00e7in ihtiya\u00e7 duydu\u011fu b\u00f6ceklerin yok edilmesi, ka\u00e7ak avlanma, k\u00fcresel \u0131s\u0131nma, yeterli su ve besin eksikli\u011fi, orman yang\u0131nlar\u0131, kurakl\u0131k\/ya\u011fmursuzluk nedeniyle bir\u00e7ok canl\u0131 gibi g\u00f6\u00e7men ku\u015flar\u0131n da ciddi bir hayat m\u00fccadelesi verdi\u011fini hat\u0131rlatt\u0131.<\/p>\n<p><strong>\u2013 \u201cKu\u015flar\u0131n ekolojik rolleri bir\u00e7ok ekosistemin sa\u011fl\u0131\u011f\u0131 ve insan refah\u0131 i\u00e7in kritik \u00f6neme sahiptir\u201d<\/strong><\/p>\n<p>Ku\u015flar\u0131n d\u00fcnyadaki ekosistemlerin i\u015fleyi\u015finde, insan sa\u011fl\u0131\u011f\u0131n\u0131, ekonomiyi, g\u0131da \u00fcretimini ve milyonlarca di\u011fer canl\u0131 t\u00fcr\u00fcn\u00fc do\u011frudan etkileyecek \u015fekilde \u00f6nemli bir role sahip oldu\u011funu vurgulayan Ero\u011flu, a\u00e7\u0131klamas\u0131na \u015f\u00f6yle devam etti: <\/p>\n<p>\u201cKu\u015flar zararl\u0131lar\u0131 yutar, \u00e7i\u00e7ekleri d\u00f6ller, tohumlar\u0131 da\u011f\u0131t\u0131r, le\u015fleri temizler, besinleri d\u00f6nd\u00fcr\u00fcr ve di\u011fer t\u00fcrlere fayda sa\u011flayacak \u015fekilde \u00e7evreyi de\u011fi\u015ftirir. Ku\u015flar, ayr\u0131ca milyonlarca insan taraf\u0131ndan g\u00f6zlemlenmekte, beslenmekte ve sanatsal\/manevi ilham kayna\u011f\u0131 olarak kullan\u0131lmaktad\u0131r. <\/p>\n<p>Birle\u015fmi\u015f Milletler taraf\u0131ndan yapt\u0131r\u0131lan milenyum ekosistem de\u011ferlendirilmesi \u00e7al\u0131\u015fmas\u0131nda bu ekosistem hizmetleri 4 ba\u015fl\u0131k alt\u0131nda toplanm\u0131\u015ft\u0131r: \u2018D\u00fczenleme, tedarik, destek, k\u00fclt\u00fcr hizmetleri.\u2019<\/p>\n<p>Ku\u015flar\u0131n ekolojik rolleri ve dolay\u0131s\u0131 ile ekosistem hizmetleri bir\u00e7ok ekosistemin sa\u011fl\u0131\u011f\u0131 ve insan refah\u0131 i\u00e7in kritik \u00f6neme sahiptir.\u201d<\/p>\n<p>Ero\u011flu, \u201cku\u015flar\u0131n beslendi\u011fi, ya\u015fad\u0131\u011f\u0131, \u00fcredi\u011fi do\u011fal alanlar\u0131n, sulak alanlar\u0131n korunmas\u0131 ve s\u00fcreklili\u011finin sa\u011flanmas\u0131nda \u00f6nemli bir meslek grubu olan peyzaj mimarlar\u0131 olarak bir\u00e7ok sulak alan\u0131n kurudu\u011fu bu s\u0131cak ekim ay\u0131nda do\u011fal alanlar\u0131n\/sulak alanlar\u0131n korunmas\u0131n\u0131; h\u00fck\u00fcmetin de bu alanlar\u0131 koruma y\u00f6n\u00fcnde eylem ve kararl\u0131l\u0131kta olmas\u0131n\u0131 gerekli g\u00f6rd\u00fcklerini\u201d de kaydetti.<\/p>\n<\/p><\/div>\n<p><script async\n                    defer\n                    crossorigin=\"anonymous\"\n                    src=\"https:\/\/connect.facebook.net\/tr_TR\/sdk.js#xfbml=1&#038;version=v3.3\"\n            ><\/script><\/p>\n","protected":false},"excerpt":{"rendered":"<p>Peyzaj Mimarlar\u0131 Odas\u0131, ku\u015flar\u0131n yoklu\u011funda, sa\u011fl\u0131kl\u0131 bir d\u00fcnyadan, dolay\u0131s\u0131yla sa\u011fl\u0131kl\u0131 bir insan varl\u0131\u011f\u0131ndan s\u00f6z etmenin m\u00fcmk\u00fcn olmad\u0131\u011f\u0131n\u0131 vurgulad\u0131. Oda, sulak alanlar\u0131n korunmas\u0131n\u0131 istedi. K\u0131br\u0131s T\u00fcrk M\u00fchendis ve Mimar Odalar\u0131 Birli\u011fi\u2019ne (KTMMOB) ba\u011fl\u0131 Peyzaj Mimarlar\u0131 Odas\u0131 Ba\u015fkan\u0131 G\u00fclizar Ero\u011flu, 12 Ekim D\u00fcnya G\u00f6\u00e7men Ku\u015flar G\u00fcn\u00fc dolay\u0131s\u0131yla yay\u0131mlad\u0131\u011f\u0131 a\u00e7\u0131klamada, sonbahar mevsimiyle art\u0131k ku\u015flar\u0131n so\u011fuk kuzey yar\u0131m k\u00fcreden<\/p>\n","protected":false},"author":1,"featured_media":66539,"comment_status":"open","ping_status":"open","sticky":false,"template":"","format":"standard","meta":{"footnotes":""},"categories":[81],"tags":[],"class_list":["post-66538","post","type-post","status-publish","format-standard","has-post-thumbnail","hentry","category-kibris"],"yoast_head":"<!-- This site is optimized with the Yoast SEO plugin v27.4 - https:\/\/yoast.com\/product\/yoast-seo-wordpress\/ -->\n<title>Peyzaj Mimarlar\u0131 Odas\u0131: \u201cKu\u015flar\u0131n yoklu\u011funda sa\u011fl\u0131kl\u0131 bir d\u00fcnyadan, dolay\u0131s\u0131yla sa\u011fl\u0131kl\u0131 bir insan varl\u0131\u011f\u0131ndan s\u00f6z etmek m\u00fcmk\u00fcn de\u011fil\u201d -<\/title>\n<meta name=\"robots\" content=\"index, follow, max-snippet:-1, max-image-preview:large, max-video-preview:-1\" \/>\n<link rel=\"canonical\" href=\"https:\/\/kibrisdakik.com\/?p=66538\" \/>\n<meta property=\"og:locale\" content=\"tr_TR\" \/>\n<meta property=\"og:type\" content=\"article\" \/>\n<meta property=\"og:title\" content=\"Peyzaj Mimarlar\u0131 Odas\u0131: \u201cKu\u015flar\u0131n yoklu\u011funda sa\u011fl\u0131kl\u0131 bir d\u00fcnyadan, dolay\u0131s\u0131yla sa\u011fl\u0131kl\u0131 bir insan varl\u0131\u011f\u0131ndan s\u00f6z etmek m\u00fcmk\u00fcn de\u011fil\u201d -\" \/>\n<meta property=\"og:description\" content=\"Peyzaj Mimarlar\u0131 Odas\u0131, ku\u015flar\u0131n yoklu\u011funda, sa\u011fl\u0131kl\u0131 bir d\u00fcnyadan, dolay\u0131s\u0131yla sa\u011fl\u0131kl\u0131 bir insan varl\u0131\u011f\u0131ndan s\u00f6z etmenin m\u00fcmk\u00fcn olmad\u0131\u011f\u0131n\u0131 vurgulad\u0131. Oda, sulak alanlar\u0131n korunmas\u0131n\u0131 istedi. K\u0131br\u0131s T\u00fcrk M\u00fchendis ve Mimar Odalar\u0131 Birli\u011fi\u2019ne (KTMMOB) ba\u011fl\u0131 Peyzaj Mimarlar\u0131 Odas\u0131 Ba\u015fkan\u0131 G\u00fclizar Ero\u011flu, 12 Ekim D\u00fcnya G\u00f6\u00e7men Ku\u015flar G\u00fcn\u00fc dolay\u0131s\u0131yla yay\u0131mlad\u0131\u011f\u0131 a\u00e7\u0131klamada, sonbahar mevsimiyle art\u0131k ku\u015flar\u0131n so\u011fuk kuzey yar\u0131m k\u00fcreden\" \/>\n<meta property=\"og:url\" content=\"https:\/\/kibrisdakik.com\/?p=66538\" \/>\n<meta property=\"article:published_time\" content=\"2024-10-11T08:49:59+00:00\" \/>\n<meta property=\"og:image\" content=\"https:\/\/kibrisdakik.com\/wp-content\/uploads\/2024\/10\/tunus-flamingo-8-740x420.jpg\" \/>\n\t<meta property=\"og:image:width\" content=\"1200\" \/>\n\t<meta property=\"og:image:height\" content=\"722\" \/>\n\t<meta property=\"og:image:type\" content=\"image\/jpeg\" \/>\n<meta name=\"author\" content=\"admin\" \/>\n<meta name=\"twitter:card\" content=\"summary_large_image\" \/>\n<meta name=\"twitter:label1\" content=\"Yazan:\" \/>\n\t<meta name=\"twitter:data1\" content=\"admin\" \/>\n\t<meta name=\"twitter:label2\" content=\"Tahmini okuma s\u00fcresi\" \/>\n\t<meta name=\"twitter:data2\" content=\"3 dakika\" \/>\n<script type=\"application\/ld+json\" class=\"yoast-schema-graph\">{\"@context\":\"https:\\\/\\\/schema.org\",\"@graph\":[{\"@type\":\"Article\",\"@id\":\"https:\\\/\\\/kibrisdakik.com\\\/?p=66538#article\",\"isPartOf\":{\"@id\":\"https:\\\/\\\/kibrisdakik.com\\\/?p=66538\"},\"author\":{\"name\":\"admin\",\"@id\":\"https:\\\/\\\/kibrisdakik.com\\\/#\\\/schema\\\/person\\\/9cd9d437bbb44f72b73ba127e06d8e79\"},\"headline\":\"Peyzaj Mimarlar\u0131 Odas\u0131: \u201cKu\u015flar\u0131n yoklu\u011funda sa\u011fl\u0131kl\u0131 bir d\u00fcnyadan, dolay\u0131s\u0131yla sa\u011fl\u0131kl\u0131 bir insan varl\u0131\u011f\u0131ndan s\u00f6z etmek m\u00fcmk\u00fcn de\u011fil\u201d\",\"datePublished\":\"2024-10-11T08:49:59+00:00\",\"mainEntityOfPage\":{\"@id\":\"https:\\\/\\\/kibrisdakik.com\\\/?p=66538\"},\"wordCount\":551,\"commentCount\":0,\"image\":{\"@id\":\"https:\\\/\\\/kibrisdakik.com\\\/?p=66538#primaryimage\"},\"thumbnailUrl\":\"https:\\\/\\\/kibrisdakik.com\\\/wp-content\\\/uploads\\\/2024\\\/10\\\/tunus-flamingo-8-740x420.jpg\",\"articleSection\":[\"K\u0131br\u0131s\"],\"inLanguage\":\"tr\",\"potentialAction\":[{\"@type\":\"CommentAction\",\"name\":\"Comment\",\"target\":[\"https:\\\/\\\/kibrisdakik.com\\\/?p=66538#respond\"]}]},{\"@type\":\"WebPage\",\"@id\":\"https:\\\/\\\/kibrisdakik.com\\\/?p=66538\",\"url\":\"https:\\\/\\\/kibrisdakik.com\\\/?p=66538\",\"name\":\"Peyzaj Mimarlar\u0131 Odas\u0131: \u201cKu\u015flar\u0131n yoklu\u011funda sa\u011fl\u0131kl\u0131 bir d\u00fcnyadan, dolay\u0131s\u0131yla sa\u011fl\u0131kl\u0131 bir insan varl\u0131\u011f\u0131ndan s\u00f6z etmek m\u00fcmk\u00fcn de\u011fil\u201d -\",\"isPartOf\":{\"@id\":\"https:\\\/\\\/kibrisdakik.com\\\/#website\"},\"primaryImageOfPage\":{\"@id\":\"https:\\\/\\\/kibrisdakik.com\\\/?p=66538#primaryimage\"},\"image\":{\"@id\":\"https:\\\/\\\/kibrisdakik.com\\\/?p=66538#primaryimage\"},\"thumbnailUrl\":\"https:\\\/\\\/kibrisdakik.com\\\/wp-content\\\/uploads\\\/2024\\\/10\\\/tunus-flamingo-8-740x420.jpg\",\"datePublished\":\"2024-10-11T08:49:59+00:00\",\"author\":{\"@id\":\"https:\\\/\\\/kibrisdakik.com\\\/#\\\/schema\\\/person\\\/9cd9d437bbb44f72b73ba127e06d8e79\"},\"breadcrumb\":{\"@id\":\"https:\\\/\\\/kibrisdakik.com\\\/?p=66538#breadcrumb\"},\"inLanguage\":\"tr\",\"potentialAction\":[{\"@type\":\"ReadAction\",\"target\":[\"https:\\\/\\\/kibrisdakik.com\\\/?p=66538\"]}]},{\"@type\":\"ImageObject\",\"inLanguage\":\"tr\",\"@id\":\"https:\\\/\\\/kibrisdakik.com\\\/?p=66538#primaryimage\",\"url\":\"https:\\\/\\\/kibrisdakik.com\\\/wp-content\\\/uploads\\\/2024\\\/10\\\/tunus-flamingo-8-740x420.jpg\",\"contentUrl\":\"https:\\\/\\\/kibrisdakik.com\\\/wp-content\\\/uploads\\\/2024\\\/10\\\/tunus-flamingo-8-740x420.jpg\",\"width\":1200,\"height\":722},{\"@type\":\"BreadcrumbList\",\"@id\":\"https:\\\/\\\/kibrisdakik.com\\\/?p=66538#breadcrumb\",\"itemListElement\":[{\"@type\":\"ListItem\",\"position\":1,\"name\":\"Home\",\"item\":\"https:\\\/\\\/kibrisdakik.com\\\/\"},{\"@type\":\"ListItem\",\"position\":2,\"name\":\"Peyzaj Mimarlar\u0131 Odas\u0131: \u201cKu\u015flar\u0131n yoklu\u011funda sa\u011fl\u0131kl\u0131 bir d\u00fcnyadan, dolay\u0131s\u0131yla sa\u011fl\u0131kl\u0131 bir insan varl\u0131\u011f\u0131ndan s\u00f6z etmek m\u00fcmk\u00fcn de\u011fil\u201d\"}]},{\"@type\":\"WebSite\",\"@id\":\"https:\\\/\\\/kibrisdakik.com\\\/#website\",\"url\":\"https:\\\/\\\/kibrisdakik.com\\\/\",\"name\":\"\",\"description\":\"Tam vaktinde haber\",\"potentialAction\":[{\"@type\":\"SearchAction\",\"target\":{\"@type\":\"EntryPoint\",\"urlTemplate\":\"https:\\\/\\\/kibrisdakik.com\\\/?s={search_term_string}\"},\"query-input\":{\"@type\":\"PropertyValueSpecification\",\"valueRequired\":true,\"valueName\":\"search_term_string\"}}],\"inLanguage\":\"tr\"},{\"@type\":\"Person\",\"@id\":\"https:\\\/\\\/kibrisdakik.com\\\/#\\\/schema\\\/person\\\/9cd9d437bbb44f72b73ba127e06d8e79\",\"name\":\"admin\",\"image\":{\"@type\":\"ImageObject\",\"inLanguage\":\"tr\",\"@id\":\"https:\\\/\\\/secure.gravatar.com\\\/avatar\\\/ccc17943b9d660506c869530f897617f7cb1c21a4bf30023f252596d83e1f007?s=96&d=mm&r=g\",\"url\":\"https:\\\/\\\/secure.gravatar.com\\\/avatar\\\/ccc17943b9d660506c869530f897617f7cb1c21a4bf30023f252596d83e1f007?s=96&d=mm&r=g\",\"contentUrl\":\"https:\\\/\\\/secure.gravatar.com\\\/avatar\\\/ccc17943b9d660506c869530f897617f7cb1c21a4bf30023f252596d83e1f007?s=96&d=mm&r=g\",\"caption\":\"admin\"},\"sameAs\":[\"https:\\\/\\\/kibrisdakik.com\"],\"url\":\"https:\\\/\\\/kibrisdakik.com\\\/?author=1\"}]}<\/script>\n<!-- \/ Yoast SEO plugin. -->","yoast_head_json":{"title":"Peyzaj Mimarlar\u0131 Odas\u0131: \u201cKu\u015flar\u0131n yoklu\u011funda sa\u011fl\u0131kl\u0131 bir d\u00fcnyadan, dolay\u0131s\u0131yla sa\u011fl\u0131kl\u0131 bir insan varl\u0131\u011f\u0131ndan s\u00f6z etmek m\u00fcmk\u00fcn de\u011fil\u201d -","robots":{"index":"index","follow":"follow","max-snippet":"max-snippet:-1","max-image-preview":"max-image-preview:large","max-video-preview":"max-video-preview:-1"},"canonical":"https:\/\/kibrisdakik.com\/?p=66538","og_locale":"tr_TR","og_type":"article","og_title":"Peyzaj Mimarlar\u0131 Odas\u0131: \u201cKu\u015flar\u0131n yoklu\u011funda sa\u011fl\u0131kl\u0131 bir d\u00fcnyadan, dolay\u0131s\u0131yla sa\u011fl\u0131kl\u0131 bir insan varl\u0131\u011f\u0131ndan s\u00f6z etmek m\u00fcmk\u00fcn de\u011fil\u201d -","og_description":"Peyzaj Mimarlar\u0131 Odas\u0131, ku\u015flar\u0131n yoklu\u011funda, sa\u011fl\u0131kl\u0131 bir d\u00fcnyadan, dolay\u0131s\u0131yla sa\u011fl\u0131kl\u0131 bir insan varl\u0131\u011f\u0131ndan s\u00f6z etmenin m\u00fcmk\u00fcn olmad\u0131\u011f\u0131n\u0131 vurgulad\u0131. Oda, sulak alanlar\u0131n korunmas\u0131n\u0131 istedi. K\u0131br\u0131s T\u00fcrk M\u00fchendis ve Mimar Odalar\u0131 Birli\u011fi\u2019ne (KTMMOB) ba\u011fl\u0131 Peyzaj Mimarlar\u0131 Odas\u0131 Ba\u015fkan\u0131 G\u00fclizar Ero\u011flu, 12 Ekim D\u00fcnya G\u00f6\u00e7men Ku\u015flar G\u00fcn\u00fc dolay\u0131s\u0131yla yay\u0131mlad\u0131\u011f\u0131 a\u00e7\u0131klamada, sonbahar mevsimiyle art\u0131k ku\u015flar\u0131n so\u011fuk kuzey yar\u0131m k\u00fcreden","og_url":"https:\/\/kibrisdakik.com\/?p=66538","article_published_time":"2024-10-11T08:49:59+00:00","og_image":[{"width":1200,"height":722,"url":"https:\/\/kibrisdakik.com\/wp-content\/uploads\/2024\/10\/tunus-flamingo-8-740x420.jpg","type":"image\/jpeg"}],"author":"admin","twitter_card":"summary_large_image","twitter_misc":{"Yazan:":"admin","Tahmini okuma s\u00fcresi":"3 dakika"},"schema":{"@context":"https:\/\/schema.org","@graph":[{"@type":"Article","@id":"https:\/\/kibrisdakik.com\/?p=66538#article","isPartOf":{"@id":"https:\/\/kibrisdakik.com\/?p=66538"},"author":{"name":"admin","@id":"https:\/\/kibrisdakik.com\/#\/schema\/person\/9cd9d437bbb44f72b73ba127e06d8e79"},"headline":"Peyzaj Mimarlar\u0131 Odas\u0131: \u201cKu\u015flar\u0131n yoklu\u011funda sa\u011fl\u0131kl\u0131 bir d\u00fcnyadan, dolay\u0131s\u0131yla sa\u011fl\u0131kl\u0131 bir insan varl\u0131\u011f\u0131ndan s\u00f6z etmek m\u00fcmk\u00fcn de\u011fil\u201d","datePublished":"2024-10-11T08:49:59+00:00","mainEntityOfPage":{"@id":"https:\/\/kibrisdakik.com\/?p=66538"},"wordCount":551,"commentCount":0,"image":{"@id":"https:\/\/kibrisdakik.com\/?p=66538#primaryimage"},"thumbnailUrl":"https:\/\/kibrisdakik.com\/wp-content\/uploads\/2024\/10\/tunus-flamingo-8-740x420.jpg","articleSection":["K\u0131br\u0131s"],"inLanguage":"tr","potentialAction":[{"@type":"CommentAction","name":"Comment","target":["https:\/\/kibrisdakik.com\/?p=66538#respond"]}]},{"@type":"WebPage","@id":"https:\/\/kibrisdakik.com\/?p=66538","url":"https:\/\/kibrisdakik.com\/?p=66538","name":"Peyzaj Mimarlar\u0131 Odas\u0131: \u201cKu\u015flar\u0131n yoklu\u011funda sa\u011fl\u0131kl\u0131 bir d\u00fcnyadan, dolay\u0131s\u0131yla sa\u011fl\u0131kl\u0131 bir insan varl\u0131\u011f\u0131ndan s\u00f6z etmek m\u00fcmk\u00fcn de\u011fil\u201d -","isPartOf":{"@id":"https:\/\/kibrisdakik.com\/#website"},"primaryImageOfPage":{"@id":"https:\/\/kibrisdakik.com\/?p=66538#primaryimage"},"image":{"@id":"https:\/\/kibrisdakik.com\/?p=66538#primaryimage"},"thumbnailUrl":"https:\/\/kibrisdakik.com\/wp-content\/uploads\/2024\/10\/tunus-flamingo-8-740x420.jpg","datePublished":"2024-10-11T08:49:59+00:00","author":{"@id":"https:\/\/kibrisdakik.com\/#\/schema\/person\/9cd9d437bbb44f72b73ba127e06d8e79"},"breadcrumb":{"@id":"https:\/\/kibrisdakik.com\/?p=66538#breadcrumb"},"inLanguage":"tr","potentialAction":[{"@type":"ReadAction","target":["https:\/\/kibrisdakik.com\/?p=66538"]}]},{"@type":"ImageObject","inLanguage":"tr","@id":"https:\/\/kibrisdakik.com\/?p=66538#primaryimage","url":"https:\/\/kibrisdakik.com\/wp-content\/uploads\/2024\/10\/tunus-flamingo-8-740x420.jpg","contentUrl":"https:\/\/kibrisdakik.com\/wp-content\/uploads\/2024\/10\/tunus-flamingo-8-740x420.jpg","width":1200,"height":722},{"@type":"BreadcrumbList","@id":"https:\/\/kibrisdakik.com\/?p=66538#breadcrumb","itemListElement":[{"@type":"ListItem","position":1,"name":"Home","item":"https:\/\/kibrisdakik.com\/"},{"@type":"ListItem","position":2,"name":"Peyzaj Mimarlar\u0131 Odas\u0131: \u201cKu\u015flar\u0131n yoklu\u011funda sa\u011fl\u0131kl\u0131 bir d\u00fcnyadan, dolay\u0131s\u0131yla sa\u011fl\u0131kl\u0131 bir insan varl\u0131\u011f\u0131ndan s\u00f6z etmek m\u00fcmk\u00fcn de\u011fil\u201d"}]},{"@type":"WebSite","@id":"https:\/\/kibrisdakik.com\/#website","url":"https:\/\/kibrisdakik.com\/","name":"","description":"Tam vaktinde haber","potentialAction":[{"@type":"SearchAction","target":{"@type":"EntryPoint","urlTemplate":"https:\/\/kibrisdakik.com\/?s={search_term_string}"},"query-input":{"@type":"PropertyValueSpecification","valueRequired":true,"valueName":"search_term_string"}}],"inLanguage":"tr"},{"@type":"Person","@id":"https:\/\/kibrisdakik.com\/#\/schema\/person\/9cd9d437bbb44f72b73ba127e06d8e79","name":"admin","image":{"@type":"ImageObject","inLanguage":"tr","@id":"https:\/\/secure.gravatar.com\/avatar\/ccc17943b9d660506c869530f897617f7cb1c21a4bf30023f252596d83e1f007?s=96&d=mm&r=g","url":"https:\/\/secure.gravatar.com\/avatar\/ccc17943b9d660506c869530f897617f7cb1c21a4bf30023f252596d83e1f007?s=96&d=mm&r=g","contentUrl":"https:\/\/secure.gravatar.com\/avatar\/ccc17943b9d660506c869530f897617f7cb1c21a4bf30023f252596d83e1f007?s=96&d=mm&r=g","caption":"admin"},"sameAs":["https:\/\/kibrisdakik.com"],"url":"https:\/\/kibrisdakik.com\/?author=1"}]}},"_links":{"self":[{"href":"https:\/\/kibrisdakik.com\/index.php?rest_route=\/wp\/v2\/posts\/66538","targetHints":{"allow":["GET"]}}],"collection":[{"href":"https:\/\/kibrisdakik.com\/index.php?rest_route=\/wp\/v2\/posts"}],"about":[{"href":"https:\/\/kibrisdakik.com\/index.php?rest_route=\/wp\/v2\/types\/post"}],"author":[{"embeddable":true,"href":"https:\/\/kibrisdakik.com\/index.php?rest_route=\/wp\/v2\/users\/1"}],"replies":[{"embeddable":true,"href":"https:\/\/kibrisdakik.com\/index.php?rest_route=%2Fwp%2Fv2%2Fcomments&post=66538"}],"version-history":[{"count":0,"href":"https:\/\/kibrisdakik.com\/index.php?rest_route=\/wp\/v2\/posts\/66538\/revisions"}],"wp:featuredmedia":[{"embeddable":true,"href":"https:\/\/kibrisdakik.com\/index.php?rest_route=\/wp\/v2\/media\/66539"}],"wp:attachment":[{"href":"https:\/\/kibrisdakik.com\/index.php?rest_route=%2Fwp%2Fv2%2Fmedia&parent=66538"}],"wp:term":[{"taxonomy":"category","embeddable":true,"href":"https:\/\/kibrisdakik.com\/index.php?rest_route=%2Fwp%2Fv2%2Fcategories&post=66538"},{"taxonomy":"post_tag","embeddable":true,"href":"https:\/\/kibrisdakik.com\/index.php?rest_route=%2Fwp%2Fv2%2Ftags&post=66538"}],"curies":[{"name":"wp","href":"https:\/\/api.w.org\/{rel}","templated":true}]}}