{"id":66554,"date":"2024-10-11T13:52:18","date_gmt":"2024-10-11T10:52:18","guid":{"rendered":"https:\/\/kibrisdakik.com\/index.php\/2024\/10\/11\/gazimagusa-belediye-baskani-ulucay-ciraklik-egitim-merkezi-icin-yeni-hedeflerini-acikladi\/"},"modified":"2024-10-11T13:52:18","modified_gmt":"2024-10-11T10:52:18","slug":"gazimagusa-belediye-baskani-ulucay-ciraklik-egitim-merkezi-icin-yeni-hedeflerini-acikladi","status":"publish","type":"post","link":"https:\/\/kibrisdakik.com\/?p=66554","title":{"rendered":"Gazima\u011fusa Belediye Ba\u015fkan\u0131 Ulu\u00e7ay, \u00c7\u0131rakl\u0131k E\u011fitim Merkezi i\u00e7in yeni hedeflerini a\u00e7\u0131klad\u0131"},"content":{"rendered":"<div>\n<div class=\"mariselle-image-container center\">\n                                            <\/div>\n<p>Gazima\u011fusa Belediye Ba\u015fkan\u0131 S\u00fcleyman Ulu\u00e7ay, Gazima\u011fusa \u00c7\u0131rakl\u0131k E\u011fitim Merkezi i\u00e7in yeni hedeflerini a\u00e7\u0131klad\u0131. <\/p>\n<p>Ulu\u00e7ay yapt\u0131\u011f\u0131 a\u00e7\u0131klamada, MAGEM Mara\u015f\u2019ta 2023\u2019\u00fcn Kas\u0131m ay\u0131nda a\u00e7\u0131l\u0131\u015f\u0131 yap\u0131lan Gazima\u011fusa \u00c7\u0131rakl\u0131k E\u011fitim Merkezi\u2019ne yeti\u015fkin e\u011fitimi ve mesleki at\u00f6lyeler eklenmesinin hedeflendi\u011fini belirtti.<\/p>\n<p>\u00d6\u011frenci say\u0131s\u0131n\u0131n ge\u00e7en y\u0131ldan bu yana 33\u2019den 83\u2019e y\u00fckseldi\u011fini kaydeden Ulu\u00e7ay,  MAGEM dersliklerinde ve Esnaf ve Zanaatk\u00e2rlar Odas\u0131 \u00fcyeli\u011fi bulunan i\u015f yerlerinde 3 y\u0131l e\u011fitim s\u00fcresi bulunan merkezin bir\u00e7ok gence hayatlar\u0131n\u0131n her a\u015famas\u0131nda kullanabilecekleri yeni i\u015f imkanlar\u0131 ve olanaklar sa\u011flad\u0131\u011f\u0131n\u0131 vurgulad\u0131.<\/p>\n<p>Belediye Ba\u015fkan\u0131 Ulu\u00e7ay, \u015fehre bu de\u011ferin kazand\u0131r\u0131lmas\u0131nda eme\u011fi bulunan Gazima\u011fusa Belediyesi K\u00fclt\u00fcr \u015eubesi Amiri Onursal Akdeniz\u2019e, MAGEM Mara\u015f Sorumlusu Cansu Canalp\u2019a, KTEZO Temsilcisi Ersun Ayta\u00e7\u2019a ve desteklerinden dolay\u0131 Milli E\u011fitim Bakan\u0131 Naz\u0131m \u00c7avu\u015fo\u011flu\u2019na, M\u00fcste\u015far\u0131 Aytun\u00e7 \u015eirket\u2019e ve okulun hayata ge\u00e7mesine emek veren herkese te\u015fekk\u00fcrlerini iletti.<\/p>\n<\/p><\/div>\n<p><script async\n                    defer\n                    crossorigin=\"anonymous\"\n                    src=\"https:\/\/connect.facebook.net\/tr_TR\/sdk.js#xfbml=1&#038;version=v3.3\"\n            ><\/script><\/p>\n","protected":false},"excerpt":{"rendered":"<p>Gazima\u011fusa Belediye Ba\u015fkan\u0131 S\u00fcleyman Ulu\u00e7ay, Gazima\u011fusa \u00c7\u0131rakl\u0131k E\u011fitim Merkezi i\u00e7in yeni hedeflerini a\u00e7\u0131klad\u0131. Ulu\u00e7ay yapt\u0131\u011f\u0131 a\u00e7\u0131klamada, MAGEM Mara\u015f\u2019ta 2023\u2019\u00fcn Kas\u0131m ay\u0131nda a\u00e7\u0131l\u0131\u015f\u0131 yap\u0131lan Gazima\u011fusa \u00c7\u0131rakl\u0131k E\u011fitim Merkezi\u2019ne yeti\u015fkin e\u011fitimi ve mesleki at\u00f6lyeler eklenmesinin hedeflendi\u011fini belirtti. \u00d6\u011frenci say\u0131s\u0131n\u0131n ge\u00e7en y\u0131ldan bu yana 33\u2019den 83\u2019e y\u00fckseldi\u011fini kaydeden Ulu\u00e7ay, MAGEM dersliklerinde ve Esnaf ve Zanaatk\u00e2rlar Odas\u0131 \u00fcyeli\u011fi bulunan<\/p>\n","protected":false},"author":1,"featured_media":66555,"comment_status":"open","ping_status":"open","sticky":false,"template":"","format":"standard","meta":{"footnotes":""},"categories":[81],"tags":[],"class_list":["post-66554","post","type-post","status-publish","format-standard","has-post-thumbnail","hentry","category-kibris"],"yoast_head":"<!-- This site is optimized with the Yoast SEO plugin v27.5 - https:\/\/yoast.com\/product\/yoast-seo-wordpress\/ -->\n<title>Gazima\u011fusa Belediye Ba\u015fkan\u0131 Ulu\u00e7ay, \u00c7\u0131rakl\u0131k E\u011fitim Merkezi i\u00e7in yeni hedeflerini a\u00e7\u0131klad\u0131 -<\/title>\n<meta name=\"robots\" content=\"index, follow, max-snippet:-1, max-image-preview:large, max-video-preview:-1\" \/>\n<link rel=\"canonical\" href=\"https:\/\/kibrisdakik.com\/?p=66554\" \/>\n<meta property=\"og:locale\" content=\"tr_TR\" \/>\n<meta property=\"og:type\" content=\"article\" \/>\n<meta property=\"og:title\" content=\"Gazima\u011fusa Belediye Ba\u015fkan\u0131 Ulu\u00e7ay, \u00c7\u0131rakl\u0131k E\u011fitim Merkezi i\u00e7in yeni hedeflerini a\u00e7\u0131klad\u0131 -\" \/>\n<meta property=\"og:description\" content=\"Gazima\u011fusa Belediye Ba\u015fkan\u0131 S\u00fcleyman Ulu\u00e7ay, Gazima\u011fusa \u00c7\u0131rakl\u0131k E\u011fitim Merkezi i\u00e7in yeni hedeflerini a\u00e7\u0131klad\u0131. Ulu\u00e7ay yapt\u0131\u011f\u0131 a\u00e7\u0131klamada, MAGEM Mara\u015f\u2019ta 2023\u2019\u00fcn Kas\u0131m ay\u0131nda a\u00e7\u0131l\u0131\u015f\u0131 yap\u0131lan Gazima\u011fusa \u00c7\u0131rakl\u0131k E\u011fitim Merkezi\u2019ne yeti\u015fkin e\u011fitimi ve mesleki at\u00f6lyeler eklenmesinin hedeflendi\u011fini belirtti. \u00d6\u011frenci say\u0131s\u0131n\u0131n ge\u00e7en y\u0131ldan bu yana 33\u2019den 83\u2019e y\u00fckseldi\u011fini kaydeden Ulu\u00e7ay, MAGEM dersliklerinde ve Esnaf ve Zanaatk\u00e2rlar Odas\u0131 \u00fcyeli\u011fi bulunan\" \/>\n<meta property=\"og:url\" content=\"https:\/\/kibrisdakik.com\/?p=66554\" \/>\n<meta property=\"article:published_time\" content=\"2024-10-11T10:52:18+00:00\" \/>\n<meta property=\"og:image\" content=\"https:\/\/kibrisdakik.com\/wp-content\/uploads\/2024\/10\/gmb-ciraklik-egitim-merkezi-3--740x420.jpeg\" \/>\n\t<meta property=\"og:image:width\" content=\"1600\" \/>\n\t<meta property=\"og:image:height\" content=\"901\" \/>\n\t<meta property=\"og:image:type\" content=\"image\/jpeg\" \/>\n<meta name=\"author\" content=\"admin\" \/>\n<meta name=\"twitter:card\" content=\"summary_large_image\" \/>\n<meta name=\"twitter:label1\" content=\"Yazan:\" \/>\n\t<meta name=\"twitter:data1\" content=\"admin\" \/>\n\t<meta name=\"twitter:label2\" content=\"Tahmini okuma s\u00fcresi\" \/>\n\t<meta name=\"twitter:data2\" content=\"1 dakika\" \/>\n<script type=\"application\/ld+json\" class=\"yoast-schema-graph\">{\"@context\":\"https:\\\/\\\/schema.org\",\"@graph\":[{\"@type\":\"Article\",\"@id\":\"https:\\\/\\\/kibrisdakik.com\\\/?p=66554#article\",\"isPartOf\":{\"@id\":\"https:\\\/\\\/kibrisdakik.com\\\/?p=66554\"},\"author\":{\"name\":\"admin\",\"@id\":\"https:\\\/\\\/kibrisdakik.com\\\/#\\\/schema\\\/person\\\/9cd9d437bbb44f72b73ba127e06d8e79\"},\"headline\":\"Gazima\u011fusa Belediye Ba\u015fkan\u0131 Ulu\u00e7ay, \u00c7\u0131rakl\u0131k E\u011fitim Merkezi i\u00e7in yeni hedeflerini a\u00e7\u0131klad\u0131\",\"datePublished\":\"2024-10-11T10:52:18+00:00\",\"mainEntityOfPage\":{\"@id\":\"https:\\\/\\\/kibrisdakik.com\\\/?p=66554\"},\"wordCount\":206,\"commentCount\":0,\"image\":{\"@id\":\"https:\\\/\\\/kibrisdakik.com\\\/?p=66554#primaryimage\"},\"thumbnailUrl\":\"https:\\\/\\\/kibrisdakik.com\\\/wp-content\\\/uploads\\\/2024\\\/10\\\/gmb-ciraklik-egitim-merkezi-3--740x420.jpeg\",\"articleSection\":[\"K\u0131br\u0131s\"],\"inLanguage\":\"tr\",\"potentialAction\":[{\"@type\":\"CommentAction\",\"name\":\"Comment\",\"target\":[\"https:\\\/\\\/kibrisdakik.com\\\/?p=66554#respond\"]}]},{\"@type\":\"WebPage\",\"@id\":\"https:\\\/\\\/kibrisdakik.com\\\/?p=66554\",\"url\":\"https:\\\/\\\/kibrisdakik.com\\\/?p=66554\",\"name\":\"Gazima\u011fusa Belediye Ba\u015fkan\u0131 Ulu\u00e7ay, \u00c7\u0131rakl\u0131k E\u011fitim Merkezi i\u00e7in yeni hedeflerini a\u00e7\u0131klad\u0131 -\",\"isPartOf\":{\"@id\":\"https:\\\/\\\/kibrisdakik.com\\\/#website\"},\"primaryImageOfPage\":{\"@id\":\"https:\\\/\\\/kibrisdakik.com\\\/?p=66554#primaryimage\"},\"image\":{\"@id\":\"https:\\\/\\\/kibrisdakik.com\\\/?p=66554#primaryimage\"},\"thumbnailUrl\":\"https:\\\/\\\/kibrisdakik.com\\\/wp-content\\\/uploads\\\/2024\\\/10\\\/gmb-ciraklik-egitim-merkezi-3--740x420.jpeg\",\"datePublished\":\"2024-10-11T10:52:18+00:00\",\"author\":{\"@id\":\"https:\\\/\\\/kibrisdakik.com\\\/#\\\/schema\\\/person\\\/9cd9d437bbb44f72b73ba127e06d8e79\"},\"breadcrumb\":{\"@id\":\"https:\\\/\\\/kibrisdakik.com\\\/?p=66554#breadcrumb\"},\"inLanguage\":\"tr\",\"potentialAction\":[{\"@type\":\"ReadAction\",\"target\":[\"https:\\\/\\\/kibrisdakik.com\\\/?p=66554\"]}]},{\"@type\":\"ImageObject\",\"inLanguage\":\"tr\",\"@id\":\"https:\\\/\\\/kibrisdakik.com\\\/?p=66554#primaryimage\",\"url\":\"https:\\\/\\\/kibrisdakik.com\\\/wp-content\\\/uploads\\\/2024\\\/10\\\/gmb-ciraklik-egitim-merkezi-3--740x420.jpeg\",\"contentUrl\":\"https:\\\/\\\/kibrisdakik.com\\\/wp-content\\\/uploads\\\/2024\\\/10\\\/gmb-ciraklik-egitim-merkezi-3--740x420.jpeg\",\"width\":1600,\"height\":901},{\"@type\":\"BreadcrumbList\",\"@id\":\"https:\\\/\\\/kibrisdakik.com\\\/?p=66554#breadcrumb\",\"itemListElement\":[{\"@type\":\"ListItem\",\"position\":1,\"name\":\"Home\",\"item\":\"https:\\\/\\\/kibrisdakik.com\\\/\"},{\"@type\":\"ListItem\",\"position\":2,\"name\":\"Gazima\u011fusa Belediye Ba\u015fkan\u0131 Ulu\u00e7ay, \u00c7\u0131rakl\u0131k E\u011fitim Merkezi i\u00e7in yeni hedeflerini a\u00e7\u0131klad\u0131\"}]},{\"@type\":\"WebSite\",\"@id\":\"https:\\\/\\\/kibrisdakik.com\\\/#website\",\"url\":\"https:\\\/\\\/kibrisdakik.com\\\/\",\"name\":\"\",\"description\":\"Tam vaktinde haber\",\"potentialAction\":[{\"@type\":\"SearchAction\",\"target\":{\"@type\":\"EntryPoint\",\"urlTemplate\":\"https:\\\/\\\/kibrisdakik.com\\\/?s={search_term_string}\"},\"query-input\":{\"@type\":\"PropertyValueSpecification\",\"valueRequired\":true,\"valueName\":\"search_term_string\"}}],\"inLanguage\":\"tr\"},{\"@type\":\"Person\",\"@id\":\"https:\\\/\\\/kibrisdakik.com\\\/#\\\/schema\\\/person\\\/9cd9d437bbb44f72b73ba127e06d8e79\",\"name\":\"admin\",\"image\":{\"@type\":\"ImageObject\",\"inLanguage\":\"tr\",\"@id\":\"https:\\\/\\\/secure.gravatar.com\\\/avatar\\\/ccc17943b9d660506c869530f897617f7cb1c21a4bf30023f252596d83e1f007?s=96&d=mm&r=g\",\"url\":\"https:\\\/\\\/secure.gravatar.com\\\/avatar\\\/ccc17943b9d660506c869530f897617f7cb1c21a4bf30023f252596d83e1f007?s=96&d=mm&r=g\",\"contentUrl\":\"https:\\\/\\\/secure.gravatar.com\\\/avatar\\\/ccc17943b9d660506c869530f897617f7cb1c21a4bf30023f252596d83e1f007?s=96&d=mm&r=g\",\"caption\":\"admin\"},\"sameAs\":[\"https:\\\/\\\/kibrisdakik.com\"],\"url\":\"https:\\\/\\\/kibrisdakik.com\\\/?author=1\"}]}<\/script>\n<!-- \/ Yoast SEO plugin. -->","yoast_head_json":{"title":"Gazima\u011fusa Belediye Ba\u015fkan\u0131 Ulu\u00e7ay, \u00c7\u0131rakl\u0131k E\u011fitim Merkezi i\u00e7in yeni hedeflerini a\u00e7\u0131klad\u0131 -","robots":{"index":"index","follow":"follow","max-snippet":"max-snippet:-1","max-image-preview":"max-image-preview:large","max-video-preview":"max-video-preview:-1"},"canonical":"https:\/\/kibrisdakik.com\/?p=66554","og_locale":"tr_TR","og_type":"article","og_title":"Gazima\u011fusa Belediye Ba\u015fkan\u0131 Ulu\u00e7ay, \u00c7\u0131rakl\u0131k E\u011fitim Merkezi i\u00e7in yeni hedeflerini a\u00e7\u0131klad\u0131 -","og_description":"Gazima\u011fusa Belediye Ba\u015fkan\u0131 S\u00fcleyman Ulu\u00e7ay, Gazima\u011fusa \u00c7\u0131rakl\u0131k E\u011fitim Merkezi i\u00e7in yeni hedeflerini a\u00e7\u0131klad\u0131. Ulu\u00e7ay yapt\u0131\u011f\u0131 a\u00e7\u0131klamada, MAGEM Mara\u015f\u2019ta 2023\u2019\u00fcn Kas\u0131m ay\u0131nda a\u00e7\u0131l\u0131\u015f\u0131 yap\u0131lan Gazima\u011fusa \u00c7\u0131rakl\u0131k E\u011fitim Merkezi\u2019ne yeti\u015fkin e\u011fitimi ve mesleki at\u00f6lyeler eklenmesinin hedeflendi\u011fini belirtti. \u00d6\u011frenci say\u0131s\u0131n\u0131n ge\u00e7en y\u0131ldan bu yana 33\u2019den 83\u2019e y\u00fckseldi\u011fini kaydeden Ulu\u00e7ay, MAGEM dersliklerinde ve Esnaf ve Zanaatk\u00e2rlar Odas\u0131 \u00fcyeli\u011fi bulunan","og_url":"https:\/\/kibrisdakik.com\/?p=66554","article_published_time":"2024-10-11T10:52:18+00:00","og_image":[{"width":1600,"height":901,"url":"https:\/\/kibrisdakik.com\/wp-content\/uploads\/2024\/10\/gmb-ciraklik-egitim-merkezi-3--740x420.jpeg","type":"image\/jpeg"}],"author":"admin","twitter_card":"summary_large_image","twitter_misc":{"Yazan:":"admin","Tahmini okuma s\u00fcresi":"1 dakika"},"schema":{"@context":"https:\/\/schema.org","@graph":[{"@type":"Article","@id":"https:\/\/kibrisdakik.com\/?p=66554#article","isPartOf":{"@id":"https:\/\/kibrisdakik.com\/?p=66554"},"author":{"name":"admin","@id":"https:\/\/kibrisdakik.com\/#\/schema\/person\/9cd9d437bbb44f72b73ba127e06d8e79"},"headline":"Gazima\u011fusa Belediye Ba\u015fkan\u0131 Ulu\u00e7ay, \u00c7\u0131rakl\u0131k E\u011fitim Merkezi i\u00e7in yeni hedeflerini a\u00e7\u0131klad\u0131","datePublished":"2024-10-11T10:52:18+00:00","mainEntityOfPage":{"@id":"https:\/\/kibrisdakik.com\/?p=66554"},"wordCount":206,"commentCount":0,"image":{"@id":"https:\/\/kibrisdakik.com\/?p=66554#primaryimage"},"thumbnailUrl":"https:\/\/kibrisdakik.com\/wp-content\/uploads\/2024\/10\/gmb-ciraklik-egitim-merkezi-3--740x420.jpeg","articleSection":["K\u0131br\u0131s"],"inLanguage":"tr","potentialAction":[{"@type":"CommentAction","name":"Comment","target":["https:\/\/kibrisdakik.com\/?p=66554#respond"]}]},{"@type":"WebPage","@id":"https:\/\/kibrisdakik.com\/?p=66554","url":"https:\/\/kibrisdakik.com\/?p=66554","name":"Gazima\u011fusa Belediye Ba\u015fkan\u0131 Ulu\u00e7ay, \u00c7\u0131rakl\u0131k E\u011fitim Merkezi i\u00e7in yeni hedeflerini a\u00e7\u0131klad\u0131 -","isPartOf":{"@id":"https:\/\/kibrisdakik.com\/#website"},"primaryImageOfPage":{"@id":"https:\/\/kibrisdakik.com\/?p=66554#primaryimage"},"image":{"@id":"https:\/\/kibrisdakik.com\/?p=66554#primaryimage"},"thumbnailUrl":"https:\/\/kibrisdakik.com\/wp-content\/uploads\/2024\/10\/gmb-ciraklik-egitim-merkezi-3--740x420.jpeg","datePublished":"2024-10-11T10:52:18+00:00","author":{"@id":"https:\/\/kibrisdakik.com\/#\/schema\/person\/9cd9d437bbb44f72b73ba127e06d8e79"},"breadcrumb":{"@id":"https:\/\/kibrisdakik.com\/?p=66554#breadcrumb"},"inLanguage":"tr","potentialAction":[{"@type":"ReadAction","target":["https:\/\/kibrisdakik.com\/?p=66554"]}]},{"@type":"ImageObject","inLanguage":"tr","@id":"https:\/\/kibrisdakik.com\/?p=66554#primaryimage","url":"https:\/\/kibrisdakik.com\/wp-content\/uploads\/2024\/10\/gmb-ciraklik-egitim-merkezi-3--740x420.jpeg","contentUrl":"https:\/\/kibrisdakik.com\/wp-content\/uploads\/2024\/10\/gmb-ciraklik-egitim-merkezi-3--740x420.jpeg","width":1600,"height":901},{"@type":"BreadcrumbList","@id":"https:\/\/kibrisdakik.com\/?p=66554#breadcrumb","itemListElement":[{"@type":"ListItem","position":1,"name":"Home","item":"https:\/\/kibrisdakik.com\/"},{"@type":"ListItem","position":2,"name":"Gazima\u011fusa Belediye Ba\u015fkan\u0131 Ulu\u00e7ay, \u00c7\u0131rakl\u0131k E\u011fitim Merkezi i\u00e7in yeni hedeflerini a\u00e7\u0131klad\u0131"}]},{"@type":"WebSite","@id":"https:\/\/kibrisdakik.com\/#website","url":"https:\/\/kibrisdakik.com\/","name":"","description":"Tam vaktinde haber","potentialAction":[{"@type":"SearchAction","target":{"@type":"EntryPoint","urlTemplate":"https:\/\/kibrisdakik.com\/?s={search_term_string}"},"query-input":{"@type":"PropertyValueSpecification","valueRequired":true,"valueName":"search_term_string"}}],"inLanguage":"tr"},{"@type":"Person","@id":"https:\/\/kibrisdakik.com\/#\/schema\/person\/9cd9d437bbb44f72b73ba127e06d8e79","name":"admin","image":{"@type":"ImageObject","inLanguage":"tr","@id":"https:\/\/secure.gravatar.com\/avatar\/ccc17943b9d660506c869530f897617f7cb1c21a4bf30023f252596d83e1f007?s=96&d=mm&r=g","url":"https:\/\/secure.gravatar.com\/avatar\/ccc17943b9d660506c869530f897617f7cb1c21a4bf30023f252596d83e1f007?s=96&d=mm&r=g","contentUrl":"https:\/\/secure.gravatar.com\/avatar\/ccc17943b9d660506c869530f897617f7cb1c21a4bf30023f252596d83e1f007?s=96&d=mm&r=g","caption":"admin"},"sameAs":["https:\/\/kibrisdakik.com"],"url":"https:\/\/kibrisdakik.com\/?author=1"}]}},"_links":{"self":[{"href":"https:\/\/kibrisdakik.com\/index.php?rest_route=\/wp\/v2\/posts\/66554","targetHints":{"allow":["GET"]}}],"collection":[{"href":"https:\/\/kibrisdakik.com\/index.php?rest_route=\/wp\/v2\/posts"}],"about":[{"href":"https:\/\/kibrisdakik.com\/index.php?rest_route=\/wp\/v2\/types\/post"}],"author":[{"embeddable":true,"href":"https:\/\/kibrisdakik.com\/index.php?rest_route=\/wp\/v2\/users\/1"}],"replies":[{"embeddable":true,"href":"https:\/\/kibrisdakik.com\/index.php?rest_route=%2Fwp%2Fv2%2Fcomments&post=66554"}],"version-history":[{"count":0,"href":"https:\/\/kibrisdakik.com\/index.php?rest_route=\/wp\/v2\/posts\/66554\/revisions"}],"wp:featuredmedia":[{"embeddable":true,"href":"https:\/\/kibrisdakik.com\/index.php?rest_route=\/wp\/v2\/media\/66555"}],"wp:attachment":[{"href":"https:\/\/kibrisdakik.com\/index.php?rest_route=%2Fwp%2Fv2%2Fmedia&parent=66554"}],"wp:term":[{"taxonomy":"category","embeddable":true,"href":"https:\/\/kibrisdakik.com\/index.php?rest_route=%2Fwp%2Fv2%2Fcategories&post=66554"},{"taxonomy":"post_tag","embeddable":true,"href":"https:\/\/kibrisdakik.com\/index.php?rest_route=%2Fwp%2Fv2%2Ftags&post=66554"}],"curies":[{"name":"wp","href":"https:\/\/api.w.org\/{rel}","templated":true}]}}