{"id":66566,"date":"2024-10-11T15:52:54","date_gmt":"2024-10-11T12:52:54","guid":{"rendered":"https:\/\/kibrisdakik.com\/index.php\/2024\/10\/11\/erhurman-mecliste-dun-gece-yasananlari-degerlendirdi\/"},"modified":"2024-10-11T15:52:54","modified_gmt":"2024-10-11T12:52:54","slug":"erhurman-mecliste-dun-gece-yasananlari-degerlendirdi","status":"publish","type":"post","link":"https:\/\/kibrisdakik.com\/?p=66566","title":{"rendered":"Erh\u00fcrman Meclis\u2019te d\u00fcn gece ya\u015fananlar\u0131 de\u011ferlendirdi"},"content":{"rendered":"<div>\n<div class=\"mariselle-image-container center\">\n                                            <\/div>\n<p>Cumhuriyet\u00e7i T\u00fcrk Partisi (CTP) Genel Ba\u015fkan\u0131 Tufan Erh\u00fcrman, Meclis\u2019te d\u00fcn gece ya\u015fananlar\u0131 de\u011ferlendirerek \u201cKar\u015f\u0131m\u0131zda koltuk i\u00e7in kendinden ge\u00e7mi\u015f bir yap\u0131 var\u201d dedi.<\/p>\n<p>G\u00fcndem K\u0131br\u0131s Web TV\u2019ye konuk olan Erh\u00fcrman, Meclis Ba\u015fkanl\u0131\u011f\u0131 se\u00e7im s\u00fcrecinde h\u00fck\u00fcmetin kendi adaylar\u0131n\u0131 se\u00e7ememesini ve bu s\u00fcre\u00e7te ya\u015fanan s\u0131k\u0131nt\u0131lar\u0131 hat\u0131rlatarak, \u201cAd\u0131na h\u00fck\u00fcmet diyen yap\u0131, \u00fclkenin ger\u00e7ek sorunlar\u0131na odaklanmak yerine sadece koltuk m\u00fccadelesi veriyor. Memleketin e\u011fitim ve ekonomi gibi b\u00fcy\u00fck sorunlar\u0131 dururken, h\u00fck\u00fcmetin tek derdi kimin hangi koltu\u011fa oturaca\u011f\u0131d\u0131r\u201d ifadelerini kulland\u0131.<\/p>\n<p>-\u201cKendi kuyunuzu kendiniz kazd\u0131n\u0131z\u201d<\/p>\n<p>Erh\u00fcrman, h\u00fck\u00fcmetin Meclis\u2019in a\u00e7\u0131lmas\u0131 konusunda CTP\u2019den destek bekledi\u011fini ancak bu talebe olumsuz yan\u0131t verdiklerini belirtti. \u201cKendi adaylar\u0131n\u0131 bile se\u00e7emediler. Meclis a\u00e7\u0131lmad\u0131, bizden destek istediler ama biz koltuk de\u011fne\u011fi olmak istemedik. \u2018Kendi kuyunuzu kazd\u0131n\u0131z, bu kuyudan kendiniz \u00e7\u0131k\u0131n\u2019 dedik\u201d \u015feklinde konu\u015ftu.<\/p>\n<p>H\u00fck\u00fcmetin i\u00e7 \u00e7eki\u015fmelerinin \u00fclkenin temel sorunlar\u0131n\u0131 g\u00f6lgede b\u0131rakt\u0131\u011f\u0131n\u0131 vurgulayan Erh\u00fcrman, \u201cMeclisi a\u00e7t\u0131n\u0131z da ne oldu? Koltuk i\u00e7in her t\u00fcrl\u00fc oyunu oynayan bir yap\u0131 var kar\u015f\u0131m\u0131zda\u201d diyerek h\u00fck\u00fcmetin tutumunu sert bir \u015fekilde ele\u015ftirdi.<\/p>\n<p>-\u201cHukukla alakas\u0131 yok\u201d<\/p>\n<p>Erh\u00fcrman, \u201cBe\u015finci turda bir oy bile alsa ba\u015fkan olur\u201d iddialar\u0131na da yan\u0131t vererek, \u201cBu iddian\u0131n hukukla alakas\u0131 yok. Madem bir oyla se\u00e7ilecekti, neden bu s\u00fcreci ya\u015fatt\u0131n\u0131z?\u201d diye sordu.<\/p>\n<\/p><\/div>\n<p><script async\n                    defer\n                    crossorigin=\"anonymous\"\n                    src=\"https:\/\/connect.facebook.net\/tr_TR\/sdk.js#xfbml=1&#038;version=v3.3\"\n            ><\/script><\/p>\n","protected":false},"excerpt":{"rendered":"<p>Cumhuriyet\u00e7i T\u00fcrk Partisi (CTP) Genel Ba\u015fkan\u0131 Tufan Erh\u00fcrman, Meclis\u2019te d\u00fcn gece ya\u015fananlar\u0131 de\u011ferlendirerek \u201cKar\u015f\u0131m\u0131zda koltuk i\u00e7in kendinden ge\u00e7mi\u015f bir yap\u0131 var\u201d dedi. G\u00fcndem K\u0131br\u0131s Web TV\u2019ye konuk olan Erh\u00fcrman, Meclis Ba\u015fkanl\u0131\u011f\u0131 se\u00e7im s\u00fcrecinde h\u00fck\u00fcmetin kendi adaylar\u0131n\u0131 se\u00e7ememesini ve bu s\u00fcre\u00e7te ya\u015fanan s\u0131k\u0131nt\u0131lar\u0131 hat\u0131rlatarak, \u201cAd\u0131na h\u00fck\u00fcmet diyen yap\u0131, \u00fclkenin ger\u00e7ek sorunlar\u0131na odaklanmak yerine sadece koltuk m\u00fccadelesi<\/p>\n","protected":false},"author":1,"featured_media":66567,"comment_status":"open","ping_status":"open","sticky":false,"template":"","format":"standard","meta":{"footnotes":""},"categories":[81],"tags":[],"class_list":["post-66566","post","type-post","status-publish","format-standard","has-post-thumbnail","hentry","category-kibris"],"yoast_head":"<!-- This site is optimized with the Yoast SEO plugin v27.4 - https:\/\/yoast.com\/product\/yoast-seo-wordpress\/ -->\n<title>Erh\u00fcrman Meclis\u2019te d\u00fcn gece ya\u015fananlar\u0131 de\u011ferlendirdi -<\/title>\n<meta name=\"robots\" content=\"index, follow, max-snippet:-1, max-image-preview:large, max-video-preview:-1\" \/>\n<link rel=\"canonical\" href=\"https:\/\/kibrisdakik.com\/?p=66566\" \/>\n<meta property=\"og:locale\" content=\"tr_TR\" \/>\n<meta property=\"og:type\" content=\"article\" \/>\n<meta property=\"og:title\" content=\"Erh\u00fcrman Meclis\u2019te d\u00fcn gece ya\u015fananlar\u0131 de\u011ferlendirdi -\" \/>\n<meta property=\"og:description\" content=\"Cumhuriyet\u00e7i T\u00fcrk Partisi (CTP) Genel Ba\u015fkan\u0131 Tufan Erh\u00fcrman, Meclis\u2019te d\u00fcn gece ya\u015fananlar\u0131 de\u011ferlendirerek \u201cKar\u015f\u0131m\u0131zda koltuk i\u00e7in kendinden ge\u00e7mi\u015f bir yap\u0131 var\u201d dedi. G\u00fcndem K\u0131br\u0131s Web TV\u2019ye konuk olan Erh\u00fcrman, Meclis Ba\u015fkanl\u0131\u011f\u0131 se\u00e7im s\u00fcrecinde h\u00fck\u00fcmetin kendi adaylar\u0131n\u0131 se\u00e7ememesini ve bu s\u00fcre\u00e7te ya\u015fanan s\u0131k\u0131nt\u0131lar\u0131 hat\u0131rlatarak, \u201cAd\u0131na h\u00fck\u00fcmet diyen yap\u0131, \u00fclkenin ger\u00e7ek sorunlar\u0131na odaklanmak yerine sadece koltuk m\u00fccadelesi\" \/>\n<meta property=\"og:url\" content=\"https:\/\/kibrisdakik.com\/?p=66566\" \/>\n<meta property=\"article:published_time\" content=\"2024-10-11T12:52:54+00:00\" \/>\n<meta property=\"og:image\" content=\"https:\/\/kibrisdakik.com\/wp-content\/uploads\/2024\/10\/tufan-erhurman45-740x420.jpg\" \/>\n\t<meta property=\"og:image:width\" content=\"2048\" \/>\n\t<meta property=\"og:image:height\" content=\"1365\" \/>\n\t<meta property=\"og:image:type\" content=\"image\/jpeg\" \/>\n<meta name=\"author\" content=\"admin\" \/>\n<meta name=\"twitter:card\" content=\"summary_large_image\" \/>\n<meta name=\"twitter:label1\" content=\"Yazan:\" \/>\n\t<meta name=\"twitter:data1\" content=\"admin\" \/>\n\t<meta name=\"twitter:label2\" content=\"Tahmini okuma s\u00fcresi\" \/>\n\t<meta name=\"twitter:data2\" content=\"1 dakika\" \/>\n<script type=\"application\/ld+json\" class=\"yoast-schema-graph\">{\"@context\":\"https:\\\/\\\/schema.org\",\"@graph\":[{\"@type\":\"Article\",\"@id\":\"https:\\\/\\\/kibrisdakik.com\\\/?p=66566#article\",\"isPartOf\":{\"@id\":\"https:\\\/\\\/kibrisdakik.com\\\/?p=66566\"},\"author\":{\"name\":\"admin\",\"@id\":\"https:\\\/\\\/kibrisdakik.com\\\/#\\\/schema\\\/person\\\/9cd9d437bbb44f72b73ba127e06d8e79\"},\"headline\":\"Erh\u00fcrman Meclis\u2019te d\u00fcn gece ya\u015fananlar\u0131 de\u011ferlendirdi\",\"datePublished\":\"2024-10-11T12:52:54+00:00\",\"mainEntityOfPage\":{\"@id\":\"https:\\\/\\\/kibrisdakik.com\\\/?p=66566\"},\"wordCount\":286,\"commentCount\":0,\"image\":{\"@id\":\"https:\\\/\\\/kibrisdakik.com\\\/?p=66566#primaryimage\"},\"thumbnailUrl\":\"https:\\\/\\\/kibrisdakik.com\\\/wp-content\\\/uploads\\\/2024\\\/10\\\/tufan-erhurman45-740x420.jpg\",\"articleSection\":[\"K\u0131br\u0131s\"],\"inLanguage\":\"tr\",\"potentialAction\":[{\"@type\":\"CommentAction\",\"name\":\"Comment\",\"target\":[\"https:\\\/\\\/kibrisdakik.com\\\/?p=66566#respond\"]}]},{\"@type\":\"WebPage\",\"@id\":\"https:\\\/\\\/kibrisdakik.com\\\/?p=66566\",\"url\":\"https:\\\/\\\/kibrisdakik.com\\\/?p=66566\",\"name\":\"Erh\u00fcrman Meclis\u2019te d\u00fcn gece ya\u015fananlar\u0131 de\u011ferlendirdi -\",\"isPartOf\":{\"@id\":\"https:\\\/\\\/kibrisdakik.com\\\/#website\"},\"primaryImageOfPage\":{\"@id\":\"https:\\\/\\\/kibrisdakik.com\\\/?p=66566#primaryimage\"},\"image\":{\"@id\":\"https:\\\/\\\/kibrisdakik.com\\\/?p=66566#primaryimage\"},\"thumbnailUrl\":\"https:\\\/\\\/kibrisdakik.com\\\/wp-content\\\/uploads\\\/2024\\\/10\\\/tufan-erhurman45-740x420.jpg\",\"datePublished\":\"2024-10-11T12:52:54+00:00\",\"author\":{\"@id\":\"https:\\\/\\\/kibrisdakik.com\\\/#\\\/schema\\\/person\\\/9cd9d437bbb44f72b73ba127e06d8e79\"},\"breadcrumb\":{\"@id\":\"https:\\\/\\\/kibrisdakik.com\\\/?p=66566#breadcrumb\"},\"inLanguage\":\"tr\",\"potentialAction\":[{\"@type\":\"ReadAction\",\"target\":[\"https:\\\/\\\/kibrisdakik.com\\\/?p=66566\"]}]},{\"@type\":\"ImageObject\",\"inLanguage\":\"tr\",\"@id\":\"https:\\\/\\\/kibrisdakik.com\\\/?p=66566#primaryimage\",\"url\":\"https:\\\/\\\/kibrisdakik.com\\\/wp-content\\\/uploads\\\/2024\\\/10\\\/tufan-erhurman45-740x420.jpg\",\"contentUrl\":\"https:\\\/\\\/kibrisdakik.com\\\/wp-content\\\/uploads\\\/2024\\\/10\\\/tufan-erhurman45-740x420.jpg\",\"width\":2048,\"height\":1365},{\"@type\":\"BreadcrumbList\",\"@id\":\"https:\\\/\\\/kibrisdakik.com\\\/?p=66566#breadcrumb\",\"itemListElement\":[{\"@type\":\"ListItem\",\"position\":1,\"name\":\"Home\",\"item\":\"https:\\\/\\\/kibrisdakik.com\\\/\"},{\"@type\":\"ListItem\",\"position\":2,\"name\":\"Erh\u00fcrman Meclis\u2019te d\u00fcn gece ya\u015fananlar\u0131 de\u011ferlendirdi\"}]},{\"@type\":\"WebSite\",\"@id\":\"https:\\\/\\\/kibrisdakik.com\\\/#website\",\"url\":\"https:\\\/\\\/kibrisdakik.com\\\/\",\"name\":\"\",\"description\":\"Tam vaktinde haber\",\"potentialAction\":[{\"@type\":\"SearchAction\",\"target\":{\"@type\":\"EntryPoint\",\"urlTemplate\":\"https:\\\/\\\/kibrisdakik.com\\\/?s={search_term_string}\"},\"query-input\":{\"@type\":\"PropertyValueSpecification\",\"valueRequired\":true,\"valueName\":\"search_term_string\"}}],\"inLanguage\":\"tr\"},{\"@type\":\"Person\",\"@id\":\"https:\\\/\\\/kibrisdakik.com\\\/#\\\/schema\\\/person\\\/9cd9d437bbb44f72b73ba127e06d8e79\",\"name\":\"admin\",\"image\":{\"@type\":\"ImageObject\",\"inLanguage\":\"tr\",\"@id\":\"https:\\\/\\\/secure.gravatar.com\\\/avatar\\\/ccc17943b9d660506c869530f897617f7cb1c21a4bf30023f252596d83e1f007?s=96&d=mm&r=g\",\"url\":\"https:\\\/\\\/secure.gravatar.com\\\/avatar\\\/ccc17943b9d660506c869530f897617f7cb1c21a4bf30023f252596d83e1f007?s=96&d=mm&r=g\",\"contentUrl\":\"https:\\\/\\\/secure.gravatar.com\\\/avatar\\\/ccc17943b9d660506c869530f897617f7cb1c21a4bf30023f252596d83e1f007?s=96&d=mm&r=g\",\"caption\":\"admin\"},\"sameAs\":[\"https:\\\/\\\/kibrisdakik.com\"],\"url\":\"https:\\\/\\\/kibrisdakik.com\\\/?author=1\"}]}<\/script>\n<!-- \/ Yoast SEO plugin. -->","yoast_head_json":{"title":"Erh\u00fcrman Meclis\u2019te d\u00fcn gece ya\u015fananlar\u0131 de\u011ferlendirdi -","robots":{"index":"index","follow":"follow","max-snippet":"max-snippet:-1","max-image-preview":"max-image-preview:large","max-video-preview":"max-video-preview:-1"},"canonical":"https:\/\/kibrisdakik.com\/?p=66566","og_locale":"tr_TR","og_type":"article","og_title":"Erh\u00fcrman Meclis\u2019te d\u00fcn gece ya\u015fananlar\u0131 de\u011ferlendirdi -","og_description":"Cumhuriyet\u00e7i T\u00fcrk Partisi (CTP) Genel Ba\u015fkan\u0131 Tufan Erh\u00fcrman, Meclis\u2019te d\u00fcn gece ya\u015fananlar\u0131 de\u011ferlendirerek \u201cKar\u015f\u0131m\u0131zda koltuk i\u00e7in kendinden ge\u00e7mi\u015f bir yap\u0131 var\u201d dedi. G\u00fcndem K\u0131br\u0131s Web TV\u2019ye konuk olan Erh\u00fcrman, Meclis Ba\u015fkanl\u0131\u011f\u0131 se\u00e7im s\u00fcrecinde h\u00fck\u00fcmetin kendi adaylar\u0131n\u0131 se\u00e7ememesini ve bu s\u00fcre\u00e7te ya\u015fanan s\u0131k\u0131nt\u0131lar\u0131 hat\u0131rlatarak, \u201cAd\u0131na h\u00fck\u00fcmet diyen yap\u0131, \u00fclkenin ger\u00e7ek sorunlar\u0131na odaklanmak yerine sadece koltuk m\u00fccadelesi","og_url":"https:\/\/kibrisdakik.com\/?p=66566","article_published_time":"2024-10-11T12:52:54+00:00","og_image":[{"width":2048,"height":1365,"url":"https:\/\/kibrisdakik.com\/wp-content\/uploads\/2024\/10\/tufan-erhurman45-740x420.jpg","type":"image\/jpeg"}],"author":"admin","twitter_card":"summary_large_image","twitter_misc":{"Yazan:":"admin","Tahmini okuma s\u00fcresi":"1 dakika"},"schema":{"@context":"https:\/\/schema.org","@graph":[{"@type":"Article","@id":"https:\/\/kibrisdakik.com\/?p=66566#article","isPartOf":{"@id":"https:\/\/kibrisdakik.com\/?p=66566"},"author":{"name":"admin","@id":"https:\/\/kibrisdakik.com\/#\/schema\/person\/9cd9d437bbb44f72b73ba127e06d8e79"},"headline":"Erh\u00fcrman Meclis\u2019te d\u00fcn gece ya\u015fananlar\u0131 de\u011ferlendirdi","datePublished":"2024-10-11T12:52:54+00:00","mainEntityOfPage":{"@id":"https:\/\/kibrisdakik.com\/?p=66566"},"wordCount":286,"commentCount":0,"image":{"@id":"https:\/\/kibrisdakik.com\/?p=66566#primaryimage"},"thumbnailUrl":"https:\/\/kibrisdakik.com\/wp-content\/uploads\/2024\/10\/tufan-erhurman45-740x420.jpg","articleSection":["K\u0131br\u0131s"],"inLanguage":"tr","potentialAction":[{"@type":"CommentAction","name":"Comment","target":["https:\/\/kibrisdakik.com\/?p=66566#respond"]}]},{"@type":"WebPage","@id":"https:\/\/kibrisdakik.com\/?p=66566","url":"https:\/\/kibrisdakik.com\/?p=66566","name":"Erh\u00fcrman Meclis\u2019te d\u00fcn gece ya\u015fananlar\u0131 de\u011ferlendirdi -","isPartOf":{"@id":"https:\/\/kibrisdakik.com\/#website"},"primaryImageOfPage":{"@id":"https:\/\/kibrisdakik.com\/?p=66566#primaryimage"},"image":{"@id":"https:\/\/kibrisdakik.com\/?p=66566#primaryimage"},"thumbnailUrl":"https:\/\/kibrisdakik.com\/wp-content\/uploads\/2024\/10\/tufan-erhurman45-740x420.jpg","datePublished":"2024-10-11T12:52:54+00:00","author":{"@id":"https:\/\/kibrisdakik.com\/#\/schema\/person\/9cd9d437bbb44f72b73ba127e06d8e79"},"breadcrumb":{"@id":"https:\/\/kibrisdakik.com\/?p=66566#breadcrumb"},"inLanguage":"tr","potentialAction":[{"@type":"ReadAction","target":["https:\/\/kibrisdakik.com\/?p=66566"]}]},{"@type":"ImageObject","inLanguage":"tr","@id":"https:\/\/kibrisdakik.com\/?p=66566#primaryimage","url":"https:\/\/kibrisdakik.com\/wp-content\/uploads\/2024\/10\/tufan-erhurman45-740x420.jpg","contentUrl":"https:\/\/kibrisdakik.com\/wp-content\/uploads\/2024\/10\/tufan-erhurman45-740x420.jpg","width":2048,"height":1365},{"@type":"BreadcrumbList","@id":"https:\/\/kibrisdakik.com\/?p=66566#breadcrumb","itemListElement":[{"@type":"ListItem","position":1,"name":"Home","item":"https:\/\/kibrisdakik.com\/"},{"@type":"ListItem","position":2,"name":"Erh\u00fcrman Meclis\u2019te d\u00fcn gece ya\u015fananlar\u0131 de\u011ferlendirdi"}]},{"@type":"WebSite","@id":"https:\/\/kibrisdakik.com\/#website","url":"https:\/\/kibrisdakik.com\/","name":"","description":"Tam vaktinde haber","potentialAction":[{"@type":"SearchAction","target":{"@type":"EntryPoint","urlTemplate":"https:\/\/kibrisdakik.com\/?s={search_term_string}"},"query-input":{"@type":"PropertyValueSpecification","valueRequired":true,"valueName":"search_term_string"}}],"inLanguage":"tr"},{"@type":"Person","@id":"https:\/\/kibrisdakik.com\/#\/schema\/person\/9cd9d437bbb44f72b73ba127e06d8e79","name":"admin","image":{"@type":"ImageObject","inLanguage":"tr","@id":"https:\/\/secure.gravatar.com\/avatar\/ccc17943b9d660506c869530f897617f7cb1c21a4bf30023f252596d83e1f007?s=96&d=mm&r=g","url":"https:\/\/secure.gravatar.com\/avatar\/ccc17943b9d660506c869530f897617f7cb1c21a4bf30023f252596d83e1f007?s=96&d=mm&r=g","contentUrl":"https:\/\/secure.gravatar.com\/avatar\/ccc17943b9d660506c869530f897617f7cb1c21a4bf30023f252596d83e1f007?s=96&d=mm&r=g","caption":"admin"},"sameAs":["https:\/\/kibrisdakik.com"],"url":"https:\/\/kibrisdakik.com\/?author=1"}]}},"_links":{"self":[{"href":"https:\/\/kibrisdakik.com\/index.php?rest_route=\/wp\/v2\/posts\/66566","targetHints":{"allow":["GET"]}}],"collection":[{"href":"https:\/\/kibrisdakik.com\/index.php?rest_route=\/wp\/v2\/posts"}],"about":[{"href":"https:\/\/kibrisdakik.com\/index.php?rest_route=\/wp\/v2\/types\/post"}],"author":[{"embeddable":true,"href":"https:\/\/kibrisdakik.com\/index.php?rest_route=\/wp\/v2\/users\/1"}],"replies":[{"embeddable":true,"href":"https:\/\/kibrisdakik.com\/index.php?rest_route=%2Fwp%2Fv2%2Fcomments&post=66566"}],"version-history":[{"count":0,"href":"https:\/\/kibrisdakik.com\/index.php?rest_route=\/wp\/v2\/posts\/66566\/revisions"}],"wp:featuredmedia":[{"embeddable":true,"href":"https:\/\/kibrisdakik.com\/index.php?rest_route=\/wp\/v2\/media\/66567"}],"wp:attachment":[{"href":"https:\/\/kibrisdakik.com\/index.php?rest_route=%2Fwp%2Fv2%2Fmedia&parent=66566"}],"wp:term":[{"taxonomy":"category","embeddable":true,"href":"https:\/\/kibrisdakik.com\/index.php?rest_route=%2Fwp%2Fv2%2Fcategories&post=66566"},{"taxonomy":"post_tag","embeddable":true,"href":"https:\/\/kibrisdakik.com\/index.php?rest_route=%2Fwp%2Fv2%2Ftags&post=66566"}],"curies":[{"name":"wp","href":"https:\/\/api.w.org\/{rel}","templated":true}]}}