{"id":6664,"date":"2023-05-11T08:40:35","date_gmt":"2023-05-11T08:40:35","guid":{"rendered":"https:\/\/kibrisdakik.com\/index.php\/2023\/05\/11\/magusali-sohbetlerde-turkiye-ve-yunanistan-secimleri-sonrasinda-kibris-ve-dogu-akdeniz-konusulacak\/"},"modified":"2023-05-11T08:40:35","modified_gmt":"2023-05-11T08:40:35","slug":"magusali-sohbetlerde-turkiye-ve-yunanistan-secimleri-sonrasinda-kibris-ve-dogu-akdeniz-konusulacak","status":"publish","type":"post","link":"https:\/\/kibrisdakik.com\/?p=6664","title":{"rendered":"Ma\u011fusal\u0131 Sohbetler\u2019de \u201cT\u00fcrkiye ve Yunanistan Se\u00e7imleri Sonras\u0131nda K\u0131br\u0131s ve Do\u011fu Akdeniz\u201d konu\u015fulacak"},"content":{"rendered":"<p><\/p>\n<div>\n<div class=\"mariselle-image-container center\">\n                <img width=\"1600\" height=\"1600\" class=\"lazy-image\" alt=\"\" decoding=\"async\" loading=\"lazy\" sizes=\"auto, (max-width: 1600px) 100vw, 1600px\" src=\"https:\/\/brtk.net\/wp-content\/uploads\/2023\/05\/11\/asdasda.jpg?ver=1c3e420e963663a31660c9da30ae692a\" srcset=\"https:\/\/brtk.net\/wp-content\/uploads\/2023\/05\/11\/asdasda.jpg?ver=1c3e420e963663a31660c9da30ae692a 1600w, https:\/\/brtk.net\/wp-content\/uploads\/2023\/05\/11\/asdasda-300x300.jpg?ver=1c3e420e963663a31660c9da30ae692a 300w, https:\/\/brtk.net\/wp-content\/uploads\/2023\/05\/11\/asdasda-1024x1024.jpg?ver=1c3e420e963663a31660c9da30ae692a 1024w, https:\/\/brtk.net\/wp-content\/uploads\/2023\/05\/11\/asdasda-150x150.jpg?ver=1c3e420e963663a31660c9da30ae692a 150w, https:\/\/brtk.net\/wp-content\/uploads\/2023\/05\/11\/asdasda-768x768.jpg?ver=9f27e95b2f30c59e91c89430b6dfa76c 768w, https:\/\/brtk.net\/wp-content\/uploads\/2023\/05\/11\/asdasda-1536x1536.jpg?ver=8d953b953d295250f9ba10e3ba8e8f32 1536w, https:\/\/brtk.net\/wp-content\/uploads\/2023\/05\/11\/asdasda-800x800.jpg?ver=2ae553e515163fbe6304e32e28a7fd40 800w\"\/>                            <\/div>\n<p>Ma\u011fusal\u0131 Sohbetler\u2019de, bu haftan\u0131n konusunun \u201cT\u00fcrkiye ve Yunanistan Se\u00e7imleri Sonras\u0131nda K\u0131br\u0131s ve Do\u011fu Akdeniz\u201d olarak belirlendi\u011fi bildirildi.<\/p>\n<p>Cumhuriyet\u00e7i T\u00fcrk Partisi (<a href=\"https:\/\/brtk.net\/\">CTP<\/a>) Ma\u011fusa \u0130l\u00e7esi\u2019nin organizasyonuyla rutin olarak d\u00fczenlenen etkinlik bu ak\u015fam saat 19.30\u2019da <a href=\"https:\/\/brtk.net\/\">CTP<\/a> Ma\u011fusa \u0130l\u00e7e Binas\u0131\u2019nda ger\u00e7ekle\u015ftirilecek.<\/p>\n<p>Konferansta, Gazeteci, Yazar, Katimerini Gazetesi K\u0131br\u0131s Temsilcisi Dr. Nikolaos Stelya konu\u015fmac\u0131 olacak. \u00a0<\/p>\n<p>Stelya\u2019n\u0131n sunumu sonras\u0131nda izleyicilere de soru sorma ve katk\u0131 yapma olana\u011f\u0131 sunulacak konferans halk\u0131n kat\u0131l\u0131m\u0131na a\u00e7\u0131k olacak, \u00f6n kay\u0131t yap\u0131lmas\u0131 da gerekmiyor.<\/p>\n<\/p><\/div>\n<p><script async\n                    defer\n                    crossorigin=\"anonymous\"\n                    src=\"https:\/\/connect.facebook.net\/tr_TR\/sdk.js#xfbml=1&#038;version=v3.3\"\n            ><\/script><\/p>\n","protected":false},"excerpt":{"rendered":"<p>Ma\u011fusal\u0131 Sohbetler\u2019de, bu haftan\u0131n konusunun \u201cT\u00fcrkiye ve Yunanistan Se\u00e7imleri Sonras\u0131nda K\u0131br\u0131s ve Do\u011fu Akdeniz\u201d olarak belirlendi\u011fi bildirildi. Cumhuriyet\u00e7i T\u00fcrk Partisi (CTP) Ma\u011fusa \u0130l\u00e7esi\u2019nin organizasyonuyla rutin olarak d\u00fczenlenen etkinlik bu ak\u015fam saat 19.30\u2019da CTP Ma\u011fusa \u0130l\u00e7e Binas\u0131\u2019nda ger\u00e7ekle\u015ftirilecek. Konferansta, Gazeteci, Yazar, Katimerini Gazetesi K\u0131br\u0131s Temsilcisi Dr. Nikolaos Stelya konu\u015fmac\u0131 olacak. \u00a0 Stelya\u2019n\u0131n sunumu sonras\u0131nda izleyicilere de<\/p>\n","protected":false},"author":1,"featured_media":6665,"comment_status":"open","ping_status":"open","sticky":false,"template":"","format":"standard","meta":{"footnotes":""},"categories":[1],"tags":[],"class_list":["post-6664","post","type-post","status-publish","format-standard","has-post-thumbnail","hentry","category-gundem"],"yoast_head":"<!-- This site is optimized with the Yoast SEO plugin v27.4 - https:\/\/yoast.com\/product\/yoast-seo-wordpress\/ -->\n<title>Ma\u011fusal\u0131 Sohbetler\u2019de \u201cT\u00fcrkiye ve Yunanistan Se\u00e7imleri Sonras\u0131nda K\u0131br\u0131s ve Do\u011fu Akdeniz\u201d konu\u015fulacak -<\/title>\n<meta name=\"robots\" content=\"index, follow, max-snippet:-1, max-image-preview:large, max-video-preview:-1\" \/>\n<link rel=\"canonical\" href=\"https:\/\/kibrisdakik.com\/?p=6664\" \/>\n<meta property=\"og:locale\" content=\"tr_TR\" \/>\n<meta property=\"og:type\" content=\"article\" \/>\n<meta property=\"og:title\" content=\"Ma\u011fusal\u0131 Sohbetler\u2019de \u201cT\u00fcrkiye ve Yunanistan Se\u00e7imleri Sonras\u0131nda K\u0131br\u0131s ve Do\u011fu Akdeniz\u201d konu\u015fulacak -\" \/>\n<meta property=\"og:description\" content=\"Ma\u011fusal\u0131 Sohbetler\u2019de, bu haftan\u0131n konusunun \u201cT\u00fcrkiye ve Yunanistan Se\u00e7imleri Sonras\u0131nda K\u0131br\u0131s ve Do\u011fu Akdeniz\u201d olarak belirlendi\u011fi bildirildi. Cumhuriyet\u00e7i T\u00fcrk Partisi (CTP) Ma\u011fusa \u0130l\u00e7esi\u2019nin organizasyonuyla rutin olarak d\u00fczenlenen etkinlik bu ak\u015fam saat 19.30\u2019da CTP Ma\u011fusa \u0130l\u00e7e Binas\u0131\u2019nda ger\u00e7ekle\u015ftirilecek. Konferansta, Gazeteci, Yazar, Katimerini Gazetesi K\u0131br\u0131s Temsilcisi Dr. Nikolaos Stelya konu\u015fmac\u0131 olacak. \u00a0 Stelya\u2019n\u0131n sunumu sonras\u0131nda izleyicilere de\" \/>\n<meta property=\"og:url\" content=\"https:\/\/kibrisdakik.com\/?p=6664\" \/>\n<meta property=\"article:published_time\" content=\"2023-05-11T08:40:35+00:00\" \/>\n<meta property=\"og:image\" content=\"https:\/\/kibrisdakik.com\/wp-content\/uploads\/2023\/05\/asdasda-740x420.jpg\" \/>\n\t<meta property=\"og:image:width\" content=\"1600\" \/>\n\t<meta property=\"og:image:height\" content=\"1600\" \/>\n\t<meta property=\"og:image:type\" content=\"image\/jpeg\" \/>\n<meta name=\"author\" content=\"admin\" \/>\n<meta name=\"twitter:card\" content=\"summary_large_image\" \/>\n<meta name=\"twitter:label1\" content=\"Yazan:\" \/>\n\t<meta name=\"twitter:data1\" content=\"admin\" \/>\n\t<meta name=\"twitter:label2\" content=\"Tahmini okuma s\u00fcresi\" \/>\n\t<meta name=\"twitter:data2\" content=\"1 dakika\" \/>\n<script type=\"application\/ld+json\" class=\"yoast-schema-graph\">{\"@context\":\"https:\\\/\\\/schema.org\",\"@graph\":[{\"@type\":\"Article\",\"@id\":\"https:\\\/\\\/kibrisdakik.com\\\/?p=6664#article\",\"isPartOf\":{\"@id\":\"https:\\\/\\\/kibrisdakik.com\\\/?p=6664\"},\"author\":{\"name\":\"admin\",\"@id\":\"https:\\\/\\\/kibrisdakik.com\\\/#\\\/schema\\\/person\\\/9cd9d437bbb44f72b73ba127e06d8e79\"},\"headline\":\"Ma\u011fusal\u0131 Sohbetler\u2019de \u201cT\u00fcrkiye ve Yunanistan Se\u00e7imleri Sonras\u0131nda K\u0131br\u0131s ve Do\u011fu Akdeniz\u201d konu\u015fulacak\",\"datePublished\":\"2023-05-11T08:40:35+00:00\",\"mainEntityOfPage\":{\"@id\":\"https:\\\/\\\/kibrisdakik.com\\\/?p=6664\"},\"wordCount\":127,\"commentCount\":0,\"image\":{\"@id\":\"https:\\\/\\\/kibrisdakik.com\\\/?p=6664#primaryimage\"},\"thumbnailUrl\":\"https:\\\/\\\/kibrisdakik.com\\\/wp-content\\\/uploads\\\/2023\\\/05\\\/asdasda-740x420.jpg\",\"articleSection\":[\"G\u00fcndem\"],\"inLanguage\":\"tr\",\"potentialAction\":[{\"@type\":\"CommentAction\",\"name\":\"Comment\",\"target\":[\"https:\\\/\\\/kibrisdakik.com\\\/?p=6664#respond\"]}]},{\"@type\":\"WebPage\",\"@id\":\"https:\\\/\\\/kibrisdakik.com\\\/?p=6664\",\"url\":\"https:\\\/\\\/kibrisdakik.com\\\/?p=6664\",\"name\":\"Ma\u011fusal\u0131 Sohbetler\u2019de \u201cT\u00fcrkiye ve Yunanistan Se\u00e7imleri Sonras\u0131nda K\u0131br\u0131s ve Do\u011fu Akdeniz\u201d konu\u015fulacak -\",\"isPartOf\":{\"@id\":\"https:\\\/\\\/kibrisdakik.com\\\/#website\"},\"primaryImageOfPage\":{\"@id\":\"https:\\\/\\\/kibrisdakik.com\\\/?p=6664#primaryimage\"},\"image\":{\"@id\":\"https:\\\/\\\/kibrisdakik.com\\\/?p=6664#primaryimage\"},\"thumbnailUrl\":\"https:\\\/\\\/kibrisdakik.com\\\/wp-content\\\/uploads\\\/2023\\\/05\\\/asdasda-740x420.jpg\",\"datePublished\":\"2023-05-11T08:40:35+00:00\",\"author\":{\"@id\":\"https:\\\/\\\/kibrisdakik.com\\\/#\\\/schema\\\/person\\\/9cd9d437bbb44f72b73ba127e06d8e79\"},\"breadcrumb\":{\"@id\":\"https:\\\/\\\/kibrisdakik.com\\\/?p=6664#breadcrumb\"},\"inLanguage\":\"tr\",\"potentialAction\":[{\"@type\":\"ReadAction\",\"target\":[\"https:\\\/\\\/kibrisdakik.com\\\/?p=6664\"]}]},{\"@type\":\"ImageObject\",\"inLanguage\":\"tr\",\"@id\":\"https:\\\/\\\/kibrisdakik.com\\\/?p=6664#primaryimage\",\"url\":\"https:\\\/\\\/kibrisdakik.com\\\/wp-content\\\/uploads\\\/2023\\\/05\\\/asdasda-740x420.jpg\",\"contentUrl\":\"https:\\\/\\\/kibrisdakik.com\\\/wp-content\\\/uploads\\\/2023\\\/05\\\/asdasda-740x420.jpg\",\"width\":1600,\"height\":1600},{\"@type\":\"BreadcrumbList\",\"@id\":\"https:\\\/\\\/kibrisdakik.com\\\/?p=6664#breadcrumb\",\"itemListElement\":[{\"@type\":\"ListItem\",\"position\":1,\"name\":\"Home\",\"item\":\"https:\\\/\\\/kibrisdakik.com\\\/\"},{\"@type\":\"ListItem\",\"position\":2,\"name\":\"Ma\u011fusal\u0131 Sohbetler\u2019de \u201cT\u00fcrkiye ve Yunanistan Se\u00e7imleri Sonras\u0131nda K\u0131br\u0131s ve Do\u011fu Akdeniz\u201d konu\u015fulacak\"}]},{\"@type\":\"WebSite\",\"@id\":\"https:\\\/\\\/kibrisdakik.com\\\/#website\",\"url\":\"https:\\\/\\\/kibrisdakik.com\\\/\",\"name\":\"\",\"description\":\"Tam vaktinde haber\",\"potentialAction\":[{\"@type\":\"SearchAction\",\"target\":{\"@type\":\"EntryPoint\",\"urlTemplate\":\"https:\\\/\\\/kibrisdakik.com\\\/?s={search_term_string}\"},\"query-input\":{\"@type\":\"PropertyValueSpecification\",\"valueRequired\":true,\"valueName\":\"search_term_string\"}}],\"inLanguage\":\"tr\"},{\"@type\":\"Person\",\"@id\":\"https:\\\/\\\/kibrisdakik.com\\\/#\\\/schema\\\/person\\\/9cd9d437bbb44f72b73ba127e06d8e79\",\"name\":\"admin\",\"image\":{\"@type\":\"ImageObject\",\"inLanguage\":\"tr\",\"@id\":\"https:\\\/\\\/secure.gravatar.com\\\/avatar\\\/ccc17943b9d660506c869530f897617f7cb1c21a4bf30023f252596d83e1f007?s=96&d=mm&r=g\",\"url\":\"https:\\\/\\\/secure.gravatar.com\\\/avatar\\\/ccc17943b9d660506c869530f897617f7cb1c21a4bf30023f252596d83e1f007?s=96&d=mm&r=g\",\"contentUrl\":\"https:\\\/\\\/secure.gravatar.com\\\/avatar\\\/ccc17943b9d660506c869530f897617f7cb1c21a4bf30023f252596d83e1f007?s=96&d=mm&r=g\",\"caption\":\"admin\"},\"sameAs\":[\"https:\\\/\\\/kibrisdakik.com\"],\"url\":\"https:\\\/\\\/kibrisdakik.com\\\/?author=1\"}]}<\/script>\n<!-- \/ Yoast SEO plugin. -->","yoast_head_json":{"title":"Ma\u011fusal\u0131 Sohbetler\u2019de \u201cT\u00fcrkiye ve Yunanistan Se\u00e7imleri Sonras\u0131nda K\u0131br\u0131s ve Do\u011fu Akdeniz\u201d konu\u015fulacak -","robots":{"index":"index","follow":"follow","max-snippet":"max-snippet:-1","max-image-preview":"max-image-preview:large","max-video-preview":"max-video-preview:-1"},"canonical":"https:\/\/kibrisdakik.com\/?p=6664","og_locale":"tr_TR","og_type":"article","og_title":"Ma\u011fusal\u0131 Sohbetler\u2019de \u201cT\u00fcrkiye ve Yunanistan Se\u00e7imleri Sonras\u0131nda K\u0131br\u0131s ve Do\u011fu Akdeniz\u201d konu\u015fulacak -","og_description":"Ma\u011fusal\u0131 Sohbetler\u2019de, bu haftan\u0131n konusunun \u201cT\u00fcrkiye ve Yunanistan Se\u00e7imleri Sonras\u0131nda K\u0131br\u0131s ve Do\u011fu Akdeniz\u201d olarak belirlendi\u011fi bildirildi. Cumhuriyet\u00e7i T\u00fcrk Partisi (CTP) Ma\u011fusa \u0130l\u00e7esi\u2019nin organizasyonuyla rutin olarak d\u00fczenlenen etkinlik bu ak\u015fam saat 19.30\u2019da CTP Ma\u011fusa \u0130l\u00e7e Binas\u0131\u2019nda ger\u00e7ekle\u015ftirilecek. Konferansta, Gazeteci, Yazar, Katimerini Gazetesi K\u0131br\u0131s Temsilcisi Dr. Nikolaos Stelya konu\u015fmac\u0131 olacak. \u00a0 Stelya\u2019n\u0131n sunumu sonras\u0131nda izleyicilere de","og_url":"https:\/\/kibrisdakik.com\/?p=6664","article_published_time":"2023-05-11T08:40:35+00:00","og_image":[{"width":1600,"height":1600,"url":"https:\/\/kibrisdakik.com\/wp-content\/uploads\/2023\/05\/asdasda-740x420.jpg","type":"image\/jpeg"}],"author":"admin","twitter_card":"summary_large_image","twitter_misc":{"Yazan:":"admin","Tahmini okuma s\u00fcresi":"1 dakika"},"schema":{"@context":"https:\/\/schema.org","@graph":[{"@type":"Article","@id":"https:\/\/kibrisdakik.com\/?p=6664#article","isPartOf":{"@id":"https:\/\/kibrisdakik.com\/?p=6664"},"author":{"name":"admin","@id":"https:\/\/kibrisdakik.com\/#\/schema\/person\/9cd9d437bbb44f72b73ba127e06d8e79"},"headline":"Ma\u011fusal\u0131 Sohbetler\u2019de \u201cT\u00fcrkiye ve Yunanistan Se\u00e7imleri Sonras\u0131nda K\u0131br\u0131s ve Do\u011fu Akdeniz\u201d konu\u015fulacak","datePublished":"2023-05-11T08:40:35+00:00","mainEntityOfPage":{"@id":"https:\/\/kibrisdakik.com\/?p=6664"},"wordCount":127,"commentCount":0,"image":{"@id":"https:\/\/kibrisdakik.com\/?p=6664#primaryimage"},"thumbnailUrl":"https:\/\/kibrisdakik.com\/wp-content\/uploads\/2023\/05\/asdasda-740x420.jpg","articleSection":["G\u00fcndem"],"inLanguage":"tr","potentialAction":[{"@type":"CommentAction","name":"Comment","target":["https:\/\/kibrisdakik.com\/?p=6664#respond"]}]},{"@type":"WebPage","@id":"https:\/\/kibrisdakik.com\/?p=6664","url":"https:\/\/kibrisdakik.com\/?p=6664","name":"Ma\u011fusal\u0131 Sohbetler\u2019de \u201cT\u00fcrkiye ve Yunanistan Se\u00e7imleri Sonras\u0131nda K\u0131br\u0131s ve Do\u011fu Akdeniz\u201d konu\u015fulacak -","isPartOf":{"@id":"https:\/\/kibrisdakik.com\/#website"},"primaryImageOfPage":{"@id":"https:\/\/kibrisdakik.com\/?p=6664#primaryimage"},"image":{"@id":"https:\/\/kibrisdakik.com\/?p=6664#primaryimage"},"thumbnailUrl":"https:\/\/kibrisdakik.com\/wp-content\/uploads\/2023\/05\/asdasda-740x420.jpg","datePublished":"2023-05-11T08:40:35+00:00","author":{"@id":"https:\/\/kibrisdakik.com\/#\/schema\/person\/9cd9d437bbb44f72b73ba127e06d8e79"},"breadcrumb":{"@id":"https:\/\/kibrisdakik.com\/?p=6664#breadcrumb"},"inLanguage":"tr","potentialAction":[{"@type":"ReadAction","target":["https:\/\/kibrisdakik.com\/?p=6664"]}]},{"@type":"ImageObject","inLanguage":"tr","@id":"https:\/\/kibrisdakik.com\/?p=6664#primaryimage","url":"https:\/\/kibrisdakik.com\/wp-content\/uploads\/2023\/05\/asdasda-740x420.jpg","contentUrl":"https:\/\/kibrisdakik.com\/wp-content\/uploads\/2023\/05\/asdasda-740x420.jpg","width":1600,"height":1600},{"@type":"BreadcrumbList","@id":"https:\/\/kibrisdakik.com\/?p=6664#breadcrumb","itemListElement":[{"@type":"ListItem","position":1,"name":"Home","item":"https:\/\/kibrisdakik.com\/"},{"@type":"ListItem","position":2,"name":"Ma\u011fusal\u0131 Sohbetler\u2019de \u201cT\u00fcrkiye ve Yunanistan Se\u00e7imleri Sonras\u0131nda K\u0131br\u0131s ve Do\u011fu Akdeniz\u201d konu\u015fulacak"}]},{"@type":"WebSite","@id":"https:\/\/kibrisdakik.com\/#website","url":"https:\/\/kibrisdakik.com\/","name":"","description":"Tam vaktinde haber","potentialAction":[{"@type":"SearchAction","target":{"@type":"EntryPoint","urlTemplate":"https:\/\/kibrisdakik.com\/?s={search_term_string}"},"query-input":{"@type":"PropertyValueSpecification","valueRequired":true,"valueName":"search_term_string"}}],"inLanguage":"tr"},{"@type":"Person","@id":"https:\/\/kibrisdakik.com\/#\/schema\/person\/9cd9d437bbb44f72b73ba127e06d8e79","name":"admin","image":{"@type":"ImageObject","inLanguage":"tr","@id":"https:\/\/secure.gravatar.com\/avatar\/ccc17943b9d660506c869530f897617f7cb1c21a4bf30023f252596d83e1f007?s=96&d=mm&r=g","url":"https:\/\/secure.gravatar.com\/avatar\/ccc17943b9d660506c869530f897617f7cb1c21a4bf30023f252596d83e1f007?s=96&d=mm&r=g","contentUrl":"https:\/\/secure.gravatar.com\/avatar\/ccc17943b9d660506c869530f897617f7cb1c21a4bf30023f252596d83e1f007?s=96&d=mm&r=g","caption":"admin"},"sameAs":["https:\/\/kibrisdakik.com"],"url":"https:\/\/kibrisdakik.com\/?author=1"}]}},"_links":{"self":[{"href":"https:\/\/kibrisdakik.com\/index.php?rest_route=\/wp\/v2\/posts\/6664","targetHints":{"allow":["GET"]}}],"collection":[{"href":"https:\/\/kibrisdakik.com\/index.php?rest_route=\/wp\/v2\/posts"}],"about":[{"href":"https:\/\/kibrisdakik.com\/index.php?rest_route=\/wp\/v2\/types\/post"}],"author":[{"embeddable":true,"href":"https:\/\/kibrisdakik.com\/index.php?rest_route=\/wp\/v2\/users\/1"}],"replies":[{"embeddable":true,"href":"https:\/\/kibrisdakik.com\/index.php?rest_route=%2Fwp%2Fv2%2Fcomments&post=6664"}],"version-history":[{"count":0,"href":"https:\/\/kibrisdakik.com\/index.php?rest_route=\/wp\/v2\/posts\/6664\/revisions"}],"wp:featuredmedia":[{"embeddable":true,"href":"https:\/\/kibrisdakik.com\/index.php?rest_route=\/wp\/v2\/media\/6665"}],"wp:attachment":[{"href":"https:\/\/kibrisdakik.com\/index.php?rest_route=%2Fwp%2Fv2%2Fmedia&parent=6664"}],"wp:term":[{"taxonomy":"category","embeddable":true,"href":"https:\/\/kibrisdakik.com\/index.php?rest_route=%2Fwp%2Fv2%2Fcategories&post=6664"},{"taxonomy":"post_tag","embeddable":true,"href":"https:\/\/kibrisdakik.com\/index.php?rest_route=%2Fwp%2Fv2%2Ftags&post=6664"}],"curies":[{"name":"wp","href":"https:\/\/api.w.org\/{rel}","templated":true}]}}