{"id":66684,"date":"2024-10-13T15:06:05","date_gmt":"2024-10-13T12:06:05","guid":{"rendered":"https:\/\/kibrisdakik.com\/index.php\/2024\/10\/13\/lefkosa-ile-girne-bolgesinde-yarin-elektrik-kesintileri-yapilacak\/"},"modified":"2024-10-13T15:06:05","modified_gmt":"2024-10-13T12:06:05","slug":"lefkosa-ile-girne-bolgesinde-yarin-elektrik-kesintileri-yapilacak","status":"publish","type":"post","link":"https:\/\/kibrisdakik.com\/?p=66684","title":{"rendered":"Lefko\u015fa ile Girne b\u00f6lgesinde yar\u0131n elektrik kesintileri yap\u0131lacak"},"content":{"rendered":"<div>\n<div class=\"mariselle-image-container none\">\n                                            <\/div>\n<p style=\"font-weight: 300;\">K\u0131br\u0131s T\u00fcrk Elektrik Kurumu, Lefko\u015fa ile Girne b\u00f6lgesindeki baz\u0131 yerlerde yar\u0131n yakla\u015f\u0131k 6 saatlik elektrik kesintileri yap\u0131laca\u011f\u0131n\u0131 bildirdi.<\/p>\n<p style=\"font-weight: 300;\"><span style=\"font-weight: 300 !important;\">Kurumdan verilen bilgiye g\u00f6re, yar\u0131n orta gerilim elektrik \u015febekesinde yap\u0131lacak y\u0131ll\u0131k bak\u0131m \u00e7al\u0131\u015fmas\u0131 nedeniyle 09.00 ile yakla\u015f\u0131k 15.00 saatleri aras\u0131nda elektrik verilemeyecek yerler \u015f\u00f6yle:<\/span><\/p>\n<p style=\"font-weight: 300;\"><span style=\"font-weight: 300 !important;\">\u201cBo\u011fazk\u00f6y k\u00f6y i\u00e7i b\u00f6lgesi, Lefko\u015fa \u2013 Girne ana yolu Bo\u011faz kav\u015fa\u011f\u0131 b\u00f6lgesi, Hediyem Su b\u00f6lgesi, St. Hilarion b\u00f6lgesi, GKK Karargah\u0131 b\u00f6lgesi ve A\u011f\u0131rda\u011f, A\u015fa\u011f\u0131 Dikmen, Yukar\u0131 Dikmen, Yukar\u0131 Dikmen su kuyular\u0131 b\u00f6lgesi, Yukar\u0131 Dikmen a\u011f\u0131llar b\u00f6lgesi ve Dikmen K\u0131r\u0131kkale Asker, Bo\u011faz Polis Lojmanlar\u0131 ile Karter K\u0131\u015flas\u0131 aras\u0131 b\u00f6lge ve Fikret K\u00fcr\u015fat arsalar\u0131 civar\u0131, Dikmen k\u00f6y i\u00e7i ve Dikmen k\u0131rsal kesim arsalar\u0131 b\u00f6lgesi, Ta\u015fkent, Dikmen Cemsa Evleri, G\u00fcng\u00f6r ve G\u00fcng\u00f6r Ta\u015focaklar\u0131 b\u00f6lgesi, Oray Sitesi ile Bo\u011faz Karakolu aras\u0131nda kalan k\u0131s\u0131m, Ema\u015f b\u00f6lgesi, K\u00f6m\u00fcrc\u00fc, Da\u011fyolu ve P\u0131narba\u015f\u0131, G\u00fcrp\u0131nar ve Y\u0131lmazk\u00f6y, Serhatk\u00f6y, Serhatk\u00f6y Su Pompa \u0130stasyonu, Gayretk\u00f6y, b\u00f6lgedeki tesis ve su motorlar\u0131, \u015eahinler ve Mevlevi, T\u00fcrkeli, Lefko\u015fa\/G\u00fczelyurt ana yolu \u00fczerinde T\u00fcrkeli kav\u015fa\u011f\u0131 ile Zet Karting aras\u0131nda kalan tesisler, Alayk\u00f6y ve Metehan S\u0131n\u0131r Kap\u0131s\u0131 b\u00f6lgesi, Yenikent Vedat Benzinci\u2019nin g\u00fcneyi.\u201d<\/span><\/p>\n<p style=\"font-weight: 300;\">A\u00e7\u0131klamada, \u00e7al\u0131\u015fman\u0131n seyrine g\u00f6re elektrik enerjisinin belirtilen saatten daha ge\u00e7 ya da daha erken verilebilece\u011finden, \u015febekede her an elektrik varm\u0131\u015f gibi davran\u0131lmas\u0131 istendi ve verilen rahats\u0131zl\u0131ktan dolay\u0131 \u00f6z\u00fcr dilendi.<\/p>\n<p>\u00a0<\/p>\n<\/p><\/div>\n<p><script async\n                    defer\n                    crossorigin=\"anonymous\"\n                    src=\"https:\/\/connect.facebook.net\/tr_TR\/sdk.js#xfbml=1&#038;version=v3.3\"\n            ><\/script><\/p>\n","protected":false},"excerpt":{"rendered":"<p>K\u0131br\u0131s T\u00fcrk Elektrik Kurumu, Lefko\u015fa ile Girne b\u00f6lgesindeki baz\u0131 yerlerde yar\u0131n yakla\u015f\u0131k 6 saatlik elektrik kesintileri yap\u0131laca\u011f\u0131n\u0131 bildirdi. Kurumdan verilen bilgiye g\u00f6re, yar\u0131n orta gerilim elektrik \u015febekesinde yap\u0131lacak y\u0131ll\u0131k bak\u0131m \u00e7al\u0131\u015fmas\u0131 nedeniyle 09.00 ile yakla\u015f\u0131k 15.00 saatleri aras\u0131nda elektrik verilemeyecek yerler \u015f\u00f6yle: \u201cBo\u011fazk\u00f6y k\u00f6y i\u00e7i b\u00f6lgesi, Lefko\u015fa \u2013 Girne ana yolu Bo\u011faz kav\u015fa\u011f\u0131 b\u00f6lgesi, Hediyem<\/p>\n","protected":false},"author":1,"featured_media":66685,"comment_status":"open","ping_status":"open","sticky":false,"template":"","format":"standard","meta":{"footnotes":""},"categories":[81],"tags":[],"class_list":["post-66684","post","type-post","status-publish","format-standard","has-post-thumbnail","hentry","category-kibris"],"yoast_head":"<!-- This site is optimized with the Yoast SEO plugin v27.4 - https:\/\/yoast.com\/product\/yoast-seo-wordpress\/ -->\n<title>Lefko\u015fa ile Girne b\u00f6lgesinde yar\u0131n elektrik kesintileri yap\u0131lacak -<\/title>\n<meta name=\"robots\" content=\"index, follow, max-snippet:-1, max-image-preview:large, max-video-preview:-1\" \/>\n<link rel=\"canonical\" href=\"https:\/\/kibrisdakik.com\/?p=66684\" \/>\n<meta property=\"og:locale\" content=\"tr_TR\" \/>\n<meta property=\"og:type\" content=\"article\" \/>\n<meta property=\"og:title\" content=\"Lefko\u015fa ile Girne b\u00f6lgesinde yar\u0131n elektrik kesintileri yap\u0131lacak -\" \/>\n<meta property=\"og:description\" content=\"K\u0131br\u0131s T\u00fcrk Elektrik Kurumu, Lefko\u015fa ile Girne b\u00f6lgesindeki baz\u0131 yerlerde yar\u0131n yakla\u015f\u0131k 6 saatlik elektrik kesintileri yap\u0131laca\u011f\u0131n\u0131 bildirdi. Kurumdan verilen bilgiye g\u00f6re, yar\u0131n orta gerilim elektrik \u015febekesinde yap\u0131lacak y\u0131ll\u0131k bak\u0131m \u00e7al\u0131\u015fmas\u0131 nedeniyle 09.00 ile yakla\u015f\u0131k 15.00 saatleri aras\u0131nda elektrik verilemeyecek yerler \u015f\u00f6yle: \u201cBo\u011fazk\u00f6y k\u00f6y i\u00e7i b\u00f6lgesi, Lefko\u015fa \u2013 Girne ana yolu Bo\u011faz kav\u015fa\u011f\u0131 b\u00f6lgesi, Hediyem\" \/>\n<meta property=\"og:url\" content=\"https:\/\/kibrisdakik.com\/?p=66684\" \/>\n<meta property=\"article:published_time\" content=\"2024-10-13T12:06:05+00:00\" \/>\n<meta property=\"og:image\" content=\"https:\/\/kibrisdakik.com\/wp-content\/uploads\/2024\/10\/elektrik46.jpg\" \/>\n\t<meta property=\"og:image:width\" content=\"660\" \/>\n\t<meta property=\"og:image:height\" content=\"400\" \/>\n\t<meta property=\"og:image:type\" content=\"image\/jpeg\" \/>\n<meta name=\"author\" content=\"admin\" \/>\n<meta name=\"twitter:card\" content=\"summary_large_image\" \/>\n<meta name=\"twitter:label1\" content=\"Yazan:\" \/>\n\t<meta name=\"twitter:data1\" content=\"admin\" \/>\n\t<meta name=\"twitter:label2\" content=\"Tahmini okuma s\u00fcresi\" \/>\n\t<meta name=\"twitter:data2\" content=\"1 dakika\" \/>\n<script type=\"application\/ld+json\" class=\"yoast-schema-graph\">{\"@context\":\"https:\\\/\\\/schema.org\",\"@graph\":[{\"@type\":\"Article\",\"@id\":\"https:\\\/\\\/kibrisdakik.com\\\/?p=66684#article\",\"isPartOf\":{\"@id\":\"https:\\\/\\\/kibrisdakik.com\\\/?p=66684\"},\"author\":{\"name\":\"admin\",\"@id\":\"https:\\\/\\\/kibrisdakik.com\\\/#\\\/schema\\\/person\\\/9cd9d437bbb44f72b73ba127e06d8e79\"},\"headline\":\"Lefko\u015fa ile Girne b\u00f6lgesinde yar\u0131n elektrik kesintileri yap\u0131lacak\",\"datePublished\":\"2024-10-13T12:06:05+00:00\",\"mainEntityOfPage\":{\"@id\":\"https:\\\/\\\/kibrisdakik.com\\\/?p=66684\"},\"wordCount\":297,\"commentCount\":0,\"image\":{\"@id\":\"https:\\\/\\\/kibrisdakik.com\\\/?p=66684#primaryimage\"},\"thumbnailUrl\":\"https:\\\/\\\/kibrisdakik.com\\\/wp-content\\\/uploads\\\/2024\\\/10\\\/elektrik46.jpg\",\"articleSection\":[\"K\u0131br\u0131s\"],\"inLanguage\":\"tr\",\"potentialAction\":[{\"@type\":\"CommentAction\",\"name\":\"Comment\",\"target\":[\"https:\\\/\\\/kibrisdakik.com\\\/?p=66684#respond\"]}]},{\"@type\":\"WebPage\",\"@id\":\"https:\\\/\\\/kibrisdakik.com\\\/?p=66684\",\"url\":\"https:\\\/\\\/kibrisdakik.com\\\/?p=66684\",\"name\":\"Lefko\u015fa ile Girne b\u00f6lgesinde yar\u0131n elektrik kesintileri yap\u0131lacak -\",\"isPartOf\":{\"@id\":\"https:\\\/\\\/kibrisdakik.com\\\/#website\"},\"primaryImageOfPage\":{\"@id\":\"https:\\\/\\\/kibrisdakik.com\\\/?p=66684#primaryimage\"},\"image\":{\"@id\":\"https:\\\/\\\/kibrisdakik.com\\\/?p=66684#primaryimage\"},\"thumbnailUrl\":\"https:\\\/\\\/kibrisdakik.com\\\/wp-content\\\/uploads\\\/2024\\\/10\\\/elektrik46.jpg\",\"datePublished\":\"2024-10-13T12:06:05+00:00\",\"author\":{\"@id\":\"https:\\\/\\\/kibrisdakik.com\\\/#\\\/schema\\\/person\\\/9cd9d437bbb44f72b73ba127e06d8e79\"},\"breadcrumb\":{\"@id\":\"https:\\\/\\\/kibrisdakik.com\\\/?p=66684#breadcrumb\"},\"inLanguage\":\"tr\",\"potentialAction\":[{\"@type\":\"ReadAction\",\"target\":[\"https:\\\/\\\/kibrisdakik.com\\\/?p=66684\"]}]},{\"@type\":\"ImageObject\",\"inLanguage\":\"tr\",\"@id\":\"https:\\\/\\\/kibrisdakik.com\\\/?p=66684#primaryimage\",\"url\":\"https:\\\/\\\/kibrisdakik.com\\\/wp-content\\\/uploads\\\/2024\\\/10\\\/elektrik46.jpg\",\"contentUrl\":\"https:\\\/\\\/kibrisdakik.com\\\/wp-content\\\/uploads\\\/2024\\\/10\\\/elektrik46.jpg\",\"width\":660,\"height\":400},{\"@type\":\"BreadcrumbList\",\"@id\":\"https:\\\/\\\/kibrisdakik.com\\\/?p=66684#breadcrumb\",\"itemListElement\":[{\"@type\":\"ListItem\",\"position\":1,\"name\":\"Home\",\"item\":\"https:\\\/\\\/kibrisdakik.com\\\/\"},{\"@type\":\"ListItem\",\"position\":2,\"name\":\"Lefko\u015fa ile Girne b\u00f6lgesinde yar\u0131n elektrik kesintileri yap\u0131lacak\"}]},{\"@type\":\"WebSite\",\"@id\":\"https:\\\/\\\/kibrisdakik.com\\\/#website\",\"url\":\"https:\\\/\\\/kibrisdakik.com\\\/\",\"name\":\"\",\"description\":\"Tam vaktinde haber\",\"potentialAction\":[{\"@type\":\"SearchAction\",\"target\":{\"@type\":\"EntryPoint\",\"urlTemplate\":\"https:\\\/\\\/kibrisdakik.com\\\/?s={search_term_string}\"},\"query-input\":{\"@type\":\"PropertyValueSpecification\",\"valueRequired\":true,\"valueName\":\"search_term_string\"}}],\"inLanguage\":\"tr\"},{\"@type\":\"Person\",\"@id\":\"https:\\\/\\\/kibrisdakik.com\\\/#\\\/schema\\\/person\\\/9cd9d437bbb44f72b73ba127e06d8e79\",\"name\":\"admin\",\"image\":{\"@type\":\"ImageObject\",\"inLanguage\":\"tr\",\"@id\":\"https:\\\/\\\/secure.gravatar.com\\\/avatar\\\/ccc17943b9d660506c869530f897617f7cb1c21a4bf30023f252596d83e1f007?s=96&d=mm&r=g\",\"url\":\"https:\\\/\\\/secure.gravatar.com\\\/avatar\\\/ccc17943b9d660506c869530f897617f7cb1c21a4bf30023f252596d83e1f007?s=96&d=mm&r=g\",\"contentUrl\":\"https:\\\/\\\/secure.gravatar.com\\\/avatar\\\/ccc17943b9d660506c869530f897617f7cb1c21a4bf30023f252596d83e1f007?s=96&d=mm&r=g\",\"caption\":\"admin\"},\"sameAs\":[\"https:\\\/\\\/kibrisdakik.com\"],\"url\":\"https:\\\/\\\/kibrisdakik.com\\\/?author=1\"}]}<\/script>\n<!-- \/ Yoast SEO plugin. -->","yoast_head_json":{"title":"Lefko\u015fa ile Girne b\u00f6lgesinde yar\u0131n elektrik kesintileri yap\u0131lacak -","robots":{"index":"index","follow":"follow","max-snippet":"max-snippet:-1","max-image-preview":"max-image-preview:large","max-video-preview":"max-video-preview:-1"},"canonical":"https:\/\/kibrisdakik.com\/?p=66684","og_locale":"tr_TR","og_type":"article","og_title":"Lefko\u015fa ile Girne b\u00f6lgesinde yar\u0131n elektrik kesintileri yap\u0131lacak -","og_description":"K\u0131br\u0131s T\u00fcrk Elektrik Kurumu, Lefko\u015fa ile Girne b\u00f6lgesindeki baz\u0131 yerlerde yar\u0131n yakla\u015f\u0131k 6 saatlik elektrik kesintileri yap\u0131laca\u011f\u0131n\u0131 bildirdi. Kurumdan verilen bilgiye g\u00f6re, yar\u0131n orta gerilim elektrik \u015febekesinde yap\u0131lacak y\u0131ll\u0131k bak\u0131m \u00e7al\u0131\u015fmas\u0131 nedeniyle 09.00 ile yakla\u015f\u0131k 15.00 saatleri aras\u0131nda elektrik verilemeyecek yerler \u015f\u00f6yle: \u201cBo\u011fazk\u00f6y k\u00f6y i\u00e7i b\u00f6lgesi, Lefko\u015fa \u2013 Girne ana yolu Bo\u011faz kav\u015fa\u011f\u0131 b\u00f6lgesi, Hediyem","og_url":"https:\/\/kibrisdakik.com\/?p=66684","article_published_time":"2024-10-13T12:06:05+00:00","og_image":[{"width":660,"height":400,"url":"https:\/\/kibrisdakik.com\/wp-content\/uploads\/2024\/10\/elektrik46.jpg","type":"image\/jpeg"}],"author":"admin","twitter_card":"summary_large_image","twitter_misc":{"Yazan:":"admin","Tahmini okuma s\u00fcresi":"1 dakika"},"schema":{"@context":"https:\/\/schema.org","@graph":[{"@type":"Article","@id":"https:\/\/kibrisdakik.com\/?p=66684#article","isPartOf":{"@id":"https:\/\/kibrisdakik.com\/?p=66684"},"author":{"name":"admin","@id":"https:\/\/kibrisdakik.com\/#\/schema\/person\/9cd9d437bbb44f72b73ba127e06d8e79"},"headline":"Lefko\u015fa ile Girne b\u00f6lgesinde yar\u0131n elektrik kesintileri yap\u0131lacak","datePublished":"2024-10-13T12:06:05+00:00","mainEntityOfPage":{"@id":"https:\/\/kibrisdakik.com\/?p=66684"},"wordCount":297,"commentCount":0,"image":{"@id":"https:\/\/kibrisdakik.com\/?p=66684#primaryimage"},"thumbnailUrl":"https:\/\/kibrisdakik.com\/wp-content\/uploads\/2024\/10\/elektrik46.jpg","articleSection":["K\u0131br\u0131s"],"inLanguage":"tr","potentialAction":[{"@type":"CommentAction","name":"Comment","target":["https:\/\/kibrisdakik.com\/?p=66684#respond"]}]},{"@type":"WebPage","@id":"https:\/\/kibrisdakik.com\/?p=66684","url":"https:\/\/kibrisdakik.com\/?p=66684","name":"Lefko\u015fa ile Girne b\u00f6lgesinde yar\u0131n elektrik kesintileri yap\u0131lacak -","isPartOf":{"@id":"https:\/\/kibrisdakik.com\/#website"},"primaryImageOfPage":{"@id":"https:\/\/kibrisdakik.com\/?p=66684#primaryimage"},"image":{"@id":"https:\/\/kibrisdakik.com\/?p=66684#primaryimage"},"thumbnailUrl":"https:\/\/kibrisdakik.com\/wp-content\/uploads\/2024\/10\/elektrik46.jpg","datePublished":"2024-10-13T12:06:05+00:00","author":{"@id":"https:\/\/kibrisdakik.com\/#\/schema\/person\/9cd9d437bbb44f72b73ba127e06d8e79"},"breadcrumb":{"@id":"https:\/\/kibrisdakik.com\/?p=66684#breadcrumb"},"inLanguage":"tr","potentialAction":[{"@type":"ReadAction","target":["https:\/\/kibrisdakik.com\/?p=66684"]}]},{"@type":"ImageObject","inLanguage":"tr","@id":"https:\/\/kibrisdakik.com\/?p=66684#primaryimage","url":"https:\/\/kibrisdakik.com\/wp-content\/uploads\/2024\/10\/elektrik46.jpg","contentUrl":"https:\/\/kibrisdakik.com\/wp-content\/uploads\/2024\/10\/elektrik46.jpg","width":660,"height":400},{"@type":"BreadcrumbList","@id":"https:\/\/kibrisdakik.com\/?p=66684#breadcrumb","itemListElement":[{"@type":"ListItem","position":1,"name":"Home","item":"https:\/\/kibrisdakik.com\/"},{"@type":"ListItem","position":2,"name":"Lefko\u015fa ile Girne b\u00f6lgesinde yar\u0131n elektrik kesintileri yap\u0131lacak"}]},{"@type":"WebSite","@id":"https:\/\/kibrisdakik.com\/#website","url":"https:\/\/kibrisdakik.com\/","name":"","description":"Tam vaktinde haber","potentialAction":[{"@type":"SearchAction","target":{"@type":"EntryPoint","urlTemplate":"https:\/\/kibrisdakik.com\/?s={search_term_string}"},"query-input":{"@type":"PropertyValueSpecification","valueRequired":true,"valueName":"search_term_string"}}],"inLanguage":"tr"},{"@type":"Person","@id":"https:\/\/kibrisdakik.com\/#\/schema\/person\/9cd9d437bbb44f72b73ba127e06d8e79","name":"admin","image":{"@type":"ImageObject","inLanguage":"tr","@id":"https:\/\/secure.gravatar.com\/avatar\/ccc17943b9d660506c869530f897617f7cb1c21a4bf30023f252596d83e1f007?s=96&d=mm&r=g","url":"https:\/\/secure.gravatar.com\/avatar\/ccc17943b9d660506c869530f897617f7cb1c21a4bf30023f252596d83e1f007?s=96&d=mm&r=g","contentUrl":"https:\/\/secure.gravatar.com\/avatar\/ccc17943b9d660506c869530f897617f7cb1c21a4bf30023f252596d83e1f007?s=96&d=mm&r=g","caption":"admin"},"sameAs":["https:\/\/kibrisdakik.com"],"url":"https:\/\/kibrisdakik.com\/?author=1"}]}},"_links":{"self":[{"href":"https:\/\/kibrisdakik.com\/index.php?rest_route=\/wp\/v2\/posts\/66684","targetHints":{"allow":["GET"]}}],"collection":[{"href":"https:\/\/kibrisdakik.com\/index.php?rest_route=\/wp\/v2\/posts"}],"about":[{"href":"https:\/\/kibrisdakik.com\/index.php?rest_route=\/wp\/v2\/types\/post"}],"author":[{"embeddable":true,"href":"https:\/\/kibrisdakik.com\/index.php?rest_route=\/wp\/v2\/users\/1"}],"replies":[{"embeddable":true,"href":"https:\/\/kibrisdakik.com\/index.php?rest_route=%2Fwp%2Fv2%2Fcomments&post=66684"}],"version-history":[{"count":0,"href":"https:\/\/kibrisdakik.com\/index.php?rest_route=\/wp\/v2\/posts\/66684\/revisions"}],"wp:featuredmedia":[{"embeddable":true,"href":"https:\/\/kibrisdakik.com\/index.php?rest_route=\/wp\/v2\/media\/66685"}],"wp:attachment":[{"href":"https:\/\/kibrisdakik.com\/index.php?rest_route=%2Fwp%2Fv2%2Fmedia&parent=66684"}],"wp:term":[{"taxonomy":"category","embeddable":true,"href":"https:\/\/kibrisdakik.com\/index.php?rest_route=%2Fwp%2Fv2%2Fcategories&post=66684"},{"taxonomy":"post_tag","embeddable":true,"href":"https:\/\/kibrisdakik.com\/index.php?rest_route=%2Fwp%2Fv2%2Ftags&post=66684"}],"curies":[{"name":"wp","href":"https:\/\/api.w.org\/{rel}","templated":true}]}}