{"id":66708,"date":"2024-10-12T08:41:42","date_gmt":"2024-10-12T05:41:42","guid":{"rendered":"https:\/\/kibrisdakik.com\/index.php\/2024\/10\/12\/vucic-turkiye-balkanlarda-en-buyuk-guce-ve-role-sahip-ulke\/"},"modified":"2024-10-12T08:41:42","modified_gmt":"2024-10-12T05:41:42","slug":"vucic-turkiye-balkanlarda-en-buyuk-guce-ve-role-sahip-ulke","status":"publish","type":"post","link":"https:\/\/kibrisdakik.com\/?p=66708","title":{"rendered":"Vucic: T\u00fcrkiye, Balkanlar\u2019da en b\u00fcy\u00fck g\u00fcce ve role sahip \u00fclke"},"content":{"rendered":"<p><\/p>\n<div>\n<div class=\"mariselle-image-container center\">\n                <img loading=\"lazy\" decoding=\"async\" width=\"1280\" height=\"546\" class=\"lazy-image\" alt=\"\" sizes=\"auto, (max-width: 1280px) 100vw, 1280px\" src=\"https:\/\/brtk.net\/wp-content\/uploads\/2024\/10\/12\/aleksandar-vucic-2289129.jpg?ver=8c80e65e2ffd14e332296b8a7857206d\" srcset=\"https:\/\/brtk.net\/wp-content\/uploads\/2024\/10\/12\/aleksandar-vucic-2289129.jpg?ver=8c80e65e2ffd14e332296b8a7857206d 1280w, https:\/\/brtk.net\/wp-content\/uploads\/2024\/10\/12\/aleksandar-vucic-2289129-300x128.jpg?ver=c3b6eeca154f57afb656913a97038f19 300w, https:\/\/brtk.net\/wp-content\/uploads\/2024\/10\/12\/aleksandar-vucic-2289129-1024x437.jpg?ver=c3b6eeca154f57afb656913a97038f19 1024w, https:\/\/brtk.net\/wp-content\/uploads\/2024\/10\/12\/aleksandar-vucic-2289129-768x328.jpg?ver=c3b6eeca154f57afb656913a97038f19 768w\"\/>                            <\/div>\n<p>S\u0131rbistan Cumhurba\u015fkan\u0131 Aleksandar Vucic, \u201cT\u00fcrkiye, Balkanlar\u2019da en b\u00fcy\u00fck g\u00fcce ve role sahip \u00fclke. Dolay\u0131s\u0131yla bar\u0131\u015f ve istikrar s\u00fcre\u00e7lerinde T\u00fcrkiye\u2019nin deste\u011fini bekliyoruz\u201d dedi.<\/p>\n<p>TC Cumhurba\u015fkan\u0131 Recep Tayyip Erdo\u011fan ve Vucic, S\u0131rbistan\u2019\u0131n ba\u015fkenti Belgrad\u2019daki S\u0131rbistan Saray\u0131\u2019ndaki ba\u015f ba\u015fa g\u00f6r\u00fc\u015fme ve Y\u00fcksek D\u00fczeyli \u0130\u015fbirli\u011fi Konseyi D\u00f6rd\u00fcnc\u00fc Toplant\u0131s\u0131 ile anla\u015fmalar\u0131n imza t\u00f6reninin ard\u0131ndan ortak bas\u0131n toplant\u0131s\u0131 d\u00fczenledi.<\/p>\n<p>Cumhurba\u015fkan\u0131 Erdo\u011fan\u2019\u0131n ziyaretinin ikili ili\u015fkilerin g\u00fc\u00e7lenmesine daha da katk\u0131 sa\u011flayaca\u011f\u0131n\u0131 aktaran Vucic, Erdo\u011fan ile bir\u00e7ok konuyu ele ald\u0131klar\u0131n\u0131 s\u00f6yledi.<\/p>\n<p>Vucic, iki \u00fclkenin Avrupa Birli\u011fi (AB) \u00fcyelik s\u00fcre\u00e7lerini de de\u011ferlendirdiklerine i\u015faret ederek \u201cHer zaman Erdo\u011fan\u2019dan \u00f6\u011frendi\u011fim \u00e7ok \u015fey oluyor. G\u00f6r\u00fc\u015fmelerimizin S\u0131rbistan ve S\u0131rp halk\u0131na da fayda sa\u011flayaca\u011f\u0131n\u0131 d\u00fc\u015f\u00fcn\u00fcyorum\u201d diye konu\u015ftu.<\/p>\n<p>\u0130ki \u00fclke aras\u0131ndaki ekonomik ili\u015fkilerin olduk\u00e7a iyi oldu\u011funa ve ticaret hacminin son birka\u00e7 y\u0131lda 7 kat art\u0131\u011f\u0131na dikkati \u00e7eken Vucic, \u201cErdo\u011fan bizlere 5 milyar avroluk bir hedef koydu. Y\u0131l\u0131n ilk 8 ay\u0131nda 2 milyar avroyu a\u015ft\u0131k. Yani hedefin yar\u0131s\u0131na geldik. Y\u0131l\u0131 da yakla\u015f\u0131k 2,6 milyar avroyla kapataca\u011f\u0131m\u0131z kanaatindeyim\u201d ifadelerini kulland\u0131.<\/p>\n<p>Vucic, \u201cT\u00fcrkiye dostane ili\u015fkiler kurmaya \u00f6nem verdi\u011fimiz bir \u00fclke. Bu hem siyasi hem ekonomik hem Avrasya d\u00fczeyinde \u00f6nemli, k\u00fcresel \u00f6l\u00e7ekte de \u00f6nemli\u201d de\u011ferlendirmesinde bulundu.<\/p>\n<p><strong>\u201cBar\u0131\u015f ve istikrar s\u00fcre\u00e7lerinde T\u00fcrkiye\u2019nin deste\u011fini bekliyoruz\u201d<\/strong><br \/>T\u00fcrkiye ile g\u00fc\u00e7l\u00fc siyasi ve ekonomik ili\u015fkiler geli\u015ftirmek istediklerini s\u00f6yleyen Vucic, \u201cBizim i\u00e7in \u00f6nemli olan ve ili\u015fkilerimizi daha derinle\u015ftirece\u011fini d\u00fc\u015f\u00fcnd\u00fc\u011f\u00fcm\u00fcz anla\u015fma ve niyetimiz, Erdo\u011fan\u2019\u0131n da s\u00f6yledi\u011fi bizim de istedi\u011fimiz, savunma alan\u0131nda daha yak\u0131n i\u015f birli\u011fi kurmak. Bu ba\u011flamda \u00f6n\u00fcm\u00fczdeki d\u00f6nemde ad\u0131mlar ataca\u011f\u0131z\u201d dedi.<\/p>\n<p>Vucic, \u201cT\u00fcrkiye vatanda\u015flar\u0131n\u0131n ve halk\u0131n\u0131n \u00e7\u0131kar\u0131na g\u00f6re ba\u011f\u0131ms\u0131z, kontroll\u00fc bir \u00fclkeye liderlik eden Erdo\u011fan\u2019\u0131n siyasi konumunu son derece takdir ediyoruz\u201d diye konu\u015ftu.<\/p>\n<p>Erdo\u011fan\u2019\u0131n en yak\u0131n zamanda tekrar S\u0131rbistan\u2019\u0131 ziyaret etmesini temenni eden Vucic, \u201cT\u00fcrkiye, Balkanlar\u2019da en b\u00fcy\u00fck g\u00fcce ve role sahip \u00fclke. Dolay\u0131s\u0131yla bar\u0131\u015f ve istikrar s\u00fcre\u00e7lerinde T\u00fcrkiye\u2019nin deste\u011fini bekliyoruz\u201d dedi.<\/p>\n<p>Vucic, \u201cCumhurba\u015fkan\u0131 Erdo\u011fan, Balkanlar\u2019daki sorunlar\u0131 \u00e7ok iyi anl\u0131yor ve her zaman diyalo\u011fun sorunlar\u0131n tek \u00e7\u00f6z\u00fcm yolu oldu\u011funu s\u00f6yl\u00fcyor\u201d ifadesini kulland\u0131.<\/p>\n<p><strong>\u201c(Erdo\u011fan) Ailemden biri hasta olsa hemen arar\u201d<\/strong><br \/>Cumhurba\u015fkan\u0131 Erdo\u011fan\u2019\u0131n ayn\u0131 zamanda \u00e7ok iyi bir dost oldu\u011funu aktaran Vucic, \u201cAilemden biri hasta olsa hemen arar. B\u00f6yle d\u00fc\u015f\u00fcnceli insanlar \u00e7ok nadirdir. Benim hayat\u0131mda ise yok denecek kadar azlar\u201d diye konu\u015ftu.<\/p>\n<p>Vucic, \u201c(Cumhurba\u015fkan\u0131) Erdo\u011fan gelmeden \u00f6nce T\u00fcrkiye\u2019nin nas\u0131l g\u00f6r\u00fcnd\u00fc\u011f\u00fcne bak\u0131n. \u00dclkesinin g\u00f6r\u00fcn\u00fc\u015f\u00fcn\u00fc de\u011fi\u015ftirdi. Bug\u00fcn T\u00fcrkiye, d\u00fcnyan\u0131n en modern \u00fclkelerinden biri\u201d dedi.<\/p>\n<p>T\u00fcrkiye\u2019nin S\u0131rbistan\u2019daki en \u00f6nemli yat\u0131r\u0131mc\u0131lardan oldu\u011funa i\u015faret eden Vucic, iki \u00fclkenin savunma i\u015f birli\u011fi alan\u0131nda \u00e7ok b\u00fcy\u00fck bir i\u015f birli\u011fi potansiyeli oldu\u011funu vurgulad\u0131.<\/p>\n<\/p><\/div>\n<p><script async\n                    defer\n                    crossorigin=\"anonymous\"\n                    src=\"https:\/\/connect.facebook.net\/tr_TR\/sdk.js#xfbml=1&#038;version=v3.3\"\n            ><\/script><\/p>\n","protected":false},"excerpt":{"rendered":"<p>S\u0131rbistan Cumhurba\u015fkan\u0131 Aleksandar Vucic, \u201cT\u00fcrkiye, Balkanlar\u2019da en b\u00fcy\u00fck g\u00fcce ve role sahip \u00fclke. Dolay\u0131s\u0131yla bar\u0131\u015f ve istikrar s\u00fcre\u00e7lerinde T\u00fcrkiye\u2019nin deste\u011fini bekliyoruz\u201d dedi. TC Cumhurba\u015fkan\u0131 Recep Tayyip Erdo\u011fan ve Vucic, S\u0131rbistan\u2019\u0131n ba\u015fkenti Belgrad\u2019daki S\u0131rbistan Saray\u0131\u2019ndaki ba\u015f ba\u015fa g\u00f6r\u00fc\u015fme ve Y\u00fcksek D\u00fczeyli \u0130\u015fbirli\u011fi Konseyi D\u00f6rd\u00fcnc\u00fc Toplant\u0131s\u0131 ile anla\u015fmalar\u0131n imza t\u00f6reninin ard\u0131ndan ortak bas\u0131n toplant\u0131s\u0131 d\u00fczenledi. Cumhurba\u015fkan\u0131 Erdo\u011fan\u2019\u0131n<\/p>\n","protected":false},"author":1,"featured_media":66709,"comment_status":"open","ping_status":"open","sticky":false,"template":"","format":"standard","meta":{"footnotes":""},"categories":[1],"tags":[],"class_list":["post-66708","post","type-post","status-publish","format-standard","has-post-thumbnail","hentry","category-gundem"],"yoast_head":"<!-- This site is optimized with the Yoast SEO plugin v27.5 - https:\/\/yoast.com\/product\/yoast-seo-wordpress\/ -->\n<title>Vucic: T\u00fcrkiye, Balkanlar\u2019da en b\u00fcy\u00fck g\u00fcce ve role sahip \u00fclke -<\/title>\n<meta name=\"robots\" content=\"index, follow, max-snippet:-1, max-image-preview:large, max-video-preview:-1\" \/>\n<link rel=\"canonical\" href=\"https:\/\/kibrisdakik.com\/?p=66708\" \/>\n<meta property=\"og:locale\" content=\"tr_TR\" \/>\n<meta property=\"og:type\" content=\"article\" \/>\n<meta property=\"og:title\" content=\"Vucic: T\u00fcrkiye, Balkanlar\u2019da en b\u00fcy\u00fck g\u00fcce ve role sahip \u00fclke -\" \/>\n<meta property=\"og:description\" content=\"S\u0131rbistan Cumhurba\u015fkan\u0131 Aleksandar Vucic, \u201cT\u00fcrkiye, Balkanlar\u2019da en b\u00fcy\u00fck g\u00fcce ve role sahip \u00fclke. Dolay\u0131s\u0131yla bar\u0131\u015f ve istikrar s\u00fcre\u00e7lerinde T\u00fcrkiye\u2019nin deste\u011fini bekliyoruz\u201d dedi. TC Cumhurba\u015fkan\u0131 Recep Tayyip Erdo\u011fan ve Vucic, S\u0131rbistan\u2019\u0131n ba\u015fkenti Belgrad\u2019daki S\u0131rbistan Saray\u0131\u2019ndaki ba\u015f ba\u015fa g\u00f6r\u00fc\u015fme ve Y\u00fcksek D\u00fczeyli \u0130\u015fbirli\u011fi Konseyi D\u00f6rd\u00fcnc\u00fc Toplant\u0131s\u0131 ile anla\u015fmalar\u0131n imza t\u00f6reninin ard\u0131ndan ortak bas\u0131n toplant\u0131s\u0131 d\u00fczenledi. Cumhurba\u015fkan\u0131 Erdo\u011fan\u2019\u0131n\" \/>\n<meta property=\"og:url\" content=\"https:\/\/kibrisdakik.com\/?p=66708\" \/>\n<meta property=\"article:published_time\" content=\"2024-10-12T05:41:42+00:00\" \/>\n<meta property=\"og:image\" content=\"https:\/\/kibrisdakik.com\/wp-content\/uploads\/2024\/10\/aleksandar-vucic-2289129-740x420.jpg\" \/>\n\t<meta property=\"og:image:width\" content=\"1280\" \/>\n\t<meta property=\"og:image:height\" content=\"546\" \/>\n\t<meta property=\"og:image:type\" content=\"image\/jpeg\" \/>\n<meta name=\"author\" content=\"admin\" \/>\n<meta name=\"twitter:card\" content=\"summary_large_image\" \/>\n<meta name=\"twitter:label1\" content=\"Yazan:\" \/>\n\t<meta name=\"twitter:data1\" content=\"admin\" \/>\n\t<meta name=\"twitter:label2\" content=\"Tahmini okuma s\u00fcresi\" \/>\n\t<meta name=\"twitter:data2\" content=\"3 dakika\" \/>\n<script type=\"application\/ld+json\" class=\"yoast-schema-graph\">{\"@context\":\"https:\\\/\\\/schema.org\",\"@graph\":[{\"@type\":\"Article\",\"@id\":\"https:\\\/\\\/kibrisdakik.com\\\/?p=66708#article\",\"isPartOf\":{\"@id\":\"https:\\\/\\\/kibrisdakik.com\\\/?p=66708\"},\"author\":{\"name\":\"admin\",\"@id\":\"https:\\\/\\\/kibrisdakik.com\\\/#\\\/schema\\\/person\\\/9cd9d437bbb44f72b73ba127e06d8e79\"},\"headline\":\"Vucic: T\u00fcrkiye, Balkanlar\u2019da en b\u00fcy\u00fck g\u00fcce ve role sahip \u00fclke\",\"datePublished\":\"2024-10-12T05:41:42+00:00\",\"mainEntityOfPage\":{\"@id\":\"https:\\\/\\\/kibrisdakik.com\\\/?p=66708\"},\"wordCount\":594,\"commentCount\":0,\"image\":{\"@id\":\"https:\\\/\\\/kibrisdakik.com\\\/?p=66708#primaryimage\"},\"thumbnailUrl\":\"https:\\\/\\\/kibrisdakik.com\\\/wp-content\\\/uploads\\\/2024\\\/10\\\/aleksandar-vucic-2289129-740x420.jpg\",\"articleSection\":[\"G\u00fcndem\"],\"inLanguage\":\"tr\",\"potentialAction\":[{\"@type\":\"CommentAction\",\"name\":\"Comment\",\"target\":[\"https:\\\/\\\/kibrisdakik.com\\\/?p=66708#respond\"]}]},{\"@type\":\"WebPage\",\"@id\":\"https:\\\/\\\/kibrisdakik.com\\\/?p=66708\",\"url\":\"https:\\\/\\\/kibrisdakik.com\\\/?p=66708\",\"name\":\"Vucic: T\u00fcrkiye, Balkanlar\u2019da en b\u00fcy\u00fck g\u00fcce ve role sahip \u00fclke -\",\"isPartOf\":{\"@id\":\"https:\\\/\\\/kibrisdakik.com\\\/#website\"},\"primaryImageOfPage\":{\"@id\":\"https:\\\/\\\/kibrisdakik.com\\\/?p=66708#primaryimage\"},\"image\":{\"@id\":\"https:\\\/\\\/kibrisdakik.com\\\/?p=66708#primaryimage\"},\"thumbnailUrl\":\"https:\\\/\\\/kibrisdakik.com\\\/wp-content\\\/uploads\\\/2024\\\/10\\\/aleksandar-vucic-2289129-740x420.jpg\",\"datePublished\":\"2024-10-12T05:41:42+00:00\",\"author\":{\"@id\":\"https:\\\/\\\/kibrisdakik.com\\\/#\\\/schema\\\/person\\\/9cd9d437bbb44f72b73ba127e06d8e79\"},\"breadcrumb\":{\"@id\":\"https:\\\/\\\/kibrisdakik.com\\\/?p=66708#breadcrumb\"},\"inLanguage\":\"tr\",\"potentialAction\":[{\"@type\":\"ReadAction\",\"target\":[\"https:\\\/\\\/kibrisdakik.com\\\/?p=66708\"]}]},{\"@type\":\"ImageObject\",\"inLanguage\":\"tr\",\"@id\":\"https:\\\/\\\/kibrisdakik.com\\\/?p=66708#primaryimage\",\"url\":\"https:\\\/\\\/kibrisdakik.com\\\/wp-content\\\/uploads\\\/2024\\\/10\\\/aleksandar-vucic-2289129-740x420.jpg\",\"contentUrl\":\"https:\\\/\\\/kibrisdakik.com\\\/wp-content\\\/uploads\\\/2024\\\/10\\\/aleksandar-vucic-2289129-740x420.jpg\",\"width\":1280,\"height\":546},{\"@type\":\"BreadcrumbList\",\"@id\":\"https:\\\/\\\/kibrisdakik.com\\\/?p=66708#breadcrumb\",\"itemListElement\":[{\"@type\":\"ListItem\",\"position\":1,\"name\":\"Home\",\"item\":\"https:\\\/\\\/kibrisdakik.com\\\/\"},{\"@type\":\"ListItem\",\"position\":2,\"name\":\"Vucic: T\u00fcrkiye, Balkanlar\u2019da en b\u00fcy\u00fck g\u00fcce ve role sahip \u00fclke\"}]},{\"@type\":\"WebSite\",\"@id\":\"https:\\\/\\\/kibrisdakik.com\\\/#website\",\"url\":\"https:\\\/\\\/kibrisdakik.com\\\/\",\"name\":\"\",\"description\":\"Tam vaktinde haber\",\"potentialAction\":[{\"@type\":\"SearchAction\",\"target\":{\"@type\":\"EntryPoint\",\"urlTemplate\":\"https:\\\/\\\/kibrisdakik.com\\\/?s={search_term_string}\"},\"query-input\":{\"@type\":\"PropertyValueSpecification\",\"valueRequired\":true,\"valueName\":\"search_term_string\"}}],\"inLanguage\":\"tr\"},{\"@type\":\"Person\",\"@id\":\"https:\\\/\\\/kibrisdakik.com\\\/#\\\/schema\\\/person\\\/9cd9d437bbb44f72b73ba127e06d8e79\",\"name\":\"admin\",\"image\":{\"@type\":\"ImageObject\",\"inLanguage\":\"tr\",\"@id\":\"https:\\\/\\\/secure.gravatar.com\\\/avatar\\\/ccc17943b9d660506c869530f897617f7cb1c21a4bf30023f252596d83e1f007?s=96&d=mm&r=g\",\"url\":\"https:\\\/\\\/secure.gravatar.com\\\/avatar\\\/ccc17943b9d660506c869530f897617f7cb1c21a4bf30023f252596d83e1f007?s=96&d=mm&r=g\",\"contentUrl\":\"https:\\\/\\\/secure.gravatar.com\\\/avatar\\\/ccc17943b9d660506c869530f897617f7cb1c21a4bf30023f252596d83e1f007?s=96&d=mm&r=g\",\"caption\":\"admin\"},\"sameAs\":[\"https:\\\/\\\/kibrisdakik.com\"],\"url\":\"https:\\\/\\\/kibrisdakik.com\\\/?author=1\"}]}<\/script>\n<!-- \/ Yoast SEO plugin. -->","yoast_head_json":{"title":"Vucic: T\u00fcrkiye, Balkanlar\u2019da en b\u00fcy\u00fck g\u00fcce ve role sahip \u00fclke -","robots":{"index":"index","follow":"follow","max-snippet":"max-snippet:-1","max-image-preview":"max-image-preview:large","max-video-preview":"max-video-preview:-1"},"canonical":"https:\/\/kibrisdakik.com\/?p=66708","og_locale":"tr_TR","og_type":"article","og_title":"Vucic: T\u00fcrkiye, Balkanlar\u2019da en b\u00fcy\u00fck g\u00fcce ve role sahip \u00fclke -","og_description":"S\u0131rbistan Cumhurba\u015fkan\u0131 Aleksandar Vucic, \u201cT\u00fcrkiye, Balkanlar\u2019da en b\u00fcy\u00fck g\u00fcce ve role sahip \u00fclke. Dolay\u0131s\u0131yla bar\u0131\u015f ve istikrar s\u00fcre\u00e7lerinde T\u00fcrkiye\u2019nin deste\u011fini bekliyoruz\u201d dedi. TC Cumhurba\u015fkan\u0131 Recep Tayyip Erdo\u011fan ve Vucic, S\u0131rbistan\u2019\u0131n ba\u015fkenti Belgrad\u2019daki S\u0131rbistan Saray\u0131\u2019ndaki ba\u015f ba\u015fa g\u00f6r\u00fc\u015fme ve Y\u00fcksek D\u00fczeyli \u0130\u015fbirli\u011fi Konseyi D\u00f6rd\u00fcnc\u00fc Toplant\u0131s\u0131 ile anla\u015fmalar\u0131n imza t\u00f6reninin ard\u0131ndan ortak bas\u0131n toplant\u0131s\u0131 d\u00fczenledi. Cumhurba\u015fkan\u0131 Erdo\u011fan\u2019\u0131n","og_url":"https:\/\/kibrisdakik.com\/?p=66708","article_published_time":"2024-10-12T05:41:42+00:00","og_image":[{"width":1280,"height":546,"url":"https:\/\/kibrisdakik.com\/wp-content\/uploads\/2024\/10\/aleksandar-vucic-2289129-740x420.jpg","type":"image\/jpeg"}],"author":"admin","twitter_card":"summary_large_image","twitter_misc":{"Yazan:":"admin","Tahmini okuma s\u00fcresi":"3 dakika"},"schema":{"@context":"https:\/\/schema.org","@graph":[{"@type":"Article","@id":"https:\/\/kibrisdakik.com\/?p=66708#article","isPartOf":{"@id":"https:\/\/kibrisdakik.com\/?p=66708"},"author":{"name":"admin","@id":"https:\/\/kibrisdakik.com\/#\/schema\/person\/9cd9d437bbb44f72b73ba127e06d8e79"},"headline":"Vucic: T\u00fcrkiye, Balkanlar\u2019da en b\u00fcy\u00fck g\u00fcce ve role sahip \u00fclke","datePublished":"2024-10-12T05:41:42+00:00","mainEntityOfPage":{"@id":"https:\/\/kibrisdakik.com\/?p=66708"},"wordCount":594,"commentCount":0,"image":{"@id":"https:\/\/kibrisdakik.com\/?p=66708#primaryimage"},"thumbnailUrl":"https:\/\/kibrisdakik.com\/wp-content\/uploads\/2024\/10\/aleksandar-vucic-2289129-740x420.jpg","articleSection":["G\u00fcndem"],"inLanguage":"tr","potentialAction":[{"@type":"CommentAction","name":"Comment","target":["https:\/\/kibrisdakik.com\/?p=66708#respond"]}]},{"@type":"WebPage","@id":"https:\/\/kibrisdakik.com\/?p=66708","url":"https:\/\/kibrisdakik.com\/?p=66708","name":"Vucic: T\u00fcrkiye, Balkanlar\u2019da en b\u00fcy\u00fck g\u00fcce ve role sahip \u00fclke -","isPartOf":{"@id":"https:\/\/kibrisdakik.com\/#website"},"primaryImageOfPage":{"@id":"https:\/\/kibrisdakik.com\/?p=66708#primaryimage"},"image":{"@id":"https:\/\/kibrisdakik.com\/?p=66708#primaryimage"},"thumbnailUrl":"https:\/\/kibrisdakik.com\/wp-content\/uploads\/2024\/10\/aleksandar-vucic-2289129-740x420.jpg","datePublished":"2024-10-12T05:41:42+00:00","author":{"@id":"https:\/\/kibrisdakik.com\/#\/schema\/person\/9cd9d437bbb44f72b73ba127e06d8e79"},"breadcrumb":{"@id":"https:\/\/kibrisdakik.com\/?p=66708#breadcrumb"},"inLanguage":"tr","potentialAction":[{"@type":"ReadAction","target":["https:\/\/kibrisdakik.com\/?p=66708"]}]},{"@type":"ImageObject","inLanguage":"tr","@id":"https:\/\/kibrisdakik.com\/?p=66708#primaryimage","url":"https:\/\/kibrisdakik.com\/wp-content\/uploads\/2024\/10\/aleksandar-vucic-2289129-740x420.jpg","contentUrl":"https:\/\/kibrisdakik.com\/wp-content\/uploads\/2024\/10\/aleksandar-vucic-2289129-740x420.jpg","width":1280,"height":546},{"@type":"BreadcrumbList","@id":"https:\/\/kibrisdakik.com\/?p=66708#breadcrumb","itemListElement":[{"@type":"ListItem","position":1,"name":"Home","item":"https:\/\/kibrisdakik.com\/"},{"@type":"ListItem","position":2,"name":"Vucic: T\u00fcrkiye, Balkanlar\u2019da en b\u00fcy\u00fck g\u00fcce ve role sahip \u00fclke"}]},{"@type":"WebSite","@id":"https:\/\/kibrisdakik.com\/#website","url":"https:\/\/kibrisdakik.com\/","name":"","description":"Tam vaktinde haber","potentialAction":[{"@type":"SearchAction","target":{"@type":"EntryPoint","urlTemplate":"https:\/\/kibrisdakik.com\/?s={search_term_string}"},"query-input":{"@type":"PropertyValueSpecification","valueRequired":true,"valueName":"search_term_string"}}],"inLanguage":"tr"},{"@type":"Person","@id":"https:\/\/kibrisdakik.com\/#\/schema\/person\/9cd9d437bbb44f72b73ba127e06d8e79","name":"admin","image":{"@type":"ImageObject","inLanguage":"tr","@id":"https:\/\/secure.gravatar.com\/avatar\/ccc17943b9d660506c869530f897617f7cb1c21a4bf30023f252596d83e1f007?s=96&d=mm&r=g","url":"https:\/\/secure.gravatar.com\/avatar\/ccc17943b9d660506c869530f897617f7cb1c21a4bf30023f252596d83e1f007?s=96&d=mm&r=g","contentUrl":"https:\/\/secure.gravatar.com\/avatar\/ccc17943b9d660506c869530f897617f7cb1c21a4bf30023f252596d83e1f007?s=96&d=mm&r=g","caption":"admin"},"sameAs":["https:\/\/kibrisdakik.com"],"url":"https:\/\/kibrisdakik.com\/?author=1"}]}},"_links":{"self":[{"href":"https:\/\/kibrisdakik.com\/index.php?rest_route=\/wp\/v2\/posts\/66708","targetHints":{"allow":["GET"]}}],"collection":[{"href":"https:\/\/kibrisdakik.com\/index.php?rest_route=\/wp\/v2\/posts"}],"about":[{"href":"https:\/\/kibrisdakik.com\/index.php?rest_route=\/wp\/v2\/types\/post"}],"author":[{"embeddable":true,"href":"https:\/\/kibrisdakik.com\/index.php?rest_route=\/wp\/v2\/users\/1"}],"replies":[{"embeddable":true,"href":"https:\/\/kibrisdakik.com\/index.php?rest_route=%2Fwp%2Fv2%2Fcomments&post=66708"}],"version-history":[{"count":0,"href":"https:\/\/kibrisdakik.com\/index.php?rest_route=\/wp\/v2\/posts\/66708\/revisions"}],"wp:featuredmedia":[{"embeddable":true,"href":"https:\/\/kibrisdakik.com\/index.php?rest_route=\/wp\/v2\/media\/66709"}],"wp:attachment":[{"href":"https:\/\/kibrisdakik.com\/index.php?rest_route=%2Fwp%2Fv2%2Fmedia&parent=66708"}],"wp:term":[{"taxonomy":"category","embeddable":true,"href":"https:\/\/kibrisdakik.com\/index.php?rest_route=%2Fwp%2Fv2%2Fcategories&post=66708"},{"taxonomy":"post_tag","embeddable":true,"href":"https:\/\/kibrisdakik.com\/index.php?rest_route=%2Fwp%2Fv2%2Ftags&post=66708"}],"curies":[{"name":"wp","href":"https:\/\/api.w.org\/{rel}","templated":true}]}}