{"id":66710,"date":"2024-10-14T07:27:26","date_gmt":"2024-10-14T04:27:26","guid":{"rendered":"https:\/\/kibrisdakik.com\/index.php\/2024\/10\/14\/cumhuriyet-meclisi-genel-kurulunun-bugun-toplanmasi-bekleniyor\/"},"modified":"2024-10-14T07:27:26","modified_gmt":"2024-10-14T04:27:26","slug":"cumhuriyet-meclisi-genel-kurulunun-bugun-toplanmasi-bekleniyor","status":"publish","type":"post","link":"https:\/\/kibrisdakik.com\/?p=66710","title":{"rendered":"Cumhuriyet Meclisi Genel Kurulu\u2019nun bug\u00fcn toplanmas\u0131 bekleniyor"},"content":{"rendered":"<div>\n<div class=\"mariselle-image-container center\">\n                                            <\/div>\n<p>Meclis Genel Kurulu, 2. Birle\u015fim tamamlanmad\u0131\u011f\u0131ndan dolay\u0131, ayn\u0131 g\u00fcndemle yani \u201cBa\u015fkanl\u0131k Divan\u0131 Se\u00e7imleri\u201d g\u00fcndemiyle toplanacak.<\/p>\n<p>Meclis\u2019te yer alan siyasi partiler, Meclis Ba\u015fkan\u0131 se\u00e7imi i\u00e7in bug\u00fcn verilmesi beklenen Ba\u015fsavc\u0131l\u0131k g\u00f6r\u00fc\u015f\u00fcn\u00fc bekliyor.<\/p>\n<p>Cumhurba\u015fkan\u0131\u2019n\u0131n bug\u00fcn yurt d\u0131\u015f\u0131na gidece\u011finden dolay\u0131 Meclis Ba\u015fkan\u0131 Zorlu T\u00f6re Cumhurba\u015fkan\u0131\u2019na, Meclis Ba\u015fkanl\u0131\u011f\u0131na da Fazilet \u00d6zdenefe vekalet edecek.<\/p>\n<\/p><\/div>\n<p><script async\n                    defer\n                    crossorigin=\"anonymous\"\n                    src=\"https:\/\/connect.facebook.net\/tr_TR\/sdk.js#xfbml=1&#038;version=v3.3\"\n            ><\/script><\/p>\n","protected":false},"excerpt":{"rendered":"<p>Meclis Genel Kurulu, 2. Birle\u015fim tamamlanmad\u0131\u011f\u0131ndan dolay\u0131, ayn\u0131 g\u00fcndemle yani \u201cBa\u015fkanl\u0131k Divan\u0131 Se\u00e7imleri\u201d g\u00fcndemiyle toplanacak. Meclis\u2019te yer alan siyasi partiler, Meclis Ba\u015fkan\u0131 se\u00e7imi i\u00e7in bug\u00fcn verilmesi beklenen Ba\u015fsavc\u0131l\u0131k g\u00f6r\u00fc\u015f\u00fcn\u00fc bekliyor. Cumhurba\u015fkan\u0131\u2019n\u0131n bug\u00fcn yurt d\u0131\u015f\u0131na gidece\u011finden dolay\u0131 Meclis Ba\u015fkan\u0131 Zorlu T\u00f6re Cumhurba\u015fkan\u0131\u2019na, Meclis Ba\u015fkanl\u0131\u011f\u0131na da Fazilet \u00d6zdenefe vekalet edecek.<\/p>\n","protected":false},"author":1,"featured_media":66711,"comment_status":"open","ping_status":"open","sticky":false,"template":"","format":"standard","meta":{"footnotes":""},"categories":[81],"tags":[],"class_list":["post-66710","post","type-post","status-publish","format-standard","has-post-thumbnail","hentry","category-kibris"],"yoast_head":"<!-- This site is optimized with the Yoast SEO plugin v27.5 - https:\/\/yoast.com\/product\/yoast-seo-wordpress\/ -->\n<title>Cumhuriyet Meclisi Genel Kurulu\u2019nun bug\u00fcn toplanmas\u0131 bekleniyor -<\/title>\n<meta name=\"robots\" content=\"index, follow, max-snippet:-1, max-image-preview:large, max-video-preview:-1\" \/>\n<link rel=\"canonical\" href=\"https:\/\/kibrisdakik.com\/?p=66710\" \/>\n<meta property=\"og:locale\" content=\"tr_TR\" \/>\n<meta property=\"og:type\" content=\"article\" \/>\n<meta property=\"og:title\" content=\"Cumhuriyet Meclisi Genel Kurulu\u2019nun bug\u00fcn toplanmas\u0131 bekleniyor -\" \/>\n<meta property=\"og:description\" content=\"Meclis Genel Kurulu, 2. Birle\u015fim tamamlanmad\u0131\u011f\u0131ndan dolay\u0131, ayn\u0131 g\u00fcndemle yani \u201cBa\u015fkanl\u0131k Divan\u0131 Se\u00e7imleri\u201d g\u00fcndemiyle toplanacak. Meclis\u2019te yer alan siyasi partiler, Meclis Ba\u015fkan\u0131 se\u00e7imi i\u00e7in bug\u00fcn verilmesi beklenen Ba\u015fsavc\u0131l\u0131k g\u00f6r\u00fc\u015f\u00fcn\u00fc bekliyor. Cumhurba\u015fkan\u0131\u2019n\u0131n bug\u00fcn yurt d\u0131\u015f\u0131na gidece\u011finden dolay\u0131 Meclis Ba\u015fkan\u0131 Zorlu T\u00f6re Cumhurba\u015fkan\u0131\u2019na, Meclis Ba\u015fkanl\u0131\u011f\u0131na da Fazilet \u00d6zdenefe vekalet edecek.\" \/>\n<meta property=\"og:url\" content=\"https:\/\/kibrisdakik.com\/?p=66710\" \/>\n<meta property=\"article:published_time\" content=\"2024-10-14T04:27:26+00:00\" \/>\n<meta property=\"og:image\" content=\"https:\/\/kibrisdakik.com\/wp-content\/uploads\/2024\/10\/meclis-bina121-1.jpg\" \/>\n\t<meta property=\"og:image:width\" content=\"652\" \/>\n\t<meta property=\"og:image:height\" content=\"400\" \/>\n\t<meta property=\"og:image:type\" content=\"image\/jpeg\" \/>\n<meta name=\"author\" content=\"admin\" \/>\n<meta name=\"twitter:card\" content=\"summary_large_image\" \/>\n<meta name=\"twitter:label1\" content=\"Yazan:\" \/>\n\t<meta name=\"twitter:data1\" content=\"admin\" \/>\n<script type=\"application\/ld+json\" class=\"yoast-schema-graph\">{\"@context\":\"https:\\\/\\\/schema.org\",\"@graph\":[{\"@type\":\"Article\",\"@id\":\"https:\\\/\\\/kibrisdakik.com\\\/?p=66710#article\",\"isPartOf\":{\"@id\":\"https:\\\/\\\/kibrisdakik.com\\\/?p=66710\"},\"author\":{\"name\":\"admin\",\"@id\":\"https:\\\/\\\/kibrisdakik.com\\\/#\\\/schema\\\/person\\\/9cd9d437bbb44f72b73ba127e06d8e79\"},\"headline\":\"Cumhuriyet Meclisi Genel Kurulu\u2019nun bug\u00fcn toplanmas\u0131 bekleniyor\",\"datePublished\":\"2024-10-14T04:27:26+00:00\",\"mainEntityOfPage\":{\"@id\":\"https:\\\/\\\/kibrisdakik.com\\\/?p=66710\"},\"wordCount\":85,\"commentCount\":0,\"image\":{\"@id\":\"https:\\\/\\\/kibrisdakik.com\\\/?p=66710#primaryimage\"},\"thumbnailUrl\":\"https:\\\/\\\/kibrisdakik.com\\\/wp-content\\\/uploads\\\/2024\\\/10\\\/meclis-bina121-1.jpg\",\"articleSection\":[\"K\u0131br\u0131s\"],\"inLanguage\":\"tr\",\"potentialAction\":[{\"@type\":\"CommentAction\",\"name\":\"Comment\",\"target\":[\"https:\\\/\\\/kibrisdakik.com\\\/?p=66710#respond\"]}]},{\"@type\":\"WebPage\",\"@id\":\"https:\\\/\\\/kibrisdakik.com\\\/?p=66710\",\"url\":\"https:\\\/\\\/kibrisdakik.com\\\/?p=66710\",\"name\":\"Cumhuriyet Meclisi Genel Kurulu\u2019nun bug\u00fcn toplanmas\u0131 bekleniyor -\",\"isPartOf\":{\"@id\":\"https:\\\/\\\/kibrisdakik.com\\\/#website\"},\"primaryImageOfPage\":{\"@id\":\"https:\\\/\\\/kibrisdakik.com\\\/?p=66710#primaryimage\"},\"image\":{\"@id\":\"https:\\\/\\\/kibrisdakik.com\\\/?p=66710#primaryimage\"},\"thumbnailUrl\":\"https:\\\/\\\/kibrisdakik.com\\\/wp-content\\\/uploads\\\/2024\\\/10\\\/meclis-bina121-1.jpg\",\"datePublished\":\"2024-10-14T04:27:26+00:00\",\"author\":{\"@id\":\"https:\\\/\\\/kibrisdakik.com\\\/#\\\/schema\\\/person\\\/9cd9d437bbb44f72b73ba127e06d8e79\"},\"breadcrumb\":{\"@id\":\"https:\\\/\\\/kibrisdakik.com\\\/?p=66710#breadcrumb\"},\"inLanguage\":\"tr\",\"potentialAction\":[{\"@type\":\"ReadAction\",\"target\":[\"https:\\\/\\\/kibrisdakik.com\\\/?p=66710\"]}]},{\"@type\":\"ImageObject\",\"inLanguage\":\"tr\",\"@id\":\"https:\\\/\\\/kibrisdakik.com\\\/?p=66710#primaryimage\",\"url\":\"https:\\\/\\\/kibrisdakik.com\\\/wp-content\\\/uploads\\\/2024\\\/10\\\/meclis-bina121-1.jpg\",\"contentUrl\":\"https:\\\/\\\/kibrisdakik.com\\\/wp-content\\\/uploads\\\/2024\\\/10\\\/meclis-bina121-1.jpg\",\"width\":652,\"height\":400},{\"@type\":\"BreadcrumbList\",\"@id\":\"https:\\\/\\\/kibrisdakik.com\\\/?p=66710#breadcrumb\",\"itemListElement\":[{\"@type\":\"ListItem\",\"position\":1,\"name\":\"Home\",\"item\":\"https:\\\/\\\/kibrisdakik.com\\\/\"},{\"@type\":\"ListItem\",\"position\":2,\"name\":\"Cumhuriyet Meclisi Genel Kurulu\u2019nun bug\u00fcn toplanmas\u0131 bekleniyor\"}]},{\"@type\":\"WebSite\",\"@id\":\"https:\\\/\\\/kibrisdakik.com\\\/#website\",\"url\":\"https:\\\/\\\/kibrisdakik.com\\\/\",\"name\":\"\",\"description\":\"Tam vaktinde haber\",\"potentialAction\":[{\"@type\":\"SearchAction\",\"target\":{\"@type\":\"EntryPoint\",\"urlTemplate\":\"https:\\\/\\\/kibrisdakik.com\\\/?s={search_term_string}\"},\"query-input\":{\"@type\":\"PropertyValueSpecification\",\"valueRequired\":true,\"valueName\":\"search_term_string\"}}],\"inLanguage\":\"tr\"},{\"@type\":\"Person\",\"@id\":\"https:\\\/\\\/kibrisdakik.com\\\/#\\\/schema\\\/person\\\/9cd9d437bbb44f72b73ba127e06d8e79\",\"name\":\"admin\",\"image\":{\"@type\":\"ImageObject\",\"inLanguage\":\"tr\",\"@id\":\"https:\\\/\\\/secure.gravatar.com\\\/avatar\\\/ccc17943b9d660506c869530f897617f7cb1c21a4bf30023f252596d83e1f007?s=96&d=mm&r=g\",\"url\":\"https:\\\/\\\/secure.gravatar.com\\\/avatar\\\/ccc17943b9d660506c869530f897617f7cb1c21a4bf30023f252596d83e1f007?s=96&d=mm&r=g\",\"contentUrl\":\"https:\\\/\\\/secure.gravatar.com\\\/avatar\\\/ccc17943b9d660506c869530f897617f7cb1c21a4bf30023f252596d83e1f007?s=96&d=mm&r=g\",\"caption\":\"admin\"},\"sameAs\":[\"https:\\\/\\\/kibrisdakik.com\"],\"url\":\"https:\\\/\\\/kibrisdakik.com\\\/?author=1\"}]}<\/script>\n<!-- \/ Yoast SEO plugin. -->","yoast_head_json":{"title":"Cumhuriyet Meclisi Genel Kurulu\u2019nun bug\u00fcn toplanmas\u0131 bekleniyor -","robots":{"index":"index","follow":"follow","max-snippet":"max-snippet:-1","max-image-preview":"max-image-preview:large","max-video-preview":"max-video-preview:-1"},"canonical":"https:\/\/kibrisdakik.com\/?p=66710","og_locale":"tr_TR","og_type":"article","og_title":"Cumhuriyet Meclisi Genel Kurulu\u2019nun bug\u00fcn toplanmas\u0131 bekleniyor -","og_description":"Meclis Genel Kurulu, 2. Birle\u015fim tamamlanmad\u0131\u011f\u0131ndan dolay\u0131, ayn\u0131 g\u00fcndemle yani \u201cBa\u015fkanl\u0131k Divan\u0131 Se\u00e7imleri\u201d g\u00fcndemiyle toplanacak. Meclis\u2019te yer alan siyasi partiler, Meclis Ba\u015fkan\u0131 se\u00e7imi i\u00e7in bug\u00fcn verilmesi beklenen Ba\u015fsavc\u0131l\u0131k g\u00f6r\u00fc\u015f\u00fcn\u00fc bekliyor. Cumhurba\u015fkan\u0131\u2019n\u0131n bug\u00fcn yurt d\u0131\u015f\u0131na gidece\u011finden dolay\u0131 Meclis Ba\u015fkan\u0131 Zorlu T\u00f6re Cumhurba\u015fkan\u0131\u2019na, Meclis Ba\u015fkanl\u0131\u011f\u0131na da Fazilet \u00d6zdenefe vekalet edecek.","og_url":"https:\/\/kibrisdakik.com\/?p=66710","article_published_time":"2024-10-14T04:27:26+00:00","og_image":[{"width":652,"height":400,"url":"https:\/\/kibrisdakik.com\/wp-content\/uploads\/2024\/10\/meclis-bina121-1.jpg","type":"image\/jpeg"}],"author":"admin","twitter_card":"summary_large_image","twitter_misc":{"Yazan:":"admin"},"schema":{"@context":"https:\/\/schema.org","@graph":[{"@type":"Article","@id":"https:\/\/kibrisdakik.com\/?p=66710#article","isPartOf":{"@id":"https:\/\/kibrisdakik.com\/?p=66710"},"author":{"name":"admin","@id":"https:\/\/kibrisdakik.com\/#\/schema\/person\/9cd9d437bbb44f72b73ba127e06d8e79"},"headline":"Cumhuriyet Meclisi Genel Kurulu\u2019nun bug\u00fcn toplanmas\u0131 bekleniyor","datePublished":"2024-10-14T04:27:26+00:00","mainEntityOfPage":{"@id":"https:\/\/kibrisdakik.com\/?p=66710"},"wordCount":85,"commentCount":0,"image":{"@id":"https:\/\/kibrisdakik.com\/?p=66710#primaryimage"},"thumbnailUrl":"https:\/\/kibrisdakik.com\/wp-content\/uploads\/2024\/10\/meclis-bina121-1.jpg","articleSection":["K\u0131br\u0131s"],"inLanguage":"tr","potentialAction":[{"@type":"CommentAction","name":"Comment","target":["https:\/\/kibrisdakik.com\/?p=66710#respond"]}]},{"@type":"WebPage","@id":"https:\/\/kibrisdakik.com\/?p=66710","url":"https:\/\/kibrisdakik.com\/?p=66710","name":"Cumhuriyet Meclisi Genel Kurulu\u2019nun bug\u00fcn toplanmas\u0131 bekleniyor -","isPartOf":{"@id":"https:\/\/kibrisdakik.com\/#website"},"primaryImageOfPage":{"@id":"https:\/\/kibrisdakik.com\/?p=66710#primaryimage"},"image":{"@id":"https:\/\/kibrisdakik.com\/?p=66710#primaryimage"},"thumbnailUrl":"https:\/\/kibrisdakik.com\/wp-content\/uploads\/2024\/10\/meclis-bina121-1.jpg","datePublished":"2024-10-14T04:27:26+00:00","author":{"@id":"https:\/\/kibrisdakik.com\/#\/schema\/person\/9cd9d437bbb44f72b73ba127e06d8e79"},"breadcrumb":{"@id":"https:\/\/kibrisdakik.com\/?p=66710#breadcrumb"},"inLanguage":"tr","potentialAction":[{"@type":"ReadAction","target":["https:\/\/kibrisdakik.com\/?p=66710"]}]},{"@type":"ImageObject","inLanguage":"tr","@id":"https:\/\/kibrisdakik.com\/?p=66710#primaryimage","url":"https:\/\/kibrisdakik.com\/wp-content\/uploads\/2024\/10\/meclis-bina121-1.jpg","contentUrl":"https:\/\/kibrisdakik.com\/wp-content\/uploads\/2024\/10\/meclis-bina121-1.jpg","width":652,"height":400},{"@type":"BreadcrumbList","@id":"https:\/\/kibrisdakik.com\/?p=66710#breadcrumb","itemListElement":[{"@type":"ListItem","position":1,"name":"Home","item":"https:\/\/kibrisdakik.com\/"},{"@type":"ListItem","position":2,"name":"Cumhuriyet Meclisi Genel Kurulu\u2019nun bug\u00fcn toplanmas\u0131 bekleniyor"}]},{"@type":"WebSite","@id":"https:\/\/kibrisdakik.com\/#website","url":"https:\/\/kibrisdakik.com\/","name":"","description":"Tam vaktinde haber","potentialAction":[{"@type":"SearchAction","target":{"@type":"EntryPoint","urlTemplate":"https:\/\/kibrisdakik.com\/?s={search_term_string}"},"query-input":{"@type":"PropertyValueSpecification","valueRequired":true,"valueName":"search_term_string"}}],"inLanguage":"tr"},{"@type":"Person","@id":"https:\/\/kibrisdakik.com\/#\/schema\/person\/9cd9d437bbb44f72b73ba127e06d8e79","name":"admin","image":{"@type":"ImageObject","inLanguage":"tr","@id":"https:\/\/secure.gravatar.com\/avatar\/ccc17943b9d660506c869530f897617f7cb1c21a4bf30023f252596d83e1f007?s=96&d=mm&r=g","url":"https:\/\/secure.gravatar.com\/avatar\/ccc17943b9d660506c869530f897617f7cb1c21a4bf30023f252596d83e1f007?s=96&d=mm&r=g","contentUrl":"https:\/\/secure.gravatar.com\/avatar\/ccc17943b9d660506c869530f897617f7cb1c21a4bf30023f252596d83e1f007?s=96&d=mm&r=g","caption":"admin"},"sameAs":["https:\/\/kibrisdakik.com"],"url":"https:\/\/kibrisdakik.com\/?author=1"}]}},"_links":{"self":[{"href":"https:\/\/kibrisdakik.com\/index.php?rest_route=\/wp\/v2\/posts\/66710","targetHints":{"allow":["GET"]}}],"collection":[{"href":"https:\/\/kibrisdakik.com\/index.php?rest_route=\/wp\/v2\/posts"}],"about":[{"href":"https:\/\/kibrisdakik.com\/index.php?rest_route=\/wp\/v2\/types\/post"}],"author":[{"embeddable":true,"href":"https:\/\/kibrisdakik.com\/index.php?rest_route=\/wp\/v2\/users\/1"}],"replies":[{"embeddable":true,"href":"https:\/\/kibrisdakik.com\/index.php?rest_route=%2Fwp%2Fv2%2Fcomments&post=66710"}],"version-history":[{"count":0,"href":"https:\/\/kibrisdakik.com\/index.php?rest_route=\/wp\/v2\/posts\/66710\/revisions"}],"wp:featuredmedia":[{"embeddable":true,"href":"https:\/\/kibrisdakik.com\/index.php?rest_route=\/wp\/v2\/media\/66711"}],"wp:attachment":[{"href":"https:\/\/kibrisdakik.com\/index.php?rest_route=%2Fwp%2Fv2%2Fmedia&parent=66710"}],"wp:term":[{"taxonomy":"category","embeddable":true,"href":"https:\/\/kibrisdakik.com\/index.php?rest_route=%2Fwp%2Fv2%2Fcategories&post=66710"},{"taxonomy":"post_tag","embeddable":true,"href":"https:\/\/kibrisdakik.com\/index.php?rest_route=%2Fwp%2Fv2%2Ftags&post=66710"}],"curies":[{"name":"wp","href":"https:\/\/api.w.org\/{rel}","templated":true}]}}