{"id":66715,"date":"2024-10-14T10:08:07","date_gmt":"2024-10-14T07:08:07","guid":{"rendered":"https:\/\/kibrisdakik.com\/index.php\/2024\/10\/14\/kibris-otizm-derneginin-acilis-etkinligi-lefkosada-yapildi\/"},"modified":"2024-10-14T10:08:07","modified_gmt":"2024-10-14T07:08:07","slug":"kibris-otizm-derneginin-acilis-etkinligi-lefkosada-yapildi","status":"publish","type":"post","link":"https:\/\/kibrisdakik.com\/?p=66715","title":{"rendered":"K\u0131br\u0131s Otizm Derne\u011fi\u2019nin a\u00e7\u0131l\u0131\u015f etkinli\u011fi Lefko\u015fa\u2019da yap\u0131ld\u0131"},"content":{"rendered":"<div>\n<div class=\"mariselle-image-container center\">\n                                            <\/div>\n<p> Otizm spektrumundaki bireyler ve ailelerine destek olmay\u0131 hedefleyen K\u0131br\u0131s Otizm Derne\u011fi\u2019nin resmi a\u00e7\u0131l\u0131\u015f\u0131, cumartesi g\u00fcn\u00fc Lefko\u015fa\u2019da yap\u0131ld\u0131.<\/p>\n<p>Yap\u0131lan a\u00e7\u0131klamaya g\u00f6re, derne\u011fin misyonunu tan\u0131tmak amac\u0131yla d\u00fczenlenen etkinli\u011fe, aileler, \u00f6zel e\u011fitim uzmanlar\u0131, sivil toplum \u00f6rg\u00fctleri ile kamu temsilcileri kat\u0131ld\u0131.<\/p>\n<p>Etkinlikte yap\u0131lan a\u00e7\u0131l\u0131\u015f konu\u015fmas\u0131nda, derne\u011fin kurulu\u015f amac\u0131 ve vizyonunu payla\u015f\u0131l\u0131rken, Otizm spektrumundaki bireylerin ya\u015fam\u0131n\u0131 kolayla\u015ft\u0131rmak ve toplumsal fark\u0131ndal\u0131k olu\u015fturmak i\u00e7in at\u0131lacak ad\u0131mlar hakk\u0131nda da bilgi verildi.<\/p>\n<p>Dr. Hatice Bayrakl\u0131 ve Uzman Ergoterapist Polat Ko\u00e7\u2019un ailelere y\u00f6nelik d\u00fczenledi\u011fi seminerlerde, hak savunuculu\u011fu, ailelerin g\u00fc\u00e7lendirilmesi ve bireylerin sosyal hayata kat\u0131l\u0131mlar\u0131n\u0131 artt\u0131racak stratejiler ve bilgiler konu\u015fuldu. Ayr\u0131ca, otizmli bireylere y\u00f6nelik d\u00f6rt farkl\u0131 at\u00f6lye d\u00fczenlendi. At\u00f6lyelerde sanatsal faaliyetler ve duyusal oyunlar ile otizmli bireylerin sosyal etkile\u015fim becerilerinin geli\u015ftirilmesi hedeflendi.<\/p>\n<p>K\u0131br\u0131s Otizm Derne\u011fi\u2019nin ileriki aylarda e\u011fitim ve at\u00f6lye programlar\u0131 d\u00fczenleyerek daha geni\u015f kitlelere ula\u015fmay\u0131 hedefledi\u011fi ve otizmli bireylerin toplumla daha etkin bir \u015fekilde b\u00fct\u00fcnle\u015fmeleri ve haklar\u0131na eri\u015fimlerinin sa\u011flanmas\u0131 i\u00e7in \u00e7al\u0131\u015fmalar\u0131na devam edece\u011fi de kaydedildi.<\/p>\n<\/p><\/div>\n<p><script async\n                    defer\n                    crossorigin=\"anonymous\"\n                    src=\"https:\/\/connect.facebook.net\/tr_TR\/sdk.js#xfbml=1&#038;version=v3.3\"\n            ><\/script><\/p>\n","protected":false},"excerpt":{"rendered":"<p>Otizm spektrumundaki bireyler ve ailelerine destek olmay\u0131 hedefleyen K\u0131br\u0131s Otizm Derne\u011fi\u2019nin resmi a\u00e7\u0131l\u0131\u015f\u0131, cumartesi g\u00fcn\u00fc Lefko\u015fa\u2019da yap\u0131ld\u0131. Yap\u0131lan a\u00e7\u0131klamaya g\u00f6re, derne\u011fin misyonunu tan\u0131tmak amac\u0131yla d\u00fczenlenen etkinli\u011fe, aileler, \u00f6zel e\u011fitim uzmanlar\u0131, sivil toplum \u00f6rg\u00fctleri ile kamu temsilcileri kat\u0131ld\u0131. Etkinlikte yap\u0131lan a\u00e7\u0131l\u0131\u015f konu\u015fmas\u0131nda, derne\u011fin kurulu\u015f amac\u0131 ve vizyonunu payla\u015f\u0131l\u0131rken, Otizm spektrumundaki bireylerin ya\u015fam\u0131n\u0131 kolayla\u015ft\u0131rmak ve toplumsal fark\u0131ndal\u0131k<\/p>\n","protected":false},"author":1,"featured_media":66716,"comment_status":"open","ping_status":"open","sticky":false,"template":"","format":"standard","meta":{"footnotes":""},"categories":[81],"tags":[],"class_list":["post-66715","post","type-post","status-publish","format-standard","has-post-thumbnail","hentry","category-kibris"],"yoast_head":"<!-- This site is optimized with the Yoast SEO plugin v27.4 - https:\/\/yoast.com\/product\/yoast-seo-wordpress\/ -->\n<title>K\u0131br\u0131s Otizm Derne\u011fi\u2019nin a\u00e7\u0131l\u0131\u015f etkinli\u011fi Lefko\u015fa\u2019da yap\u0131ld\u0131 -<\/title>\n<meta name=\"robots\" content=\"index, follow, max-snippet:-1, max-image-preview:large, max-video-preview:-1\" \/>\n<link rel=\"canonical\" href=\"https:\/\/kibrisdakik.com\/?p=66715\" \/>\n<meta property=\"og:locale\" content=\"tr_TR\" \/>\n<meta property=\"og:type\" content=\"article\" \/>\n<meta property=\"og:title\" content=\"K\u0131br\u0131s Otizm Derne\u011fi\u2019nin a\u00e7\u0131l\u0131\u015f etkinli\u011fi Lefko\u015fa\u2019da yap\u0131ld\u0131 -\" \/>\n<meta property=\"og:description\" content=\"Otizm spektrumundaki bireyler ve ailelerine destek olmay\u0131 hedefleyen K\u0131br\u0131s Otizm Derne\u011fi\u2019nin resmi a\u00e7\u0131l\u0131\u015f\u0131, cumartesi g\u00fcn\u00fc Lefko\u015fa\u2019da yap\u0131ld\u0131. Yap\u0131lan a\u00e7\u0131klamaya g\u00f6re, derne\u011fin misyonunu tan\u0131tmak amac\u0131yla d\u00fczenlenen etkinli\u011fe, aileler, \u00f6zel e\u011fitim uzmanlar\u0131, sivil toplum \u00f6rg\u00fctleri ile kamu temsilcileri kat\u0131ld\u0131. Etkinlikte yap\u0131lan a\u00e7\u0131l\u0131\u015f konu\u015fmas\u0131nda, derne\u011fin kurulu\u015f amac\u0131 ve vizyonunu payla\u015f\u0131l\u0131rken, Otizm spektrumundaki bireylerin ya\u015fam\u0131n\u0131 kolayla\u015ft\u0131rmak ve toplumsal fark\u0131ndal\u0131k\" \/>\n<meta property=\"og:url\" content=\"https:\/\/kibrisdakik.com\/?p=66715\" \/>\n<meta property=\"article:published_time\" content=\"2024-10-14T07:08:07+00:00\" \/>\n<meta property=\"og:image\" content=\"https:\/\/kibrisdakik.com\/wp-content\/uploads\/2024\/10\/323232323232323-740x420.jpeg\" \/>\n\t<meta property=\"og:image:width\" content=\"1600\" \/>\n\t<meta property=\"og:image:height\" content=\"716\" \/>\n\t<meta property=\"og:image:type\" content=\"image\/jpeg\" \/>\n<meta name=\"author\" content=\"admin\" \/>\n<meta name=\"twitter:card\" content=\"summary_large_image\" \/>\n<meta name=\"twitter:label1\" content=\"Yazan:\" \/>\n\t<meta name=\"twitter:data1\" content=\"admin\" \/>\n\t<meta name=\"twitter:label2\" content=\"Tahmini okuma s\u00fcresi\" \/>\n\t<meta name=\"twitter:data2\" content=\"1 dakika\" \/>\n<script type=\"application\/ld+json\" class=\"yoast-schema-graph\">{\"@context\":\"https:\\\/\\\/schema.org\",\"@graph\":[{\"@type\":\"Article\",\"@id\":\"https:\\\/\\\/kibrisdakik.com\\\/?p=66715#article\",\"isPartOf\":{\"@id\":\"https:\\\/\\\/kibrisdakik.com\\\/?p=66715\"},\"author\":{\"name\":\"admin\",\"@id\":\"https:\\\/\\\/kibrisdakik.com\\\/#\\\/schema\\\/person\\\/9cd9d437bbb44f72b73ba127e06d8e79\"},\"headline\":\"K\u0131br\u0131s Otizm Derne\u011fi\u2019nin a\u00e7\u0131l\u0131\u015f etkinli\u011fi Lefko\u015fa\u2019da yap\u0131ld\u0131\",\"datePublished\":\"2024-10-14T07:08:07+00:00\",\"mainEntityOfPage\":{\"@id\":\"https:\\\/\\\/kibrisdakik.com\\\/?p=66715\"},\"wordCount\":237,\"commentCount\":0,\"image\":{\"@id\":\"https:\\\/\\\/kibrisdakik.com\\\/?p=66715#primaryimage\"},\"thumbnailUrl\":\"https:\\\/\\\/kibrisdakik.com\\\/wp-content\\\/uploads\\\/2024\\\/10\\\/323232323232323-740x420.jpeg\",\"articleSection\":[\"K\u0131br\u0131s\"],\"inLanguage\":\"tr\",\"potentialAction\":[{\"@type\":\"CommentAction\",\"name\":\"Comment\",\"target\":[\"https:\\\/\\\/kibrisdakik.com\\\/?p=66715#respond\"]}]},{\"@type\":\"WebPage\",\"@id\":\"https:\\\/\\\/kibrisdakik.com\\\/?p=66715\",\"url\":\"https:\\\/\\\/kibrisdakik.com\\\/?p=66715\",\"name\":\"K\u0131br\u0131s Otizm Derne\u011fi\u2019nin a\u00e7\u0131l\u0131\u015f etkinli\u011fi Lefko\u015fa\u2019da yap\u0131ld\u0131 -\",\"isPartOf\":{\"@id\":\"https:\\\/\\\/kibrisdakik.com\\\/#website\"},\"primaryImageOfPage\":{\"@id\":\"https:\\\/\\\/kibrisdakik.com\\\/?p=66715#primaryimage\"},\"image\":{\"@id\":\"https:\\\/\\\/kibrisdakik.com\\\/?p=66715#primaryimage\"},\"thumbnailUrl\":\"https:\\\/\\\/kibrisdakik.com\\\/wp-content\\\/uploads\\\/2024\\\/10\\\/323232323232323-740x420.jpeg\",\"datePublished\":\"2024-10-14T07:08:07+00:00\",\"author\":{\"@id\":\"https:\\\/\\\/kibrisdakik.com\\\/#\\\/schema\\\/person\\\/9cd9d437bbb44f72b73ba127e06d8e79\"},\"breadcrumb\":{\"@id\":\"https:\\\/\\\/kibrisdakik.com\\\/?p=66715#breadcrumb\"},\"inLanguage\":\"tr\",\"potentialAction\":[{\"@type\":\"ReadAction\",\"target\":[\"https:\\\/\\\/kibrisdakik.com\\\/?p=66715\"]}]},{\"@type\":\"ImageObject\",\"inLanguage\":\"tr\",\"@id\":\"https:\\\/\\\/kibrisdakik.com\\\/?p=66715#primaryimage\",\"url\":\"https:\\\/\\\/kibrisdakik.com\\\/wp-content\\\/uploads\\\/2024\\\/10\\\/323232323232323-740x420.jpeg\",\"contentUrl\":\"https:\\\/\\\/kibrisdakik.com\\\/wp-content\\\/uploads\\\/2024\\\/10\\\/323232323232323-740x420.jpeg\",\"width\":1600,\"height\":716},{\"@type\":\"BreadcrumbList\",\"@id\":\"https:\\\/\\\/kibrisdakik.com\\\/?p=66715#breadcrumb\",\"itemListElement\":[{\"@type\":\"ListItem\",\"position\":1,\"name\":\"Home\",\"item\":\"https:\\\/\\\/kibrisdakik.com\\\/\"},{\"@type\":\"ListItem\",\"position\":2,\"name\":\"K\u0131br\u0131s Otizm Derne\u011fi\u2019nin a\u00e7\u0131l\u0131\u015f etkinli\u011fi Lefko\u015fa\u2019da yap\u0131ld\u0131\"}]},{\"@type\":\"WebSite\",\"@id\":\"https:\\\/\\\/kibrisdakik.com\\\/#website\",\"url\":\"https:\\\/\\\/kibrisdakik.com\\\/\",\"name\":\"\",\"description\":\"Tam vaktinde haber\",\"potentialAction\":[{\"@type\":\"SearchAction\",\"target\":{\"@type\":\"EntryPoint\",\"urlTemplate\":\"https:\\\/\\\/kibrisdakik.com\\\/?s={search_term_string}\"},\"query-input\":{\"@type\":\"PropertyValueSpecification\",\"valueRequired\":true,\"valueName\":\"search_term_string\"}}],\"inLanguage\":\"tr\"},{\"@type\":\"Person\",\"@id\":\"https:\\\/\\\/kibrisdakik.com\\\/#\\\/schema\\\/person\\\/9cd9d437bbb44f72b73ba127e06d8e79\",\"name\":\"admin\",\"image\":{\"@type\":\"ImageObject\",\"inLanguage\":\"tr\",\"@id\":\"https:\\\/\\\/secure.gravatar.com\\\/avatar\\\/ccc17943b9d660506c869530f897617f7cb1c21a4bf30023f252596d83e1f007?s=96&d=mm&r=g\",\"url\":\"https:\\\/\\\/secure.gravatar.com\\\/avatar\\\/ccc17943b9d660506c869530f897617f7cb1c21a4bf30023f252596d83e1f007?s=96&d=mm&r=g\",\"contentUrl\":\"https:\\\/\\\/secure.gravatar.com\\\/avatar\\\/ccc17943b9d660506c869530f897617f7cb1c21a4bf30023f252596d83e1f007?s=96&d=mm&r=g\",\"caption\":\"admin\"},\"sameAs\":[\"https:\\\/\\\/kibrisdakik.com\"],\"url\":\"https:\\\/\\\/kibrisdakik.com\\\/?author=1\"}]}<\/script>\n<!-- \/ Yoast SEO plugin. -->","yoast_head_json":{"title":"K\u0131br\u0131s Otizm Derne\u011fi\u2019nin a\u00e7\u0131l\u0131\u015f etkinli\u011fi Lefko\u015fa\u2019da yap\u0131ld\u0131 -","robots":{"index":"index","follow":"follow","max-snippet":"max-snippet:-1","max-image-preview":"max-image-preview:large","max-video-preview":"max-video-preview:-1"},"canonical":"https:\/\/kibrisdakik.com\/?p=66715","og_locale":"tr_TR","og_type":"article","og_title":"K\u0131br\u0131s Otizm Derne\u011fi\u2019nin a\u00e7\u0131l\u0131\u015f etkinli\u011fi Lefko\u015fa\u2019da yap\u0131ld\u0131 -","og_description":"Otizm spektrumundaki bireyler ve ailelerine destek olmay\u0131 hedefleyen K\u0131br\u0131s Otizm Derne\u011fi\u2019nin resmi a\u00e7\u0131l\u0131\u015f\u0131, cumartesi g\u00fcn\u00fc Lefko\u015fa\u2019da yap\u0131ld\u0131. Yap\u0131lan a\u00e7\u0131klamaya g\u00f6re, derne\u011fin misyonunu tan\u0131tmak amac\u0131yla d\u00fczenlenen etkinli\u011fe, aileler, \u00f6zel e\u011fitim uzmanlar\u0131, sivil toplum \u00f6rg\u00fctleri ile kamu temsilcileri kat\u0131ld\u0131. Etkinlikte yap\u0131lan a\u00e7\u0131l\u0131\u015f konu\u015fmas\u0131nda, derne\u011fin kurulu\u015f amac\u0131 ve vizyonunu payla\u015f\u0131l\u0131rken, Otizm spektrumundaki bireylerin ya\u015fam\u0131n\u0131 kolayla\u015ft\u0131rmak ve toplumsal fark\u0131ndal\u0131k","og_url":"https:\/\/kibrisdakik.com\/?p=66715","article_published_time":"2024-10-14T07:08:07+00:00","og_image":[{"width":1600,"height":716,"url":"https:\/\/kibrisdakik.com\/wp-content\/uploads\/2024\/10\/323232323232323-740x420.jpeg","type":"image\/jpeg"}],"author":"admin","twitter_card":"summary_large_image","twitter_misc":{"Yazan:":"admin","Tahmini okuma s\u00fcresi":"1 dakika"},"schema":{"@context":"https:\/\/schema.org","@graph":[{"@type":"Article","@id":"https:\/\/kibrisdakik.com\/?p=66715#article","isPartOf":{"@id":"https:\/\/kibrisdakik.com\/?p=66715"},"author":{"name":"admin","@id":"https:\/\/kibrisdakik.com\/#\/schema\/person\/9cd9d437bbb44f72b73ba127e06d8e79"},"headline":"K\u0131br\u0131s Otizm Derne\u011fi\u2019nin a\u00e7\u0131l\u0131\u015f etkinli\u011fi Lefko\u015fa\u2019da yap\u0131ld\u0131","datePublished":"2024-10-14T07:08:07+00:00","mainEntityOfPage":{"@id":"https:\/\/kibrisdakik.com\/?p=66715"},"wordCount":237,"commentCount":0,"image":{"@id":"https:\/\/kibrisdakik.com\/?p=66715#primaryimage"},"thumbnailUrl":"https:\/\/kibrisdakik.com\/wp-content\/uploads\/2024\/10\/323232323232323-740x420.jpeg","articleSection":["K\u0131br\u0131s"],"inLanguage":"tr","potentialAction":[{"@type":"CommentAction","name":"Comment","target":["https:\/\/kibrisdakik.com\/?p=66715#respond"]}]},{"@type":"WebPage","@id":"https:\/\/kibrisdakik.com\/?p=66715","url":"https:\/\/kibrisdakik.com\/?p=66715","name":"K\u0131br\u0131s Otizm Derne\u011fi\u2019nin a\u00e7\u0131l\u0131\u015f etkinli\u011fi Lefko\u015fa\u2019da yap\u0131ld\u0131 -","isPartOf":{"@id":"https:\/\/kibrisdakik.com\/#website"},"primaryImageOfPage":{"@id":"https:\/\/kibrisdakik.com\/?p=66715#primaryimage"},"image":{"@id":"https:\/\/kibrisdakik.com\/?p=66715#primaryimage"},"thumbnailUrl":"https:\/\/kibrisdakik.com\/wp-content\/uploads\/2024\/10\/323232323232323-740x420.jpeg","datePublished":"2024-10-14T07:08:07+00:00","author":{"@id":"https:\/\/kibrisdakik.com\/#\/schema\/person\/9cd9d437bbb44f72b73ba127e06d8e79"},"breadcrumb":{"@id":"https:\/\/kibrisdakik.com\/?p=66715#breadcrumb"},"inLanguage":"tr","potentialAction":[{"@type":"ReadAction","target":["https:\/\/kibrisdakik.com\/?p=66715"]}]},{"@type":"ImageObject","inLanguage":"tr","@id":"https:\/\/kibrisdakik.com\/?p=66715#primaryimage","url":"https:\/\/kibrisdakik.com\/wp-content\/uploads\/2024\/10\/323232323232323-740x420.jpeg","contentUrl":"https:\/\/kibrisdakik.com\/wp-content\/uploads\/2024\/10\/323232323232323-740x420.jpeg","width":1600,"height":716},{"@type":"BreadcrumbList","@id":"https:\/\/kibrisdakik.com\/?p=66715#breadcrumb","itemListElement":[{"@type":"ListItem","position":1,"name":"Home","item":"https:\/\/kibrisdakik.com\/"},{"@type":"ListItem","position":2,"name":"K\u0131br\u0131s Otizm Derne\u011fi\u2019nin a\u00e7\u0131l\u0131\u015f etkinli\u011fi Lefko\u015fa\u2019da yap\u0131ld\u0131"}]},{"@type":"WebSite","@id":"https:\/\/kibrisdakik.com\/#website","url":"https:\/\/kibrisdakik.com\/","name":"","description":"Tam vaktinde haber","potentialAction":[{"@type":"SearchAction","target":{"@type":"EntryPoint","urlTemplate":"https:\/\/kibrisdakik.com\/?s={search_term_string}"},"query-input":{"@type":"PropertyValueSpecification","valueRequired":true,"valueName":"search_term_string"}}],"inLanguage":"tr"},{"@type":"Person","@id":"https:\/\/kibrisdakik.com\/#\/schema\/person\/9cd9d437bbb44f72b73ba127e06d8e79","name":"admin","image":{"@type":"ImageObject","inLanguage":"tr","@id":"https:\/\/secure.gravatar.com\/avatar\/ccc17943b9d660506c869530f897617f7cb1c21a4bf30023f252596d83e1f007?s=96&d=mm&r=g","url":"https:\/\/secure.gravatar.com\/avatar\/ccc17943b9d660506c869530f897617f7cb1c21a4bf30023f252596d83e1f007?s=96&d=mm&r=g","contentUrl":"https:\/\/secure.gravatar.com\/avatar\/ccc17943b9d660506c869530f897617f7cb1c21a4bf30023f252596d83e1f007?s=96&d=mm&r=g","caption":"admin"},"sameAs":["https:\/\/kibrisdakik.com"],"url":"https:\/\/kibrisdakik.com\/?author=1"}]}},"_links":{"self":[{"href":"https:\/\/kibrisdakik.com\/index.php?rest_route=\/wp\/v2\/posts\/66715","targetHints":{"allow":["GET"]}}],"collection":[{"href":"https:\/\/kibrisdakik.com\/index.php?rest_route=\/wp\/v2\/posts"}],"about":[{"href":"https:\/\/kibrisdakik.com\/index.php?rest_route=\/wp\/v2\/types\/post"}],"author":[{"embeddable":true,"href":"https:\/\/kibrisdakik.com\/index.php?rest_route=\/wp\/v2\/users\/1"}],"replies":[{"embeddable":true,"href":"https:\/\/kibrisdakik.com\/index.php?rest_route=%2Fwp%2Fv2%2Fcomments&post=66715"}],"version-history":[{"count":0,"href":"https:\/\/kibrisdakik.com\/index.php?rest_route=\/wp\/v2\/posts\/66715\/revisions"}],"wp:featuredmedia":[{"embeddable":true,"href":"https:\/\/kibrisdakik.com\/index.php?rest_route=\/wp\/v2\/media\/66716"}],"wp:attachment":[{"href":"https:\/\/kibrisdakik.com\/index.php?rest_route=%2Fwp%2Fv2%2Fmedia&parent=66715"}],"wp:term":[{"taxonomy":"category","embeddable":true,"href":"https:\/\/kibrisdakik.com\/index.php?rest_route=%2Fwp%2Fv2%2Fcategories&post=66715"},{"taxonomy":"post_tag","embeddable":true,"href":"https:\/\/kibrisdakik.com\/index.php?rest_route=%2Fwp%2Fv2%2Ftags&post=66715"}],"curies":[{"name":"wp","href":"https:\/\/api.w.org\/{rel}","templated":true}]}}