{"id":66721,"date":"2024-10-14T10:15:55","date_gmt":"2024-10-14T07:15:55","guid":{"rendered":"https:\/\/kibrisdakik.com\/index.php\/2024\/10\/14\/ydp-myk-bugun-saat-12-00de-toplaniyor-meclis-baskanlik-secimindeki-kriz-ele-alinacak\/"},"modified":"2024-10-14T10:15:55","modified_gmt":"2024-10-14T07:15:55","slug":"ydp-myk-bugun-saat-12-00de-toplaniyor-meclis-baskanlik-secimindeki-kriz-ele-alinacak","status":"publish","type":"post","link":"https:\/\/kibrisdakik.com\/?p=66721","title":{"rendered":"YDP MYK bug\u00fcn saat 12.00\u2019de toplan\u0131yor\u2026 Meclis Ba\u015fkanl\u0131k se\u00e7imindeki kriz ele al\u0131nacak"},"content":{"rendered":"<div>\n<div class=\"mariselle-image-container center\">\n                                            <\/div>\n<p> Yeniden Do\u011fu\u015f Partisi (YDP) Merkez Y\u00f6netim Kurulu (MYK), \u201cMeclis Ba\u015fkanl\u0131k se\u00e7iminde ya\u015fanan krizi g\u00f6r\u00fc\u015fmek \u00fczere\u201d bug\u00fcn saat 12.00\u2019de toplanacak.<\/p>\n<p>YDP Genel Sekreteri Er\u015fah Y\u0131lmaz yapt\u0131\u011f\u0131 yaz\u0131l\u0131 a\u00e7\u0131klamada, \u201cMeclis\u2019te ya\u015fanan gerginlik son derece \u00fcz\u00fcnt\u00fc verici. \u00dclkenin bu kadar sorunu varken, hele hele New York\u2019ta \u00f6nemli geli\u015fmeler e\u015fi\u011findeyken bu konudaki tart\u0131\u015fmalar herkes gibi bizleri de rahats\u0131z ediyor\u201d ifadelerini kulland\u0131.<\/p>\n<p>\u201cBa\u015fsavc\u0131l\u0131k makam\u0131 \u00fczerinde ciddi bir mahalle bask\u0131s\u0131 olu\u015fturuldu\u011funu\u201d savunan Y\u0131lmaz, \u201cBa\u015fkan\u0131m\u0131z\u0131n da dedi\u011fi gibi, bu bask\u0131 alt\u0131ndaki Ba\u015fsavc\u0131n\u0131n nas\u0131l objektif hukuki bir g\u00f6r\u00fc\u015f verece\u011fi bizlerin de me<\/p>\n<\/p><\/div>\n<p><script async\n                    defer\n                    crossorigin=\"anonymous\"\n                    src=\"https:\/\/connect.facebook.net\/tr_TR\/sdk.js#xfbml=1&#038;version=v3.3\"\n            ><\/script><\/p>\n","protected":false},"excerpt":{"rendered":"<p>Yeniden Do\u011fu\u015f Partisi (YDP) Merkez Y\u00f6netim Kurulu (MYK), \u201cMeclis Ba\u015fkanl\u0131k se\u00e7iminde ya\u015fanan krizi g\u00f6r\u00fc\u015fmek \u00fczere\u201d bug\u00fcn saat 12.00\u2019de toplanacak. YDP Genel Sekreteri Er\u015fah Y\u0131lmaz yapt\u0131\u011f\u0131 yaz\u0131l\u0131 a\u00e7\u0131klamada, \u201cMeclis\u2019te ya\u015fanan gerginlik son derece \u00fcz\u00fcnt\u00fc verici. \u00dclkenin bu kadar sorunu varken, hele hele New York\u2019ta \u00f6nemli geli\u015fmeler e\u015fi\u011findeyken bu konudaki tart\u0131\u015fmalar herkes gibi bizleri de rahats\u0131z ediyor\u201d<\/p>\n","protected":false},"author":1,"featured_media":38135,"comment_status":"open","ping_status":"open","sticky":false,"template":"","format":"standard","meta":{"footnotes":""},"categories":[81],"tags":[],"class_list":["post-66721","post","type-post","status-publish","format-standard","has-post-thumbnail","hentry","category-kibris"],"yoast_head":"<!-- This site is optimized with the Yoast SEO plugin v27.5 - https:\/\/yoast.com\/product\/yoast-seo-wordpress\/ -->\n<title>YDP MYK bug\u00fcn saat 12.00\u2019de toplan\u0131yor\u2026 Meclis Ba\u015fkanl\u0131k se\u00e7imindeki kriz ele al\u0131nacak -<\/title>\n<meta name=\"robots\" content=\"index, follow, max-snippet:-1, max-image-preview:large, max-video-preview:-1\" \/>\n<link rel=\"canonical\" href=\"https:\/\/kibrisdakik.com\/?p=66721\" \/>\n<meta property=\"og:locale\" content=\"tr_TR\" \/>\n<meta property=\"og:type\" content=\"article\" \/>\n<meta property=\"og:title\" content=\"YDP MYK bug\u00fcn saat 12.00\u2019de toplan\u0131yor\u2026 Meclis Ba\u015fkanl\u0131k se\u00e7imindeki kriz ele al\u0131nacak -\" \/>\n<meta property=\"og:description\" content=\"Yeniden Do\u011fu\u015f Partisi (YDP) Merkez Y\u00f6netim Kurulu (MYK), \u201cMeclis Ba\u015fkanl\u0131k se\u00e7iminde ya\u015fanan krizi g\u00f6r\u00fc\u015fmek \u00fczere\u201d bug\u00fcn saat 12.00\u2019de toplanacak. YDP Genel Sekreteri Er\u015fah Y\u0131lmaz yapt\u0131\u011f\u0131 yaz\u0131l\u0131 a\u00e7\u0131klamada, \u201cMeclis\u2019te ya\u015fanan gerginlik son derece \u00fcz\u00fcnt\u00fc verici. \u00dclkenin bu kadar sorunu varken, hele hele New York\u2019ta \u00f6nemli geli\u015fmeler e\u015fi\u011findeyken bu konudaki tart\u0131\u015fmalar herkes gibi bizleri de rahats\u0131z ediyor\u201d\" \/>\n<meta property=\"og:url\" content=\"https:\/\/kibrisdakik.com\/?p=66721\" \/>\n<meta property=\"article:published_time\" content=\"2024-10-14T07:15:55+00:00\" \/>\n<meta property=\"og:image\" content=\"https:\/\/kibrisdakik.com\/wp-content\/uploads\/2024\/04\/ydp-logo-2-740x420.jpeg\" \/>\n\t<meta property=\"og:image:width\" content=\"880\" \/>\n\t<meta property=\"og:image:height\" content=\"440\" \/>\n\t<meta property=\"og:image:type\" content=\"image\/jpeg\" \/>\n<meta name=\"author\" content=\"admin\" \/>\n<meta name=\"twitter:card\" content=\"summary_large_image\" \/>\n<meta name=\"twitter:label1\" content=\"Yazan:\" \/>\n\t<meta name=\"twitter:data1\" content=\"admin\" \/>\n\t<meta name=\"twitter:label2\" content=\"Tahmini okuma s\u00fcresi\" \/>\n\t<meta name=\"twitter:data2\" content=\"1 dakika\" \/>\n<script type=\"application\/ld+json\" class=\"yoast-schema-graph\">{\"@context\":\"https:\\\/\\\/schema.org\",\"@graph\":[{\"@type\":\"Article\",\"@id\":\"https:\\\/\\\/kibrisdakik.com\\\/?p=66721#article\",\"isPartOf\":{\"@id\":\"https:\\\/\\\/kibrisdakik.com\\\/?p=66721\"},\"author\":{\"name\":\"admin\",\"@id\":\"https:\\\/\\\/kibrisdakik.com\\\/#\\\/schema\\\/person\\\/9cd9d437bbb44f72b73ba127e06d8e79\"},\"headline\":\"YDP MYK bug\u00fcn saat 12.00\u2019de toplan\u0131yor\u2026 Meclis Ba\u015fkanl\u0131k se\u00e7imindeki kriz ele al\u0131nacak\",\"datePublished\":\"2024-10-14T07:15:55+00:00\",\"mainEntityOfPage\":{\"@id\":\"https:\\\/\\\/kibrisdakik.com\\\/?p=66721\"},\"wordCount\":143,\"commentCount\":0,\"image\":{\"@id\":\"https:\\\/\\\/kibrisdakik.com\\\/?p=66721#primaryimage\"},\"thumbnailUrl\":\"https:\\\/\\\/kibrisdakik.com\\\/wp-content\\\/uploads\\\/2024\\\/04\\\/ydp-logo-2-740x420.jpeg\",\"articleSection\":[\"K\u0131br\u0131s\"],\"inLanguage\":\"tr\",\"potentialAction\":[{\"@type\":\"CommentAction\",\"name\":\"Comment\",\"target\":[\"https:\\\/\\\/kibrisdakik.com\\\/?p=66721#respond\"]}]},{\"@type\":\"WebPage\",\"@id\":\"https:\\\/\\\/kibrisdakik.com\\\/?p=66721\",\"url\":\"https:\\\/\\\/kibrisdakik.com\\\/?p=66721\",\"name\":\"YDP MYK bug\u00fcn saat 12.00\u2019de toplan\u0131yor\u2026 Meclis Ba\u015fkanl\u0131k se\u00e7imindeki kriz ele al\u0131nacak -\",\"isPartOf\":{\"@id\":\"https:\\\/\\\/kibrisdakik.com\\\/#website\"},\"primaryImageOfPage\":{\"@id\":\"https:\\\/\\\/kibrisdakik.com\\\/?p=66721#primaryimage\"},\"image\":{\"@id\":\"https:\\\/\\\/kibrisdakik.com\\\/?p=66721#primaryimage\"},\"thumbnailUrl\":\"https:\\\/\\\/kibrisdakik.com\\\/wp-content\\\/uploads\\\/2024\\\/04\\\/ydp-logo-2-740x420.jpeg\",\"datePublished\":\"2024-10-14T07:15:55+00:00\",\"author\":{\"@id\":\"https:\\\/\\\/kibrisdakik.com\\\/#\\\/schema\\\/person\\\/9cd9d437bbb44f72b73ba127e06d8e79\"},\"breadcrumb\":{\"@id\":\"https:\\\/\\\/kibrisdakik.com\\\/?p=66721#breadcrumb\"},\"inLanguage\":\"tr\",\"potentialAction\":[{\"@type\":\"ReadAction\",\"target\":[\"https:\\\/\\\/kibrisdakik.com\\\/?p=66721\"]}]},{\"@type\":\"ImageObject\",\"inLanguage\":\"tr\",\"@id\":\"https:\\\/\\\/kibrisdakik.com\\\/?p=66721#primaryimage\",\"url\":\"https:\\\/\\\/kibrisdakik.com\\\/wp-content\\\/uploads\\\/2024\\\/04\\\/ydp-logo-2-740x420.jpeg\",\"contentUrl\":\"https:\\\/\\\/kibrisdakik.com\\\/wp-content\\\/uploads\\\/2024\\\/04\\\/ydp-logo-2-740x420.jpeg\",\"width\":880,\"height\":440},{\"@type\":\"BreadcrumbList\",\"@id\":\"https:\\\/\\\/kibrisdakik.com\\\/?p=66721#breadcrumb\",\"itemListElement\":[{\"@type\":\"ListItem\",\"position\":1,\"name\":\"Home\",\"item\":\"https:\\\/\\\/kibrisdakik.com\\\/\"},{\"@type\":\"ListItem\",\"position\":2,\"name\":\"YDP MYK bug\u00fcn saat 12.00\u2019de toplan\u0131yor\u2026 Meclis Ba\u015fkanl\u0131k se\u00e7imindeki kriz ele al\u0131nacak\"}]},{\"@type\":\"WebSite\",\"@id\":\"https:\\\/\\\/kibrisdakik.com\\\/#website\",\"url\":\"https:\\\/\\\/kibrisdakik.com\\\/\",\"name\":\"\",\"description\":\"Tam vaktinde haber\",\"potentialAction\":[{\"@type\":\"SearchAction\",\"target\":{\"@type\":\"EntryPoint\",\"urlTemplate\":\"https:\\\/\\\/kibrisdakik.com\\\/?s={search_term_string}\"},\"query-input\":{\"@type\":\"PropertyValueSpecification\",\"valueRequired\":true,\"valueName\":\"search_term_string\"}}],\"inLanguage\":\"tr\"},{\"@type\":\"Person\",\"@id\":\"https:\\\/\\\/kibrisdakik.com\\\/#\\\/schema\\\/person\\\/9cd9d437bbb44f72b73ba127e06d8e79\",\"name\":\"admin\",\"image\":{\"@type\":\"ImageObject\",\"inLanguage\":\"tr\",\"@id\":\"https:\\\/\\\/secure.gravatar.com\\\/avatar\\\/ccc17943b9d660506c869530f897617f7cb1c21a4bf30023f252596d83e1f007?s=96&d=mm&r=g\",\"url\":\"https:\\\/\\\/secure.gravatar.com\\\/avatar\\\/ccc17943b9d660506c869530f897617f7cb1c21a4bf30023f252596d83e1f007?s=96&d=mm&r=g\",\"contentUrl\":\"https:\\\/\\\/secure.gravatar.com\\\/avatar\\\/ccc17943b9d660506c869530f897617f7cb1c21a4bf30023f252596d83e1f007?s=96&d=mm&r=g\",\"caption\":\"admin\"},\"sameAs\":[\"https:\\\/\\\/kibrisdakik.com\"],\"url\":\"https:\\\/\\\/kibrisdakik.com\\\/?author=1\"}]}<\/script>\n<!-- \/ Yoast SEO plugin. -->","yoast_head_json":{"title":"YDP MYK bug\u00fcn saat 12.00\u2019de toplan\u0131yor\u2026 Meclis Ba\u015fkanl\u0131k se\u00e7imindeki kriz ele al\u0131nacak -","robots":{"index":"index","follow":"follow","max-snippet":"max-snippet:-1","max-image-preview":"max-image-preview:large","max-video-preview":"max-video-preview:-1"},"canonical":"https:\/\/kibrisdakik.com\/?p=66721","og_locale":"tr_TR","og_type":"article","og_title":"YDP MYK bug\u00fcn saat 12.00\u2019de toplan\u0131yor\u2026 Meclis Ba\u015fkanl\u0131k se\u00e7imindeki kriz ele al\u0131nacak -","og_description":"Yeniden Do\u011fu\u015f Partisi (YDP) Merkez Y\u00f6netim Kurulu (MYK), \u201cMeclis Ba\u015fkanl\u0131k se\u00e7iminde ya\u015fanan krizi g\u00f6r\u00fc\u015fmek \u00fczere\u201d bug\u00fcn saat 12.00\u2019de toplanacak. YDP Genel Sekreteri Er\u015fah Y\u0131lmaz yapt\u0131\u011f\u0131 yaz\u0131l\u0131 a\u00e7\u0131klamada, \u201cMeclis\u2019te ya\u015fanan gerginlik son derece \u00fcz\u00fcnt\u00fc verici. \u00dclkenin bu kadar sorunu varken, hele hele New York\u2019ta \u00f6nemli geli\u015fmeler e\u015fi\u011findeyken bu konudaki tart\u0131\u015fmalar herkes gibi bizleri de rahats\u0131z ediyor\u201d","og_url":"https:\/\/kibrisdakik.com\/?p=66721","article_published_time":"2024-10-14T07:15:55+00:00","og_image":[{"width":880,"height":440,"url":"https:\/\/kibrisdakik.com\/wp-content\/uploads\/2024\/04\/ydp-logo-2-740x420.jpeg","type":"image\/jpeg"}],"author":"admin","twitter_card":"summary_large_image","twitter_misc":{"Yazan:":"admin","Tahmini okuma s\u00fcresi":"1 dakika"},"schema":{"@context":"https:\/\/schema.org","@graph":[{"@type":"Article","@id":"https:\/\/kibrisdakik.com\/?p=66721#article","isPartOf":{"@id":"https:\/\/kibrisdakik.com\/?p=66721"},"author":{"name":"admin","@id":"https:\/\/kibrisdakik.com\/#\/schema\/person\/9cd9d437bbb44f72b73ba127e06d8e79"},"headline":"YDP MYK bug\u00fcn saat 12.00\u2019de toplan\u0131yor\u2026 Meclis Ba\u015fkanl\u0131k se\u00e7imindeki kriz ele al\u0131nacak","datePublished":"2024-10-14T07:15:55+00:00","mainEntityOfPage":{"@id":"https:\/\/kibrisdakik.com\/?p=66721"},"wordCount":143,"commentCount":0,"image":{"@id":"https:\/\/kibrisdakik.com\/?p=66721#primaryimage"},"thumbnailUrl":"https:\/\/kibrisdakik.com\/wp-content\/uploads\/2024\/04\/ydp-logo-2-740x420.jpeg","articleSection":["K\u0131br\u0131s"],"inLanguage":"tr","potentialAction":[{"@type":"CommentAction","name":"Comment","target":["https:\/\/kibrisdakik.com\/?p=66721#respond"]}]},{"@type":"WebPage","@id":"https:\/\/kibrisdakik.com\/?p=66721","url":"https:\/\/kibrisdakik.com\/?p=66721","name":"YDP MYK bug\u00fcn saat 12.00\u2019de toplan\u0131yor\u2026 Meclis Ba\u015fkanl\u0131k se\u00e7imindeki kriz ele al\u0131nacak -","isPartOf":{"@id":"https:\/\/kibrisdakik.com\/#website"},"primaryImageOfPage":{"@id":"https:\/\/kibrisdakik.com\/?p=66721#primaryimage"},"image":{"@id":"https:\/\/kibrisdakik.com\/?p=66721#primaryimage"},"thumbnailUrl":"https:\/\/kibrisdakik.com\/wp-content\/uploads\/2024\/04\/ydp-logo-2-740x420.jpeg","datePublished":"2024-10-14T07:15:55+00:00","author":{"@id":"https:\/\/kibrisdakik.com\/#\/schema\/person\/9cd9d437bbb44f72b73ba127e06d8e79"},"breadcrumb":{"@id":"https:\/\/kibrisdakik.com\/?p=66721#breadcrumb"},"inLanguage":"tr","potentialAction":[{"@type":"ReadAction","target":["https:\/\/kibrisdakik.com\/?p=66721"]}]},{"@type":"ImageObject","inLanguage":"tr","@id":"https:\/\/kibrisdakik.com\/?p=66721#primaryimage","url":"https:\/\/kibrisdakik.com\/wp-content\/uploads\/2024\/04\/ydp-logo-2-740x420.jpeg","contentUrl":"https:\/\/kibrisdakik.com\/wp-content\/uploads\/2024\/04\/ydp-logo-2-740x420.jpeg","width":880,"height":440},{"@type":"BreadcrumbList","@id":"https:\/\/kibrisdakik.com\/?p=66721#breadcrumb","itemListElement":[{"@type":"ListItem","position":1,"name":"Home","item":"https:\/\/kibrisdakik.com\/"},{"@type":"ListItem","position":2,"name":"YDP MYK bug\u00fcn saat 12.00\u2019de toplan\u0131yor\u2026 Meclis Ba\u015fkanl\u0131k se\u00e7imindeki kriz ele al\u0131nacak"}]},{"@type":"WebSite","@id":"https:\/\/kibrisdakik.com\/#website","url":"https:\/\/kibrisdakik.com\/","name":"","description":"Tam vaktinde haber","potentialAction":[{"@type":"SearchAction","target":{"@type":"EntryPoint","urlTemplate":"https:\/\/kibrisdakik.com\/?s={search_term_string}"},"query-input":{"@type":"PropertyValueSpecification","valueRequired":true,"valueName":"search_term_string"}}],"inLanguage":"tr"},{"@type":"Person","@id":"https:\/\/kibrisdakik.com\/#\/schema\/person\/9cd9d437bbb44f72b73ba127e06d8e79","name":"admin","image":{"@type":"ImageObject","inLanguage":"tr","@id":"https:\/\/secure.gravatar.com\/avatar\/ccc17943b9d660506c869530f897617f7cb1c21a4bf30023f252596d83e1f007?s=96&d=mm&r=g","url":"https:\/\/secure.gravatar.com\/avatar\/ccc17943b9d660506c869530f897617f7cb1c21a4bf30023f252596d83e1f007?s=96&d=mm&r=g","contentUrl":"https:\/\/secure.gravatar.com\/avatar\/ccc17943b9d660506c869530f897617f7cb1c21a4bf30023f252596d83e1f007?s=96&d=mm&r=g","caption":"admin"},"sameAs":["https:\/\/kibrisdakik.com"],"url":"https:\/\/kibrisdakik.com\/?author=1"}]}},"_links":{"self":[{"href":"https:\/\/kibrisdakik.com\/index.php?rest_route=\/wp\/v2\/posts\/66721","targetHints":{"allow":["GET"]}}],"collection":[{"href":"https:\/\/kibrisdakik.com\/index.php?rest_route=\/wp\/v2\/posts"}],"about":[{"href":"https:\/\/kibrisdakik.com\/index.php?rest_route=\/wp\/v2\/types\/post"}],"author":[{"embeddable":true,"href":"https:\/\/kibrisdakik.com\/index.php?rest_route=\/wp\/v2\/users\/1"}],"replies":[{"embeddable":true,"href":"https:\/\/kibrisdakik.com\/index.php?rest_route=%2Fwp%2Fv2%2Fcomments&post=66721"}],"version-history":[{"count":0,"href":"https:\/\/kibrisdakik.com\/index.php?rest_route=\/wp\/v2\/posts\/66721\/revisions"}],"wp:featuredmedia":[{"embeddable":true,"href":"https:\/\/kibrisdakik.com\/index.php?rest_route=\/wp\/v2\/media\/38135"}],"wp:attachment":[{"href":"https:\/\/kibrisdakik.com\/index.php?rest_route=%2Fwp%2Fv2%2Fmedia&parent=66721"}],"wp:term":[{"taxonomy":"category","embeddable":true,"href":"https:\/\/kibrisdakik.com\/index.php?rest_route=%2Fwp%2Fv2%2Fcategories&post=66721"},{"taxonomy":"post_tag","embeddable":true,"href":"https:\/\/kibrisdakik.com\/index.php?rest_route=%2Fwp%2Fv2%2Ftags&post=66721"}],"curies":[{"name":"wp","href":"https:\/\/api.w.org\/{rel}","templated":true}]}}