{"id":66746,"date":"2024-10-14T13:56:03","date_gmt":"2024-10-14T10:56:03","guid":{"rendered":"https:\/\/kibrisdakik.com\/index.php\/2024\/10\/14\/ktoeos-gazimagusa-canakkale-ortaokulu-ve-namik-kemal-lisesinde-aciklama-yapti\/"},"modified":"2024-10-14T13:56:03","modified_gmt":"2024-10-14T10:56:03","slug":"ktoeos-gazimagusa-canakkale-ortaokulu-ve-namik-kemal-lisesinde-aciklama-yapti","status":"publish","type":"post","link":"https:\/\/kibrisdakik.com\/?p=66746","title":{"rendered":"KTOE\u00d6S, Gazima\u011fusa \u00c7anakkale Ortaokulu ve Nam\u0131k Kemal Lisesi\u2019nde a\u00e7\u0131klama yapt\u0131"},"content":{"rendered":"<div>\n<div class=\"mariselle-image-container center\">\n                                            <\/div>\n<p>\u00a0<\/p>\n<p>K\u0131br\u0131s T\u00fcrk Orta E\u011fitim \u00d6\u011fretmenler Sendikas\u0131 (KTOE\u00d6S) , Gazima\u011fusa \u00c7anakkale Ortaokulu ve Nam\u0131k Kemal Lisesi\u2019nde bas\u0131n a\u00e7\u0131klamas\u0131 yapt\u0131.<\/p>\n<p>Sendika Ba\u015fkan\u0131 Selma Eylem, h\u00fck\u00fcmetin ve E\u011fitim Bakanl\u0131\u011f\u0131\u2019n\u0131n kamusal e\u011fitimi g\u00f6zden \u00e7\u0131kard\u0131\u011f\u0131n\u0131 ileri s\u00fcrd\u00fc.<\/p>\n<p>Eylem, E\u011fitim Bakan\u0131\u2019n\u0131n eksik \u00f6\u011fretmen kadrosunun tamamlanmamas\u0131n\u0131 okullar\u0131n ge\u00e7 a\u00e7\u0131lmas\u0131na gerek\u00e7e g\u00f6sterdi\u011fini ancak bug\u00fcn hala sorunun devam etti\u011fini s\u00f6yledi.<\/p>\n<p>Eylem, E\u011fitim Bakan\u0131n\u0131n tam g\u00fcn e\u011fitime ge\u00e7me karar\u0131na at\u0131fta bulunarak \u201changi altyap\u0131yla, hangi kadroyla, hangi e\u011fitim i\u00e7eri\u011fiyle ve hangi \u00f6\u011fretmen hak ve ko\u015fuluyla \u201c dedi.<br \/>Eylem, bir an \u00f6nce ad\u0131m at\u0131lmas\u0131 gereklili\u011fine i\u015faret ederek, kamusal e\u011fitim i\u00e7in gerekenin yap\u0131lmas\u0131n\u0131n \u015fart oldu\u011funu  s\u00f6yledi.<\/p>\n<p>KTOE\u00d6S Genel Sekreteri Tahir G\u00f6k\u00e7ebel de, bakanl\u0131\u011f\u0131n icraatlar\u0131n\u0131 ele\u015ftirdi. <\/p>\n<p>G\u00f6k\u00e7ebel, sorunun en k\u0131sa s\u00fcrede \u00e7\u00f6z\u00fclmemesi durumunda gerekenin yap\u0131laca\u011f\u0131n\u0131 da s\u00f6yledi.<\/p>\n<\/p><\/div>\n<p><script async\n                    defer\n                    crossorigin=\"anonymous\"\n                    src=\"https:\/\/connect.facebook.net\/tr_TR\/sdk.js#xfbml=1&#038;version=v3.3\"\n            ><\/script><\/p>\n","protected":false},"excerpt":{"rendered":"<p>\u00a0 K\u0131br\u0131s T\u00fcrk Orta E\u011fitim \u00d6\u011fretmenler Sendikas\u0131 (KTOE\u00d6S) , Gazima\u011fusa \u00c7anakkale Ortaokulu ve Nam\u0131k Kemal Lisesi\u2019nde bas\u0131n a\u00e7\u0131klamas\u0131 yapt\u0131. Sendika Ba\u015fkan\u0131 Selma Eylem, h\u00fck\u00fcmetin ve E\u011fitim Bakanl\u0131\u011f\u0131\u2019n\u0131n kamusal e\u011fitimi g\u00f6zden \u00e7\u0131kard\u0131\u011f\u0131n\u0131 ileri s\u00fcrd\u00fc. Eylem, E\u011fitim Bakan\u0131\u2019n\u0131n eksik \u00f6\u011fretmen kadrosunun tamamlanmamas\u0131n\u0131 okullar\u0131n ge\u00e7 a\u00e7\u0131lmas\u0131na gerek\u00e7e g\u00f6sterdi\u011fini ancak bug\u00fcn hala sorunun devam etti\u011fini s\u00f6yledi. Eylem, E\u011fitim Bakan\u0131n\u0131n<\/p>\n","protected":false},"author":1,"featured_media":66747,"comment_status":"open","ping_status":"open","sticky":false,"template":"","format":"standard","meta":{"footnotes":""},"categories":[81],"tags":[],"class_list":["post-66746","post","type-post","status-publish","format-standard","has-post-thumbnail","hentry","category-kibris"],"yoast_head":"<!-- This site is optimized with the Yoast SEO plugin v27.4 - https:\/\/yoast.com\/product\/yoast-seo-wordpress\/ -->\n<title>KTOE\u00d6S, Gazima\u011fusa \u00c7anakkale Ortaokulu ve Nam\u0131k Kemal Lisesi\u2019nde a\u00e7\u0131klama yapt\u0131 -<\/title>\n<meta name=\"robots\" content=\"index, follow, max-snippet:-1, max-image-preview:large, max-video-preview:-1\" \/>\n<link rel=\"canonical\" href=\"https:\/\/kibrisdakik.com\/?p=66746\" \/>\n<meta property=\"og:locale\" content=\"tr_TR\" \/>\n<meta property=\"og:type\" content=\"article\" \/>\n<meta property=\"og:title\" content=\"KTOE\u00d6S, Gazima\u011fusa \u00c7anakkale Ortaokulu ve Nam\u0131k Kemal Lisesi\u2019nde a\u00e7\u0131klama yapt\u0131 -\" \/>\n<meta property=\"og:description\" content=\"\u00a0 K\u0131br\u0131s T\u00fcrk Orta E\u011fitim \u00d6\u011fretmenler Sendikas\u0131 (KTOE\u00d6S) , Gazima\u011fusa \u00c7anakkale Ortaokulu ve Nam\u0131k Kemal Lisesi\u2019nde bas\u0131n a\u00e7\u0131klamas\u0131 yapt\u0131. Sendika Ba\u015fkan\u0131 Selma Eylem, h\u00fck\u00fcmetin ve E\u011fitim Bakanl\u0131\u011f\u0131\u2019n\u0131n kamusal e\u011fitimi g\u00f6zden \u00e7\u0131kard\u0131\u011f\u0131n\u0131 ileri s\u00fcrd\u00fc. Eylem, E\u011fitim Bakan\u0131\u2019n\u0131n eksik \u00f6\u011fretmen kadrosunun tamamlanmamas\u0131n\u0131 okullar\u0131n ge\u00e7 a\u00e7\u0131lmas\u0131na gerek\u00e7e g\u00f6sterdi\u011fini ancak bug\u00fcn hala sorunun devam etti\u011fini s\u00f6yledi. Eylem, E\u011fitim Bakan\u0131n\u0131n\" \/>\n<meta property=\"og:url\" content=\"https:\/\/kibrisdakik.com\/?p=66746\" \/>\n<meta property=\"article:published_time\" content=\"2024-10-14T10:56:03+00:00\" \/>\n<meta property=\"og:image\" content=\"https:\/\/kibrisdakik.com\/wp-content\/uploads\/2024\/10\/b8c588bd-a5de-4fe7-8dc6-86fe85c11b9faaaaaaaaaaaaaa-740x420.jpg\" \/>\n\t<meta property=\"og:image:width\" content=\"1924\" \/>\n\t<meta property=\"og:image:height\" content=\"918\" \/>\n\t<meta property=\"og:image:type\" content=\"image\/jpeg\" \/>\n<meta name=\"author\" content=\"admin\" \/>\n<meta name=\"twitter:card\" content=\"summary_large_image\" \/>\n<meta name=\"twitter:label1\" content=\"Yazan:\" \/>\n\t<meta name=\"twitter:data1\" content=\"admin\" \/>\n\t<meta name=\"twitter:label2\" content=\"Tahmini okuma s\u00fcresi\" \/>\n\t<meta name=\"twitter:data2\" content=\"1 dakika\" \/>\n<script type=\"application\/ld+json\" class=\"yoast-schema-graph\">{\"@context\":\"https:\\\/\\\/schema.org\",\"@graph\":[{\"@type\":\"Article\",\"@id\":\"https:\\\/\\\/kibrisdakik.com\\\/?p=66746#article\",\"isPartOf\":{\"@id\":\"https:\\\/\\\/kibrisdakik.com\\\/?p=66746\"},\"author\":{\"name\":\"admin\",\"@id\":\"https:\\\/\\\/kibrisdakik.com\\\/#\\\/schema\\\/person\\\/9cd9d437bbb44f72b73ba127e06d8e79\"},\"headline\":\"KTOE\u00d6S, Gazima\u011fusa \u00c7anakkale Ortaokulu ve Nam\u0131k Kemal Lisesi\u2019nde a\u00e7\u0131klama yapt\u0131\",\"datePublished\":\"2024-10-14T10:56:03+00:00\",\"mainEntityOfPage\":{\"@id\":\"https:\\\/\\\/kibrisdakik.com\\\/?p=66746\"},\"wordCount\":197,\"commentCount\":0,\"image\":{\"@id\":\"https:\\\/\\\/kibrisdakik.com\\\/?p=66746#primaryimage\"},\"thumbnailUrl\":\"https:\\\/\\\/kibrisdakik.com\\\/wp-content\\\/uploads\\\/2024\\\/10\\\/b8c588bd-a5de-4fe7-8dc6-86fe85c11b9faaaaaaaaaaaaaa-740x420.jpg\",\"articleSection\":[\"K\u0131br\u0131s\"],\"inLanguage\":\"tr\",\"potentialAction\":[{\"@type\":\"CommentAction\",\"name\":\"Comment\",\"target\":[\"https:\\\/\\\/kibrisdakik.com\\\/?p=66746#respond\"]}]},{\"@type\":\"WebPage\",\"@id\":\"https:\\\/\\\/kibrisdakik.com\\\/?p=66746\",\"url\":\"https:\\\/\\\/kibrisdakik.com\\\/?p=66746\",\"name\":\"KTOE\u00d6S, Gazima\u011fusa \u00c7anakkale Ortaokulu ve Nam\u0131k Kemal Lisesi\u2019nde a\u00e7\u0131klama yapt\u0131 -\",\"isPartOf\":{\"@id\":\"https:\\\/\\\/kibrisdakik.com\\\/#website\"},\"primaryImageOfPage\":{\"@id\":\"https:\\\/\\\/kibrisdakik.com\\\/?p=66746#primaryimage\"},\"image\":{\"@id\":\"https:\\\/\\\/kibrisdakik.com\\\/?p=66746#primaryimage\"},\"thumbnailUrl\":\"https:\\\/\\\/kibrisdakik.com\\\/wp-content\\\/uploads\\\/2024\\\/10\\\/b8c588bd-a5de-4fe7-8dc6-86fe85c11b9faaaaaaaaaaaaaa-740x420.jpg\",\"datePublished\":\"2024-10-14T10:56:03+00:00\",\"author\":{\"@id\":\"https:\\\/\\\/kibrisdakik.com\\\/#\\\/schema\\\/person\\\/9cd9d437bbb44f72b73ba127e06d8e79\"},\"breadcrumb\":{\"@id\":\"https:\\\/\\\/kibrisdakik.com\\\/?p=66746#breadcrumb\"},\"inLanguage\":\"tr\",\"potentialAction\":[{\"@type\":\"ReadAction\",\"target\":[\"https:\\\/\\\/kibrisdakik.com\\\/?p=66746\"]}]},{\"@type\":\"ImageObject\",\"inLanguage\":\"tr\",\"@id\":\"https:\\\/\\\/kibrisdakik.com\\\/?p=66746#primaryimage\",\"url\":\"https:\\\/\\\/kibrisdakik.com\\\/wp-content\\\/uploads\\\/2024\\\/10\\\/b8c588bd-a5de-4fe7-8dc6-86fe85c11b9faaaaaaaaaaaaaa-740x420.jpg\",\"contentUrl\":\"https:\\\/\\\/kibrisdakik.com\\\/wp-content\\\/uploads\\\/2024\\\/10\\\/b8c588bd-a5de-4fe7-8dc6-86fe85c11b9faaaaaaaaaaaaaa-740x420.jpg\",\"width\":1924,\"height\":918},{\"@type\":\"BreadcrumbList\",\"@id\":\"https:\\\/\\\/kibrisdakik.com\\\/?p=66746#breadcrumb\",\"itemListElement\":[{\"@type\":\"ListItem\",\"position\":1,\"name\":\"Home\",\"item\":\"https:\\\/\\\/kibrisdakik.com\\\/\"},{\"@type\":\"ListItem\",\"position\":2,\"name\":\"KTOE\u00d6S, Gazima\u011fusa \u00c7anakkale Ortaokulu ve Nam\u0131k Kemal Lisesi\u2019nde a\u00e7\u0131klama yapt\u0131\"}]},{\"@type\":\"WebSite\",\"@id\":\"https:\\\/\\\/kibrisdakik.com\\\/#website\",\"url\":\"https:\\\/\\\/kibrisdakik.com\\\/\",\"name\":\"\",\"description\":\"Tam vaktinde haber\",\"potentialAction\":[{\"@type\":\"SearchAction\",\"target\":{\"@type\":\"EntryPoint\",\"urlTemplate\":\"https:\\\/\\\/kibrisdakik.com\\\/?s={search_term_string}\"},\"query-input\":{\"@type\":\"PropertyValueSpecification\",\"valueRequired\":true,\"valueName\":\"search_term_string\"}}],\"inLanguage\":\"tr\"},{\"@type\":\"Person\",\"@id\":\"https:\\\/\\\/kibrisdakik.com\\\/#\\\/schema\\\/person\\\/9cd9d437bbb44f72b73ba127e06d8e79\",\"name\":\"admin\",\"image\":{\"@type\":\"ImageObject\",\"inLanguage\":\"tr\",\"@id\":\"https:\\\/\\\/secure.gravatar.com\\\/avatar\\\/ccc17943b9d660506c869530f897617f7cb1c21a4bf30023f252596d83e1f007?s=96&d=mm&r=g\",\"url\":\"https:\\\/\\\/secure.gravatar.com\\\/avatar\\\/ccc17943b9d660506c869530f897617f7cb1c21a4bf30023f252596d83e1f007?s=96&d=mm&r=g\",\"contentUrl\":\"https:\\\/\\\/secure.gravatar.com\\\/avatar\\\/ccc17943b9d660506c869530f897617f7cb1c21a4bf30023f252596d83e1f007?s=96&d=mm&r=g\",\"caption\":\"admin\"},\"sameAs\":[\"https:\\\/\\\/kibrisdakik.com\"],\"url\":\"https:\\\/\\\/kibrisdakik.com\\\/?author=1\"}]}<\/script>\n<!-- \/ Yoast SEO plugin. -->","yoast_head_json":{"title":"KTOE\u00d6S, Gazima\u011fusa \u00c7anakkale Ortaokulu ve Nam\u0131k Kemal Lisesi\u2019nde a\u00e7\u0131klama yapt\u0131 -","robots":{"index":"index","follow":"follow","max-snippet":"max-snippet:-1","max-image-preview":"max-image-preview:large","max-video-preview":"max-video-preview:-1"},"canonical":"https:\/\/kibrisdakik.com\/?p=66746","og_locale":"tr_TR","og_type":"article","og_title":"KTOE\u00d6S, Gazima\u011fusa \u00c7anakkale Ortaokulu ve Nam\u0131k Kemal Lisesi\u2019nde a\u00e7\u0131klama yapt\u0131 -","og_description":"\u00a0 K\u0131br\u0131s T\u00fcrk Orta E\u011fitim \u00d6\u011fretmenler Sendikas\u0131 (KTOE\u00d6S) , Gazima\u011fusa \u00c7anakkale Ortaokulu ve Nam\u0131k Kemal Lisesi\u2019nde bas\u0131n a\u00e7\u0131klamas\u0131 yapt\u0131. Sendika Ba\u015fkan\u0131 Selma Eylem, h\u00fck\u00fcmetin ve E\u011fitim Bakanl\u0131\u011f\u0131\u2019n\u0131n kamusal e\u011fitimi g\u00f6zden \u00e7\u0131kard\u0131\u011f\u0131n\u0131 ileri s\u00fcrd\u00fc. Eylem, E\u011fitim Bakan\u0131\u2019n\u0131n eksik \u00f6\u011fretmen kadrosunun tamamlanmamas\u0131n\u0131 okullar\u0131n ge\u00e7 a\u00e7\u0131lmas\u0131na gerek\u00e7e g\u00f6sterdi\u011fini ancak bug\u00fcn hala sorunun devam etti\u011fini s\u00f6yledi. Eylem, E\u011fitim Bakan\u0131n\u0131n","og_url":"https:\/\/kibrisdakik.com\/?p=66746","article_published_time":"2024-10-14T10:56:03+00:00","og_image":[{"width":1924,"height":918,"url":"https:\/\/kibrisdakik.com\/wp-content\/uploads\/2024\/10\/b8c588bd-a5de-4fe7-8dc6-86fe85c11b9faaaaaaaaaaaaaa-740x420.jpg","type":"image\/jpeg"}],"author":"admin","twitter_card":"summary_large_image","twitter_misc":{"Yazan:":"admin","Tahmini okuma s\u00fcresi":"1 dakika"},"schema":{"@context":"https:\/\/schema.org","@graph":[{"@type":"Article","@id":"https:\/\/kibrisdakik.com\/?p=66746#article","isPartOf":{"@id":"https:\/\/kibrisdakik.com\/?p=66746"},"author":{"name":"admin","@id":"https:\/\/kibrisdakik.com\/#\/schema\/person\/9cd9d437bbb44f72b73ba127e06d8e79"},"headline":"KTOE\u00d6S, Gazima\u011fusa \u00c7anakkale Ortaokulu ve Nam\u0131k Kemal Lisesi\u2019nde a\u00e7\u0131klama yapt\u0131","datePublished":"2024-10-14T10:56:03+00:00","mainEntityOfPage":{"@id":"https:\/\/kibrisdakik.com\/?p=66746"},"wordCount":197,"commentCount":0,"image":{"@id":"https:\/\/kibrisdakik.com\/?p=66746#primaryimage"},"thumbnailUrl":"https:\/\/kibrisdakik.com\/wp-content\/uploads\/2024\/10\/b8c588bd-a5de-4fe7-8dc6-86fe85c11b9faaaaaaaaaaaaaa-740x420.jpg","articleSection":["K\u0131br\u0131s"],"inLanguage":"tr","potentialAction":[{"@type":"CommentAction","name":"Comment","target":["https:\/\/kibrisdakik.com\/?p=66746#respond"]}]},{"@type":"WebPage","@id":"https:\/\/kibrisdakik.com\/?p=66746","url":"https:\/\/kibrisdakik.com\/?p=66746","name":"KTOE\u00d6S, Gazima\u011fusa \u00c7anakkale Ortaokulu ve Nam\u0131k Kemal Lisesi\u2019nde a\u00e7\u0131klama yapt\u0131 -","isPartOf":{"@id":"https:\/\/kibrisdakik.com\/#website"},"primaryImageOfPage":{"@id":"https:\/\/kibrisdakik.com\/?p=66746#primaryimage"},"image":{"@id":"https:\/\/kibrisdakik.com\/?p=66746#primaryimage"},"thumbnailUrl":"https:\/\/kibrisdakik.com\/wp-content\/uploads\/2024\/10\/b8c588bd-a5de-4fe7-8dc6-86fe85c11b9faaaaaaaaaaaaaa-740x420.jpg","datePublished":"2024-10-14T10:56:03+00:00","author":{"@id":"https:\/\/kibrisdakik.com\/#\/schema\/person\/9cd9d437bbb44f72b73ba127e06d8e79"},"breadcrumb":{"@id":"https:\/\/kibrisdakik.com\/?p=66746#breadcrumb"},"inLanguage":"tr","potentialAction":[{"@type":"ReadAction","target":["https:\/\/kibrisdakik.com\/?p=66746"]}]},{"@type":"ImageObject","inLanguage":"tr","@id":"https:\/\/kibrisdakik.com\/?p=66746#primaryimage","url":"https:\/\/kibrisdakik.com\/wp-content\/uploads\/2024\/10\/b8c588bd-a5de-4fe7-8dc6-86fe85c11b9faaaaaaaaaaaaaa-740x420.jpg","contentUrl":"https:\/\/kibrisdakik.com\/wp-content\/uploads\/2024\/10\/b8c588bd-a5de-4fe7-8dc6-86fe85c11b9faaaaaaaaaaaaaa-740x420.jpg","width":1924,"height":918},{"@type":"BreadcrumbList","@id":"https:\/\/kibrisdakik.com\/?p=66746#breadcrumb","itemListElement":[{"@type":"ListItem","position":1,"name":"Home","item":"https:\/\/kibrisdakik.com\/"},{"@type":"ListItem","position":2,"name":"KTOE\u00d6S, Gazima\u011fusa \u00c7anakkale Ortaokulu ve Nam\u0131k Kemal Lisesi\u2019nde a\u00e7\u0131klama yapt\u0131"}]},{"@type":"WebSite","@id":"https:\/\/kibrisdakik.com\/#website","url":"https:\/\/kibrisdakik.com\/","name":"","description":"Tam vaktinde haber","potentialAction":[{"@type":"SearchAction","target":{"@type":"EntryPoint","urlTemplate":"https:\/\/kibrisdakik.com\/?s={search_term_string}"},"query-input":{"@type":"PropertyValueSpecification","valueRequired":true,"valueName":"search_term_string"}}],"inLanguage":"tr"},{"@type":"Person","@id":"https:\/\/kibrisdakik.com\/#\/schema\/person\/9cd9d437bbb44f72b73ba127e06d8e79","name":"admin","image":{"@type":"ImageObject","inLanguage":"tr","@id":"https:\/\/secure.gravatar.com\/avatar\/ccc17943b9d660506c869530f897617f7cb1c21a4bf30023f252596d83e1f007?s=96&d=mm&r=g","url":"https:\/\/secure.gravatar.com\/avatar\/ccc17943b9d660506c869530f897617f7cb1c21a4bf30023f252596d83e1f007?s=96&d=mm&r=g","contentUrl":"https:\/\/secure.gravatar.com\/avatar\/ccc17943b9d660506c869530f897617f7cb1c21a4bf30023f252596d83e1f007?s=96&d=mm&r=g","caption":"admin"},"sameAs":["https:\/\/kibrisdakik.com"],"url":"https:\/\/kibrisdakik.com\/?author=1"}]}},"_links":{"self":[{"href":"https:\/\/kibrisdakik.com\/index.php?rest_route=\/wp\/v2\/posts\/66746","targetHints":{"allow":["GET"]}}],"collection":[{"href":"https:\/\/kibrisdakik.com\/index.php?rest_route=\/wp\/v2\/posts"}],"about":[{"href":"https:\/\/kibrisdakik.com\/index.php?rest_route=\/wp\/v2\/types\/post"}],"author":[{"embeddable":true,"href":"https:\/\/kibrisdakik.com\/index.php?rest_route=\/wp\/v2\/users\/1"}],"replies":[{"embeddable":true,"href":"https:\/\/kibrisdakik.com\/index.php?rest_route=%2Fwp%2Fv2%2Fcomments&post=66746"}],"version-history":[{"count":0,"href":"https:\/\/kibrisdakik.com\/index.php?rest_route=\/wp\/v2\/posts\/66746\/revisions"}],"wp:featuredmedia":[{"embeddable":true,"href":"https:\/\/kibrisdakik.com\/index.php?rest_route=\/wp\/v2\/media\/66747"}],"wp:attachment":[{"href":"https:\/\/kibrisdakik.com\/index.php?rest_route=%2Fwp%2Fv2%2Fmedia&parent=66746"}],"wp:term":[{"taxonomy":"category","embeddable":true,"href":"https:\/\/kibrisdakik.com\/index.php?rest_route=%2Fwp%2Fv2%2Fcategories&post=66746"},{"taxonomy":"post_tag","embeddable":true,"href":"https:\/\/kibrisdakik.com\/index.php?rest_route=%2Fwp%2Fv2%2Ftags&post=66746"}],"curies":[{"name":"wp","href":"https:\/\/api.w.org\/{rel}","templated":true}]}}