{"id":66756,"date":"2024-10-14T14:51:45","date_gmt":"2024-10-14T11:51:45","guid":{"rendered":"https:\/\/kibrisdakik.com\/index.php\/2024\/10\/14\/ingiltere-kttob-baskani-yasarata-buyukelci-serimi-ziyaret-etti\/"},"modified":"2024-10-14T14:51:45","modified_gmt":"2024-10-14T11:51:45","slug":"ingiltere-kttob-baskani-yasarata-buyukelci-serimi-ziyaret-etti","status":"publish","type":"post","link":"https:\/\/kibrisdakik.com\/?p=66756","title":{"rendered":"\u0130ngiltere KTTOB Ba\u015fkan\u0131 Ya\u015farata, B\u00fcy\u00fckel\u00e7i Serim\u2019i ziyaret etti"},"content":{"rendered":"<div>\n<div class=\"mariselle-image-container center\">\n                                            <\/div>\n<p>\u0130ngiltere K\u0131br\u0131s T\u00fcrk Ticaret Odas\u0131 (KTTOB) Ba\u015fkan\u0131 Muhammet Ya\u015farata, T\u00fcrkiye Cumhuriyeti B\u00fcy\u00fckel\u00e7isi Yasin Ekrem Serim\u2019i ziyaret etti.<\/p>\n<p>\u0130ngiltere KTTO\u2019dan yap\u0131lan a\u00e7\u0131klamada, ziyarette T\u00fcrkiye, \u0130ngiltere ve KKTC aras\u0131ndaki diplomatik, ekonomik ve k\u00fclt\u00fcrel ili\u015fkilerin g\u00fc\u00e7lendirilmesi \u00fczerine verimli bir g\u00f6r\u00fc\u015fme ger\u00e7ekle\u015ftirildi\u011fi kaydedildi.<\/p>\n<p>B\u00fcy\u00fckel\u00e7i Yasin Ekrem Serim, K\u0131br\u0131s\u2019ta uzun y\u0131llar ya\u015fad\u0131\u011f\u0131n\u0131, T\u00fcrkiye\u2019de Ba\u015fbakanl\u0131k, Cumhurba\u015fkanl\u0131\u011f\u0131, D\u0131\u015fi\u015fleri Bakanl\u0131\u011f\u0131 ve Avrupa Birli\u011fi Bakanl\u0131\u011f\u0131\u2019nda g\u00f6rev yapt\u0131\u011f\u0131n\u0131 an\u0131msatarak, Kuzey K\u0131br\u0131s T\u00fcrk Cumhuriyeti\u2019nde hizmet vermekten duydu\u011fu memnuniyeti dile getirdi.<\/p>\n<p>KKTC\u2018nin ekonomik, sosyal ve k\u00fclt\u00fcrel kalk\u0131nmas\u0131na katk\u0131 sa\u011flamak i\u00e7in pek \u00e7ok projeyi hayata ge\u00e7irmeye haz\u0131r olduklar\u0131n\u0131 belirten Serim, \u00f6zellikle turizm sekt\u00f6r\u00fcn\u00fcn geli\u015ftirilmesi, \u00fcniversitelerin d\u00fcnya \u00e7ap\u0131nda rekabet g\u00fcc\u00fcn\u00fcn art\u0131r\u0131lmas\u0131 ve \u00fcretime dayal\u0131 kalk\u0131nman\u0131n \u00f6ncelikli hedefler aras\u0131nda oldu\u011funu ifade etti.<\/p>\n<p>Serim, teknoloji alan\u0131nda e-ticaret ve e-devlet stratejileri hayata ge\u00e7irilirken, KKTC\u2019de bir teknokent kurulmas\u0131 ve geli\u015ftirilmesi projelerine de destek vereceklerini kaydetti.<\/p>\n<p>\u0130ngiltere\u2019de ya\u015fayan K\u0131br\u0131sl\u0131 T\u00fcrkleri Kuzey K\u0131br\u0131s\u2019a yat\u0131r\u0131ma davet eden Serim, diasporan\u0131n ekonomik ve sosyal alanda \u00fclkeye katk\u0131 sunmas\u0131n\u0131n b\u00fcy\u00fck \u00f6nem ta\u015f\u0131d\u0131\u011f\u0131n\u0131 vurgulad\u0131.<\/p>\n<p>B\u00fcy\u00fckel\u00e7i Yasin Ekrem Serim, yurt d\u0131\u015f\u0131nda ya\u015fayan K\u0131br\u0131sl\u0131 T\u00fcrklerin KKTC\u2019nin geli\u015fimine destek olarak \u00fclkenin tan\u0131n\u0131rl\u0131\u011f\u0131n\u0131 art\u0131raca\u011f\u0131n\u0131 ve uluslararas\u0131 arenada daha g\u00fc\u00e7l\u00fc bir konuma gelmesine katk\u0131 sa\u011flayaca\u011f\u0131n\u0131 belirtti.<\/p>\n<p>Dr. Muhammet Ya\u015farata da, B\u00fcy\u00fckel\u00e7i Yasin Ekrem Serim\u2019i yeni g\u00f6revi i\u00e7in kutlayarak, \u0130ngiltere\u2019deki K\u0131br\u0131s T\u00fcrk Ticaret Odas\u0131\u2019n\u0131n faaliyetlerini ve K\u0131br\u0131s T\u00fcrk diasporas\u0131n\u0131n bug\u00fcne kadar ula\u015ft\u0131\u011f\u0131 ba\u015far\u0131lar\u0131n\u0131 B\u00fcy\u00fckel\u00e7i ile payla\u015ft\u0131.<\/p>\n<p>\u0130ngiltere\u2019de ya\u015fayan K\u0131br\u0131sl\u0131 T\u00fcrk toplumunun 300 bini a\u015fk\u0131n oldu\u011funu belirten Ya\u015farata, bu toplulu\u011fun \u0130ngiltere ekonomisine y\u0131lda 7 milyar sterlin de\u011ferinde katk\u0131 sa\u011flad\u0131\u011f\u0131n\u0131 kaydetti.<\/p>\n<p>Diasporan\u0131n b\u00fcy\u00fcyen ekonomik, politik ve sosyal g\u00fcc\u00fcne dikkat \u00e7eken Ya\u015farata, K\u0131br\u0131sl\u0131 T\u00fcrklerin se\u00e7me haklar\u0131n\u0131n geni\u015fletilmesi gerekti\u011fi \u00fczerinde de durdu.<\/p>\n<p>\u00d6zellikle, \u0130ngiltere\u2019de ya\u015fayan KKTC vatanda\u015flar\u0131n\u0131n KKTC se\u00e7imlerinde oy kullanma hakk\u0131na sahip olmas\u0131 gerekti\u011fini ifade eden Ya\u015farata, bunun sadece bir demokratik hak de\u011fil, ayn\u0131 zamanda Kuzey K\u0131br\u0131s\u2019\u0131n uluslararas\u0131 arenada g\u00fc\u00e7lenmesi ad\u0131na da \u00f6nemli bir ad\u0131m olaca\u011f\u0131n\u0131 s\u00f6yledi.<\/p>\n<p>Muhammet Ya\u015farata, K\u0131br\u0131s\u2019a seyahat etmek isteyen \u0130ngiltere\u2019deki K\u0131br\u0131sl\u0131 T\u00fcrklerin ve turistlerin, artan u\u00e7ak bileti fiyatlar\u0131 nedeniyle Larnaka Havaliman\u0131\u2019n\u0131 tercih etmek zorunda kald\u0131klar\u0131n\u0131 belirtti.<\/p>\n<p>Ya\u015farata, Ercan Havaliman\u0131\u2019n\u0131n kullan\u0131m\u0131n\u0131 art\u0131rmak i\u00e7in T\u00fcrkiye\u2019nin deste\u011fiyle T\u00fcrk Hava Yollar\u0131 ve \u00f6zel sekt\u00f6r i\u015f birli\u011fiyle yeni bir hava yolu \u015firketi kurulmas\u0131 gerekti\u011fini s\u00f6yledi.<\/p>\n<p>Bu giri\u015fim sayesinde, Larnaka\u2019ya olan ba\u011f\u0131ml\u0131l\u0131\u011f\u0131n azalabilece\u011fini, Ercan Havaliman\u0131\u2019n\u0131n uluslararas\u0131 u\u00e7u\u015flar a\u00e7\u0131s\u0131ndan daha eri\u015filebilir hale gelece\u011fini s\u00f6yleyen Ya\u015farata, \u201cBu anlaml\u0131 g\u00f6r\u00fc\u015fme, \u0130ngiltere\u2019de ya\u015fayan K\u0131br\u0131sl\u0131 T\u00fcrkler, KKTC ve T\u00fcrkiye aras\u0131ndaki k\u00f6kl\u00fc ba\u011flar\u0131n daha da g\u00fc\u00e7lenmesi y\u00f6n\u00fcnde at\u0131lan \u00f6nemli bir ad\u0131md\u0131r\u201d dedi.<\/p>\n<\/p><\/div>\n<p><script async\n                    defer\n                    crossorigin=\"anonymous\"\n                    src=\"https:\/\/connect.facebook.net\/tr_TR\/sdk.js#xfbml=1&#038;version=v3.3\"\n            ><\/script><\/p>\n","protected":false},"excerpt":{"rendered":"<p>\u0130ngiltere K\u0131br\u0131s T\u00fcrk Ticaret Odas\u0131 (KTTOB) Ba\u015fkan\u0131 Muhammet Ya\u015farata, T\u00fcrkiye Cumhuriyeti B\u00fcy\u00fckel\u00e7isi Yasin Ekrem Serim\u2019i ziyaret etti. \u0130ngiltere KTTO\u2019dan yap\u0131lan a\u00e7\u0131klamada, ziyarette T\u00fcrkiye, \u0130ngiltere ve KKTC aras\u0131ndaki diplomatik, ekonomik ve k\u00fclt\u00fcrel ili\u015fkilerin g\u00fc\u00e7lendirilmesi \u00fczerine verimli bir g\u00f6r\u00fc\u015fme ger\u00e7ekle\u015ftirildi\u011fi kaydedildi. B\u00fcy\u00fckel\u00e7i Yasin Ekrem Serim, K\u0131br\u0131s\u2019ta uzun y\u0131llar ya\u015fad\u0131\u011f\u0131n\u0131, T\u00fcrkiye\u2019de Ba\u015fbakanl\u0131k, Cumhurba\u015fkanl\u0131\u011f\u0131, D\u0131\u015fi\u015fleri Bakanl\u0131\u011f\u0131 ve Avrupa Birli\u011fi<\/p>\n","protected":false},"author":1,"featured_media":66757,"comment_status":"open","ping_status":"open","sticky":false,"template":"","format":"standard","meta":{"footnotes":""},"categories":[81],"tags":[],"class_list":["post-66756","post","type-post","status-publish","format-standard","has-post-thumbnail","hentry","category-kibris"],"yoast_head":"<!-- This site is optimized with the Yoast SEO plugin v27.4 - https:\/\/yoast.com\/product\/yoast-seo-wordpress\/ -->\n<title>\u0130ngiltere KTTOB Ba\u015fkan\u0131 Ya\u015farata, B\u00fcy\u00fckel\u00e7i Serim\u2019i ziyaret etti -<\/title>\n<meta name=\"robots\" content=\"index, follow, max-snippet:-1, max-image-preview:large, max-video-preview:-1\" \/>\n<link rel=\"canonical\" href=\"https:\/\/kibrisdakik.com\/?p=66756\" \/>\n<meta property=\"og:locale\" content=\"tr_TR\" \/>\n<meta property=\"og:type\" content=\"article\" \/>\n<meta property=\"og:title\" content=\"\u0130ngiltere KTTOB Ba\u015fkan\u0131 Ya\u015farata, B\u00fcy\u00fckel\u00e7i Serim\u2019i ziyaret etti -\" \/>\n<meta property=\"og:description\" content=\"\u0130ngiltere K\u0131br\u0131s T\u00fcrk Ticaret Odas\u0131 (KTTOB) Ba\u015fkan\u0131 Muhammet Ya\u015farata, T\u00fcrkiye Cumhuriyeti B\u00fcy\u00fckel\u00e7isi Yasin Ekrem Serim\u2019i ziyaret etti. \u0130ngiltere KTTO\u2019dan yap\u0131lan a\u00e7\u0131klamada, ziyarette T\u00fcrkiye, \u0130ngiltere ve KKTC aras\u0131ndaki diplomatik, ekonomik ve k\u00fclt\u00fcrel ili\u015fkilerin g\u00fc\u00e7lendirilmesi \u00fczerine verimli bir g\u00f6r\u00fc\u015fme ger\u00e7ekle\u015ftirildi\u011fi kaydedildi. B\u00fcy\u00fckel\u00e7i Yasin Ekrem Serim, K\u0131br\u0131s\u2019ta uzun y\u0131llar ya\u015fad\u0131\u011f\u0131n\u0131, T\u00fcrkiye\u2019de Ba\u015fbakanl\u0131k, Cumhurba\u015fkanl\u0131\u011f\u0131, D\u0131\u015fi\u015fleri Bakanl\u0131\u011f\u0131 ve Avrupa Birli\u011fi\" \/>\n<meta property=\"og:url\" content=\"https:\/\/kibrisdakik.com\/?p=66756\" \/>\n<meta property=\"article:published_time\" content=\"2024-10-14T11:51:45+00:00\" \/>\n<meta property=\"og:image\" content=\"https:\/\/kibrisdakik.com\/wp-content\/uploads\/2024\/10\/Screenshot_20241014_150134_Samsung-Internet-740x420.jpg\" \/>\n\t<meta property=\"og:image:width\" content=\"944\" \/>\n\t<meta property=\"og:image:height\" content=\"570\" \/>\n\t<meta property=\"og:image:type\" content=\"image\/jpeg\" \/>\n<meta name=\"author\" content=\"admin\" \/>\n<meta name=\"twitter:card\" content=\"summary_large_image\" \/>\n<meta name=\"twitter:label1\" content=\"Yazan:\" \/>\n\t<meta name=\"twitter:data1\" content=\"admin\" \/>\n\t<meta name=\"twitter:label2\" content=\"Tahmini okuma s\u00fcresi\" \/>\n\t<meta name=\"twitter:data2\" content=\"3 dakika\" \/>\n<script type=\"application\/ld+json\" class=\"yoast-schema-graph\">{\"@context\":\"https:\\\/\\\/schema.org\",\"@graph\":[{\"@type\":\"Article\",\"@id\":\"https:\\\/\\\/kibrisdakik.com\\\/?p=66756#article\",\"isPartOf\":{\"@id\":\"https:\\\/\\\/kibrisdakik.com\\\/?p=66756\"},\"author\":{\"name\":\"admin\",\"@id\":\"https:\\\/\\\/kibrisdakik.com\\\/#\\\/schema\\\/person\\\/9cd9d437bbb44f72b73ba127e06d8e79\"},\"headline\":\"\u0130ngiltere KTTOB Ba\u015fkan\u0131 Ya\u015farata, B\u00fcy\u00fckel\u00e7i Serim\u2019i ziyaret etti\",\"datePublished\":\"2024-10-14T11:51:45+00:00\",\"mainEntityOfPage\":{\"@id\":\"https:\\\/\\\/kibrisdakik.com\\\/?p=66756\"},\"wordCount\":630,\"commentCount\":0,\"image\":{\"@id\":\"https:\\\/\\\/kibrisdakik.com\\\/?p=66756#primaryimage\"},\"thumbnailUrl\":\"https:\\\/\\\/kibrisdakik.com\\\/wp-content\\\/uploads\\\/2024\\\/10\\\/Screenshot_20241014_150134_Samsung-Internet-740x420.jpg\",\"articleSection\":[\"K\u0131br\u0131s\"],\"inLanguage\":\"tr\",\"potentialAction\":[{\"@type\":\"CommentAction\",\"name\":\"Comment\",\"target\":[\"https:\\\/\\\/kibrisdakik.com\\\/?p=66756#respond\"]}]},{\"@type\":\"WebPage\",\"@id\":\"https:\\\/\\\/kibrisdakik.com\\\/?p=66756\",\"url\":\"https:\\\/\\\/kibrisdakik.com\\\/?p=66756\",\"name\":\"\u0130ngiltere KTTOB Ba\u015fkan\u0131 Ya\u015farata, B\u00fcy\u00fckel\u00e7i Serim\u2019i ziyaret etti -\",\"isPartOf\":{\"@id\":\"https:\\\/\\\/kibrisdakik.com\\\/#website\"},\"primaryImageOfPage\":{\"@id\":\"https:\\\/\\\/kibrisdakik.com\\\/?p=66756#primaryimage\"},\"image\":{\"@id\":\"https:\\\/\\\/kibrisdakik.com\\\/?p=66756#primaryimage\"},\"thumbnailUrl\":\"https:\\\/\\\/kibrisdakik.com\\\/wp-content\\\/uploads\\\/2024\\\/10\\\/Screenshot_20241014_150134_Samsung-Internet-740x420.jpg\",\"datePublished\":\"2024-10-14T11:51:45+00:00\",\"author\":{\"@id\":\"https:\\\/\\\/kibrisdakik.com\\\/#\\\/schema\\\/person\\\/9cd9d437bbb44f72b73ba127e06d8e79\"},\"breadcrumb\":{\"@id\":\"https:\\\/\\\/kibrisdakik.com\\\/?p=66756#breadcrumb\"},\"inLanguage\":\"tr\",\"potentialAction\":[{\"@type\":\"ReadAction\",\"target\":[\"https:\\\/\\\/kibrisdakik.com\\\/?p=66756\"]}]},{\"@type\":\"ImageObject\",\"inLanguage\":\"tr\",\"@id\":\"https:\\\/\\\/kibrisdakik.com\\\/?p=66756#primaryimage\",\"url\":\"https:\\\/\\\/kibrisdakik.com\\\/wp-content\\\/uploads\\\/2024\\\/10\\\/Screenshot_20241014_150134_Samsung-Internet-740x420.jpg\",\"contentUrl\":\"https:\\\/\\\/kibrisdakik.com\\\/wp-content\\\/uploads\\\/2024\\\/10\\\/Screenshot_20241014_150134_Samsung-Internet-740x420.jpg\",\"width\":944,\"height\":570},{\"@type\":\"BreadcrumbList\",\"@id\":\"https:\\\/\\\/kibrisdakik.com\\\/?p=66756#breadcrumb\",\"itemListElement\":[{\"@type\":\"ListItem\",\"position\":1,\"name\":\"Home\",\"item\":\"https:\\\/\\\/kibrisdakik.com\\\/\"},{\"@type\":\"ListItem\",\"position\":2,\"name\":\"\u0130ngiltere KTTOB Ba\u015fkan\u0131 Ya\u015farata, B\u00fcy\u00fckel\u00e7i Serim\u2019i ziyaret etti\"}]},{\"@type\":\"WebSite\",\"@id\":\"https:\\\/\\\/kibrisdakik.com\\\/#website\",\"url\":\"https:\\\/\\\/kibrisdakik.com\\\/\",\"name\":\"\",\"description\":\"Tam vaktinde haber\",\"potentialAction\":[{\"@type\":\"SearchAction\",\"target\":{\"@type\":\"EntryPoint\",\"urlTemplate\":\"https:\\\/\\\/kibrisdakik.com\\\/?s={search_term_string}\"},\"query-input\":{\"@type\":\"PropertyValueSpecification\",\"valueRequired\":true,\"valueName\":\"search_term_string\"}}],\"inLanguage\":\"tr\"},{\"@type\":\"Person\",\"@id\":\"https:\\\/\\\/kibrisdakik.com\\\/#\\\/schema\\\/person\\\/9cd9d437bbb44f72b73ba127e06d8e79\",\"name\":\"admin\",\"image\":{\"@type\":\"ImageObject\",\"inLanguage\":\"tr\",\"@id\":\"https:\\\/\\\/secure.gravatar.com\\\/avatar\\\/ccc17943b9d660506c869530f897617f7cb1c21a4bf30023f252596d83e1f007?s=96&d=mm&r=g\",\"url\":\"https:\\\/\\\/secure.gravatar.com\\\/avatar\\\/ccc17943b9d660506c869530f897617f7cb1c21a4bf30023f252596d83e1f007?s=96&d=mm&r=g\",\"contentUrl\":\"https:\\\/\\\/secure.gravatar.com\\\/avatar\\\/ccc17943b9d660506c869530f897617f7cb1c21a4bf30023f252596d83e1f007?s=96&d=mm&r=g\",\"caption\":\"admin\"},\"sameAs\":[\"https:\\\/\\\/kibrisdakik.com\"],\"url\":\"https:\\\/\\\/kibrisdakik.com\\\/?author=1\"}]}<\/script>\n<!-- \/ Yoast SEO plugin. -->","yoast_head_json":{"title":"\u0130ngiltere KTTOB Ba\u015fkan\u0131 Ya\u015farata, B\u00fcy\u00fckel\u00e7i Serim\u2019i ziyaret etti -","robots":{"index":"index","follow":"follow","max-snippet":"max-snippet:-1","max-image-preview":"max-image-preview:large","max-video-preview":"max-video-preview:-1"},"canonical":"https:\/\/kibrisdakik.com\/?p=66756","og_locale":"tr_TR","og_type":"article","og_title":"\u0130ngiltere KTTOB Ba\u015fkan\u0131 Ya\u015farata, B\u00fcy\u00fckel\u00e7i Serim\u2019i ziyaret etti -","og_description":"\u0130ngiltere K\u0131br\u0131s T\u00fcrk Ticaret Odas\u0131 (KTTOB) Ba\u015fkan\u0131 Muhammet Ya\u015farata, T\u00fcrkiye Cumhuriyeti B\u00fcy\u00fckel\u00e7isi Yasin Ekrem Serim\u2019i ziyaret etti. \u0130ngiltere KTTO\u2019dan yap\u0131lan a\u00e7\u0131klamada, ziyarette T\u00fcrkiye, \u0130ngiltere ve KKTC aras\u0131ndaki diplomatik, ekonomik ve k\u00fclt\u00fcrel ili\u015fkilerin g\u00fc\u00e7lendirilmesi \u00fczerine verimli bir g\u00f6r\u00fc\u015fme ger\u00e7ekle\u015ftirildi\u011fi kaydedildi. B\u00fcy\u00fckel\u00e7i Yasin Ekrem Serim, K\u0131br\u0131s\u2019ta uzun y\u0131llar ya\u015fad\u0131\u011f\u0131n\u0131, T\u00fcrkiye\u2019de Ba\u015fbakanl\u0131k, Cumhurba\u015fkanl\u0131\u011f\u0131, D\u0131\u015fi\u015fleri Bakanl\u0131\u011f\u0131 ve Avrupa Birli\u011fi","og_url":"https:\/\/kibrisdakik.com\/?p=66756","article_published_time":"2024-10-14T11:51:45+00:00","og_image":[{"width":944,"height":570,"url":"https:\/\/kibrisdakik.com\/wp-content\/uploads\/2024\/10\/Screenshot_20241014_150134_Samsung-Internet-740x420.jpg","type":"image\/jpeg"}],"author":"admin","twitter_card":"summary_large_image","twitter_misc":{"Yazan:":"admin","Tahmini okuma s\u00fcresi":"3 dakika"},"schema":{"@context":"https:\/\/schema.org","@graph":[{"@type":"Article","@id":"https:\/\/kibrisdakik.com\/?p=66756#article","isPartOf":{"@id":"https:\/\/kibrisdakik.com\/?p=66756"},"author":{"name":"admin","@id":"https:\/\/kibrisdakik.com\/#\/schema\/person\/9cd9d437bbb44f72b73ba127e06d8e79"},"headline":"\u0130ngiltere KTTOB Ba\u015fkan\u0131 Ya\u015farata, B\u00fcy\u00fckel\u00e7i Serim\u2019i ziyaret etti","datePublished":"2024-10-14T11:51:45+00:00","mainEntityOfPage":{"@id":"https:\/\/kibrisdakik.com\/?p=66756"},"wordCount":630,"commentCount":0,"image":{"@id":"https:\/\/kibrisdakik.com\/?p=66756#primaryimage"},"thumbnailUrl":"https:\/\/kibrisdakik.com\/wp-content\/uploads\/2024\/10\/Screenshot_20241014_150134_Samsung-Internet-740x420.jpg","articleSection":["K\u0131br\u0131s"],"inLanguage":"tr","potentialAction":[{"@type":"CommentAction","name":"Comment","target":["https:\/\/kibrisdakik.com\/?p=66756#respond"]}]},{"@type":"WebPage","@id":"https:\/\/kibrisdakik.com\/?p=66756","url":"https:\/\/kibrisdakik.com\/?p=66756","name":"\u0130ngiltere KTTOB Ba\u015fkan\u0131 Ya\u015farata, B\u00fcy\u00fckel\u00e7i Serim\u2019i ziyaret etti -","isPartOf":{"@id":"https:\/\/kibrisdakik.com\/#website"},"primaryImageOfPage":{"@id":"https:\/\/kibrisdakik.com\/?p=66756#primaryimage"},"image":{"@id":"https:\/\/kibrisdakik.com\/?p=66756#primaryimage"},"thumbnailUrl":"https:\/\/kibrisdakik.com\/wp-content\/uploads\/2024\/10\/Screenshot_20241014_150134_Samsung-Internet-740x420.jpg","datePublished":"2024-10-14T11:51:45+00:00","author":{"@id":"https:\/\/kibrisdakik.com\/#\/schema\/person\/9cd9d437bbb44f72b73ba127e06d8e79"},"breadcrumb":{"@id":"https:\/\/kibrisdakik.com\/?p=66756#breadcrumb"},"inLanguage":"tr","potentialAction":[{"@type":"ReadAction","target":["https:\/\/kibrisdakik.com\/?p=66756"]}]},{"@type":"ImageObject","inLanguage":"tr","@id":"https:\/\/kibrisdakik.com\/?p=66756#primaryimage","url":"https:\/\/kibrisdakik.com\/wp-content\/uploads\/2024\/10\/Screenshot_20241014_150134_Samsung-Internet-740x420.jpg","contentUrl":"https:\/\/kibrisdakik.com\/wp-content\/uploads\/2024\/10\/Screenshot_20241014_150134_Samsung-Internet-740x420.jpg","width":944,"height":570},{"@type":"BreadcrumbList","@id":"https:\/\/kibrisdakik.com\/?p=66756#breadcrumb","itemListElement":[{"@type":"ListItem","position":1,"name":"Home","item":"https:\/\/kibrisdakik.com\/"},{"@type":"ListItem","position":2,"name":"\u0130ngiltere KTTOB Ba\u015fkan\u0131 Ya\u015farata, B\u00fcy\u00fckel\u00e7i Serim\u2019i ziyaret etti"}]},{"@type":"WebSite","@id":"https:\/\/kibrisdakik.com\/#website","url":"https:\/\/kibrisdakik.com\/","name":"","description":"Tam vaktinde haber","potentialAction":[{"@type":"SearchAction","target":{"@type":"EntryPoint","urlTemplate":"https:\/\/kibrisdakik.com\/?s={search_term_string}"},"query-input":{"@type":"PropertyValueSpecification","valueRequired":true,"valueName":"search_term_string"}}],"inLanguage":"tr"},{"@type":"Person","@id":"https:\/\/kibrisdakik.com\/#\/schema\/person\/9cd9d437bbb44f72b73ba127e06d8e79","name":"admin","image":{"@type":"ImageObject","inLanguage":"tr","@id":"https:\/\/secure.gravatar.com\/avatar\/ccc17943b9d660506c869530f897617f7cb1c21a4bf30023f252596d83e1f007?s=96&d=mm&r=g","url":"https:\/\/secure.gravatar.com\/avatar\/ccc17943b9d660506c869530f897617f7cb1c21a4bf30023f252596d83e1f007?s=96&d=mm&r=g","contentUrl":"https:\/\/secure.gravatar.com\/avatar\/ccc17943b9d660506c869530f897617f7cb1c21a4bf30023f252596d83e1f007?s=96&d=mm&r=g","caption":"admin"},"sameAs":["https:\/\/kibrisdakik.com"],"url":"https:\/\/kibrisdakik.com\/?author=1"}]}},"_links":{"self":[{"href":"https:\/\/kibrisdakik.com\/index.php?rest_route=\/wp\/v2\/posts\/66756","targetHints":{"allow":["GET"]}}],"collection":[{"href":"https:\/\/kibrisdakik.com\/index.php?rest_route=\/wp\/v2\/posts"}],"about":[{"href":"https:\/\/kibrisdakik.com\/index.php?rest_route=\/wp\/v2\/types\/post"}],"author":[{"embeddable":true,"href":"https:\/\/kibrisdakik.com\/index.php?rest_route=\/wp\/v2\/users\/1"}],"replies":[{"embeddable":true,"href":"https:\/\/kibrisdakik.com\/index.php?rest_route=%2Fwp%2Fv2%2Fcomments&post=66756"}],"version-history":[{"count":0,"href":"https:\/\/kibrisdakik.com\/index.php?rest_route=\/wp\/v2\/posts\/66756\/revisions"}],"wp:featuredmedia":[{"embeddable":true,"href":"https:\/\/kibrisdakik.com\/index.php?rest_route=\/wp\/v2\/media\/66757"}],"wp:attachment":[{"href":"https:\/\/kibrisdakik.com\/index.php?rest_route=%2Fwp%2Fv2%2Fmedia&parent=66756"}],"wp:term":[{"taxonomy":"category","embeddable":true,"href":"https:\/\/kibrisdakik.com\/index.php?rest_route=%2Fwp%2Fv2%2Fcategories&post=66756"},{"taxonomy":"post_tag","embeddable":true,"href":"https:\/\/kibrisdakik.com\/index.php?rest_route=%2Fwp%2Fv2%2Ftags&post=66756"}],"curies":[{"name":"wp","href":"https:\/\/api.w.org\/{rel}","templated":true}]}}