{"id":66758,"date":"2024-10-14T14:58:41","date_gmt":"2024-10-14T11:58:41","guid":{"rendered":"https:\/\/kibrisdakik.com\/index.php\/2024\/10\/14\/ydp-myk-meclis-baskanlik-secimi-konusunda-stratejisini-belirlemek-amaciyla-toplandi\/"},"modified":"2024-10-14T14:58:41","modified_gmt":"2024-10-14T11:58:41","slug":"ydp-myk-meclis-baskanlik-secimi-konusunda-stratejisini-belirlemek-amaciyla-toplandi","status":"publish","type":"post","link":"https:\/\/kibrisdakik.com\/?p=66758","title":{"rendered":"YDP MYK, Meclis ba\u015fkanl\u0131k se\u00e7imi konusunda stratejisini belirlemek amac\u0131yla topland\u0131"},"content":{"rendered":"<div>\n<div class=\"mariselle-image-container center\">\n                                            <\/div>\n<p>UBP-DP-YDP Koalisyon H\u00fck\u00fcmeti\u2019nin k\u00fc\u00e7\u00fck ortaklar\u0131ndan Yeniden Do\u011fu\u015f Partisi (YDP) Merkez Y\u00f6netim Kurulu, Meclis ba\u015fkanl\u0131k se\u00e7imi krizi ve partinin bundan sonraki stratejisini belirlemek amac\u0131yla topland\u0131.<\/p>\n<p>YDP MYK toplant\u0131s\u0131, saat 12.30 sular\u0131nda partinin Genel Merkezi\u2019nde ba\u015flad\u0131.<\/p>\n<p>MYK toplant\u0131s\u0131 \u00f6ncesinde a\u00e7\u0131klamalarda bulunan YDP Genel Ba\u015fkan\u0131 ve Bay\u0131nd\u0131rl\u0131k ve Ula\u015ft\u0131rma Bakan\u0131 Erhan Ar\u0131kl\u0131, ge\u00e7en haftalardan bu yana Kuzey K\u0131br\u0131s T\u00fcrk Cumhuriyeti\u2019nin bir \u201cMeclis Ba\u015fkanl\u0131\u011f\u0131 se\u00e7imi krizine s\u00fcr\u00fcklendi\u011fini\u201d ifade ederek, \u201c\u00f6zellikle Meclis \u0130\u00e7 T\u00fcz\u00fc\u011f\u00fc\u2019n\u00fcn yanl\u0131\u015f ve eksik yaz\u0131lmas\u0131ndan dolay\u0131 \u00e7ok ciddi kar\u015f\u0131l\u0131kl\u0131 spek\u00fclasyonlar ve su\u00e7lamalar oldu\u011funu\u201d s\u00f6yledi.<\/p>\n<p>B\u00f6yle bir durumda da herkesin kendi ideolojisi ve siyasi \u00e7\u0131karlar\u0131na g\u00f6re yorum yapt\u0131\u011f\u0131n\u0131 kaydeden Ar\u0131kl\u0131, \u201cBize g\u00f6re Meclis \u0130\u00e7 T\u00fcz\u00fc\u011f\u00fc\u2019n\u00fcn 10. Maddesi\u2019nin 5. f\u0131kras\u0131 \u00e7ok a\u00e7\u0131kt\u0131r: Orada 5. turda tek aday olmas\u0131 halinde en \u00e7ok oyu alan\u0131n se\u00e7ilece\u011fi y\u00f6n\u00fcnde bir fikir beyan ediyor, kural koyuyor. Ret oylar\u0131n\u0131n herhangi bir ki\u015fiye mal edilmesi m\u00fcmk\u00fcn olmad\u0131\u011f\u0131 i\u00e7in en \u00e7ok \u2018evet\u2019 oyunu alan\u0131n se\u00e7imi kazand\u0131\u011f\u0131n\u0131n ilan edilmesi gerekirken, \u00f6zellikle \u201823, 25\u2019ten b\u00fcy\u00fck olur mu?\u2019 gibi bir arg\u00fcmanla topluma red ettirmeye \u00e7al\u0131\u015f\u0131yorlar.\u201d dedi.<\/p>\n<p>\u2013 \u201cBa\u015fsavc\u0131l\u0131k ciddi bir mahalle bask\u0131s\u0131na maruz kalm\u0131\u015f durumda\u201d<\/p>\n<p>Erhan Ar\u0131kl\u0131, \u201c5. turda en \u00e7ok \u2018evet\u2019 oyu alan\u0131n kazanmas\u0131 \u00f6ng\u00f6r\u00fcl\u00fcrken bunun g\u00f6z ard\u0131 edildi\u011fini\u201d ifade ederek, YDP\u2019nin ba\u015flang\u0131\u00e7ta Ba\u015fsavc\u0131n\u0131n verece\u011fi g\u00f6r\u00fc\u015fe sayg\u0131l\u0131 olaca\u011f\u0131n\u0131 s\u00f6yledi\u011fini ancak eski Anayasa ve Y\u00fcksek Mahkeme ba\u015fkan\u0131 dahil bir\u00e7ok eski hukuk\u00e7unun bu konuda g\u00f6r\u00fc\u015f beyan etti\u011fini ve Ba\u015fsavc\u0131l\u0131k\u2019\u0131n \u201cciddi bir mahalle bask\u0131s\u0131na\u201d maruz kalm\u0131\u015f durumda oldu\u011funu s\u00f6yledi.<\/p>\n<p>Ar\u0131kl\u0131, bug\u00fcn Yeniden Do\u011fu\u015f Partisi olarak MYK\u2019y\u0131 toplayarak partinin bundan sonra izleyece\u011fi stratejiyi belirleyeceklerini ifade ederek, \u201cBiz art\u0131k ger\u00e7ekten toplumun \u2018rezalet\u2019 olarak tan\u0131mlad\u0131\u011f\u0131 bu oyunun bir par\u00e7as\u0131 olmay\u0131 istemiyoruz, arzulam\u0131yoruz.\u201d dedi.<\/p>\n<p>-\u201c\u0130ki milletvekilinin bundan sonra ne yapaca\u011f\u0131n\u0131 de\u011ferlendirece\u011fiz\u2026.\u201d<\/p>\n<p>Bug\u00fcn UBP\u2019nin Parti Meclisi\u2019nin de toplayaca\u011f\u0131n\u0131 hat\u0131rlatan Ar\u0131kl\u0131, \u201cBiz, iki milletvekili, ne yapaca\u011f\u0131m\u0131z\u0131 bug\u00fcnk\u00fc MYK toplant\u0131s\u0131nda kararla\u015ft\u0131raca\u011f\u0131z ve ondan sonra da bunu kamuoyuna ilan edece\u011fiz\u201d dedi.<\/p>\n<p>MYK\u2019da g\u00f6r\u00fc\u015fecekleri olas\u0131l\u0131klarla ili\u015fkin bir soruyu yan\u0131t\u0131nda Ar\u0131kl\u0131, \u201cStratejiyi konu\u015faca\u011f\u0131z. \u0130ki milletvekilinin bundan sonra ne yapaca\u011f\u0131n\u0131; Meclis\u2019e kat\u0131l\u0131p kat\u0131lmayacaklar\u0131n\u0131 veya kat\u0131l\u0131rlarsa nas\u0131l bir strateji belirleyeceklerini, bundan sonra h\u00fck\u00fcmet ortaklar\u0131m\u0131zla bu konuda nas\u0131l bir uyum i\u00e7inde \u00e7al\u0131\u015f\u0131p \u00e7al\u0131\u015famayaca\u011f\u0131m\u0131z konusunda, bunlar\u0131 geni\u015f bir \u015fekilde de\u011ferlendirece\u011fiz\u201d \u015feklinde devam etti.<\/p>\n<p>-\u201cNew York\u2019taki g\u00f6r\u00fc\u015fmeyi konu\u015fmam\u0131z gerekirken biz burada Meclis Ba\u015fkan\u0131\u2019n\u0131 konu\u015fuyoruz\u201d<\/p>\n<p>New York\u2019ta yar\u0131n yap\u0131lacak gayri resmi liderler g\u00f6r\u00fc\u015fmesine i\u015faret eden Ar\u0131kl\u0131, \u201cABD\u2019de bu g\u00f6r\u00fc\u015fmede belki de K\u0131br\u0131s\u2019\u0131n kaderi konu\u015fulacak, ama biz burada Meclis Ba\u015fkan\u0131\u2019n\u0131 konu\u015fuyoruz\u2026 Biz, ABD\u2019yi konu\u015fmam\u0131z gerekirken, BM Genel Sekreteri Antonio Guterres\u2019in masaya yeni bir belge sunup sunmayaca\u011f\u0131n\u0131, bunun detaylar\u0131n\u0131 de\u011ferlendirmemiz gerekirken tamamen Meclis Ba\u015fkan\u0131na kilitlenmi\u015f durumday\u0131z, bu da bizi YDP olarak son derece rahats\u0131z ediyor\u201d ifadelerini kulland\u0131.<\/p>\n<p>-\u201cBu ya\u015fanan bir h\u00fck\u00fcmet krizi de\u011fil, tamamen Ulusal Birlik Partisi\u2019nin bir krizi. DP ve YDP, olumlu oy verdi\u011fini her a\u00e7\u0131dan ispat edebilecek durumda\u201d<\/p>\n<p>Ar\u0131kl\u0131, bir soruyu yan\u0131t\u0131nda, \u015funlar\u0131 s\u00f6yledi:<\/p>\n<p>\u201cBu ya\u015fanan bir h\u00fck\u00fcmet krizi de\u011fil, tamamen Ulusal Birlik Partisi\u2019nin bir krizi. UBP, b\u00fcy\u00fck parti, eski bir parti, kendi i\u00e7indeki bu krizi \u00e7\u00f6zmesini arzuluyoruz, \u00e7\u00fcnk\u00fc ortaklar\u0131 olarak Demokrat Parti ve Yeniden Do\u011fu\u015f Partisi, olumlu oy verdi\u011fini her a\u00e7\u0131dan ispat edebilecek durumda. Dolay\u0131s\u0131yla bizim a\u00e7\u0131m\u0131zdan bir s\u0131k\u0131nt\u0131 yok, mesele tamamen Ulusal Birlik Partisi\u2019nin kendi i\u00e7 sorunu, bu sorunu \u00e7ok acil bir \u015fekilde \u00e7\u00f6zmelerini bekliyoruz.\u201d<\/p>\n<\/p><\/div>\n<p><script async\n                    defer\n                    crossorigin=\"anonymous\"\n                    src=\"https:\/\/connect.facebook.net\/tr_TR\/sdk.js#xfbml=1&#038;version=v3.3\"\n            ><\/script><\/p>\n","protected":false},"excerpt":{"rendered":"<p>UBP-DP-YDP Koalisyon H\u00fck\u00fcmeti\u2019nin k\u00fc\u00e7\u00fck ortaklar\u0131ndan Yeniden Do\u011fu\u015f Partisi (YDP) Merkez Y\u00f6netim Kurulu, Meclis ba\u015fkanl\u0131k se\u00e7imi krizi ve partinin bundan sonraki stratejisini belirlemek amac\u0131yla topland\u0131. YDP MYK toplant\u0131s\u0131, saat 12.30 sular\u0131nda partinin Genel Merkezi\u2019nde ba\u015flad\u0131. MYK toplant\u0131s\u0131 \u00f6ncesinde a\u00e7\u0131klamalarda bulunan YDP Genel Ba\u015fkan\u0131 ve Bay\u0131nd\u0131rl\u0131k ve Ula\u015ft\u0131rma Bakan\u0131 Erhan Ar\u0131kl\u0131, ge\u00e7en haftalardan bu yana Kuzey K\u0131br\u0131s<\/p>\n","protected":false},"author":1,"featured_media":66759,"comment_status":"open","ping_status":"open","sticky":false,"template":"","format":"standard","meta":{"footnotes":""},"categories":[81],"tags":[],"class_list":["post-66758","post","type-post","status-publish","format-standard","has-post-thumbnail","hentry","category-kibris"],"yoast_head":"<!-- This site is optimized with the Yoast SEO plugin v27.4 - https:\/\/yoast.com\/product\/yoast-seo-wordpress\/ -->\n<title>YDP MYK, Meclis ba\u015fkanl\u0131k se\u00e7imi konusunda stratejisini belirlemek amac\u0131yla topland\u0131 -<\/title>\n<meta name=\"robots\" content=\"index, follow, max-snippet:-1, max-image-preview:large, max-video-preview:-1\" \/>\n<link rel=\"canonical\" href=\"https:\/\/kibrisdakik.com\/?p=66758\" \/>\n<meta property=\"og:locale\" content=\"tr_TR\" \/>\n<meta property=\"og:type\" content=\"article\" \/>\n<meta property=\"og:title\" content=\"YDP MYK, Meclis ba\u015fkanl\u0131k se\u00e7imi konusunda stratejisini belirlemek amac\u0131yla topland\u0131 -\" \/>\n<meta property=\"og:description\" content=\"UBP-DP-YDP Koalisyon H\u00fck\u00fcmeti\u2019nin k\u00fc\u00e7\u00fck ortaklar\u0131ndan Yeniden Do\u011fu\u015f Partisi (YDP) Merkez Y\u00f6netim Kurulu, Meclis ba\u015fkanl\u0131k se\u00e7imi krizi ve partinin bundan sonraki stratejisini belirlemek amac\u0131yla topland\u0131. YDP MYK toplant\u0131s\u0131, saat 12.30 sular\u0131nda partinin Genel Merkezi\u2019nde ba\u015flad\u0131. MYK toplant\u0131s\u0131 \u00f6ncesinde a\u00e7\u0131klamalarda bulunan YDP Genel Ba\u015fkan\u0131 ve Bay\u0131nd\u0131rl\u0131k ve Ula\u015ft\u0131rma Bakan\u0131 Erhan Ar\u0131kl\u0131, ge\u00e7en haftalardan bu yana Kuzey K\u0131br\u0131s\" \/>\n<meta property=\"og:url\" content=\"https:\/\/kibrisdakik.com\/?p=66758\" \/>\n<meta property=\"article:published_time\" content=\"2024-10-14T11:58:41+00:00\" \/>\n<meta property=\"og:image\" content=\"https:\/\/kibrisdakik.com\/wp-content\/uploads\/2024\/10\/ydp-myk-scaled-740x420.jpg\" \/>\n\t<meta property=\"og:image:width\" content=\"2560\" \/>\n\t<meta property=\"og:image:height\" content=\"1920\" \/>\n\t<meta property=\"og:image:type\" content=\"image\/jpeg\" \/>\n<meta name=\"author\" content=\"admin\" \/>\n<meta name=\"twitter:card\" content=\"summary_large_image\" \/>\n<meta name=\"twitter:label1\" content=\"Yazan:\" \/>\n\t<meta name=\"twitter:data1\" content=\"admin\" \/>\n\t<meta name=\"twitter:label2\" content=\"Tahmini okuma s\u00fcresi\" \/>\n\t<meta name=\"twitter:data2\" content=\"4 dakika\" \/>\n<script type=\"application\/ld+json\" class=\"yoast-schema-graph\">{\"@context\":\"https:\\\/\\\/schema.org\",\"@graph\":[{\"@type\":\"Article\",\"@id\":\"https:\\\/\\\/kibrisdakik.com\\\/?p=66758#article\",\"isPartOf\":{\"@id\":\"https:\\\/\\\/kibrisdakik.com\\\/?p=66758\"},\"author\":{\"name\":\"admin\",\"@id\":\"https:\\\/\\\/kibrisdakik.com\\\/#\\\/schema\\\/person\\\/9cd9d437bbb44f72b73ba127e06d8e79\"},\"headline\":\"YDP MYK, Meclis ba\u015fkanl\u0131k se\u00e7imi konusunda stratejisini belirlemek amac\u0131yla topland\u0131\",\"datePublished\":\"2024-10-14T11:58:41+00:00\",\"mainEntityOfPage\":{\"@id\":\"https:\\\/\\\/kibrisdakik.com\\\/?p=66758\"},\"wordCount\":743,\"commentCount\":0,\"image\":{\"@id\":\"https:\\\/\\\/kibrisdakik.com\\\/?p=66758#primaryimage\"},\"thumbnailUrl\":\"https:\\\/\\\/kibrisdakik.com\\\/wp-content\\\/uploads\\\/2024\\\/10\\\/ydp-myk-scaled-740x420.jpg\",\"articleSection\":[\"K\u0131br\u0131s\"],\"inLanguage\":\"tr\",\"potentialAction\":[{\"@type\":\"CommentAction\",\"name\":\"Comment\",\"target\":[\"https:\\\/\\\/kibrisdakik.com\\\/?p=66758#respond\"]}]},{\"@type\":\"WebPage\",\"@id\":\"https:\\\/\\\/kibrisdakik.com\\\/?p=66758\",\"url\":\"https:\\\/\\\/kibrisdakik.com\\\/?p=66758\",\"name\":\"YDP MYK, Meclis ba\u015fkanl\u0131k se\u00e7imi konusunda stratejisini belirlemek amac\u0131yla topland\u0131 -\",\"isPartOf\":{\"@id\":\"https:\\\/\\\/kibrisdakik.com\\\/#website\"},\"primaryImageOfPage\":{\"@id\":\"https:\\\/\\\/kibrisdakik.com\\\/?p=66758#primaryimage\"},\"image\":{\"@id\":\"https:\\\/\\\/kibrisdakik.com\\\/?p=66758#primaryimage\"},\"thumbnailUrl\":\"https:\\\/\\\/kibrisdakik.com\\\/wp-content\\\/uploads\\\/2024\\\/10\\\/ydp-myk-scaled-740x420.jpg\",\"datePublished\":\"2024-10-14T11:58:41+00:00\",\"author\":{\"@id\":\"https:\\\/\\\/kibrisdakik.com\\\/#\\\/schema\\\/person\\\/9cd9d437bbb44f72b73ba127e06d8e79\"},\"breadcrumb\":{\"@id\":\"https:\\\/\\\/kibrisdakik.com\\\/?p=66758#breadcrumb\"},\"inLanguage\":\"tr\",\"potentialAction\":[{\"@type\":\"ReadAction\",\"target\":[\"https:\\\/\\\/kibrisdakik.com\\\/?p=66758\"]}]},{\"@type\":\"ImageObject\",\"inLanguage\":\"tr\",\"@id\":\"https:\\\/\\\/kibrisdakik.com\\\/?p=66758#primaryimage\",\"url\":\"https:\\\/\\\/kibrisdakik.com\\\/wp-content\\\/uploads\\\/2024\\\/10\\\/ydp-myk-scaled-740x420.jpg\",\"contentUrl\":\"https:\\\/\\\/kibrisdakik.com\\\/wp-content\\\/uploads\\\/2024\\\/10\\\/ydp-myk-scaled-740x420.jpg\",\"width\":2560,\"height\":1920},{\"@type\":\"BreadcrumbList\",\"@id\":\"https:\\\/\\\/kibrisdakik.com\\\/?p=66758#breadcrumb\",\"itemListElement\":[{\"@type\":\"ListItem\",\"position\":1,\"name\":\"Home\",\"item\":\"https:\\\/\\\/kibrisdakik.com\\\/\"},{\"@type\":\"ListItem\",\"position\":2,\"name\":\"YDP MYK, Meclis ba\u015fkanl\u0131k se\u00e7imi konusunda stratejisini belirlemek amac\u0131yla topland\u0131\"}]},{\"@type\":\"WebSite\",\"@id\":\"https:\\\/\\\/kibrisdakik.com\\\/#website\",\"url\":\"https:\\\/\\\/kibrisdakik.com\\\/\",\"name\":\"\",\"description\":\"Tam vaktinde haber\",\"potentialAction\":[{\"@type\":\"SearchAction\",\"target\":{\"@type\":\"EntryPoint\",\"urlTemplate\":\"https:\\\/\\\/kibrisdakik.com\\\/?s={search_term_string}\"},\"query-input\":{\"@type\":\"PropertyValueSpecification\",\"valueRequired\":true,\"valueName\":\"search_term_string\"}}],\"inLanguage\":\"tr\"},{\"@type\":\"Person\",\"@id\":\"https:\\\/\\\/kibrisdakik.com\\\/#\\\/schema\\\/person\\\/9cd9d437bbb44f72b73ba127e06d8e79\",\"name\":\"admin\",\"image\":{\"@type\":\"ImageObject\",\"inLanguage\":\"tr\",\"@id\":\"https:\\\/\\\/secure.gravatar.com\\\/avatar\\\/ccc17943b9d660506c869530f897617f7cb1c21a4bf30023f252596d83e1f007?s=96&d=mm&r=g\",\"url\":\"https:\\\/\\\/secure.gravatar.com\\\/avatar\\\/ccc17943b9d660506c869530f897617f7cb1c21a4bf30023f252596d83e1f007?s=96&d=mm&r=g\",\"contentUrl\":\"https:\\\/\\\/secure.gravatar.com\\\/avatar\\\/ccc17943b9d660506c869530f897617f7cb1c21a4bf30023f252596d83e1f007?s=96&d=mm&r=g\",\"caption\":\"admin\"},\"sameAs\":[\"https:\\\/\\\/kibrisdakik.com\"],\"url\":\"https:\\\/\\\/kibrisdakik.com\\\/?author=1\"}]}<\/script>\n<!-- \/ Yoast SEO plugin. -->","yoast_head_json":{"title":"YDP MYK, Meclis ba\u015fkanl\u0131k se\u00e7imi konusunda stratejisini belirlemek amac\u0131yla topland\u0131 -","robots":{"index":"index","follow":"follow","max-snippet":"max-snippet:-1","max-image-preview":"max-image-preview:large","max-video-preview":"max-video-preview:-1"},"canonical":"https:\/\/kibrisdakik.com\/?p=66758","og_locale":"tr_TR","og_type":"article","og_title":"YDP MYK, Meclis ba\u015fkanl\u0131k se\u00e7imi konusunda stratejisini belirlemek amac\u0131yla topland\u0131 -","og_description":"UBP-DP-YDP Koalisyon H\u00fck\u00fcmeti\u2019nin k\u00fc\u00e7\u00fck ortaklar\u0131ndan Yeniden Do\u011fu\u015f Partisi (YDP) Merkez Y\u00f6netim Kurulu, Meclis ba\u015fkanl\u0131k se\u00e7imi krizi ve partinin bundan sonraki stratejisini belirlemek amac\u0131yla topland\u0131. YDP MYK toplant\u0131s\u0131, saat 12.30 sular\u0131nda partinin Genel Merkezi\u2019nde ba\u015flad\u0131. MYK toplant\u0131s\u0131 \u00f6ncesinde a\u00e7\u0131klamalarda bulunan YDP Genel Ba\u015fkan\u0131 ve Bay\u0131nd\u0131rl\u0131k ve Ula\u015ft\u0131rma Bakan\u0131 Erhan Ar\u0131kl\u0131, ge\u00e7en haftalardan bu yana Kuzey K\u0131br\u0131s","og_url":"https:\/\/kibrisdakik.com\/?p=66758","article_published_time":"2024-10-14T11:58:41+00:00","og_image":[{"width":2560,"height":1920,"url":"https:\/\/kibrisdakik.com\/wp-content\/uploads\/2024\/10\/ydp-myk-scaled-740x420.jpg","type":"image\/jpeg"}],"author":"admin","twitter_card":"summary_large_image","twitter_misc":{"Yazan:":"admin","Tahmini okuma s\u00fcresi":"4 dakika"},"schema":{"@context":"https:\/\/schema.org","@graph":[{"@type":"Article","@id":"https:\/\/kibrisdakik.com\/?p=66758#article","isPartOf":{"@id":"https:\/\/kibrisdakik.com\/?p=66758"},"author":{"name":"admin","@id":"https:\/\/kibrisdakik.com\/#\/schema\/person\/9cd9d437bbb44f72b73ba127e06d8e79"},"headline":"YDP MYK, Meclis ba\u015fkanl\u0131k se\u00e7imi konusunda stratejisini belirlemek amac\u0131yla topland\u0131","datePublished":"2024-10-14T11:58:41+00:00","mainEntityOfPage":{"@id":"https:\/\/kibrisdakik.com\/?p=66758"},"wordCount":743,"commentCount":0,"image":{"@id":"https:\/\/kibrisdakik.com\/?p=66758#primaryimage"},"thumbnailUrl":"https:\/\/kibrisdakik.com\/wp-content\/uploads\/2024\/10\/ydp-myk-scaled-740x420.jpg","articleSection":["K\u0131br\u0131s"],"inLanguage":"tr","potentialAction":[{"@type":"CommentAction","name":"Comment","target":["https:\/\/kibrisdakik.com\/?p=66758#respond"]}]},{"@type":"WebPage","@id":"https:\/\/kibrisdakik.com\/?p=66758","url":"https:\/\/kibrisdakik.com\/?p=66758","name":"YDP MYK, Meclis ba\u015fkanl\u0131k se\u00e7imi konusunda stratejisini belirlemek amac\u0131yla topland\u0131 -","isPartOf":{"@id":"https:\/\/kibrisdakik.com\/#website"},"primaryImageOfPage":{"@id":"https:\/\/kibrisdakik.com\/?p=66758#primaryimage"},"image":{"@id":"https:\/\/kibrisdakik.com\/?p=66758#primaryimage"},"thumbnailUrl":"https:\/\/kibrisdakik.com\/wp-content\/uploads\/2024\/10\/ydp-myk-scaled-740x420.jpg","datePublished":"2024-10-14T11:58:41+00:00","author":{"@id":"https:\/\/kibrisdakik.com\/#\/schema\/person\/9cd9d437bbb44f72b73ba127e06d8e79"},"breadcrumb":{"@id":"https:\/\/kibrisdakik.com\/?p=66758#breadcrumb"},"inLanguage":"tr","potentialAction":[{"@type":"ReadAction","target":["https:\/\/kibrisdakik.com\/?p=66758"]}]},{"@type":"ImageObject","inLanguage":"tr","@id":"https:\/\/kibrisdakik.com\/?p=66758#primaryimage","url":"https:\/\/kibrisdakik.com\/wp-content\/uploads\/2024\/10\/ydp-myk-scaled-740x420.jpg","contentUrl":"https:\/\/kibrisdakik.com\/wp-content\/uploads\/2024\/10\/ydp-myk-scaled-740x420.jpg","width":2560,"height":1920},{"@type":"BreadcrumbList","@id":"https:\/\/kibrisdakik.com\/?p=66758#breadcrumb","itemListElement":[{"@type":"ListItem","position":1,"name":"Home","item":"https:\/\/kibrisdakik.com\/"},{"@type":"ListItem","position":2,"name":"YDP MYK, Meclis ba\u015fkanl\u0131k se\u00e7imi konusunda stratejisini belirlemek amac\u0131yla topland\u0131"}]},{"@type":"WebSite","@id":"https:\/\/kibrisdakik.com\/#website","url":"https:\/\/kibrisdakik.com\/","name":"","description":"Tam vaktinde haber","potentialAction":[{"@type":"SearchAction","target":{"@type":"EntryPoint","urlTemplate":"https:\/\/kibrisdakik.com\/?s={search_term_string}"},"query-input":{"@type":"PropertyValueSpecification","valueRequired":true,"valueName":"search_term_string"}}],"inLanguage":"tr"},{"@type":"Person","@id":"https:\/\/kibrisdakik.com\/#\/schema\/person\/9cd9d437bbb44f72b73ba127e06d8e79","name":"admin","image":{"@type":"ImageObject","inLanguage":"tr","@id":"https:\/\/secure.gravatar.com\/avatar\/ccc17943b9d660506c869530f897617f7cb1c21a4bf30023f252596d83e1f007?s=96&d=mm&r=g","url":"https:\/\/secure.gravatar.com\/avatar\/ccc17943b9d660506c869530f897617f7cb1c21a4bf30023f252596d83e1f007?s=96&d=mm&r=g","contentUrl":"https:\/\/secure.gravatar.com\/avatar\/ccc17943b9d660506c869530f897617f7cb1c21a4bf30023f252596d83e1f007?s=96&d=mm&r=g","caption":"admin"},"sameAs":["https:\/\/kibrisdakik.com"],"url":"https:\/\/kibrisdakik.com\/?author=1"}]}},"_links":{"self":[{"href":"https:\/\/kibrisdakik.com\/index.php?rest_route=\/wp\/v2\/posts\/66758","targetHints":{"allow":["GET"]}}],"collection":[{"href":"https:\/\/kibrisdakik.com\/index.php?rest_route=\/wp\/v2\/posts"}],"about":[{"href":"https:\/\/kibrisdakik.com\/index.php?rest_route=\/wp\/v2\/types\/post"}],"author":[{"embeddable":true,"href":"https:\/\/kibrisdakik.com\/index.php?rest_route=\/wp\/v2\/users\/1"}],"replies":[{"embeddable":true,"href":"https:\/\/kibrisdakik.com\/index.php?rest_route=%2Fwp%2Fv2%2Fcomments&post=66758"}],"version-history":[{"count":0,"href":"https:\/\/kibrisdakik.com\/index.php?rest_route=\/wp\/v2\/posts\/66758\/revisions"}],"wp:featuredmedia":[{"embeddable":true,"href":"https:\/\/kibrisdakik.com\/index.php?rest_route=\/wp\/v2\/media\/66759"}],"wp:attachment":[{"href":"https:\/\/kibrisdakik.com\/index.php?rest_route=%2Fwp%2Fv2%2Fmedia&parent=66758"}],"wp:term":[{"taxonomy":"category","embeddable":true,"href":"https:\/\/kibrisdakik.com\/index.php?rest_route=%2Fwp%2Fv2%2Fcategories&post=66758"},{"taxonomy":"post_tag","embeddable":true,"href":"https:\/\/kibrisdakik.com\/index.php?rest_route=%2Fwp%2Fv2%2Ftags&post=66758"}],"curies":[{"name":"wp","href":"https:\/\/api.w.org\/{rel}","templated":true}]}}