{"id":66765,"date":"2024-10-14T15:24:57","date_gmt":"2024-10-14T12:24:57","guid":{"rendered":"https:\/\/kibrisdakik.com\/index.php\/2024\/10\/14\/ozdenefebassavcilik-zorlu-torenin-meclis-baskani-secilemedigi-kanaatinde\/"},"modified":"2024-10-14T15:24:57","modified_gmt":"2024-10-14T12:24:57","slug":"ozdenefebassavcilik-zorlu-torenin-meclis-baskani-secilemedigi-kanaatinde","status":"publish","type":"post","link":"https:\/\/kibrisdakik.com\/?p=66765","title":{"rendered":"\u00d6zdenefe:Ba\u015fsavc\u0131l\u0131k, Zorlu T\u00f6re\u2019nin Meclis Ba\u015fkan\u0131 se\u00e7ilemedi\u011fi kanaatinde"},"content":{"rendered":"<div>\n<div class=\"mariselle-image-container center\">\n                                            <\/div>\n<p>Cumhuriyet Meclisi Ba\u015fkan Vekili Fazilet \u00d6zdenefe, Ba\u015fsavc\u0131l\u0131\u011f\u0131n, Zorlu T\u00f6re\u2019nin, Meclis Ba\u015fkan\u0131 se\u00e7ilemedi\u011fi kanaatine vard\u0131\u011f\u0131n\u0131 a\u00e7\u0131klad\u0131.<\/p>\n<p>Meclis Ba\u015fkanl\u0131\u011f\u0131 se\u00e7imine ili\u015fkin Ba\u015fsavc\u0131l\u0131k g\u00f6r\u00fc\u015f\u00fcn\u00fc T\u00fcrk Ajans\u0131 K\u0131br\u0131s\u2019a (TAK) a\u00e7\u0131klayan \u00d6zdenefe, bir\u00e7ok yay\u0131n organ\u0131nda konuyla ilgili baz\u0131 spek\u00fclasyonlar oldu\u011funu ve konuya netlik kazand\u0131rmak istedi\u011fini belirtti.<\/p>\n<p>\u00d6zdenefe, Ba\u015fsavc\u0131l\u0131k\u2019tan g\u00f6r\u00fc\u015f geldikten sonra kamuoyuna a\u00e7\u0131klama yapmadan \u00f6nce Ulusal Birlik Partisi Genel Ba\u015fkan\u0131, Ba\u015fbakan \u00dcnal \u00dcstel ve Cumhuriyet\u00e7i T\u00fcrk Partisi Genel Ba\u015fkan\u0131 Tufan Erh\u00fcrman\u2019a ula\u015ft\u0131\u011f\u0131n\u0131 ve Ba\u015fsavc\u0131l\u0131k\u2019tan gelen g\u00f6r\u00fc\u015f\u00fc bildirdi\u011fini ifade etti.<\/p>\n<p>-\u201cKullan\u0131lan \u2018ret\u2019 oylar\u0131, kullan\u0131lan \u2018evet\u2019 oylar\u0131ndan fazla\u201d<\/p>\n<p>Ba\u015fsavc\u0131l\u0131ktan gelen yaz\u0131da, \u201cKullan\u0131lan \u2018ret\u2019 oylar\u0131, kullan\u0131lan \u2018evet\u2019 oylar\u0131ndan fazla oldu\u011fu i\u00e7in Zorlu T\u00f6re\u2019nin Meclis Ba\u015fkan\u0131 se\u00e7ilemedi\u011fi\u201d kanaatinin belirtildi\u011fini kaydeden \u00d6zdenefe, yap\u0131lan m\u00fctalaa sonucunda Zorlu T\u00f6re\u2019nin, Meclis Ba\u015fkan\u0131 se\u00e7ilemedi\u011finin bildirildi\u011fini s\u00f6yledi.<\/p>\n<\/p><\/div>\n<p><script async\n                    defer\n                    crossorigin=\"anonymous\"\n                    src=\"https:\/\/connect.facebook.net\/tr_TR\/sdk.js#xfbml=1&#038;version=v3.3\"\n            ><\/script><\/p>\n","protected":false},"excerpt":{"rendered":"<p>Cumhuriyet Meclisi Ba\u015fkan Vekili Fazilet \u00d6zdenefe, Ba\u015fsavc\u0131l\u0131\u011f\u0131n, Zorlu T\u00f6re\u2019nin, Meclis Ba\u015fkan\u0131 se\u00e7ilemedi\u011fi kanaatine vard\u0131\u011f\u0131n\u0131 a\u00e7\u0131klad\u0131. Meclis Ba\u015fkanl\u0131\u011f\u0131 se\u00e7imine ili\u015fkin Ba\u015fsavc\u0131l\u0131k g\u00f6r\u00fc\u015f\u00fcn\u00fc T\u00fcrk Ajans\u0131 K\u0131br\u0131s\u2019a (TAK) a\u00e7\u0131klayan \u00d6zdenefe, bir\u00e7ok yay\u0131n organ\u0131nda konuyla ilgili baz\u0131 spek\u00fclasyonlar oldu\u011funu ve konuya netlik kazand\u0131rmak istedi\u011fini belirtti. \u00d6zdenefe, Ba\u015fsavc\u0131l\u0131k\u2019tan g\u00f6r\u00fc\u015f geldikten sonra kamuoyuna a\u00e7\u0131klama yapmadan \u00f6nce Ulusal Birlik Partisi Genel Ba\u015fkan\u0131,<\/p>\n","protected":false},"author":1,"featured_media":66766,"comment_status":"open","ping_status":"open","sticky":false,"template":"","format":"standard","meta":{"footnotes":""},"categories":[81],"tags":[],"class_list":["post-66765","post","type-post","status-publish","format-standard","has-post-thumbnail","hentry","category-kibris"],"yoast_head":"<!-- This site is optimized with the Yoast SEO plugin v27.4 - https:\/\/yoast.com\/product\/yoast-seo-wordpress\/ -->\n<title>\u00d6zdenefe:Ba\u015fsavc\u0131l\u0131k, Zorlu T\u00f6re\u2019nin Meclis Ba\u015fkan\u0131 se\u00e7ilemedi\u011fi kanaatinde -<\/title>\n<meta name=\"robots\" content=\"index, follow, max-snippet:-1, max-image-preview:large, max-video-preview:-1\" \/>\n<link rel=\"canonical\" href=\"https:\/\/kibrisdakik.com\/?p=66765\" \/>\n<meta property=\"og:locale\" content=\"tr_TR\" \/>\n<meta property=\"og:type\" content=\"article\" \/>\n<meta property=\"og:title\" content=\"\u00d6zdenefe:Ba\u015fsavc\u0131l\u0131k, Zorlu T\u00f6re\u2019nin Meclis Ba\u015fkan\u0131 se\u00e7ilemedi\u011fi kanaatinde -\" \/>\n<meta property=\"og:description\" content=\"Cumhuriyet Meclisi Ba\u015fkan Vekili Fazilet \u00d6zdenefe, Ba\u015fsavc\u0131l\u0131\u011f\u0131n, Zorlu T\u00f6re\u2019nin, Meclis Ba\u015fkan\u0131 se\u00e7ilemedi\u011fi kanaatine vard\u0131\u011f\u0131n\u0131 a\u00e7\u0131klad\u0131. Meclis Ba\u015fkanl\u0131\u011f\u0131 se\u00e7imine ili\u015fkin Ba\u015fsavc\u0131l\u0131k g\u00f6r\u00fc\u015f\u00fcn\u00fc T\u00fcrk Ajans\u0131 K\u0131br\u0131s\u2019a (TAK) a\u00e7\u0131klayan \u00d6zdenefe, bir\u00e7ok yay\u0131n organ\u0131nda konuyla ilgili baz\u0131 spek\u00fclasyonlar oldu\u011funu ve konuya netlik kazand\u0131rmak istedi\u011fini belirtti. \u00d6zdenefe, Ba\u015fsavc\u0131l\u0131k\u2019tan g\u00f6r\u00fc\u015f geldikten sonra kamuoyuna a\u00e7\u0131klama yapmadan \u00f6nce Ulusal Birlik Partisi Genel Ba\u015fkan\u0131,\" \/>\n<meta property=\"og:url\" content=\"https:\/\/kibrisdakik.com\/?p=66765\" \/>\n<meta property=\"article:published_time\" content=\"2024-10-14T12:24:57+00:00\" \/>\n<meta property=\"og:image\" content=\"https:\/\/kibrisdakik.com\/wp-content\/uploads\/2024\/10\/fazilet-ozdenefe-tim-740x420.jpg\" \/>\n\t<meta property=\"og:image:width\" content=\"1654\" \/>\n\t<meta property=\"og:image:height\" content=\"1104\" \/>\n\t<meta property=\"og:image:type\" content=\"image\/jpeg\" \/>\n<meta name=\"author\" content=\"admin\" \/>\n<meta name=\"twitter:card\" content=\"summary_large_image\" \/>\n<meta name=\"twitter:label1\" content=\"Yazan:\" \/>\n\t<meta name=\"twitter:data1\" content=\"admin\" \/>\n\t<meta name=\"twitter:label2\" content=\"Tahmini okuma s\u00fcresi\" \/>\n\t<meta name=\"twitter:data2\" content=\"1 dakika\" \/>\n<script type=\"application\/ld+json\" class=\"yoast-schema-graph\">{\"@context\":\"https:\\\/\\\/schema.org\",\"@graph\":[{\"@type\":\"Article\",\"@id\":\"https:\\\/\\\/kibrisdakik.com\\\/?p=66765#article\",\"isPartOf\":{\"@id\":\"https:\\\/\\\/kibrisdakik.com\\\/?p=66765\"},\"author\":{\"name\":\"admin\",\"@id\":\"https:\\\/\\\/kibrisdakik.com\\\/#\\\/schema\\\/person\\\/9cd9d437bbb44f72b73ba127e06d8e79\"},\"headline\":\"\u00d6zdenefe:Ba\u015fsavc\u0131l\u0131k, Zorlu T\u00f6re\u2019nin Meclis Ba\u015fkan\u0131 se\u00e7ilemedi\u011fi kanaatinde\",\"datePublished\":\"2024-10-14T12:24:57+00:00\",\"mainEntityOfPage\":{\"@id\":\"https:\\\/\\\/kibrisdakik.com\\\/?p=66765\"},\"wordCount\":208,\"commentCount\":0,\"image\":{\"@id\":\"https:\\\/\\\/kibrisdakik.com\\\/?p=66765#primaryimage\"},\"thumbnailUrl\":\"https:\\\/\\\/kibrisdakik.com\\\/wp-content\\\/uploads\\\/2024\\\/10\\\/fazilet-ozdenefe-tim-740x420.jpg\",\"articleSection\":[\"K\u0131br\u0131s\"],\"inLanguage\":\"tr\",\"potentialAction\":[{\"@type\":\"CommentAction\",\"name\":\"Comment\",\"target\":[\"https:\\\/\\\/kibrisdakik.com\\\/?p=66765#respond\"]}]},{\"@type\":\"WebPage\",\"@id\":\"https:\\\/\\\/kibrisdakik.com\\\/?p=66765\",\"url\":\"https:\\\/\\\/kibrisdakik.com\\\/?p=66765\",\"name\":\"\u00d6zdenefe:Ba\u015fsavc\u0131l\u0131k, Zorlu T\u00f6re\u2019nin Meclis Ba\u015fkan\u0131 se\u00e7ilemedi\u011fi kanaatinde -\",\"isPartOf\":{\"@id\":\"https:\\\/\\\/kibrisdakik.com\\\/#website\"},\"primaryImageOfPage\":{\"@id\":\"https:\\\/\\\/kibrisdakik.com\\\/?p=66765#primaryimage\"},\"image\":{\"@id\":\"https:\\\/\\\/kibrisdakik.com\\\/?p=66765#primaryimage\"},\"thumbnailUrl\":\"https:\\\/\\\/kibrisdakik.com\\\/wp-content\\\/uploads\\\/2024\\\/10\\\/fazilet-ozdenefe-tim-740x420.jpg\",\"datePublished\":\"2024-10-14T12:24:57+00:00\",\"author\":{\"@id\":\"https:\\\/\\\/kibrisdakik.com\\\/#\\\/schema\\\/person\\\/9cd9d437bbb44f72b73ba127e06d8e79\"},\"breadcrumb\":{\"@id\":\"https:\\\/\\\/kibrisdakik.com\\\/?p=66765#breadcrumb\"},\"inLanguage\":\"tr\",\"potentialAction\":[{\"@type\":\"ReadAction\",\"target\":[\"https:\\\/\\\/kibrisdakik.com\\\/?p=66765\"]}]},{\"@type\":\"ImageObject\",\"inLanguage\":\"tr\",\"@id\":\"https:\\\/\\\/kibrisdakik.com\\\/?p=66765#primaryimage\",\"url\":\"https:\\\/\\\/kibrisdakik.com\\\/wp-content\\\/uploads\\\/2024\\\/10\\\/fazilet-ozdenefe-tim-740x420.jpg\",\"contentUrl\":\"https:\\\/\\\/kibrisdakik.com\\\/wp-content\\\/uploads\\\/2024\\\/10\\\/fazilet-ozdenefe-tim-740x420.jpg\",\"width\":1654,\"height\":1104},{\"@type\":\"BreadcrumbList\",\"@id\":\"https:\\\/\\\/kibrisdakik.com\\\/?p=66765#breadcrumb\",\"itemListElement\":[{\"@type\":\"ListItem\",\"position\":1,\"name\":\"Home\",\"item\":\"https:\\\/\\\/kibrisdakik.com\\\/\"},{\"@type\":\"ListItem\",\"position\":2,\"name\":\"\u00d6zdenefe:Ba\u015fsavc\u0131l\u0131k, Zorlu T\u00f6re\u2019nin Meclis Ba\u015fkan\u0131 se\u00e7ilemedi\u011fi kanaatinde\"}]},{\"@type\":\"WebSite\",\"@id\":\"https:\\\/\\\/kibrisdakik.com\\\/#website\",\"url\":\"https:\\\/\\\/kibrisdakik.com\\\/\",\"name\":\"\",\"description\":\"Tam vaktinde haber\",\"potentialAction\":[{\"@type\":\"SearchAction\",\"target\":{\"@type\":\"EntryPoint\",\"urlTemplate\":\"https:\\\/\\\/kibrisdakik.com\\\/?s={search_term_string}\"},\"query-input\":{\"@type\":\"PropertyValueSpecification\",\"valueRequired\":true,\"valueName\":\"search_term_string\"}}],\"inLanguage\":\"tr\"},{\"@type\":\"Person\",\"@id\":\"https:\\\/\\\/kibrisdakik.com\\\/#\\\/schema\\\/person\\\/9cd9d437bbb44f72b73ba127e06d8e79\",\"name\":\"admin\",\"image\":{\"@type\":\"ImageObject\",\"inLanguage\":\"tr\",\"@id\":\"https:\\\/\\\/secure.gravatar.com\\\/avatar\\\/ccc17943b9d660506c869530f897617f7cb1c21a4bf30023f252596d83e1f007?s=96&d=mm&r=g\",\"url\":\"https:\\\/\\\/secure.gravatar.com\\\/avatar\\\/ccc17943b9d660506c869530f897617f7cb1c21a4bf30023f252596d83e1f007?s=96&d=mm&r=g\",\"contentUrl\":\"https:\\\/\\\/secure.gravatar.com\\\/avatar\\\/ccc17943b9d660506c869530f897617f7cb1c21a4bf30023f252596d83e1f007?s=96&d=mm&r=g\",\"caption\":\"admin\"},\"sameAs\":[\"https:\\\/\\\/kibrisdakik.com\"],\"url\":\"https:\\\/\\\/kibrisdakik.com\\\/?author=1\"}]}<\/script>\n<!-- \/ Yoast SEO plugin. -->","yoast_head_json":{"title":"\u00d6zdenefe:Ba\u015fsavc\u0131l\u0131k, Zorlu T\u00f6re\u2019nin Meclis Ba\u015fkan\u0131 se\u00e7ilemedi\u011fi kanaatinde -","robots":{"index":"index","follow":"follow","max-snippet":"max-snippet:-1","max-image-preview":"max-image-preview:large","max-video-preview":"max-video-preview:-1"},"canonical":"https:\/\/kibrisdakik.com\/?p=66765","og_locale":"tr_TR","og_type":"article","og_title":"\u00d6zdenefe:Ba\u015fsavc\u0131l\u0131k, Zorlu T\u00f6re\u2019nin Meclis Ba\u015fkan\u0131 se\u00e7ilemedi\u011fi kanaatinde -","og_description":"Cumhuriyet Meclisi Ba\u015fkan Vekili Fazilet \u00d6zdenefe, Ba\u015fsavc\u0131l\u0131\u011f\u0131n, Zorlu T\u00f6re\u2019nin, Meclis Ba\u015fkan\u0131 se\u00e7ilemedi\u011fi kanaatine vard\u0131\u011f\u0131n\u0131 a\u00e7\u0131klad\u0131. Meclis Ba\u015fkanl\u0131\u011f\u0131 se\u00e7imine ili\u015fkin Ba\u015fsavc\u0131l\u0131k g\u00f6r\u00fc\u015f\u00fcn\u00fc T\u00fcrk Ajans\u0131 K\u0131br\u0131s\u2019a (TAK) a\u00e7\u0131klayan \u00d6zdenefe, bir\u00e7ok yay\u0131n organ\u0131nda konuyla ilgili baz\u0131 spek\u00fclasyonlar oldu\u011funu ve konuya netlik kazand\u0131rmak istedi\u011fini belirtti. \u00d6zdenefe, Ba\u015fsavc\u0131l\u0131k\u2019tan g\u00f6r\u00fc\u015f geldikten sonra kamuoyuna a\u00e7\u0131klama yapmadan \u00f6nce Ulusal Birlik Partisi Genel Ba\u015fkan\u0131,","og_url":"https:\/\/kibrisdakik.com\/?p=66765","article_published_time":"2024-10-14T12:24:57+00:00","og_image":[{"width":1654,"height":1104,"url":"https:\/\/kibrisdakik.com\/wp-content\/uploads\/2024\/10\/fazilet-ozdenefe-tim-740x420.jpg","type":"image\/jpeg"}],"author":"admin","twitter_card":"summary_large_image","twitter_misc":{"Yazan:":"admin","Tahmini okuma s\u00fcresi":"1 dakika"},"schema":{"@context":"https:\/\/schema.org","@graph":[{"@type":"Article","@id":"https:\/\/kibrisdakik.com\/?p=66765#article","isPartOf":{"@id":"https:\/\/kibrisdakik.com\/?p=66765"},"author":{"name":"admin","@id":"https:\/\/kibrisdakik.com\/#\/schema\/person\/9cd9d437bbb44f72b73ba127e06d8e79"},"headline":"\u00d6zdenefe:Ba\u015fsavc\u0131l\u0131k, Zorlu T\u00f6re\u2019nin Meclis Ba\u015fkan\u0131 se\u00e7ilemedi\u011fi kanaatinde","datePublished":"2024-10-14T12:24:57+00:00","mainEntityOfPage":{"@id":"https:\/\/kibrisdakik.com\/?p=66765"},"wordCount":208,"commentCount":0,"image":{"@id":"https:\/\/kibrisdakik.com\/?p=66765#primaryimage"},"thumbnailUrl":"https:\/\/kibrisdakik.com\/wp-content\/uploads\/2024\/10\/fazilet-ozdenefe-tim-740x420.jpg","articleSection":["K\u0131br\u0131s"],"inLanguage":"tr","potentialAction":[{"@type":"CommentAction","name":"Comment","target":["https:\/\/kibrisdakik.com\/?p=66765#respond"]}]},{"@type":"WebPage","@id":"https:\/\/kibrisdakik.com\/?p=66765","url":"https:\/\/kibrisdakik.com\/?p=66765","name":"\u00d6zdenefe:Ba\u015fsavc\u0131l\u0131k, Zorlu T\u00f6re\u2019nin Meclis Ba\u015fkan\u0131 se\u00e7ilemedi\u011fi kanaatinde -","isPartOf":{"@id":"https:\/\/kibrisdakik.com\/#website"},"primaryImageOfPage":{"@id":"https:\/\/kibrisdakik.com\/?p=66765#primaryimage"},"image":{"@id":"https:\/\/kibrisdakik.com\/?p=66765#primaryimage"},"thumbnailUrl":"https:\/\/kibrisdakik.com\/wp-content\/uploads\/2024\/10\/fazilet-ozdenefe-tim-740x420.jpg","datePublished":"2024-10-14T12:24:57+00:00","author":{"@id":"https:\/\/kibrisdakik.com\/#\/schema\/person\/9cd9d437bbb44f72b73ba127e06d8e79"},"breadcrumb":{"@id":"https:\/\/kibrisdakik.com\/?p=66765#breadcrumb"},"inLanguage":"tr","potentialAction":[{"@type":"ReadAction","target":["https:\/\/kibrisdakik.com\/?p=66765"]}]},{"@type":"ImageObject","inLanguage":"tr","@id":"https:\/\/kibrisdakik.com\/?p=66765#primaryimage","url":"https:\/\/kibrisdakik.com\/wp-content\/uploads\/2024\/10\/fazilet-ozdenefe-tim-740x420.jpg","contentUrl":"https:\/\/kibrisdakik.com\/wp-content\/uploads\/2024\/10\/fazilet-ozdenefe-tim-740x420.jpg","width":1654,"height":1104},{"@type":"BreadcrumbList","@id":"https:\/\/kibrisdakik.com\/?p=66765#breadcrumb","itemListElement":[{"@type":"ListItem","position":1,"name":"Home","item":"https:\/\/kibrisdakik.com\/"},{"@type":"ListItem","position":2,"name":"\u00d6zdenefe:Ba\u015fsavc\u0131l\u0131k, Zorlu T\u00f6re\u2019nin Meclis Ba\u015fkan\u0131 se\u00e7ilemedi\u011fi kanaatinde"}]},{"@type":"WebSite","@id":"https:\/\/kibrisdakik.com\/#website","url":"https:\/\/kibrisdakik.com\/","name":"","description":"Tam vaktinde haber","potentialAction":[{"@type":"SearchAction","target":{"@type":"EntryPoint","urlTemplate":"https:\/\/kibrisdakik.com\/?s={search_term_string}"},"query-input":{"@type":"PropertyValueSpecification","valueRequired":true,"valueName":"search_term_string"}}],"inLanguage":"tr"},{"@type":"Person","@id":"https:\/\/kibrisdakik.com\/#\/schema\/person\/9cd9d437bbb44f72b73ba127e06d8e79","name":"admin","image":{"@type":"ImageObject","inLanguage":"tr","@id":"https:\/\/secure.gravatar.com\/avatar\/ccc17943b9d660506c869530f897617f7cb1c21a4bf30023f252596d83e1f007?s=96&d=mm&r=g","url":"https:\/\/secure.gravatar.com\/avatar\/ccc17943b9d660506c869530f897617f7cb1c21a4bf30023f252596d83e1f007?s=96&d=mm&r=g","contentUrl":"https:\/\/secure.gravatar.com\/avatar\/ccc17943b9d660506c869530f897617f7cb1c21a4bf30023f252596d83e1f007?s=96&d=mm&r=g","caption":"admin"},"sameAs":["https:\/\/kibrisdakik.com"],"url":"https:\/\/kibrisdakik.com\/?author=1"}]}},"_links":{"self":[{"href":"https:\/\/kibrisdakik.com\/index.php?rest_route=\/wp\/v2\/posts\/66765","targetHints":{"allow":["GET"]}}],"collection":[{"href":"https:\/\/kibrisdakik.com\/index.php?rest_route=\/wp\/v2\/posts"}],"about":[{"href":"https:\/\/kibrisdakik.com\/index.php?rest_route=\/wp\/v2\/types\/post"}],"author":[{"embeddable":true,"href":"https:\/\/kibrisdakik.com\/index.php?rest_route=\/wp\/v2\/users\/1"}],"replies":[{"embeddable":true,"href":"https:\/\/kibrisdakik.com\/index.php?rest_route=%2Fwp%2Fv2%2Fcomments&post=66765"}],"version-history":[{"count":0,"href":"https:\/\/kibrisdakik.com\/index.php?rest_route=\/wp\/v2\/posts\/66765\/revisions"}],"wp:featuredmedia":[{"embeddable":true,"href":"https:\/\/kibrisdakik.com\/index.php?rest_route=\/wp\/v2\/media\/66766"}],"wp:attachment":[{"href":"https:\/\/kibrisdakik.com\/index.php?rest_route=%2Fwp%2Fv2%2Fmedia&parent=66765"}],"wp:term":[{"taxonomy":"category","embeddable":true,"href":"https:\/\/kibrisdakik.com\/index.php?rest_route=%2Fwp%2Fv2%2Fcategories&post=66765"},{"taxonomy":"post_tag","embeddable":true,"href":"https:\/\/kibrisdakik.com\/index.php?rest_route=%2Fwp%2Fv2%2Ftags&post=66765"}],"curies":[{"name":"wp","href":"https:\/\/api.w.org\/{rel}","templated":true}]}}