{"id":66789,"date":"2024-10-14T19:45:19","date_gmt":"2024-10-14T16:45:19","guid":{"rendered":"https:\/\/kibrisdakik.com\/index.php\/2024\/10\/14\/arikli-ulusal-birlik-partisine-bir-an-evvel-meclis-baskani-icin-adayini-belirleme-cagrisi-yapti\/"},"modified":"2024-10-14T19:45:19","modified_gmt":"2024-10-14T16:45:19","slug":"arikli-ulusal-birlik-partisine-bir-an-evvel-meclis-baskani-icin-adayini-belirleme-cagrisi-yapti","status":"publish","type":"post","link":"https:\/\/kibrisdakik.com\/?p=66789","title":{"rendered":"Ar\u0131kl\u0131, Ulusal Birlik Partisi\u2019ne bir an evvel Meclis Ba\u015fkan\u0131 i\u00e7in aday\u0131n\u0131 belirleme  \u00e7a\u011fr\u0131s\u0131 yapt\u0131"},"content":{"rendered":"<div>\n<div class=\"mariselle-image-container center\">\n                                            <\/div>\n<p> Yeniden Do\u011fu\u015f Partisi Genel Ba\u015fkan\u0131, Bay\u0131nd\u0131rl\u0131k ve Ula\u015ft\u0131rma Bakan\u0131 Erhan Ar\u0131kl\u0131, Ulusal Birlik Partisi\u2019ne bir an evvel Meclis Ba\u015fkan\u0131 i\u00e7in aday\u0131n\u0131 belirleme ve arkas\u0131nda durma \u00e7a\u011fr\u0131s\u0131 yapt\u0131. <\/p>\n<p>Ar\u0131kl\u0131, Meclis Ba\u015fkan\u0131 se\u00e7im s\u00fcrecinde ya\u015fananlar\u0131n da ele al\u0131nd\u0131\u011f\u0131 Merkez Y\u00f6netim Kurulu toplant\u0131s\u0131nda, bu konuda kendisine h\u00fck\u00fcmetten \u00e7ekilme dahil her t\u00fcrl\u00fc yetkinin verildi\u011fini belirtti. <\/p>\n<p>Ulusal Birlik Partisi\u2019nin belirleyece\u011fi aday\u0131n arkas\u0131nda olacaklar\u0131n\u0131 ifade eden Ar\u0131kl\u0131, Meclis Ba\u015fkan\u0131 bu kez 5\u2019inci turda da se\u00e7ilemezse, h\u00fck\u00fcmetten \u00e7ekilmeyi yetkili kurullar\u0131na g\u00f6t\u00fcrece\u011fini s\u00f6yledi.<\/p>\n<\/p><\/div>\n<p><script async\n                    defer\n                    crossorigin=\"anonymous\"\n                    src=\"https:\/\/connect.facebook.net\/tr_TR\/sdk.js#xfbml=1&#038;version=v3.3\"\n            ><\/script><\/p>\n","protected":false},"excerpt":{"rendered":"<p>Yeniden Do\u011fu\u015f Partisi Genel Ba\u015fkan\u0131, Bay\u0131nd\u0131rl\u0131k ve Ula\u015ft\u0131rma Bakan\u0131 Erhan Ar\u0131kl\u0131, Ulusal Birlik Partisi\u2019ne bir an evvel Meclis Ba\u015fkan\u0131 i\u00e7in aday\u0131n\u0131 belirleme ve arkas\u0131nda durma \u00e7a\u011fr\u0131s\u0131 yapt\u0131. Ar\u0131kl\u0131, Meclis Ba\u015fkan\u0131 se\u00e7im s\u00fcrecinde ya\u015fananlar\u0131n da ele al\u0131nd\u0131\u011f\u0131 Merkez Y\u00f6netim Kurulu toplant\u0131s\u0131nda, bu konuda kendisine h\u00fck\u00fcmetten \u00e7ekilme dahil her t\u00fcrl\u00fc yetkinin verildi\u011fini belirtti. Ulusal Birlik Partisi\u2019nin belirleyece\u011fi<\/p>\n","protected":false},"author":1,"featured_media":49950,"comment_status":"open","ping_status":"open","sticky":false,"template":"","format":"standard","meta":{"footnotes":""},"categories":[81],"tags":[],"class_list":["post-66789","post","type-post","status-publish","format-standard","has-post-thumbnail","hentry","category-kibris"],"yoast_head":"<!-- This site is optimized with the Yoast SEO plugin v27.5 - https:\/\/yoast.com\/product\/yoast-seo-wordpress\/ -->\n<title>Ar\u0131kl\u0131, Ulusal Birlik Partisi\u2019ne bir an evvel Meclis Ba\u015fkan\u0131 i\u00e7in aday\u0131n\u0131 belirleme \u00e7a\u011fr\u0131s\u0131 yapt\u0131 -<\/title>\n<meta name=\"robots\" content=\"index, follow, max-snippet:-1, max-image-preview:large, max-video-preview:-1\" \/>\n<link rel=\"canonical\" href=\"https:\/\/kibrisdakik.com\/?p=66789\" \/>\n<meta property=\"og:locale\" content=\"tr_TR\" \/>\n<meta property=\"og:type\" content=\"article\" \/>\n<meta property=\"og:title\" content=\"Ar\u0131kl\u0131, Ulusal Birlik Partisi\u2019ne bir an evvel Meclis Ba\u015fkan\u0131 i\u00e7in aday\u0131n\u0131 belirleme \u00e7a\u011fr\u0131s\u0131 yapt\u0131 -\" \/>\n<meta property=\"og:description\" content=\"Yeniden Do\u011fu\u015f Partisi Genel Ba\u015fkan\u0131, Bay\u0131nd\u0131rl\u0131k ve Ula\u015ft\u0131rma Bakan\u0131 Erhan Ar\u0131kl\u0131, Ulusal Birlik Partisi\u2019ne bir an evvel Meclis Ba\u015fkan\u0131 i\u00e7in aday\u0131n\u0131 belirleme ve arkas\u0131nda durma \u00e7a\u011fr\u0131s\u0131 yapt\u0131. Ar\u0131kl\u0131, Meclis Ba\u015fkan\u0131 se\u00e7im s\u00fcrecinde ya\u015fananlar\u0131n da ele al\u0131nd\u0131\u011f\u0131 Merkez Y\u00f6netim Kurulu toplant\u0131s\u0131nda, bu konuda kendisine h\u00fck\u00fcmetten \u00e7ekilme dahil her t\u00fcrl\u00fc yetkinin verildi\u011fini belirtti. Ulusal Birlik Partisi\u2019nin belirleyece\u011fi\" \/>\n<meta property=\"og:url\" content=\"https:\/\/kibrisdakik.com\/?p=66789\" \/>\n<meta property=\"article:published_time\" content=\"2024-10-14T16:45:19+00:00\" \/>\n<meta property=\"og:image\" content=\"https:\/\/kibrisdakik.com\/wp-content\/uploads\/2024\/07\/arikliiiii-740x420.jpg\" \/>\n\t<meta property=\"og:image:width\" content=\"800\" \/>\n\t<meta property=\"og:image:height\" content=\"614\" \/>\n\t<meta property=\"og:image:type\" content=\"image\/jpeg\" \/>\n<meta name=\"author\" content=\"admin\" \/>\n<meta name=\"twitter:card\" content=\"summary_large_image\" \/>\n<meta name=\"twitter:label1\" content=\"Yazan:\" \/>\n\t<meta name=\"twitter:data1\" content=\"admin\" \/>\n\t<meta name=\"twitter:label2\" content=\"Tahmini okuma s\u00fcresi\" \/>\n\t<meta name=\"twitter:data2\" content=\"1 dakika\" \/>\n<script type=\"application\/ld+json\" class=\"yoast-schema-graph\">{\"@context\":\"https:\\\/\\\/schema.org\",\"@graph\":[{\"@type\":\"Article\",\"@id\":\"https:\\\/\\\/kibrisdakik.com\\\/?p=66789#article\",\"isPartOf\":{\"@id\":\"https:\\\/\\\/kibrisdakik.com\\\/?p=66789\"},\"author\":{\"name\":\"admin\",\"@id\":\"https:\\\/\\\/kibrisdakik.com\\\/#\\\/schema\\\/person\\\/9cd9d437bbb44f72b73ba127e06d8e79\"},\"headline\":\"Ar\u0131kl\u0131, Ulusal Birlik Partisi\u2019ne bir an evvel Meclis Ba\u015fkan\u0131 i\u00e7in aday\u0131n\u0131 belirleme \u00e7a\u011fr\u0131s\u0131 yapt\u0131\",\"datePublished\":\"2024-10-14T16:45:19+00:00\",\"mainEntityOfPage\":{\"@id\":\"https:\\\/\\\/kibrisdakik.com\\\/?p=66789\"},\"wordCount\":140,\"commentCount\":0,\"image\":{\"@id\":\"https:\\\/\\\/kibrisdakik.com\\\/?p=66789#primaryimage\"},\"thumbnailUrl\":\"https:\\\/\\\/kibrisdakik.com\\\/wp-content\\\/uploads\\\/2024\\\/07\\\/arikliiiii-740x420.jpg\",\"articleSection\":[\"K\u0131br\u0131s\"],\"inLanguage\":\"tr\",\"potentialAction\":[{\"@type\":\"CommentAction\",\"name\":\"Comment\",\"target\":[\"https:\\\/\\\/kibrisdakik.com\\\/?p=66789#respond\"]}]},{\"@type\":\"WebPage\",\"@id\":\"https:\\\/\\\/kibrisdakik.com\\\/?p=66789\",\"url\":\"https:\\\/\\\/kibrisdakik.com\\\/?p=66789\",\"name\":\"Ar\u0131kl\u0131, Ulusal Birlik Partisi\u2019ne bir an evvel Meclis Ba\u015fkan\u0131 i\u00e7in aday\u0131n\u0131 belirleme \u00e7a\u011fr\u0131s\u0131 yapt\u0131 -\",\"isPartOf\":{\"@id\":\"https:\\\/\\\/kibrisdakik.com\\\/#website\"},\"primaryImageOfPage\":{\"@id\":\"https:\\\/\\\/kibrisdakik.com\\\/?p=66789#primaryimage\"},\"image\":{\"@id\":\"https:\\\/\\\/kibrisdakik.com\\\/?p=66789#primaryimage\"},\"thumbnailUrl\":\"https:\\\/\\\/kibrisdakik.com\\\/wp-content\\\/uploads\\\/2024\\\/07\\\/arikliiiii-740x420.jpg\",\"datePublished\":\"2024-10-14T16:45:19+00:00\",\"author\":{\"@id\":\"https:\\\/\\\/kibrisdakik.com\\\/#\\\/schema\\\/person\\\/9cd9d437bbb44f72b73ba127e06d8e79\"},\"breadcrumb\":{\"@id\":\"https:\\\/\\\/kibrisdakik.com\\\/?p=66789#breadcrumb\"},\"inLanguage\":\"tr\",\"potentialAction\":[{\"@type\":\"ReadAction\",\"target\":[\"https:\\\/\\\/kibrisdakik.com\\\/?p=66789\"]}]},{\"@type\":\"ImageObject\",\"inLanguage\":\"tr\",\"@id\":\"https:\\\/\\\/kibrisdakik.com\\\/?p=66789#primaryimage\",\"url\":\"https:\\\/\\\/kibrisdakik.com\\\/wp-content\\\/uploads\\\/2024\\\/07\\\/arikliiiii-740x420.jpg\",\"contentUrl\":\"https:\\\/\\\/kibrisdakik.com\\\/wp-content\\\/uploads\\\/2024\\\/07\\\/arikliiiii-740x420.jpg\",\"width\":800,\"height\":614},{\"@type\":\"BreadcrumbList\",\"@id\":\"https:\\\/\\\/kibrisdakik.com\\\/?p=66789#breadcrumb\",\"itemListElement\":[{\"@type\":\"ListItem\",\"position\":1,\"name\":\"Home\",\"item\":\"https:\\\/\\\/kibrisdakik.com\\\/\"},{\"@type\":\"ListItem\",\"position\":2,\"name\":\"Ar\u0131kl\u0131, Ulusal Birlik Partisi\u2019ne bir an evvel Meclis Ba\u015fkan\u0131 i\u00e7in aday\u0131n\u0131 belirleme \u00e7a\u011fr\u0131s\u0131 yapt\u0131\"}]},{\"@type\":\"WebSite\",\"@id\":\"https:\\\/\\\/kibrisdakik.com\\\/#website\",\"url\":\"https:\\\/\\\/kibrisdakik.com\\\/\",\"name\":\"\",\"description\":\"Tam vaktinde haber\",\"potentialAction\":[{\"@type\":\"SearchAction\",\"target\":{\"@type\":\"EntryPoint\",\"urlTemplate\":\"https:\\\/\\\/kibrisdakik.com\\\/?s={search_term_string}\"},\"query-input\":{\"@type\":\"PropertyValueSpecification\",\"valueRequired\":true,\"valueName\":\"search_term_string\"}}],\"inLanguage\":\"tr\"},{\"@type\":\"Person\",\"@id\":\"https:\\\/\\\/kibrisdakik.com\\\/#\\\/schema\\\/person\\\/9cd9d437bbb44f72b73ba127e06d8e79\",\"name\":\"admin\",\"image\":{\"@type\":\"ImageObject\",\"inLanguage\":\"tr\",\"@id\":\"https:\\\/\\\/secure.gravatar.com\\\/avatar\\\/ccc17943b9d660506c869530f897617f7cb1c21a4bf30023f252596d83e1f007?s=96&d=mm&r=g\",\"url\":\"https:\\\/\\\/secure.gravatar.com\\\/avatar\\\/ccc17943b9d660506c869530f897617f7cb1c21a4bf30023f252596d83e1f007?s=96&d=mm&r=g\",\"contentUrl\":\"https:\\\/\\\/secure.gravatar.com\\\/avatar\\\/ccc17943b9d660506c869530f897617f7cb1c21a4bf30023f252596d83e1f007?s=96&d=mm&r=g\",\"caption\":\"admin\"},\"sameAs\":[\"https:\\\/\\\/kibrisdakik.com\"],\"url\":\"https:\\\/\\\/kibrisdakik.com\\\/?author=1\"}]}<\/script>\n<!-- \/ Yoast SEO plugin. -->","yoast_head_json":{"title":"Ar\u0131kl\u0131, Ulusal Birlik Partisi\u2019ne bir an evvel Meclis Ba\u015fkan\u0131 i\u00e7in aday\u0131n\u0131 belirleme \u00e7a\u011fr\u0131s\u0131 yapt\u0131 -","robots":{"index":"index","follow":"follow","max-snippet":"max-snippet:-1","max-image-preview":"max-image-preview:large","max-video-preview":"max-video-preview:-1"},"canonical":"https:\/\/kibrisdakik.com\/?p=66789","og_locale":"tr_TR","og_type":"article","og_title":"Ar\u0131kl\u0131, Ulusal Birlik Partisi\u2019ne bir an evvel Meclis Ba\u015fkan\u0131 i\u00e7in aday\u0131n\u0131 belirleme \u00e7a\u011fr\u0131s\u0131 yapt\u0131 -","og_description":"Yeniden Do\u011fu\u015f Partisi Genel Ba\u015fkan\u0131, Bay\u0131nd\u0131rl\u0131k ve Ula\u015ft\u0131rma Bakan\u0131 Erhan Ar\u0131kl\u0131, Ulusal Birlik Partisi\u2019ne bir an evvel Meclis Ba\u015fkan\u0131 i\u00e7in aday\u0131n\u0131 belirleme ve arkas\u0131nda durma \u00e7a\u011fr\u0131s\u0131 yapt\u0131. Ar\u0131kl\u0131, Meclis Ba\u015fkan\u0131 se\u00e7im s\u00fcrecinde ya\u015fananlar\u0131n da ele al\u0131nd\u0131\u011f\u0131 Merkez Y\u00f6netim Kurulu toplant\u0131s\u0131nda, bu konuda kendisine h\u00fck\u00fcmetten \u00e7ekilme dahil her t\u00fcrl\u00fc yetkinin verildi\u011fini belirtti. Ulusal Birlik Partisi\u2019nin belirleyece\u011fi","og_url":"https:\/\/kibrisdakik.com\/?p=66789","article_published_time":"2024-10-14T16:45:19+00:00","og_image":[{"width":800,"height":614,"url":"https:\/\/kibrisdakik.com\/wp-content\/uploads\/2024\/07\/arikliiiii-740x420.jpg","type":"image\/jpeg"}],"author":"admin","twitter_card":"summary_large_image","twitter_misc":{"Yazan:":"admin","Tahmini okuma s\u00fcresi":"1 dakika"},"schema":{"@context":"https:\/\/schema.org","@graph":[{"@type":"Article","@id":"https:\/\/kibrisdakik.com\/?p=66789#article","isPartOf":{"@id":"https:\/\/kibrisdakik.com\/?p=66789"},"author":{"name":"admin","@id":"https:\/\/kibrisdakik.com\/#\/schema\/person\/9cd9d437bbb44f72b73ba127e06d8e79"},"headline":"Ar\u0131kl\u0131, Ulusal Birlik Partisi\u2019ne bir an evvel Meclis Ba\u015fkan\u0131 i\u00e7in aday\u0131n\u0131 belirleme \u00e7a\u011fr\u0131s\u0131 yapt\u0131","datePublished":"2024-10-14T16:45:19+00:00","mainEntityOfPage":{"@id":"https:\/\/kibrisdakik.com\/?p=66789"},"wordCount":140,"commentCount":0,"image":{"@id":"https:\/\/kibrisdakik.com\/?p=66789#primaryimage"},"thumbnailUrl":"https:\/\/kibrisdakik.com\/wp-content\/uploads\/2024\/07\/arikliiiii-740x420.jpg","articleSection":["K\u0131br\u0131s"],"inLanguage":"tr","potentialAction":[{"@type":"CommentAction","name":"Comment","target":["https:\/\/kibrisdakik.com\/?p=66789#respond"]}]},{"@type":"WebPage","@id":"https:\/\/kibrisdakik.com\/?p=66789","url":"https:\/\/kibrisdakik.com\/?p=66789","name":"Ar\u0131kl\u0131, Ulusal Birlik Partisi\u2019ne bir an evvel Meclis Ba\u015fkan\u0131 i\u00e7in aday\u0131n\u0131 belirleme \u00e7a\u011fr\u0131s\u0131 yapt\u0131 -","isPartOf":{"@id":"https:\/\/kibrisdakik.com\/#website"},"primaryImageOfPage":{"@id":"https:\/\/kibrisdakik.com\/?p=66789#primaryimage"},"image":{"@id":"https:\/\/kibrisdakik.com\/?p=66789#primaryimage"},"thumbnailUrl":"https:\/\/kibrisdakik.com\/wp-content\/uploads\/2024\/07\/arikliiiii-740x420.jpg","datePublished":"2024-10-14T16:45:19+00:00","author":{"@id":"https:\/\/kibrisdakik.com\/#\/schema\/person\/9cd9d437bbb44f72b73ba127e06d8e79"},"breadcrumb":{"@id":"https:\/\/kibrisdakik.com\/?p=66789#breadcrumb"},"inLanguage":"tr","potentialAction":[{"@type":"ReadAction","target":["https:\/\/kibrisdakik.com\/?p=66789"]}]},{"@type":"ImageObject","inLanguage":"tr","@id":"https:\/\/kibrisdakik.com\/?p=66789#primaryimage","url":"https:\/\/kibrisdakik.com\/wp-content\/uploads\/2024\/07\/arikliiiii-740x420.jpg","contentUrl":"https:\/\/kibrisdakik.com\/wp-content\/uploads\/2024\/07\/arikliiiii-740x420.jpg","width":800,"height":614},{"@type":"BreadcrumbList","@id":"https:\/\/kibrisdakik.com\/?p=66789#breadcrumb","itemListElement":[{"@type":"ListItem","position":1,"name":"Home","item":"https:\/\/kibrisdakik.com\/"},{"@type":"ListItem","position":2,"name":"Ar\u0131kl\u0131, Ulusal Birlik Partisi\u2019ne bir an evvel Meclis Ba\u015fkan\u0131 i\u00e7in aday\u0131n\u0131 belirleme \u00e7a\u011fr\u0131s\u0131 yapt\u0131"}]},{"@type":"WebSite","@id":"https:\/\/kibrisdakik.com\/#website","url":"https:\/\/kibrisdakik.com\/","name":"","description":"Tam vaktinde haber","potentialAction":[{"@type":"SearchAction","target":{"@type":"EntryPoint","urlTemplate":"https:\/\/kibrisdakik.com\/?s={search_term_string}"},"query-input":{"@type":"PropertyValueSpecification","valueRequired":true,"valueName":"search_term_string"}}],"inLanguage":"tr"},{"@type":"Person","@id":"https:\/\/kibrisdakik.com\/#\/schema\/person\/9cd9d437bbb44f72b73ba127e06d8e79","name":"admin","image":{"@type":"ImageObject","inLanguage":"tr","@id":"https:\/\/secure.gravatar.com\/avatar\/ccc17943b9d660506c869530f897617f7cb1c21a4bf30023f252596d83e1f007?s=96&d=mm&r=g","url":"https:\/\/secure.gravatar.com\/avatar\/ccc17943b9d660506c869530f897617f7cb1c21a4bf30023f252596d83e1f007?s=96&d=mm&r=g","contentUrl":"https:\/\/secure.gravatar.com\/avatar\/ccc17943b9d660506c869530f897617f7cb1c21a4bf30023f252596d83e1f007?s=96&d=mm&r=g","caption":"admin"},"sameAs":["https:\/\/kibrisdakik.com"],"url":"https:\/\/kibrisdakik.com\/?author=1"}]}},"_links":{"self":[{"href":"https:\/\/kibrisdakik.com\/index.php?rest_route=\/wp\/v2\/posts\/66789","targetHints":{"allow":["GET"]}}],"collection":[{"href":"https:\/\/kibrisdakik.com\/index.php?rest_route=\/wp\/v2\/posts"}],"about":[{"href":"https:\/\/kibrisdakik.com\/index.php?rest_route=\/wp\/v2\/types\/post"}],"author":[{"embeddable":true,"href":"https:\/\/kibrisdakik.com\/index.php?rest_route=\/wp\/v2\/users\/1"}],"replies":[{"embeddable":true,"href":"https:\/\/kibrisdakik.com\/index.php?rest_route=%2Fwp%2Fv2%2Fcomments&post=66789"}],"version-history":[{"count":0,"href":"https:\/\/kibrisdakik.com\/index.php?rest_route=\/wp\/v2\/posts\/66789\/revisions"}],"wp:featuredmedia":[{"embeddable":true,"href":"https:\/\/kibrisdakik.com\/index.php?rest_route=\/wp\/v2\/media\/49950"}],"wp:attachment":[{"href":"https:\/\/kibrisdakik.com\/index.php?rest_route=%2Fwp%2Fv2%2Fmedia&parent=66789"}],"wp:term":[{"taxonomy":"category","embeddable":true,"href":"https:\/\/kibrisdakik.com\/index.php?rest_route=%2Fwp%2Fv2%2Fcategories&post=66789"},{"taxonomy":"post_tag","embeddable":true,"href":"https:\/\/kibrisdakik.com\/index.php?rest_route=%2Fwp%2Fv2%2Ftags&post=66789"}],"curies":[{"name":"wp","href":"https:\/\/api.w.org\/{rel}","templated":true}]}}