{"id":66834,"date":"2024-10-15T16:31:12","date_gmt":"2024-10-15T13:31:12","guid":{"rendered":"https:\/\/kibrisdakik.com\/index.php\/2024\/10\/15\/kulturel-miras-teknik-komitesinin-kibristaki-eski-eserlerle-ilgili-calismalari-suruyor\/"},"modified":"2024-10-15T16:31:12","modified_gmt":"2024-10-15T13:31:12","slug":"kulturel-miras-teknik-komitesinin-kibristaki-eski-eserlerle-ilgili-calismalari-suruyor","status":"publish","type":"post","link":"https:\/\/kibrisdakik.com\/?p=66834","title":{"rendered":"K\u00fclt\u00fcrel Miras Teknik Komitesi\u2019nin K\u0131br\u0131s\u2019taki eski eserlerle ilgili \u00e7al\u0131\u015fmalar\u0131 s\u00fcr\u00fcyor"},"content":{"rendered":"<div>\n<div class=\"mariselle-image-container center\">\n                                            <\/div>\n<p> K\u00fclt\u00fcrel Miras Teknik Komitesi, adan\u0131n her iki taraf\u0131ndaki eski eserler \u00fczerindeki koruma \u00e7al\u0131\u015fmalar\u0131na devam ediyor.<\/p>\n<p>Cumhurba\u015fkanl\u0131\u011f\u0131 b\u00fcnyesinde \u00e7al\u0131\u015fmalar\u0131n\u0131 y\u00fcr\u00fcten \u0130ki Tarafl\u0131 K\u00fclt\u00fcrel Miras Teknik Komitesi E\u015f Ba\u015fkan\u0131 Ali Tuncay\u2019dan al\u0131nan bilgiye g\u00f6re, komitenin \u00f6ncelikle m\u00fcdahale edilmesini kararla\u015ft\u0131rd\u0131\u011f\u0131 ve \u00e7al\u0131\u015fma y\u00fcr\u00fctt\u00fc\u011f\u00fc Mormenek\u015fe k\u00f6y\u00fcndeki Aziz Georgios Kilisesi\u2019ndeki koruma \u00e7al\u0131\u015fmas\u0131 tamamland\u0131.<\/p>\n<p>Tuncay ayr\u0131ca, Mormenek\u015fe k\u00f6y\u00fcnde bulunan ta\u015f oymalar\u0131yla bilinen tarihi ev ve yine bu yerle\u015fim yerindeki tarihi r\u00fczgar de\u011firmeninde de 2025 y\u0131l\u0131 i\u00e7erisinde koruma \u00e7al\u0131\u015fmas\u0131 yap\u0131laca\u011f\u0131 bilgisini verdi.<\/p>\n<p>\u00c7al\u0131\u015fman\u0131n tamamlanmas\u0131yla, K\u00fclt\u00fcrel Miras Teknik Komitesi E\u015f Ba\u015fkanlar\u0131 ve komite mensuplar\u0131, Avrupa Komisyonu ve Birle\u015fmi\u015f Milletler Kalk\u0131nma Program\u0131 (UNDP) temsilcileri ile teknik ekibin kat\u0131l\u0131m\u0131yla Mormenek\u015fe\u2019deki Aziz Georgios Kilisesi\u2019ne ziyaret ger\u00e7ekle\u015ftirildi.<\/p>\n<p>Etkinlik s\u0131ras\u0131nda kat\u0131l\u0131mc\u0131lara eserin tarihi hakk\u0131nda bilgi verildi. Ayr\u0131ca, tarihi eser \u00fczerinde yap\u0131lan koruma \u00e7al\u0131\u015fmas\u0131 s\u0131ras\u0131nda uzmanlar taraf\u0131ndan g\u00fcn y\u00fcz\u00fcne \u00e7\u0131kar\u0131lan \u00e7ift\u00e7ilere bereket getirmesi amac\u0131yla duvarlara kaz\u0131lm\u0131\u015f tarihi kara saban grafitileri ve yelkenli gemi grafitisi ziyaret\u00e7ilere g\u00f6sterildi.<\/p>\n<p><strong>-\u201cTera Camisi\u2019nde koruma \u00e7al\u0131\u015fmas\u0131 tamamlanma a\u015famas\u0131na geldi\u201d<\/strong><\/p>\n<p>Tuncay, K\u00fclt\u00fcrel Miras Teknik Komitesi\u2019nin G\u00fcney K\u0131br\u0131s\u2019ta \u00e7al\u0131\u015fma y\u00fcr\u00fctt\u00fc\u011f\u00fc eserlerden biri olan tarihi Tera Camisi\u2019nde koruma \u00e7al\u0131\u015fmas\u0131n\u0131n da tamamlanma a\u015famas\u0131na geldi\u011fini, \u00e7al\u0131\u015fman\u0131n bitmesiyle birlikte bu tarihi camiye \u00f6n\u00fcm\u00fczdeki ay ziyaret d\u00fczenlenece\u011fini, burada etkinlik yap\u0131laca\u011f\u0131n\u0131 kaydetti.<\/p>\n<p>Tuncay, her iki eserdeki koruma \u00e7al\u0131\u015fmas\u0131n\u0131n, Avrupa Birli\u011fi\u2019nin K\u00fclt\u00fcrel Miras Teknik Komitesi\u2019ne sa\u011flad\u0131\u011f\u0131 finansal katk\u0131yla ve UNDP\u2019nin teknik deste\u011fiyle ger\u00e7ekle\u015ftirildi\u011fini belirtti.<\/p>\n<\/p><\/div>\n<p><script async\n                    defer\n                    crossorigin=\"anonymous\"\n                    src=\"https:\/\/connect.facebook.net\/tr_TR\/sdk.js#xfbml=1&#038;version=v3.3\"\n            ><\/script><\/p>\n","protected":false},"excerpt":{"rendered":"<p>K\u00fclt\u00fcrel Miras Teknik Komitesi, adan\u0131n her iki taraf\u0131ndaki eski eserler \u00fczerindeki koruma \u00e7al\u0131\u015fmalar\u0131na devam ediyor. Cumhurba\u015fkanl\u0131\u011f\u0131 b\u00fcnyesinde \u00e7al\u0131\u015fmalar\u0131n\u0131 y\u00fcr\u00fcten \u0130ki Tarafl\u0131 K\u00fclt\u00fcrel Miras Teknik Komitesi E\u015f Ba\u015fkan\u0131 Ali Tuncay\u2019dan al\u0131nan bilgiye g\u00f6re, komitenin \u00f6ncelikle m\u00fcdahale edilmesini kararla\u015ft\u0131rd\u0131\u011f\u0131 ve \u00e7al\u0131\u015fma y\u00fcr\u00fctt\u00fc\u011f\u00fc Mormenek\u015fe k\u00f6y\u00fcndeki Aziz Georgios Kilisesi\u2019ndeki koruma \u00e7al\u0131\u015fmas\u0131 tamamland\u0131. Tuncay ayr\u0131ca, Mormenek\u015fe k\u00f6y\u00fcnde bulunan ta\u015f oymalar\u0131yla<\/p>\n","protected":false},"author":1,"featured_media":66835,"comment_status":"open","ping_status":"open","sticky":false,"template":"","format":"standard","meta":{"footnotes":""},"categories":[81],"tags":[],"class_list":["post-66834","post","type-post","status-publish","format-standard","has-post-thumbnail","hentry","category-kibris"],"yoast_head":"<!-- This site is optimized with the Yoast SEO plugin v27.4 - https:\/\/yoast.com\/product\/yoast-seo-wordpress\/ -->\n<title>K\u00fclt\u00fcrel Miras Teknik Komitesi\u2019nin K\u0131br\u0131s\u2019taki eski eserlerle ilgili \u00e7al\u0131\u015fmalar\u0131 s\u00fcr\u00fcyor -<\/title>\n<meta name=\"robots\" content=\"index, follow, max-snippet:-1, max-image-preview:large, max-video-preview:-1\" \/>\n<link rel=\"canonical\" href=\"https:\/\/kibrisdakik.com\/?p=66834\" \/>\n<meta property=\"og:locale\" content=\"tr_TR\" \/>\n<meta property=\"og:type\" content=\"article\" \/>\n<meta property=\"og:title\" content=\"K\u00fclt\u00fcrel Miras Teknik Komitesi\u2019nin K\u0131br\u0131s\u2019taki eski eserlerle ilgili \u00e7al\u0131\u015fmalar\u0131 s\u00fcr\u00fcyor -\" \/>\n<meta property=\"og:description\" content=\"K\u00fclt\u00fcrel Miras Teknik Komitesi, adan\u0131n her iki taraf\u0131ndaki eski eserler \u00fczerindeki koruma \u00e7al\u0131\u015fmalar\u0131na devam ediyor. Cumhurba\u015fkanl\u0131\u011f\u0131 b\u00fcnyesinde \u00e7al\u0131\u015fmalar\u0131n\u0131 y\u00fcr\u00fcten \u0130ki Tarafl\u0131 K\u00fclt\u00fcrel Miras Teknik Komitesi E\u015f Ba\u015fkan\u0131 Ali Tuncay\u2019dan al\u0131nan bilgiye g\u00f6re, komitenin \u00f6ncelikle m\u00fcdahale edilmesini kararla\u015ft\u0131rd\u0131\u011f\u0131 ve \u00e7al\u0131\u015fma y\u00fcr\u00fctt\u00fc\u011f\u00fc Mormenek\u015fe k\u00f6y\u00fcndeki Aziz Georgios Kilisesi\u2019ndeki koruma \u00e7al\u0131\u015fmas\u0131 tamamland\u0131. Tuncay ayr\u0131ca, Mormenek\u015fe k\u00f6y\u00fcnde bulunan ta\u015f oymalar\u0131yla\" \/>\n<meta property=\"og:url\" content=\"https:\/\/kibrisdakik.com\/?p=66834\" \/>\n<meta property=\"article:published_time\" content=\"2024-10-15T13:31:12+00:00\" \/>\n<meta property=\"og:image\" content=\"https:\/\/kibrisdakik.com\/wp-content\/uploads\/2024\/10\/qwpeipq-740x420.jpg\" \/>\n\t<meta property=\"og:image:width\" content=\"2560\" \/>\n\t<meta property=\"og:image:height\" content=\"1152\" \/>\n\t<meta property=\"og:image:type\" content=\"image\/jpeg\" \/>\n<meta name=\"author\" content=\"admin\" \/>\n<meta name=\"twitter:card\" content=\"summary_large_image\" \/>\n<meta name=\"twitter:label1\" content=\"Yazan:\" \/>\n\t<meta name=\"twitter:data1\" content=\"admin\" \/>\n\t<meta name=\"twitter:label2\" content=\"Tahmini okuma s\u00fcresi\" \/>\n\t<meta name=\"twitter:data2\" content=\"2 dakika\" \/>\n<script type=\"application\/ld+json\" class=\"yoast-schema-graph\">{\"@context\":\"https:\\\/\\\/schema.org\",\"@graph\":[{\"@type\":\"Article\",\"@id\":\"https:\\\/\\\/kibrisdakik.com\\\/?p=66834#article\",\"isPartOf\":{\"@id\":\"https:\\\/\\\/kibrisdakik.com\\\/?p=66834\"},\"author\":{\"name\":\"admin\",\"@id\":\"https:\\\/\\\/kibrisdakik.com\\\/#\\\/schema\\\/person\\\/9cd9d437bbb44f72b73ba127e06d8e79\"},\"headline\":\"K\u00fclt\u00fcrel Miras Teknik Komitesi\u2019nin K\u0131br\u0131s\u2019taki eski eserlerle ilgili \u00e7al\u0131\u015fmalar\u0131 s\u00fcr\u00fcyor\",\"datePublished\":\"2024-10-15T13:31:12+00:00\",\"mainEntityOfPage\":{\"@id\":\"https:\\\/\\\/kibrisdakik.com\\\/?p=66834\"},\"wordCount\":346,\"commentCount\":0,\"image\":{\"@id\":\"https:\\\/\\\/kibrisdakik.com\\\/?p=66834#primaryimage\"},\"thumbnailUrl\":\"https:\\\/\\\/kibrisdakik.com\\\/wp-content\\\/uploads\\\/2024\\\/10\\\/qwpeipq-740x420.jpg\",\"articleSection\":[\"K\u0131br\u0131s\"],\"inLanguage\":\"tr\",\"potentialAction\":[{\"@type\":\"CommentAction\",\"name\":\"Comment\",\"target\":[\"https:\\\/\\\/kibrisdakik.com\\\/?p=66834#respond\"]}]},{\"@type\":\"WebPage\",\"@id\":\"https:\\\/\\\/kibrisdakik.com\\\/?p=66834\",\"url\":\"https:\\\/\\\/kibrisdakik.com\\\/?p=66834\",\"name\":\"K\u00fclt\u00fcrel Miras Teknik Komitesi\u2019nin K\u0131br\u0131s\u2019taki eski eserlerle ilgili \u00e7al\u0131\u015fmalar\u0131 s\u00fcr\u00fcyor -\",\"isPartOf\":{\"@id\":\"https:\\\/\\\/kibrisdakik.com\\\/#website\"},\"primaryImageOfPage\":{\"@id\":\"https:\\\/\\\/kibrisdakik.com\\\/?p=66834#primaryimage\"},\"image\":{\"@id\":\"https:\\\/\\\/kibrisdakik.com\\\/?p=66834#primaryimage\"},\"thumbnailUrl\":\"https:\\\/\\\/kibrisdakik.com\\\/wp-content\\\/uploads\\\/2024\\\/10\\\/qwpeipq-740x420.jpg\",\"datePublished\":\"2024-10-15T13:31:12+00:00\",\"author\":{\"@id\":\"https:\\\/\\\/kibrisdakik.com\\\/#\\\/schema\\\/person\\\/9cd9d437bbb44f72b73ba127e06d8e79\"},\"breadcrumb\":{\"@id\":\"https:\\\/\\\/kibrisdakik.com\\\/?p=66834#breadcrumb\"},\"inLanguage\":\"tr\",\"potentialAction\":[{\"@type\":\"ReadAction\",\"target\":[\"https:\\\/\\\/kibrisdakik.com\\\/?p=66834\"]}]},{\"@type\":\"ImageObject\",\"inLanguage\":\"tr\",\"@id\":\"https:\\\/\\\/kibrisdakik.com\\\/?p=66834#primaryimage\",\"url\":\"https:\\\/\\\/kibrisdakik.com\\\/wp-content\\\/uploads\\\/2024\\\/10\\\/qwpeipq-740x420.jpg\",\"contentUrl\":\"https:\\\/\\\/kibrisdakik.com\\\/wp-content\\\/uploads\\\/2024\\\/10\\\/qwpeipq-740x420.jpg\",\"width\":2560,\"height\":1152},{\"@type\":\"BreadcrumbList\",\"@id\":\"https:\\\/\\\/kibrisdakik.com\\\/?p=66834#breadcrumb\",\"itemListElement\":[{\"@type\":\"ListItem\",\"position\":1,\"name\":\"Home\",\"item\":\"https:\\\/\\\/kibrisdakik.com\\\/\"},{\"@type\":\"ListItem\",\"position\":2,\"name\":\"K\u00fclt\u00fcrel Miras Teknik Komitesi\u2019nin K\u0131br\u0131s\u2019taki eski eserlerle ilgili \u00e7al\u0131\u015fmalar\u0131 s\u00fcr\u00fcyor\"}]},{\"@type\":\"WebSite\",\"@id\":\"https:\\\/\\\/kibrisdakik.com\\\/#website\",\"url\":\"https:\\\/\\\/kibrisdakik.com\\\/\",\"name\":\"\",\"description\":\"Tam vaktinde haber\",\"potentialAction\":[{\"@type\":\"SearchAction\",\"target\":{\"@type\":\"EntryPoint\",\"urlTemplate\":\"https:\\\/\\\/kibrisdakik.com\\\/?s={search_term_string}\"},\"query-input\":{\"@type\":\"PropertyValueSpecification\",\"valueRequired\":true,\"valueName\":\"search_term_string\"}}],\"inLanguage\":\"tr\"},{\"@type\":\"Person\",\"@id\":\"https:\\\/\\\/kibrisdakik.com\\\/#\\\/schema\\\/person\\\/9cd9d437bbb44f72b73ba127e06d8e79\",\"name\":\"admin\",\"image\":{\"@type\":\"ImageObject\",\"inLanguage\":\"tr\",\"@id\":\"https:\\\/\\\/secure.gravatar.com\\\/avatar\\\/ccc17943b9d660506c869530f897617f7cb1c21a4bf30023f252596d83e1f007?s=96&d=mm&r=g\",\"url\":\"https:\\\/\\\/secure.gravatar.com\\\/avatar\\\/ccc17943b9d660506c869530f897617f7cb1c21a4bf30023f252596d83e1f007?s=96&d=mm&r=g\",\"contentUrl\":\"https:\\\/\\\/secure.gravatar.com\\\/avatar\\\/ccc17943b9d660506c869530f897617f7cb1c21a4bf30023f252596d83e1f007?s=96&d=mm&r=g\",\"caption\":\"admin\"},\"sameAs\":[\"https:\\\/\\\/kibrisdakik.com\"],\"url\":\"https:\\\/\\\/kibrisdakik.com\\\/?author=1\"}]}<\/script>\n<!-- \/ Yoast SEO plugin. -->","yoast_head_json":{"title":"K\u00fclt\u00fcrel Miras Teknik Komitesi\u2019nin K\u0131br\u0131s\u2019taki eski eserlerle ilgili \u00e7al\u0131\u015fmalar\u0131 s\u00fcr\u00fcyor -","robots":{"index":"index","follow":"follow","max-snippet":"max-snippet:-1","max-image-preview":"max-image-preview:large","max-video-preview":"max-video-preview:-1"},"canonical":"https:\/\/kibrisdakik.com\/?p=66834","og_locale":"tr_TR","og_type":"article","og_title":"K\u00fclt\u00fcrel Miras Teknik Komitesi\u2019nin K\u0131br\u0131s\u2019taki eski eserlerle ilgili \u00e7al\u0131\u015fmalar\u0131 s\u00fcr\u00fcyor -","og_description":"K\u00fclt\u00fcrel Miras Teknik Komitesi, adan\u0131n her iki taraf\u0131ndaki eski eserler \u00fczerindeki koruma \u00e7al\u0131\u015fmalar\u0131na devam ediyor. Cumhurba\u015fkanl\u0131\u011f\u0131 b\u00fcnyesinde \u00e7al\u0131\u015fmalar\u0131n\u0131 y\u00fcr\u00fcten \u0130ki Tarafl\u0131 K\u00fclt\u00fcrel Miras Teknik Komitesi E\u015f Ba\u015fkan\u0131 Ali Tuncay\u2019dan al\u0131nan bilgiye g\u00f6re, komitenin \u00f6ncelikle m\u00fcdahale edilmesini kararla\u015ft\u0131rd\u0131\u011f\u0131 ve \u00e7al\u0131\u015fma y\u00fcr\u00fctt\u00fc\u011f\u00fc Mormenek\u015fe k\u00f6y\u00fcndeki Aziz Georgios Kilisesi\u2019ndeki koruma \u00e7al\u0131\u015fmas\u0131 tamamland\u0131. Tuncay ayr\u0131ca, Mormenek\u015fe k\u00f6y\u00fcnde bulunan ta\u015f oymalar\u0131yla","og_url":"https:\/\/kibrisdakik.com\/?p=66834","article_published_time":"2024-10-15T13:31:12+00:00","og_image":[{"width":2560,"height":1152,"url":"https:\/\/kibrisdakik.com\/wp-content\/uploads\/2024\/10\/qwpeipq-740x420.jpg","type":"image\/jpeg"}],"author":"admin","twitter_card":"summary_large_image","twitter_misc":{"Yazan:":"admin","Tahmini okuma s\u00fcresi":"2 dakika"},"schema":{"@context":"https:\/\/schema.org","@graph":[{"@type":"Article","@id":"https:\/\/kibrisdakik.com\/?p=66834#article","isPartOf":{"@id":"https:\/\/kibrisdakik.com\/?p=66834"},"author":{"name":"admin","@id":"https:\/\/kibrisdakik.com\/#\/schema\/person\/9cd9d437bbb44f72b73ba127e06d8e79"},"headline":"K\u00fclt\u00fcrel Miras Teknik Komitesi\u2019nin K\u0131br\u0131s\u2019taki eski eserlerle ilgili \u00e7al\u0131\u015fmalar\u0131 s\u00fcr\u00fcyor","datePublished":"2024-10-15T13:31:12+00:00","mainEntityOfPage":{"@id":"https:\/\/kibrisdakik.com\/?p=66834"},"wordCount":346,"commentCount":0,"image":{"@id":"https:\/\/kibrisdakik.com\/?p=66834#primaryimage"},"thumbnailUrl":"https:\/\/kibrisdakik.com\/wp-content\/uploads\/2024\/10\/qwpeipq-740x420.jpg","articleSection":["K\u0131br\u0131s"],"inLanguage":"tr","potentialAction":[{"@type":"CommentAction","name":"Comment","target":["https:\/\/kibrisdakik.com\/?p=66834#respond"]}]},{"@type":"WebPage","@id":"https:\/\/kibrisdakik.com\/?p=66834","url":"https:\/\/kibrisdakik.com\/?p=66834","name":"K\u00fclt\u00fcrel Miras Teknik Komitesi\u2019nin K\u0131br\u0131s\u2019taki eski eserlerle ilgili \u00e7al\u0131\u015fmalar\u0131 s\u00fcr\u00fcyor -","isPartOf":{"@id":"https:\/\/kibrisdakik.com\/#website"},"primaryImageOfPage":{"@id":"https:\/\/kibrisdakik.com\/?p=66834#primaryimage"},"image":{"@id":"https:\/\/kibrisdakik.com\/?p=66834#primaryimage"},"thumbnailUrl":"https:\/\/kibrisdakik.com\/wp-content\/uploads\/2024\/10\/qwpeipq-740x420.jpg","datePublished":"2024-10-15T13:31:12+00:00","author":{"@id":"https:\/\/kibrisdakik.com\/#\/schema\/person\/9cd9d437bbb44f72b73ba127e06d8e79"},"breadcrumb":{"@id":"https:\/\/kibrisdakik.com\/?p=66834#breadcrumb"},"inLanguage":"tr","potentialAction":[{"@type":"ReadAction","target":["https:\/\/kibrisdakik.com\/?p=66834"]}]},{"@type":"ImageObject","inLanguage":"tr","@id":"https:\/\/kibrisdakik.com\/?p=66834#primaryimage","url":"https:\/\/kibrisdakik.com\/wp-content\/uploads\/2024\/10\/qwpeipq-740x420.jpg","contentUrl":"https:\/\/kibrisdakik.com\/wp-content\/uploads\/2024\/10\/qwpeipq-740x420.jpg","width":2560,"height":1152},{"@type":"BreadcrumbList","@id":"https:\/\/kibrisdakik.com\/?p=66834#breadcrumb","itemListElement":[{"@type":"ListItem","position":1,"name":"Home","item":"https:\/\/kibrisdakik.com\/"},{"@type":"ListItem","position":2,"name":"K\u00fclt\u00fcrel Miras Teknik Komitesi\u2019nin K\u0131br\u0131s\u2019taki eski eserlerle ilgili \u00e7al\u0131\u015fmalar\u0131 s\u00fcr\u00fcyor"}]},{"@type":"WebSite","@id":"https:\/\/kibrisdakik.com\/#website","url":"https:\/\/kibrisdakik.com\/","name":"","description":"Tam vaktinde haber","potentialAction":[{"@type":"SearchAction","target":{"@type":"EntryPoint","urlTemplate":"https:\/\/kibrisdakik.com\/?s={search_term_string}"},"query-input":{"@type":"PropertyValueSpecification","valueRequired":true,"valueName":"search_term_string"}}],"inLanguage":"tr"},{"@type":"Person","@id":"https:\/\/kibrisdakik.com\/#\/schema\/person\/9cd9d437bbb44f72b73ba127e06d8e79","name":"admin","image":{"@type":"ImageObject","inLanguage":"tr","@id":"https:\/\/secure.gravatar.com\/avatar\/ccc17943b9d660506c869530f897617f7cb1c21a4bf30023f252596d83e1f007?s=96&d=mm&r=g","url":"https:\/\/secure.gravatar.com\/avatar\/ccc17943b9d660506c869530f897617f7cb1c21a4bf30023f252596d83e1f007?s=96&d=mm&r=g","contentUrl":"https:\/\/secure.gravatar.com\/avatar\/ccc17943b9d660506c869530f897617f7cb1c21a4bf30023f252596d83e1f007?s=96&d=mm&r=g","caption":"admin"},"sameAs":["https:\/\/kibrisdakik.com"],"url":"https:\/\/kibrisdakik.com\/?author=1"}]}},"_links":{"self":[{"href":"https:\/\/kibrisdakik.com\/index.php?rest_route=\/wp\/v2\/posts\/66834","targetHints":{"allow":["GET"]}}],"collection":[{"href":"https:\/\/kibrisdakik.com\/index.php?rest_route=\/wp\/v2\/posts"}],"about":[{"href":"https:\/\/kibrisdakik.com\/index.php?rest_route=\/wp\/v2\/types\/post"}],"author":[{"embeddable":true,"href":"https:\/\/kibrisdakik.com\/index.php?rest_route=\/wp\/v2\/users\/1"}],"replies":[{"embeddable":true,"href":"https:\/\/kibrisdakik.com\/index.php?rest_route=%2Fwp%2Fv2%2Fcomments&post=66834"}],"version-history":[{"count":0,"href":"https:\/\/kibrisdakik.com\/index.php?rest_route=\/wp\/v2\/posts\/66834\/revisions"}],"wp:featuredmedia":[{"embeddable":true,"href":"https:\/\/kibrisdakik.com\/index.php?rest_route=\/wp\/v2\/media\/66835"}],"wp:attachment":[{"href":"https:\/\/kibrisdakik.com\/index.php?rest_route=%2Fwp%2Fv2%2Fmedia&parent=66834"}],"wp:term":[{"taxonomy":"category","embeddable":true,"href":"https:\/\/kibrisdakik.com\/index.php?rest_route=%2Fwp%2Fv2%2Fcategories&post=66834"},{"taxonomy":"post_tag","embeddable":true,"href":"https:\/\/kibrisdakik.com\/index.php?rest_route=%2Fwp%2Fv2%2Ftags&post=66834"}],"curies":[{"name":"wp","href":"https:\/\/api.w.org\/{rel}","templated":true}]}}