{"id":66903,"date":"2024-10-16T10:17:51","date_gmt":"2024-10-16T07:17:51","guid":{"rendered":"https:\/\/kibrisdakik.com\/index.php\/2024\/10\/16\/kopege-carpip-kacan-arac-surucusune-yasal-islem\/"},"modified":"2024-10-16T10:17:51","modified_gmt":"2024-10-16T07:17:51","slug":"kopege-carpip-kacan-arac-surucusune-yasal-islem","status":"publish","type":"post","link":"https:\/\/kibrisdakik.com\/?p=66903","title":{"rendered":"K\u00f6pe\u011fe \u00e7arp\u0131p ka\u00e7an ara\u00e7 s\u00fcr\u00fcc\u00fcs\u00fcne yasal i\u015flem!"},"content":{"rendered":"<p><\/p>\n<div>\n<div class=\"mariselle-image-container center\">\n                <img loading=\"lazy\" decoding=\"async\" width=\"512\" height=\"237\" class=\"lazy-image\" alt=\"\" sizes=\"auto, (max-width: 512px) 100vw, 512px\" src=\"https:\/\/brtk.net\/wp-content\/uploads\/2023\/09\/23\/renkli-polis.jpg?ver=199d3cf933ae1a46494e351be04c2f76\" srcset=\"https:\/\/brtk.net\/wp-content\/uploads\/2023\/09\/23\/renkli-polis.jpg?ver=199d3cf933ae1a46494e351be04c2f76 512w, https:\/\/brtk.net\/wp-content\/uploads\/2023\/09\/23\/renkli-polis-300x139.jpg?ver=199d3cf933ae1a46494e351be04c2f76 300w\"\/>                            <\/div>\n<p>Polis Bas\u0131n Subayl\u0131\u011f\u0131\u2019ndan verilen bilgiye g\u00f6re d\u00fcn Girne\u2019de Ecevit Caddesi \u00fczerinde seyreden bir ara\u00e7 s\u00fcr\u00fcc\u00fcs\u00fcn\u00fcn, y\u00f6netimindeki NP 168 plakal\u0131 ara\u00e7 ile o esnada yol i\u00e7erisinde bulunan k\u00f6pe\u011fe \u00e7arpmas\u0131 sonucu, s\u00f6z konusu k\u00f6pe\u011fin telef olmas\u0131 g\u00f6r\u00fcnt\u00fcs\u00fcn\u00fcn sosyal medyada yay\u0131lmas\u0131 \u00fczerine Polis Ekipleri harekete ge\u00e7ti.<\/p>\n<p>Ara\u00e7 s\u00fcr\u00fcc\u00fcs\u00fc Girne Polis M\u00fcd\u00fcrl\u00fc\u011f\u00fcne ba\u011fl\u0131 Trafik Ekipleri taraf\u0131ndan tespit edilerek aleyhinde yasal i\u015flem ba\u015flat\u0131lm\u0131\u015ft\u0131r.<\/p>\n<\/p><\/div>\n<p><script async\n                    defer\n                    crossorigin=\"anonymous\"\n                    src=\"https:\/\/connect.facebook.net\/tr_TR\/sdk.js#xfbml=1&#038;version=v3.3\"\n            ><\/script><\/p>\n","protected":false},"excerpt":{"rendered":"<p>Polis Bas\u0131n Subayl\u0131\u011f\u0131\u2019ndan verilen bilgiye g\u00f6re d\u00fcn Girne\u2019de Ecevit Caddesi \u00fczerinde seyreden bir ara\u00e7 s\u00fcr\u00fcc\u00fcs\u00fcn\u00fcn, y\u00f6netimindeki NP 168 plakal\u0131 ara\u00e7 ile o esnada yol i\u00e7erisinde bulunan k\u00f6pe\u011fe \u00e7arpmas\u0131 sonucu, s\u00f6z konusu k\u00f6pe\u011fin telef olmas\u0131 g\u00f6r\u00fcnt\u00fcs\u00fcn\u00fcn sosyal medyada yay\u0131lmas\u0131 \u00fczerine Polis Ekipleri harekete ge\u00e7ti. Ara\u00e7 s\u00fcr\u00fcc\u00fcs\u00fc Girne Polis M\u00fcd\u00fcrl\u00fc\u011f\u00fcne ba\u011fl\u0131 Trafik Ekipleri taraf\u0131ndan tespit edilerek aleyhinde<\/p>\n","protected":false},"author":1,"featured_media":50953,"comment_status":"open","ping_status":"open","sticky":false,"template":"","format":"standard","meta":{"footnotes":""},"categories":[1],"tags":[],"class_list":["post-66903","post","type-post","status-publish","format-standard","has-post-thumbnail","hentry","category-gundem"],"yoast_head":"<!-- This site is optimized with the Yoast SEO plugin v27.5 - https:\/\/yoast.com\/product\/yoast-seo-wordpress\/ -->\n<title>K\u00f6pe\u011fe \u00e7arp\u0131p ka\u00e7an ara\u00e7 s\u00fcr\u00fcc\u00fcs\u00fcne yasal i\u015flem! -<\/title>\n<meta name=\"robots\" content=\"index, follow, max-snippet:-1, max-image-preview:large, max-video-preview:-1\" \/>\n<link rel=\"canonical\" href=\"https:\/\/kibrisdakik.com\/?p=66903\" \/>\n<meta property=\"og:locale\" content=\"tr_TR\" \/>\n<meta property=\"og:type\" content=\"article\" \/>\n<meta property=\"og:title\" content=\"K\u00f6pe\u011fe \u00e7arp\u0131p ka\u00e7an ara\u00e7 s\u00fcr\u00fcc\u00fcs\u00fcne yasal i\u015flem! -\" \/>\n<meta property=\"og:description\" content=\"Polis Bas\u0131n Subayl\u0131\u011f\u0131\u2019ndan verilen bilgiye g\u00f6re d\u00fcn Girne\u2019de Ecevit Caddesi \u00fczerinde seyreden bir ara\u00e7 s\u00fcr\u00fcc\u00fcs\u00fcn\u00fcn, y\u00f6netimindeki NP 168 plakal\u0131 ara\u00e7 ile o esnada yol i\u00e7erisinde bulunan k\u00f6pe\u011fe \u00e7arpmas\u0131 sonucu, s\u00f6z konusu k\u00f6pe\u011fin telef olmas\u0131 g\u00f6r\u00fcnt\u00fcs\u00fcn\u00fcn sosyal medyada yay\u0131lmas\u0131 \u00fczerine Polis Ekipleri harekete ge\u00e7ti. Ara\u00e7 s\u00fcr\u00fcc\u00fcs\u00fc Girne Polis M\u00fcd\u00fcrl\u00fc\u011f\u00fcne ba\u011fl\u0131 Trafik Ekipleri taraf\u0131ndan tespit edilerek aleyhinde\" \/>\n<meta property=\"og:url\" content=\"https:\/\/kibrisdakik.com\/?p=66903\" \/>\n<meta property=\"article:published_time\" content=\"2024-10-16T07:17:51+00:00\" \/>\n<meta property=\"og:image\" content=\"https:\/\/kibrisdakik.com\/wp-content\/uploads\/2024\/07\/renkli-polis.jpg\" \/>\n\t<meta property=\"og:image:width\" content=\"512\" \/>\n\t<meta property=\"og:image:height\" content=\"237\" \/>\n\t<meta property=\"og:image:type\" content=\"image\/jpeg\" \/>\n<meta name=\"author\" content=\"admin\" \/>\n<meta name=\"twitter:card\" content=\"summary_large_image\" \/>\n<meta name=\"twitter:label1\" content=\"Yazan:\" \/>\n\t<meta name=\"twitter:data1\" content=\"admin\" \/>\n<script type=\"application\/ld+json\" class=\"yoast-schema-graph\">{\"@context\":\"https:\\\/\\\/schema.org\",\"@graph\":[{\"@type\":\"Article\",\"@id\":\"https:\\\/\\\/kibrisdakik.com\\\/?p=66903#article\",\"isPartOf\":{\"@id\":\"https:\\\/\\\/kibrisdakik.com\\\/?p=66903\"},\"author\":{\"name\":\"admin\",\"@id\":\"https:\\\/\\\/kibrisdakik.com\\\/#\\\/schema\\\/person\\\/9cd9d437bbb44f72b73ba127e06d8e79\"},\"headline\":\"K\u00f6pe\u011fe \u00e7arp\u0131p ka\u00e7an ara\u00e7 s\u00fcr\u00fcc\u00fcs\u00fcne yasal i\u015flem!\",\"datePublished\":\"2024-10-16T07:17:51+00:00\",\"mainEntityOfPage\":{\"@id\":\"https:\\\/\\\/kibrisdakik.com\\\/?p=66903\"},\"wordCount\":110,\"commentCount\":0,\"image\":{\"@id\":\"https:\\\/\\\/kibrisdakik.com\\\/?p=66903#primaryimage\"},\"thumbnailUrl\":\"https:\\\/\\\/kibrisdakik.com\\\/wp-content\\\/uploads\\\/2024\\\/07\\\/renkli-polis.jpg\",\"articleSection\":[\"G\u00fcndem\"],\"inLanguage\":\"tr\",\"potentialAction\":[{\"@type\":\"CommentAction\",\"name\":\"Comment\",\"target\":[\"https:\\\/\\\/kibrisdakik.com\\\/?p=66903#respond\"]}]},{\"@type\":\"WebPage\",\"@id\":\"https:\\\/\\\/kibrisdakik.com\\\/?p=66903\",\"url\":\"https:\\\/\\\/kibrisdakik.com\\\/?p=66903\",\"name\":\"K\u00f6pe\u011fe \u00e7arp\u0131p ka\u00e7an ara\u00e7 s\u00fcr\u00fcc\u00fcs\u00fcne yasal i\u015flem! -\",\"isPartOf\":{\"@id\":\"https:\\\/\\\/kibrisdakik.com\\\/#website\"},\"primaryImageOfPage\":{\"@id\":\"https:\\\/\\\/kibrisdakik.com\\\/?p=66903#primaryimage\"},\"image\":{\"@id\":\"https:\\\/\\\/kibrisdakik.com\\\/?p=66903#primaryimage\"},\"thumbnailUrl\":\"https:\\\/\\\/kibrisdakik.com\\\/wp-content\\\/uploads\\\/2024\\\/07\\\/renkli-polis.jpg\",\"datePublished\":\"2024-10-16T07:17:51+00:00\",\"author\":{\"@id\":\"https:\\\/\\\/kibrisdakik.com\\\/#\\\/schema\\\/person\\\/9cd9d437bbb44f72b73ba127e06d8e79\"},\"breadcrumb\":{\"@id\":\"https:\\\/\\\/kibrisdakik.com\\\/?p=66903#breadcrumb\"},\"inLanguage\":\"tr\",\"potentialAction\":[{\"@type\":\"ReadAction\",\"target\":[\"https:\\\/\\\/kibrisdakik.com\\\/?p=66903\"]}]},{\"@type\":\"ImageObject\",\"inLanguage\":\"tr\",\"@id\":\"https:\\\/\\\/kibrisdakik.com\\\/?p=66903#primaryimage\",\"url\":\"https:\\\/\\\/kibrisdakik.com\\\/wp-content\\\/uploads\\\/2024\\\/07\\\/renkli-polis.jpg\",\"contentUrl\":\"https:\\\/\\\/kibrisdakik.com\\\/wp-content\\\/uploads\\\/2024\\\/07\\\/renkli-polis.jpg\",\"width\":512,\"height\":237},{\"@type\":\"BreadcrumbList\",\"@id\":\"https:\\\/\\\/kibrisdakik.com\\\/?p=66903#breadcrumb\",\"itemListElement\":[{\"@type\":\"ListItem\",\"position\":1,\"name\":\"Home\",\"item\":\"https:\\\/\\\/kibrisdakik.com\\\/\"},{\"@type\":\"ListItem\",\"position\":2,\"name\":\"K\u00f6pe\u011fe \u00e7arp\u0131p ka\u00e7an ara\u00e7 s\u00fcr\u00fcc\u00fcs\u00fcne yasal i\u015flem!\"}]},{\"@type\":\"WebSite\",\"@id\":\"https:\\\/\\\/kibrisdakik.com\\\/#website\",\"url\":\"https:\\\/\\\/kibrisdakik.com\\\/\",\"name\":\"\",\"description\":\"Tam vaktinde haber\",\"potentialAction\":[{\"@type\":\"SearchAction\",\"target\":{\"@type\":\"EntryPoint\",\"urlTemplate\":\"https:\\\/\\\/kibrisdakik.com\\\/?s={search_term_string}\"},\"query-input\":{\"@type\":\"PropertyValueSpecification\",\"valueRequired\":true,\"valueName\":\"search_term_string\"}}],\"inLanguage\":\"tr\"},{\"@type\":\"Person\",\"@id\":\"https:\\\/\\\/kibrisdakik.com\\\/#\\\/schema\\\/person\\\/9cd9d437bbb44f72b73ba127e06d8e79\",\"name\":\"admin\",\"image\":{\"@type\":\"ImageObject\",\"inLanguage\":\"tr\",\"@id\":\"https:\\\/\\\/secure.gravatar.com\\\/avatar\\\/ccc17943b9d660506c869530f897617f7cb1c21a4bf30023f252596d83e1f007?s=96&d=mm&r=g\",\"url\":\"https:\\\/\\\/secure.gravatar.com\\\/avatar\\\/ccc17943b9d660506c869530f897617f7cb1c21a4bf30023f252596d83e1f007?s=96&d=mm&r=g\",\"contentUrl\":\"https:\\\/\\\/secure.gravatar.com\\\/avatar\\\/ccc17943b9d660506c869530f897617f7cb1c21a4bf30023f252596d83e1f007?s=96&d=mm&r=g\",\"caption\":\"admin\"},\"sameAs\":[\"https:\\\/\\\/kibrisdakik.com\"],\"url\":\"https:\\\/\\\/kibrisdakik.com\\\/?author=1\"}]}<\/script>\n<!-- \/ Yoast SEO plugin. -->","yoast_head_json":{"title":"K\u00f6pe\u011fe \u00e7arp\u0131p ka\u00e7an ara\u00e7 s\u00fcr\u00fcc\u00fcs\u00fcne yasal i\u015flem! -","robots":{"index":"index","follow":"follow","max-snippet":"max-snippet:-1","max-image-preview":"max-image-preview:large","max-video-preview":"max-video-preview:-1"},"canonical":"https:\/\/kibrisdakik.com\/?p=66903","og_locale":"tr_TR","og_type":"article","og_title":"K\u00f6pe\u011fe \u00e7arp\u0131p ka\u00e7an ara\u00e7 s\u00fcr\u00fcc\u00fcs\u00fcne yasal i\u015flem! -","og_description":"Polis Bas\u0131n Subayl\u0131\u011f\u0131\u2019ndan verilen bilgiye g\u00f6re d\u00fcn Girne\u2019de Ecevit Caddesi \u00fczerinde seyreden bir ara\u00e7 s\u00fcr\u00fcc\u00fcs\u00fcn\u00fcn, y\u00f6netimindeki NP 168 plakal\u0131 ara\u00e7 ile o esnada yol i\u00e7erisinde bulunan k\u00f6pe\u011fe \u00e7arpmas\u0131 sonucu, s\u00f6z konusu k\u00f6pe\u011fin telef olmas\u0131 g\u00f6r\u00fcnt\u00fcs\u00fcn\u00fcn sosyal medyada yay\u0131lmas\u0131 \u00fczerine Polis Ekipleri harekete ge\u00e7ti. Ara\u00e7 s\u00fcr\u00fcc\u00fcs\u00fc Girne Polis M\u00fcd\u00fcrl\u00fc\u011f\u00fcne ba\u011fl\u0131 Trafik Ekipleri taraf\u0131ndan tespit edilerek aleyhinde","og_url":"https:\/\/kibrisdakik.com\/?p=66903","article_published_time":"2024-10-16T07:17:51+00:00","og_image":[{"width":512,"height":237,"url":"https:\/\/kibrisdakik.com\/wp-content\/uploads\/2024\/07\/renkli-polis.jpg","type":"image\/jpeg"}],"author":"admin","twitter_card":"summary_large_image","twitter_misc":{"Yazan:":"admin"},"schema":{"@context":"https:\/\/schema.org","@graph":[{"@type":"Article","@id":"https:\/\/kibrisdakik.com\/?p=66903#article","isPartOf":{"@id":"https:\/\/kibrisdakik.com\/?p=66903"},"author":{"name":"admin","@id":"https:\/\/kibrisdakik.com\/#\/schema\/person\/9cd9d437bbb44f72b73ba127e06d8e79"},"headline":"K\u00f6pe\u011fe \u00e7arp\u0131p ka\u00e7an ara\u00e7 s\u00fcr\u00fcc\u00fcs\u00fcne yasal i\u015flem!","datePublished":"2024-10-16T07:17:51+00:00","mainEntityOfPage":{"@id":"https:\/\/kibrisdakik.com\/?p=66903"},"wordCount":110,"commentCount":0,"image":{"@id":"https:\/\/kibrisdakik.com\/?p=66903#primaryimage"},"thumbnailUrl":"https:\/\/kibrisdakik.com\/wp-content\/uploads\/2024\/07\/renkli-polis.jpg","articleSection":["G\u00fcndem"],"inLanguage":"tr","potentialAction":[{"@type":"CommentAction","name":"Comment","target":["https:\/\/kibrisdakik.com\/?p=66903#respond"]}]},{"@type":"WebPage","@id":"https:\/\/kibrisdakik.com\/?p=66903","url":"https:\/\/kibrisdakik.com\/?p=66903","name":"K\u00f6pe\u011fe \u00e7arp\u0131p ka\u00e7an ara\u00e7 s\u00fcr\u00fcc\u00fcs\u00fcne yasal i\u015flem! -","isPartOf":{"@id":"https:\/\/kibrisdakik.com\/#website"},"primaryImageOfPage":{"@id":"https:\/\/kibrisdakik.com\/?p=66903#primaryimage"},"image":{"@id":"https:\/\/kibrisdakik.com\/?p=66903#primaryimage"},"thumbnailUrl":"https:\/\/kibrisdakik.com\/wp-content\/uploads\/2024\/07\/renkli-polis.jpg","datePublished":"2024-10-16T07:17:51+00:00","author":{"@id":"https:\/\/kibrisdakik.com\/#\/schema\/person\/9cd9d437bbb44f72b73ba127e06d8e79"},"breadcrumb":{"@id":"https:\/\/kibrisdakik.com\/?p=66903#breadcrumb"},"inLanguage":"tr","potentialAction":[{"@type":"ReadAction","target":["https:\/\/kibrisdakik.com\/?p=66903"]}]},{"@type":"ImageObject","inLanguage":"tr","@id":"https:\/\/kibrisdakik.com\/?p=66903#primaryimage","url":"https:\/\/kibrisdakik.com\/wp-content\/uploads\/2024\/07\/renkli-polis.jpg","contentUrl":"https:\/\/kibrisdakik.com\/wp-content\/uploads\/2024\/07\/renkli-polis.jpg","width":512,"height":237},{"@type":"BreadcrumbList","@id":"https:\/\/kibrisdakik.com\/?p=66903#breadcrumb","itemListElement":[{"@type":"ListItem","position":1,"name":"Home","item":"https:\/\/kibrisdakik.com\/"},{"@type":"ListItem","position":2,"name":"K\u00f6pe\u011fe \u00e7arp\u0131p ka\u00e7an ara\u00e7 s\u00fcr\u00fcc\u00fcs\u00fcne yasal i\u015flem!"}]},{"@type":"WebSite","@id":"https:\/\/kibrisdakik.com\/#website","url":"https:\/\/kibrisdakik.com\/","name":"","description":"Tam vaktinde haber","potentialAction":[{"@type":"SearchAction","target":{"@type":"EntryPoint","urlTemplate":"https:\/\/kibrisdakik.com\/?s={search_term_string}"},"query-input":{"@type":"PropertyValueSpecification","valueRequired":true,"valueName":"search_term_string"}}],"inLanguage":"tr"},{"@type":"Person","@id":"https:\/\/kibrisdakik.com\/#\/schema\/person\/9cd9d437bbb44f72b73ba127e06d8e79","name":"admin","image":{"@type":"ImageObject","inLanguage":"tr","@id":"https:\/\/secure.gravatar.com\/avatar\/ccc17943b9d660506c869530f897617f7cb1c21a4bf30023f252596d83e1f007?s=96&d=mm&r=g","url":"https:\/\/secure.gravatar.com\/avatar\/ccc17943b9d660506c869530f897617f7cb1c21a4bf30023f252596d83e1f007?s=96&d=mm&r=g","contentUrl":"https:\/\/secure.gravatar.com\/avatar\/ccc17943b9d660506c869530f897617f7cb1c21a4bf30023f252596d83e1f007?s=96&d=mm&r=g","caption":"admin"},"sameAs":["https:\/\/kibrisdakik.com"],"url":"https:\/\/kibrisdakik.com\/?author=1"}]}},"_links":{"self":[{"href":"https:\/\/kibrisdakik.com\/index.php?rest_route=\/wp\/v2\/posts\/66903","targetHints":{"allow":["GET"]}}],"collection":[{"href":"https:\/\/kibrisdakik.com\/index.php?rest_route=\/wp\/v2\/posts"}],"about":[{"href":"https:\/\/kibrisdakik.com\/index.php?rest_route=\/wp\/v2\/types\/post"}],"author":[{"embeddable":true,"href":"https:\/\/kibrisdakik.com\/index.php?rest_route=\/wp\/v2\/users\/1"}],"replies":[{"embeddable":true,"href":"https:\/\/kibrisdakik.com\/index.php?rest_route=%2Fwp%2Fv2%2Fcomments&post=66903"}],"version-history":[{"count":0,"href":"https:\/\/kibrisdakik.com\/index.php?rest_route=\/wp\/v2\/posts\/66903\/revisions"}],"wp:featuredmedia":[{"embeddable":true,"href":"https:\/\/kibrisdakik.com\/index.php?rest_route=\/wp\/v2\/media\/50953"}],"wp:attachment":[{"href":"https:\/\/kibrisdakik.com\/index.php?rest_route=%2Fwp%2Fv2%2Fmedia&parent=66903"}],"wp:term":[{"taxonomy":"category","embeddable":true,"href":"https:\/\/kibrisdakik.com\/index.php?rest_route=%2Fwp%2Fv2%2Fcategories&post=66903"},{"taxonomy":"post_tag","embeddable":true,"href":"https:\/\/kibrisdakik.com\/index.php?rest_route=%2Fwp%2Fv2%2Ftags&post=66903"}],"curies":[{"name":"wp","href":"https:\/\/api.w.org\/{rel}","templated":true}]}}