{"id":66925,"date":"2024-10-16T14:28:41","date_gmt":"2024-10-16T11:28:41","guid":{"rendered":"https:\/\/kibrisdakik.com\/index.php\/2024\/10\/16\/sanatci-bahar-gokhan-italyada-sanremo-sarki-yarismasinda-kktcyi-temsil-edecek\/"},"modified":"2024-10-16T14:28:41","modified_gmt":"2024-10-16T11:28:41","slug":"sanatci-bahar-gokhan-italyada-sanremo-sarki-yarismasinda-kktcyi-temsil-edecek","status":"publish","type":"post","link":"https:\/\/kibrisdakik.com\/?p=66925","title":{"rendered":"Sanat\u00e7\u0131 Bahar G\u00f6khan, \u0130talya\u2019da SanRemo \u015eark\u0131 Yar\u0131\u015fmas\u0131\u2019nda KKTC\u2019yi temsil edecek"},"content":{"rendered":"<p> <br \/>\n<\/p>\n<div>\n<div class=\"mariselle-image-container center\">\n                <img loading=\"lazy\" decoding=\"async\" width=\"899\" height=\"464\" class=\"lazy-image\" alt=\"\" sizes=\"auto, (max-width: 899px) 100vw, 899px\" src=\"https:\/\/brtk.net\/wp-content\/uploads\/2024\/10\/16\/bahar-gokhan2.jpg?ver=1b2caf77c2eb2a72dab9d83c59e583f7\" srcset=\"https:\/\/brtk.net\/wp-content\/uploads\/2024\/10\/16\/bahar-gokhan2.jpg?ver=1b2caf77c2eb2a72dab9d83c59e583f7 899w, https:\/\/brtk.net\/wp-content\/uploads\/2024\/10\/16\/bahar-gokhan2-300x155.jpg?ver=1b2caf77c2eb2a72dab9d83c59e583f7 300w, https:\/\/brtk.net\/wp-content\/uploads\/2024\/10\/16\/bahar-gokhan2-768x396.jpg?ver=1b2caf77c2eb2a72dab9d83c59e583f7 768w\"\/>                            <\/div>\n<p>D\u00fcnyan\u0131n \u201cen se\u00e7kin\u201d m\u00fczik yar\u0131\u015fmalar\u0131ndan biri olarak nitelendirilen \u0130talya\u2019da d\u00fczenlenen SanRemo \u015eark\u0131 Yar\u0131\u015fmas\u0131\u2019nda bu y\u0131l ilk kez Kuzey K\u0131br\u0131s T\u00fcrk Cumhuriyeti\u2019ni gerek yurt i\u00e7i ve yurt d\u0131\u015f\u0131nda \u00e7e\u015fitli platformlarda konserler veren sanat\u00e7\u0131 Bahar G\u00f6khan temsil edecek.<\/p>\n<p>Verilen bilgiye g\u00f6re 24-27 Ekim tarihlerinde \u0130talya\u2019n\u0131n Sanremo \u015fehrinde d\u00fczenlenecek yar\u0131\u015fmada, 25 farkl\u0131 \u00fclkeden ve \u0130talya\u2019n\u0131n 13 farkl\u0131 b\u00f6lgesinden sanat\u00e7\u0131lar iki farkl\u0131 kategoride \u201cyorumcu\u201d veya \u201cbesteci\u201d dallar\u0131nda yar\u0131\u015facak.<\/p>\n<p>Haziran ay\u0131nda \u00e7evrim i\u00e7i olarak ba\u015fvuru kabul edilen SanRemo \u015eark\u0131 Yar\u0131\u015fmas\u0131\u2019nda, sanat\u00e7\u0131 Bahar G\u00f6khan \u201culuslararas\u0131\u201d kategoride yar\u0131\u015fmak \u00fczere se\u00e7ildi.<\/p>\n<p>SanRemo \u015eark\u0131 Yar\u0131\u015fmas\u0131\u2019nda yar\u0131 final 25 Ekim Cuma g\u00fcn\u00fc; b\u00fcy\u00fck final ise 26 Ekim Cumartesi g\u00fcn\u00fc tarihi Ariston Tiyatrosu\u2019nda ger\u00e7ekle\u015fecek.<\/p>\n<p>-\u201cB\u00f6yle Ya\u015fan\u0131r K\u0131br\u0131s\u2019ta Bahar\u201d \u015fark\u0131s\u0131yla yar\u0131\u015facak<\/p>\n<p>Bahar G\u00f6khan, yar\u0131\u015fmada, s\u00f6z\u00fc ve m\u00fczi\u011fi Ahmet \u00d6zden \u2018e ait \u201cB\u00f6yle Ya\u015fan\u0131r K\u0131br\u0131s\u2019ta Bahar\u201d \u015fark\u0131s\u0131yla yar\u0131\u015facak.<\/p>\n<p>Sanremo M\u00fczik Festivali\u2019nin (Festival di Sanremo ), resmi olarak \u201c\u0130talyan \u015eark\u0131 Festivali \u201c, her y\u0131l Sanremo kentinde d\u00fczenlenen ve \u0130talyan kamu yay\u0131nc\u0131s\u0131 RAI taraf\u0131ndan organize edilen ve yay\u0131nlanan en pop\u00fcler \u0130talyan \u015fark\u0131 yar\u0131\u015fmas\u0131 ve \u00f6d\u00fcl t\u00f6reni oldu\u011fu belirtildi.<\/p>\n<p>Ulusal d\u00fczeyde d\u00fcnyan\u0131n en uzun s\u00fcredir devam eden her y\u0131l d\u00fczenlenen TV m\u00fczik yar\u0131\u015fmas\u0131 olan bu yar\u0131\u015fman\u0131n, ayr\u0131ca her y\u0131l yap\u0131lan <a href=\"https:\/\/brtk.net\/\">Euro<\/a>vision \u015eark\u0131 Yar\u0131\u015fmas\u0131\u2019n\u0131n temelini olu\u015fturdu\u011fu da kaydedildi.<\/p>\n<p>Sanat\u00e7\u0131 Bahar G\u00f6khan, b\u00f6yle \u00f6nemli bir organizasyonda Kuzey K\u0131br\u0131s T\u00fcrk Cumhuriyeti\u2019ni temsil etmenin \u201cheyecan\u0131n\u0131\u201d ve \u201cgururunu\u201d ya\u015fad\u0131\u011f\u0131n\u0131 ifade ederek, \u201culuslararas\u0131 d\u00fczeyde <a href=\"https:\/\/brtk.net\/\">KKTC<\/a>\u2019nin ad\u0131n\u0131 ve sesini d\u00fcnyaya duyurma\u201d  arzusunu yineledi.<\/p>\n<\/p><\/div>\n<p><script async\n                    defer\n                    crossorigin=\"anonymous\"\n                    src=\"https:\/\/connect.facebook.net\/tr_TR\/sdk.js#xfbml=1&#038;version=v3.3\"\n            ><\/script><br \/>\n<br \/><br \/>\n<br \/><a href=\"https:\/\/brtk.net\/sanatci-bahar-gokhan-italyada-sanremo-sarki-yarismasinda-kktcyi-temsil-edecek\/\">kpostasi <\/a><\/p>\n","protected":false},"excerpt":{"rendered":"<p>D\u00fcnyan\u0131n \u201cen se\u00e7kin\u201d m\u00fczik yar\u0131\u015fmalar\u0131ndan biri olarak nitelendirilen \u0130talya\u2019da d\u00fczenlenen SanRemo \u015eark\u0131 Yar\u0131\u015fmas\u0131\u2019nda bu y\u0131l ilk kez Kuzey K\u0131br\u0131s T\u00fcrk Cumhuriyeti\u2019ni gerek yurt i\u00e7i ve yurt d\u0131\u015f\u0131nda \u00e7e\u015fitli platformlarda konserler veren sanat\u00e7\u0131 Bahar G\u00f6khan temsil edecek. Verilen bilgiye g\u00f6re 24-27 Ekim tarihlerinde \u0130talya\u2019n\u0131n Sanremo \u015fehrinde d\u00fczenlenecek yar\u0131\u015fmada, 25 farkl\u0131 \u00fclkeden ve \u0130talya\u2019n\u0131n 13 farkl\u0131 b\u00f6lgesinden<\/p>\n","protected":false},"author":1,"featured_media":66926,"comment_status":"open","ping_status":"open","sticky":false,"template":"","format":"standard","meta":{"footnotes":""},"categories":[1,81],"tags":[],"class_list":["post-66925","post","type-post","status-publish","format-standard","has-post-thumbnail","hentry","category-gundem","category-kibris"],"yoast_head":"<!-- This site is optimized with the Yoast SEO plugin v27.4 - https:\/\/yoast.com\/product\/yoast-seo-wordpress\/ -->\n<title>Sanat\u00e7\u0131 Bahar G\u00f6khan, \u0130talya\u2019da SanRemo \u015eark\u0131 Yar\u0131\u015fmas\u0131\u2019nda KKTC\u2019yi temsil edecek -<\/title>\n<meta name=\"robots\" content=\"index, follow, max-snippet:-1, max-image-preview:large, max-video-preview:-1\" \/>\n<link rel=\"canonical\" href=\"https:\/\/kibrisdakik.com\/?p=66925\" \/>\n<meta property=\"og:locale\" content=\"tr_TR\" \/>\n<meta property=\"og:type\" content=\"article\" \/>\n<meta property=\"og:title\" content=\"Sanat\u00e7\u0131 Bahar G\u00f6khan, \u0130talya\u2019da SanRemo \u015eark\u0131 Yar\u0131\u015fmas\u0131\u2019nda KKTC\u2019yi temsil edecek -\" \/>\n<meta property=\"og:description\" content=\"D\u00fcnyan\u0131n \u201cen se\u00e7kin\u201d m\u00fczik yar\u0131\u015fmalar\u0131ndan biri olarak nitelendirilen \u0130talya\u2019da d\u00fczenlenen SanRemo \u015eark\u0131 Yar\u0131\u015fmas\u0131\u2019nda bu y\u0131l ilk kez Kuzey K\u0131br\u0131s T\u00fcrk Cumhuriyeti\u2019ni gerek yurt i\u00e7i ve yurt d\u0131\u015f\u0131nda \u00e7e\u015fitli platformlarda konserler veren sanat\u00e7\u0131 Bahar G\u00f6khan temsil edecek. Verilen bilgiye g\u00f6re 24-27 Ekim tarihlerinde \u0130talya\u2019n\u0131n Sanremo \u015fehrinde d\u00fczenlenecek yar\u0131\u015fmada, 25 farkl\u0131 \u00fclkeden ve \u0130talya\u2019n\u0131n 13 farkl\u0131 b\u00f6lgesinden\" \/>\n<meta property=\"og:url\" content=\"https:\/\/kibrisdakik.com\/?p=66925\" \/>\n<meta property=\"article:published_time\" content=\"2024-10-16T11:28:41+00:00\" \/>\n<meta property=\"og:image\" content=\"https:\/\/kibrisdakik.com\/wp-content\/uploads\/2024\/10\/bahar-gokhan2-740x420.jpg\" \/>\n\t<meta property=\"og:image:width\" content=\"899\" \/>\n\t<meta property=\"og:image:height\" content=\"464\" \/>\n\t<meta property=\"og:image:type\" content=\"image\/jpeg\" \/>\n<meta name=\"author\" content=\"admin\" \/>\n<meta name=\"twitter:card\" content=\"summary_large_image\" \/>\n<meta name=\"twitter:label1\" content=\"Yazan:\" \/>\n\t<meta name=\"twitter:data1\" content=\"admin\" \/>\n\t<meta name=\"twitter:label2\" content=\"Tahmini okuma s\u00fcresi\" \/>\n\t<meta name=\"twitter:data2\" content=\"2 dakika\" \/>\n<script type=\"application\/ld+json\" class=\"yoast-schema-graph\">{\"@context\":\"https:\\\/\\\/schema.org\",\"@graph\":[{\"@type\":\"Article\",\"@id\":\"https:\\\/\\\/kibrisdakik.com\\\/?p=66925#article\",\"isPartOf\":{\"@id\":\"https:\\\/\\\/kibrisdakik.com\\\/?p=66925\"},\"author\":{\"name\":\"admin\",\"@id\":\"https:\\\/\\\/kibrisdakik.com\\\/#\\\/schema\\\/person\\\/9cd9d437bbb44f72b73ba127e06d8e79\"},\"headline\":\"Sanat\u00e7\u0131 Bahar G\u00f6khan, \u0130talya\u2019da SanRemo \u015eark\u0131 Yar\u0131\u015fmas\u0131\u2019nda KKTC\u2019yi temsil edecek\",\"datePublished\":\"2024-10-16T11:28:41+00:00\",\"mainEntityOfPage\":{\"@id\":\"https:\\\/\\\/kibrisdakik.com\\\/?p=66925\"},\"wordCount\":347,\"commentCount\":0,\"image\":{\"@id\":\"https:\\\/\\\/kibrisdakik.com\\\/?p=66925#primaryimage\"},\"thumbnailUrl\":\"https:\\\/\\\/kibrisdakik.com\\\/wp-content\\\/uploads\\\/2024\\\/10\\\/bahar-gokhan2-740x420.jpg\",\"articleSection\":[\"G\u00fcndem\",\"K\u0131br\u0131s\"],\"inLanguage\":\"tr\",\"potentialAction\":[{\"@type\":\"CommentAction\",\"name\":\"Comment\",\"target\":[\"https:\\\/\\\/kibrisdakik.com\\\/?p=66925#respond\"]}]},{\"@type\":\"WebPage\",\"@id\":\"https:\\\/\\\/kibrisdakik.com\\\/?p=66925\",\"url\":\"https:\\\/\\\/kibrisdakik.com\\\/?p=66925\",\"name\":\"Sanat\u00e7\u0131 Bahar G\u00f6khan, \u0130talya\u2019da SanRemo \u015eark\u0131 Yar\u0131\u015fmas\u0131\u2019nda KKTC\u2019yi temsil edecek -\",\"isPartOf\":{\"@id\":\"https:\\\/\\\/kibrisdakik.com\\\/#website\"},\"primaryImageOfPage\":{\"@id\":\"https:\\\/\\\/kibrisdakik.com\\\/?p=66925#primaryimage\"},\"image\":{\"@id\":\"https:\\\/\\\/kibrisdakik.com\\\/?p=66925#primaryimage\"},\"thumbnailUrl\":\"https:\\\/\\\/kibrisdakik.com\\\/wp-content\\\/uploads\\\/2024\\\/10\\\/bahar-gokhan2-740x420.jpg\",\"datePublished\":\"2024-10-16T11:28:41+00:00\",\"author\":{\"@id\":\"https:\\\/\\\/kibrisdakik.com\\\/#\\\/schema\\\/person\\\/9cd9d437bbb44f72b73ba127e06d8e79\"},\"breadcrumb\":{\"@id\":\"https:\\\/\\\/kibrisdakik.com\\\/?p=66925#breadcrumb\"},\"inLanguage\":\"tr\",\"potentialAction\":[{\"@type\":\"ReadAction\",\"target\":[\"https:\\\/\\\/kibrisdakik.com\\\/?p=66925\"]}]},{\"@type\":\"ImageObject\",\"inLanguage\":\"tr\",\"@id\":\"https:\\\/\\\/kibrisdakik.com\\\/?p=66925#primaryimage\",\"url\":\"https:\\\/\\\/kibrisdakik.com\\\/wp-content\\\/uploads\\\/2024\\\/10\\\/bahar-gokhan2-740x420.jpg\",\"contentUrl\":\"https:\\\/\\\/kibrisdakik.com\\\/wp-content\\\/uploads\\\/2024\\\/10\\\/bahar-gokhan2-740x420.jpg\",\"width\":899,\"height\":464},{\"@type\":\"BreadcrumbList\",\"@id\":\"https:\\\/\\\/kibrisdakik.com\\\/?p=66925#breadcrumb\",\"itemListElement\":[{\"@type\":\"ListItem\",\"position\":1,\"name\":\"Home\",\"item\":\"https:\\\/\\\/kibrisdakik.com\\\/\"},{\"@type\":\"ListItem\",\"position\":2,\"name\":\"Sanat\u00e7\u0131 Bahar G\u00f6khan, \u0130talya\u2019da SanRemo \u015eark\u0131 Yar\u0131\u015fmas\u0131\u2019nda KKTC\u2019yi temsil edecek\"}]},{\"@type\":\"WebSite\",\"@id\":\"https:\\\/\\\/kibrisdakik.com\\\/#website\",\"url\":\"https:\\\/\\\/kibrisdakik.com\\\/\",\"name\":\"\",\"description\":\"Tam vaktinde haber\",\"potentialAction\":[{\"@type\":\"SearchAction\",\"target\":{\"@type\":\"EntryPoint\",\"urlTemplate\":\"https:\\\/\\\/kibrisdakik.com\\\/?s={search_term_string}\"},\"query-input\":{\"@type\":\"PropertyValueSpecification\",\"valueRequired\":true,\"valueName\":\"search_term_string\"}}],\"inLanguage\":\"tr\"},{\"@type\":\"Person\",\"@id\":\"https:\\\/\\\/kibrisdakik.com\\\/#\\\/schema\\\/person\\\/9cd9d437bbb44f72b73ba127e06d8e79\",\"name\":\"admin\",\"image\":{\"@type\":\"ImageObject\",\"inLanguage\":\"tr\",\"@id\":\"https:\\\/\\\/secure.gravatar.com\\\/avatar\\\/ccc17943b9d660506c869530f897617f7cb1c21a4bf30023f252596d83e1f007?s=96&d=mm&r=g\",\"url\":\"https:\\\/\\\/secure.gravatar.com\\\/avatar\\\/ccc17943b9d660506c869530f897617f7cb1c21a4bf30023f252596d83e1f007?s=96&d=mm&r=g\",\"contentUrl\":\"https:\\\/\\\/secure.gravatar.com\\\/avatar\\\/ccc17943b9d660506c869530f897617f7cb1c21a4bf30023f252596d83e1f007?s=96&d=mm&r=g\",\"caption\":\"admin\"},\"sameAs\":[\"https:\\\/\\\/kibrisdakik.com\"],\"url\":\"https:\\\/\\\/kibrisdakik.com\\\/?author=1\"}]}<\/script>\n<!-- \/ Yoast SEO plugin. -->","yoast_head_json":{"title":"Sanat\u00e7\u0131 Bahar G\u00f6khan, \u0130talya\u2019da SanRemo \u015eark\u0131 Yar\u0131\u015fmas\u0131\u2019nda KKTC\u2019yi temsil edecek -","robots":{"index":"index","follow":"follow","max-snippet":"max-snippet:-1","max-image-preview":"max-image-preview:large","max-video-preview":"max-video-preview:-1"},"canonical":"https:\/\/kibrisdakik.com\/?p=66925","og_locale":"tr_TR","og_type":"article","og_title":"Sanat\u00e7\u0131 Bahar G\u00f6khan, \u0130talya\u2019da SanRemo \u015eark\u0131 Yar\u0131\u015fmas\u0131\u2019nda KKTC\u2019yi temsil edecek -","og_description":"D\u00fcnyan\u0131n \u201cen se\u00e7kin\u201d m\u00fczik yar\u0131\u015fmalar\u0131ndan biri olarak nitelendirilen \u0130talya\u2019da d\u00fczenlenen SanRemo \u015eark\u0131 Yar\u0131\u015fmas\u0131\u2019nda bu y\u0131l ilk kez Kuzey K\u0131br\u0131s T\u00fcrk Cumhuriyeti\u2019ni gerek yurt i\u00e7i ve yurt d\u0131\u015f\u0131nda \u00e7e\u015fitli platformlarda konserler veren sanat\u00e7\u0131 Bahar G\u00f6khan temsil edecek. Verilen bilgiye g\u00f6re 24-27 Ekim tarihlerinde \u0130talya\u2019n\u0131n Sanremo \u015fehrinde d\u00fczenlenecek yar\u0131\u015fmada, 25 farkl\u0131 \u00fclkeden ve \u0130talya\u2019n\u0131n 13 farkl\u0131 b\u00f6lgesinden","og_url":"https:\/\/kibrisdakik.com\/?p=66925","article_published_time":"2024-10-16T11:28:41+00:00","og_image":[{"width":899,"height":464,"url":"https:\/\/kibrisdakik.com\/wp-content\/uploads\/2024\/10\/bahar-gokhan2-740x420.jpg","type":"image\/jpeg"}],"author":"admin","twitter_card":"summary_large_image","twitter_misc":{"Yazan:":"admin","Tahmini okuma s\u00fcresi":"2 dakika"},"schema":{"@context":"https:\/\/schema.org","@graph":[{"@type":"Article","@id":"https:\/\/kibrisdakik.com\/?p=66925#article","isPartOf":{"@id":"https:\/\/kibrisdakik.com\/?p=66925"},"author":{"name":"admin","@id":"https:\/\/kibrisdakik.com\/#\/schema\/person\/9cd9d437bbb44f72b73ba127e06d8e79"},"headline":"Sanat\u00e7\u0131 Bahar G\u00f6khan, \u0130talya\u2019da SanRemo \u015eark\u0131 Yar\u0131\u015fmas\u0131\u2019nda KKTC\u2019yi temsil edecek","datePublished":"2024-10-16T11:28:41+00:00","mainEntityOfPage":{"@id":"https:\/\/kibrisdakik.com\/?p=66925"},"wordCount":347,"commentCount":0,"image":{"@id":"https:\/\/kibrisdakik.com\/?p=66925#primaryimage"},"thumbnailUrl":"https:\/\/kibrisdakik.com\/wp-content\/uploads\/2024\/10\/bahar-gokhan2-740x420.jpg","articleSection":["G\u00fcndem","K\u0131br\u0131s"],"inLanguage":"tr","potentialAction":[{"@type":"CommentAction","name":"Comment","target":["https:\/\/kibrisdakik.com\/?p=66925#respond"]}]},{"@type":"WebPage","@id":"https:\/\/kibrisdakik.com\/?p=66925","url":"https:\/\/kibrisdakik.com\/?p=66925","name":"Sanat\u00e7\u0131 Bahar G\u00f6khan, \u0130talya\u2019da SanRemo \u015eark\u0131 Yar\u0131\u015fmas\u0131\u2019nda KKTC\u2019yi temsil edecek -","isPartOf":{"@id":"https:\/\/kibrisdakik.com\/#website"},"primaryImageOfPage":{"@id":"https:\/\/kibrisdakik.com\/?p=66925#primaryimage"},"image":{"@id":"https:\/\/kibrisdakik.com\/?p=66925#primaryimage"},"thumbnailUrl":"https:\/\/kibrisdakik.com\/wp-content\/uploads\/2024\/10\/bahar-gokhan2-740x420.jpg","datePublished":"2024-10-16T11:28:41+00:00","author":{"@id":"https:\/\/kibrisdakik.com\/#\/schema\/person\/9cd9d437bbb44f72b73ba127e06d8e79"},"breadcrumb":{"@id":"https:\/\/kibrisdakik.com\/?p=66925#breadcrumb"},"inLanguage":"tr","potentialAction":[{"@type":"ReadAction","target":["https:\/\/kibrisdakik.com\/?p=66925"]}]},{"@type":"ImageObject","inLanguage":"tr","@id":"https:\/\/kibrisdakik.com\/?p=66925#primaryimage","url":"https:\/\/kibrisdakik.com\/wp-content\/uploads\/2024\/10\/bahar-gokhan2-740x420.jpg","contentUrl":"https:\/\/kibrisdakik.com\/wp-content\/uploads\/2024\/10\/bahar-gokhan2-740x420.jpg","width":899,"height":464},{"@type":"BreadcrumbList","@id":"https:\/\/kibrisdakik.com\/?p=66925#breadcrumb","itemListElement":[{"@type":"ListItem","position":1,"name":"Home","item":"https:\/\/kibrisdakik.com\/"},{"@type":"ListItem","position":2,"name":"Sanat\u00e7\u0131 Bahar G\u00f6khan, \u0130talya\u2019da SanRemo \u015eark\u0131 Yar\u0131\u015fmas\u0131\u2019nda KKTC\u2019yi temsil edecek"}]},{"@type":"WebSite","@id":"https:\/\/kibrisdakik.com\/#website","url":"https:\/\/kibrisdakik.com\/","name":"","description":"Tam vaktinde haber","potentialAction":[{"@type":"SearchAction","target":{"@type":"EntryPoint","urlTemplate":"https:\/\/kibrisdakik.com\/?s={search_term_string}"},"query-input":{"@type":"PropertyValueSpecification","valueRequired":true,"valueName":"search_term_string"}}],"inLanguage":"tr"},{"@type":"Person","@id":"https:\/\/kibrisdakik.com\/#\/schema\/person\/9cd9d437bbb44f72b73ba127e06d8e79","name":"admin","image":{"@type":"ImageObject","inLanguage":"tr","@id":"https:\/\/secure.gravatar.com\/avatar\/ccc17943b9d660506c869530f897617f7cb1c21a4bf30023f252596d83e1f007?s=96&d=mm&r=g","url":"https:\/\/secure.gravatar.com\/avatar\/ccc17943b9d660506c869530f897617f7cb1c21a4bf30023f252596d83e1f007?s=96&d=mm&r=g","contentUrl":"https:\/\/secure.gravatar.com\/avatar\/ccc17943b9d660506c869530f897617f7cb1c21a4bf30023f252596d83e1f007?s=96&d=mm&r=g","caption":"admin"},"sameAs":["https:\/\/kibrisdakik.com"],"url":"https:\/\/kibrisdakik.com\/?author=1"}]}},"_links":{"self":[{"href":"https:\/\/kibrisdakik.com\/index.php?rest_route=\/wp\/v2\/posts\/66925","targetHints":{"allow":["GET"]}}],"collection":[{"href":"https:\/\/kibrisdakik.com\/index.php?rest_route=\/wp\/v2\/posts"}],"about":[{"href":"https:\/\/kibrisdakik.com\/index.php?rest_route=\/wp\/v2\/types\/post"}],"author":[{"embeddable":true,"href":"https:\/\/kibrisdakik.com\/index.php?rest_route=\/wp\/v2\/users\/1"}],"replies":[{"embeddable":true,"href":"https:\/\/kibrisdakik.com\/index.php?rest_route=%2Fwp%2Fv2%2Fcomments&post=66925"}],"version-history":[{"count":0,"href":"https:\/\/kibrisdakik.com\/index.php?rest_route=\/wp\/v2\/posts\/66925\/revisions"}],"wp:featuredmedia":[{"embeddable":true,"href":"https:\/\/kibrisdakik.com\/index.php?rest_route=\/wp\/v2\/media\/66926"}],"wp:attachment":[{"href":"https:\/\/kibrisdakik.com\/index.php?rest_route=%2Fwp%2Fv2%2Fmedia&parent=66925"}],"wp:term":[{"taxonomy":"category","embeddable":true,"href":"https:\/\/kibrisdakik.com\/index.php?rest_route=%2Fwp%2Fv2%2Fcategories&post=66925"},{"taxonomy":"post_tag","embeddable":true,"href":"https:\/\/kibrisdakik.com\/index.php?rest_route=%2Fwp%2Fv2%2Ftags&post=66925"}],"curies":[{"name":"wp","href":"https:\/\/api.w.org\/{rel}","templated":true}]}}