{"id":66927,"date":"2024-10-16T14:34:17","date_gmt":"2024-10-16T11:34:17","guid":{"rendered":"https:\/\/kibrisdakik.com\/index.php\/2024\/10\/16\/gida-guvenligi-tek-saglik-ve-gida-ambalajlamada-inovatif-yaklasimlar-baslikli-seminer-lefkosada-yapiliyor\/"},"modified":"2024-10-16T14:34:17","modified_gmt":"2024-10-16T11:34:17","slug":"gida-guvenligi-tek-saglik-ve-gida-ambalajlamada-inovatif-yaklasimlar-baslikli-seminer-lefkosada-yapiliyor","status":"publish","type":"post","link":"https:\/\/kibrisdakik.com\/?p=66927","title":{"rendered":"\u201cG\u0131da G\u00fcvenli\u011fi-Tek Sa\u011fl\u0131k\u201d ve \u201cG\u0131da Ambalajlamada \u0130novatif Yakla\u015f\u0131mlar\u201d ba\u015fl\u0131kl\u0131 seminer Lefko\u015fa\u2019da yap\u0131l\u0131yor"},"content":{"rendered":"<div>\n<div class=\"mariselle-image-container center\">\n                                            <\/div>\n<p>K\u0131br\u0131s T\u00fcrk Sanayi Odas\u0131 (KTSO) ile G\u0131da M\u00fchendisleri Odas\u0131, 16 Ekim D\u00fcnya G\u0131da G\u00fcn\u00fc dolay\u0131s\u0131yla \u201cG\u0131da G\u00fcvenli\u011fi-Tek Sa\u011fl\u0131k\u201d ve \u201cG\u0131da Ambalajlamada \u0130novatif Yakla\u015f\u0131mlar\u201d ba\u015fl\u0131kl\u0131 seminer d\u00fczenledi.<\/p>\n<p>KTSO Konferans Salonu\u2019nda ger\u00e7ekle\u015ftirilen seminerin a\u00e7\u0131l\u0131\u015f konu\u015fmalar\u0131n\u0131 s\u0131ras\u0131yla G\u0131da M\u00fchendisleri Odas\u0131 Ba\u015fkan\u0131 Beste Oymen, K\u0131br\u0131s T\u00fcrk Sanayi Odas\u0131 Genel Sekreteri Er\u00e7in Tekakp\u0131nar, Giri\u015fimci Kad\u0131nlar Kalk\u0131nma Kooperatifi (Gika-KOOP) Ba\u015fkan\u0131 \u0130\u00e7im \u00c7a\u011f\u0131ner Kavuklu ve Tar\u0131m ve Do\u011fal Kaynaklar Bakan\u0131 H\u00fcseyin \u00c7avu\u015f yapt\u0131.<\/p>\n<p>\u0130ki oturum olarak d\u00fczenlenen seminerde, Yak\u0131n Do\u011fu \u00dcniversitesi G\u0131da M\u00fchendisili\u011fi B\u00f6l\u00fcm Ba\u015fkan\u0131 Yrd. Do\u00e7. Dr. Perihan Adun \u201cG\u0131da G\u00fcvenli\u011fi-Tek Sa\u011fl\u0131k\u201d ve Sakarya \u00dcniversitesi G\u0131da M\u00fchensili\u011fi B\u00f6l\u00fcm\u00fc Prof. Dr. Zehra Ayhan ise \u201cG\u0131da Ambalajlamada \u0130novatif Yakla\u015f\u0131mlar\u201d konular\u0131n\u0131 irdeliyor.<\/p>\n<p>Seminer, soru-cevap k\u0131sm\u0131n\u0131n ard\u0131ndan plaket takdimiyle sona erecek.<\/p>\n<p>\u2013 Oymen: \u201cG\u0131da m\u00fchendislerinin istihdam\u0131, \u00f6zellikle kamu kurumlar\u0131nda yetersiz kalmaktad\u0131r\u201d<\/p>\n<p>A\u00e7\u0131l\u0131\u015fta ilk olarak s\u00f6z alan G\u0131da M\u00fchendisleri Odas\u0131 Ba\u015fkan\u0131 Beste Oymen, bug\u00fcn D\u00fcnya G\u0131da G\u00fcn\u00fc\u2019n\u00fc kutlamak ve g\u0131dan\u0131n hayattaki \u00f6nemini bir kez daha vurgulamak  \u00fczere bir araya geldiklerini ifade etti.<\/p>\n<p>\u201cBu y\u0131l\u0131n temas\u0131 olan, \u2018Daha iyi bir ya\u015fam ve daha iyi bir gelecek i\u00e7in g\u0131da bir hakt\u0131r\u2019 bize, herkesin  yeterli, g\u00fcvenilir ve sa\u011fl\u0131kl\u0131 g\u0131daya ula\u015fmas\u0131n\u0131n temel bir insan hakk\u0131 oldu\u011funu hat\u0131rlat\u0131yor. Ancak bu hakk\u0131 herkes i\u00e7in sa\u011flamak, hepimizin omuzlar\u0131na bir sorumluluk y\u00fckl\u00fcyor.\u201d diyen Oymen, G\u0131da M\u00fchendisleri olarak bu zorlu g\u00f6revin \u00f6nemli bir par\u00e7as\u0131 olduklar\u0131n\u0131 bildiklerini belirtti.<\/p>\n<p>Oymen, \u201cG\u0131da g\u00fcvenli\u011fi, kalite ve s\u00fcrd\u00fcr\u00fclebilirlik konular\u0131nda \u00fcstlendi\u011fimiz rol, k\u00fcresel g\u0131da sistemlerinin s\u00fcrd\u00fcr\u00fclebilir \u015fekilde geli\u015ftirilebilmesi ad\u0131na hayati \u00f6neme sahiptir. Ancak ne yaz\u0131k ki \u00fclkemizde g\u0131da m\u00fchendislerinin istihdam\u0131, \u00f6zellikle kamu kurumlar\u0131nda yetersiz kalmaktad\u0131r. G\u0131da g\u00fcvenli\u011fi, g\u0131da kalitesi ve sa\u011fl\u0131kl\u0131 beslenme konular\u0131nda kamu kurumlar\u0131n\u0131n etkin bir \u015fekilde<\/p>\n<p>\u00e7al\u0131\u015fabilmesi i\u00e7in nitelikli g\u0131da m\u00fchendislerine ihtiya\u00e7 duyulmaktad\u0131r.\u201d dedi.<\/p>\n<p>Oymen, kamu sekt\u00f6r\u00fcnde yeterli say\u0131da g\u0131da m\u00fchendisinin istihdam edilememesinin,  bu alandaki uygulamalar\u0131n ve politikalar\u0131n etkinli\u011fini zay\u0131flatt\u0131\u011f\u0131n\u0131 ve bu durumun sadece g\u0131da g\u00fcvenli\u011fini de\u011fil ayn\u0131 zamanda halk sa\u011fl\u0131\u011f\u0131n\u0131 da tehdit eden bir mesele haline geldi\u011fini ifade etti.<\/p>\n<p>\u201cBilimsel bilgi ve teknolojiyi bir araya getirerek daha g\u00fcvenli ve s\u00fcrd\u00fcr\u00fclebilir g\u0131da sistemleri kurmam\u0131z gereken bir d\u00f6nemde, bu meslek dal\u0131na daha fazla \u00f6nem verilmesi elzemdir. Bu noktada hem devletimizin hem de \u00f6zel sekt\u00f6r\u00fcn, g\u0131da m\u00fchendislerine y\u00f6nelik destekleyici politikalar geli\u015ftirmesi gerekti\u011fine inan\u0131yorum.\u201d ifadelerini kullanan Oymen, G\u0131da M\u00fchendisleri Odas\u0131 olarak g\u0131da m\u00fchendislerinin daha fazla istihdam edilmesi, mesle\u011fin \u00fclkedeki hak etti\u011fi de\u011feri g\u00f6rmesi ve daha geni\u015f kitlelere tan\u0131nmas\u0131 i\u00e7in \u00e7al\u0131\u015fmalar\u0131na kararl\u0131l\u0131kla devam edeceklerini vurgulad\u0131.<\/p>\n<p>\u2013 Tekakp\u0131nar: \u201c\u00dclkede g\u0131da g\u00fcvenli\u011fi konusunda ne a\u015famaday\u0131z?\u201d<\/p>\n<p>K\u0131br\u0131s T\u00fcrk Sanayi Odas\u0131 Genel Sekreteri Er\u00e7in Tekakp\u0131nar da, \u201cG\u0131da ile ilgili olarak bu seminerin sonucunda neleri \u00f6n plana \u00e7\u0131karabiliriz, neleri tart\u0131\u015fabiliriz? O noktalarda durmak istiyorum.\u201d dedi.<\/p>\n<p>\u201c\u00dclkede g\u0131da g\u00fcvenli\u011fi konusunda ne a\u015famaday\u0131z, g\u0131da israf\u0131 konusunda bir politikam\u0131z var m\u0131, g\u0131daya ula\u015f\u0131m konusunda ne durumday\u0131z?\u201d \u015feklinde konu\u015fan Tekakp\u0131nar, bir ka\u00e7 ay \u00f6nce et ithalat\u0131 konusunun g\u00fcndeme geldi\u011fini hat\u0131rlatt\u0131.<\/p>\n<p>Tekakp\u0131nar, g\u0131da g\u00fcn\u00fcnde g\u0131daya ula\u015f\u0131m konusunun bir sonu\u00e7 bildirgesi yap\u0131lmas\u0131 durumunda, s\u00f6z konusu sonu\u00e7lar\u0131 g\u00f6rmek istedi\u011fini belirtti.<\/p>\n<p>\u201cSanayi Odas\u0131 olarak bu s\u00fcrecin i\u00e7erisindeyiz. Biz ne yap\u0131yoruz ve ne \u00fcretiyoruz, Sanayi Odas\u0131 olarak g\u0131da sekt\u00f6r\u00fcnde ne durumday\u0131z?\u201d \u015feklinde konu\u015fan Tekakp\u0131nar, baz\u0131 istatistiki verileri payla\u015ft\u0131.<\/p>\n<p>Tekakp\u0131nar, K\u0131br\u0131s T\u00fcrk sanayisinin tar\u0131m ve hayvanc\u0131l\u0131ktan elde edilen bitkisel ve hayvansal ham maddeyi i\u015fleyerek, katma de\u011fer yaratt\u0131\u011f\u0131n\u0131 ve \u00fclke ekonomisinin geli\u015fmesi i\u00e7in ciddi bir \u00e7abas\u0131 oldu\u011funu dile getirdi.<\/p>\n<p>G\u0131da ve i\u00e7ecek sanayisinde, K\u0131br\u0131s T\u00fcrk Sanayi Odas\u0131\u2019na \u00fcye 8 farkl\u0131 alt sekt\u00f6rde uluslararas\u0131 sertifikalara sahip \u00fcretim yapan 172 firman\u0131n bulundu\u011funu kaydeden Tekakp\u0131nar, bu firmalar\u0131n \u00e7ok ciddi bir katma de\u011fer yaratt\u0131\u011f\u0131n\u0131 dile getirdi.<\/p>\n<p>G\u0131da ve i\u00e7ecek sekt\u00f6r\u00fcnde uluslararas\u0131 standartlara sahip 40\u2019dan fazla firman\u0131n, ba\u015fta T\u00fcrkiye olmak \u00fczere 18 farkl\u0131 \u00fclkeye ihracat yapt\u0131\u011f\u0131n\u0131 ifade eden Tekakp\u0131nar, tar\u0131m ve sanayi sekt\u00f6rleri aras\u0131nda g\u00fc\u00e7l\u00fc i\u015fbirlikleri kurup inovasyonu te\u015fvik ederek, teknolojik alt yap\u0131y\u0131 g\u00fc\u00e7lendirip  \u00e7evresel s\u00fcrd\u00fcr\u00fclebirlik ilkesi do\u011frultusunda yeni \u00fcretim tekniklerini geli\u015ftirmeleri gerekti\u011fini vurgulad\u0131.<\/p>\n<p>\u2013 Kavuklu: \u201cKorkun\u00e7 bir g\u0131da israf\u0131m\u0131z var\u201d<\/p>\n<p>Gika-KOOP Ba\u015fkan\u0131 \u0130\u00e7im \u00c7a\u011f\u0131ner Kavuklu da, bug\u00fcn D\u00fcnya G\u0131da G\u00fcn\u00fc vesilesiyle bir araya gelmekten b\u00fcy\u00fck bir onur duydu\u011funu dile getirdi.<\/p>\n<p>\u201c\u00dcretti\u011fimiz \u00fcr\u00fcnleri nas\u0131l sanayile\u015ftirebiliriz. Bu konuda \u00e7al\u0131\u015fmalar\u0131m\u0131z vard\u0131r.\u201d diyen Kavuklu, toplumda baz\u0131 konularda devlet politikalar\u0131 olu\u015fturmak ad\u0131na el ele tutu\u015farak farkl\u0131 sekt\u00f6rlerin bir araya gelip bir tak\u0131m politikalar ve etkiler olu\u015fturman\u0131n zaman\u0131n\u0131n geldi\u011fini s\u00f6yledi.<\/p>\n<p>\u201cD\u00fcnya G\u0131da G\u00fcn\u00fc, sadece bir fark\u0131ndal\u0131k g\u00fcn\u00fc de\u011fil, ayn\u0131 zamanda harekete ge\u00e7me zaman\u0131d\u0131r. Etki olmad\u0131k\u00e7a \u00f6n\u00fcm\u00fczdeki y\u0131l da ayn\u0131 \u015feyleri konu\u015faca\u011f\u0131z.\u201d diyen Kavuklu, tecr\u00fcbelerini payla\u015ft\u0131.<\/p>\n<p>G\u0131dan\u0131n \u00fcretiminden t\u00fcketimine kadar her a\u015famada s\u00fcrd\u00fcr\u00fclebilirli\u011fin art\u0131k bir zorunluluk haline geldi\u011fini kaydeden Kavuklu, \u201c\u00dclkemizde turizm bir lokomotif sekt\u00f6rd\u00fcr. 25 tane 5 y\u0131ld\u0131zl\u0131 otelimiz var. Ama otellerimizde her \u015fey dahil ve a\u00e7\u0131k b\u00fcfe konseptiyle hizmet veriliyor. Bunun g\u0131da israf\u0131nda, belki de d\u00fcnyan\u0131n ilk s\u0131ralamalar\u0131 aras\u0131nday\u0131z. Korkun\u00e7 bir g\u0131da israf\u0131m\u0131z var.\u201d dedi.<\/p>\n<p>D\u00fcnya \u00fczerinde yakla\u015f\u0131k 800 milyon insan\u0131n a\u00e7l\u0131kla m\u00fccadele etti\u011fini kaydeden Kavuklu, bir yanda g\u0131da israf\u0131 devam ederken, di\u011fer yanda milyonlarca insan\u0131n yeterli besine ula\u015famad\u0131\u011f\u0131na dikkat \u00e7ekti.<\/p>\n<p>Kavuklu, \u201cBu \u00e7eli\u015fki, d\u00fcnya genelinde ciddi bir sorun te\u015fkil ediyor ve hepimizin bu konuda sorumluluk almas\u0131 gerekti\u011fini g\u00f6steriyor.\u201d diye konu\u015ftu.<\/p>\n<p>\u201c\u0130srafa dur dememiz gerekiyor.\u201d ifadesini kullanan Kavuklu, bunun bir devlet politikas\u0131 olmas\u0131 gerekti\u011fine inan\u00e7 belirtti, her \u015fey dahil ve a\u00e7\u0131k b\u00fcfe konseptinden \u00e7\u0131k\u0131lmas\u0131 gerekti\u011fini dile getirdi.<\/p>\n<p>Kavuklu, \u201cKad\u0131n giri\u015fimciler olarak bizler, g\u0131da sekt\u00f6r\u00fcnde g\u00fc\u00e7l\u00fc ve s\u00fcrd\u00fcr\u00fclebilir \u00e7\u00f6z\u00fcmler \u00fcretmenin sorumlulu\u011funu \u00fcstleniyoruz. Kooperatifimiz, yerel \u00fcreticilerin ve \u00f6zellikle kad\u0131nlar\u0131n ekonomik kalk\u0131nmas\u0131na katk\u0131 sa\u011flarken, sa\u011fl\u0131kl\u0131 ve do\u011fal g\u0131da \u00fcr\u00fcnlerinin t\u00fcketiciye ula\u015fmas\u0131n\u0131 ama\u00e7l\u0131yor. Sa\u011fl\u0131kl\u0131 ve g\u00fcvenli g\u0131da \u00fcretiminin bilimsel temellerini en iyi \u015fekilde uygulamaya koyuyoruz. Bu i\u015f birli\u011fi, sadece ekonomik kalk\u0131nmay\u0131 de\u011fil, ayn\u0131 zamanda toplum sa\u011fl\u0131\u011f\u0131n\u0131 da g\u00fc\u00e7lendiren bir \u00e7er\u00e7eve sunuyor. Yerel t\u00fcketimi de te\u015fvik ediyoruz.\u201d dedi.<\/p>\n<p>Ata tohumlar\u0131 konusuna da de\u011finen Kavuklu, hep birlikte el ele vererek, daha adil, s\u00fcrd\u00fcr\u00fclebilir ve eri\u015filebilir bir g\u0131da sistemi in\u015fa etmek i\u00e7in \u00e7al\u0131\u015fmalar\u0131 gerekti\u011fini s\u00f6yledi.<\/p>\n<p>\u2013  \u00c7avu\u015f: \u201cS\u00fcrd\u00fcr\u00fclebilir tar\u0131m\u0131 hep birlikte kurabiliriz\u201d<\/p>\n<p>Tar\u0131m ve Do\u011fal Kaynaklar Bakan\u0131 H\u00fcseyin \u00c7avu\u015f da, Birle\u015fmi\u015f Milletler G\u0131da ve Tar\u0131m \u00d6rg\u00fct\u00fc\u2019n\u00fcn (FAO) 16 Ekim 1945\u2019te kuruldu\u011funu ve bu g\u00fcn\u00fcn her y\u0131l 150\u2019den fazla \u00fclkenin kat\u0131l\u0131m\u0131 ile \u201cD\u00fcnya G\u0131da G\u00fcn\u00fc\u201d olarak kutland\u0131\u011f\u0131n\u0131 kaydetti.<\/p>\n<p>Seminerdeki konu\u015fmalarda s\u00fcrd\u00fcr\u00fclebilir tar\u0131mdan, g\u0131da g\u00fcvenli\u011finden ve israftan bahsedildi\u011fini ifade eden \u00c7avu\u015f, t\u00fcm bunlar\u0131n \u00f6nemli oldu\u011funu s\u00f6yledi.<\/p>\n<p>D\u00fcnyada hunharca bir t\u00fcketimin oldu\u011funu belirten \u00c7avu\u015f, iklim ko\u015fular\u0131n\u0131n bozuldu\u011fu bir ortama do\u011fru s\u00fcr\u00fcklendiklerini s\u00f6yledi.<\/p>\n<p>D\u00fcnyadaki en b\u00fcy\u00fck sekt\u00f6rlerden birinin tar\u0131m oldu\u011funu kaydeden \u00c7avu\u015f, \u201c1 milyar\u0131n \u00fczerinde bir \u00e7al\u0131\u015fan\u0131 olan sekt\u00f6rd\u00fcr. 2050 y\u0131l\u0131na geldi\u011fimizde, 10 milyar insan\u0131 besleyebilecek s\u00fcrd\u00fcr\u00fclebilir tar\u0131m-g\u0131da sistemlerine ihtiyac\u0131m\u0131z var.\u201d diye konu\u015ftu.<\/p>\n<p>D\u00fcnyada 3 milyar ki\u015finin g\u00fcvenli g\u0131daya ula\u015famad\u0131\u011f\u0131n\u0131 ifade eden \u00c7avu\u015f, di\u011fer taraftan da obezitenin artt\u0131\u011f\u0131n\u0131 ve dengesiz ko\u015fullar\u0131n ortaya \u00e7\u0131kt\u0131\u011f\u0131n\u0131 aktard\u0131.<\/p>\n<p>\u00c7avu\u015f, \u201cS\u00fcrd\u00fcr\u00fclebilir tar\u0131m demek, sadece \u00fcretim yapan ki\u015filerin kendi i\u015flerinde s\u00fcrekli bir \u00fcretimde tutunmas\u0131 demek de\u011fildir. S\u00fcrd\u00fcr\u00fclebilir tar\u0131m demek, \u00f6n\u00fcm\u00fczdeki y\u0131llarda \u00fclkeler aras\u0131nda g\u0131da \u00fcretimini payla\u015fmay\u0131 ve bununla birlikte hep beraber nas\u0131l en verimli topraklar\u0131 en iyi \u015fekilde \u00fcretebilir ve d\u00fcnya \u00fczerindeki insanl\u0131\u011fa verebiliriz\u2026\u201d dedi.<\/p>\n<p>S\u00fcrd\u00fcr\u00fclebilir tar\u0131m\u0131 hep birlikte kurabileceklerini vurgulayan \u00c7avu\u015f, bakanl\u0131\u011f\u0131n\u0131n ve H\u00fck\u00fcmetin bu konuda \u00e7ok b\u00fcy\u00fck \u00e7abalar sarf etti\u011fini kaydetti.<\/p>\n<p>\u201cDaha az israfla daha verimli \u00fcretimi hayata ge\u00e7irebilir, gezegenimizi daha az bask\u0131 alt\u0131na alarak iklim ko\u015fullar\u0131n\u0131 yeniden d\u00fczeltebilir ve gelecek nesillerimize daha g\u00fcvenli bir d\u00fcnya imkan\u0131 sunabiliriz.\u201d ifadelerini kullanan \u00c7avu\u015f, daha \u00e7ok \u00fcretim isteyerek do\u011faya zarar verdiklerini s\u00f6yledi.<\/p>\n<p>\u201cS\u00fcrd\u00fcr\u00fclebilir tar\u0131m bizim i\u00e7in \u00f6nemli olabilir ama esas, gelecek nesillerimiz i\u00e7in ekonomik ve sosyal y\u00f6nde \u00e7ok daha \u00f6nemlidir.\u201d \u015feklinde konu\u015fan \u00c7avu\u015f, t\u00fcm \u00fclkelerde oldu\u011fu gibi Tar\u0131m ve Do\u011fal Kaynaklar Bakanl\u0131\u011f\u0131\u2019n\u0131n da bu konuda \u00e7abalar\u0131 oldu\u011funu ifade etti.<\/p>\n<p>Yapt\u0131klar\u0131 \u00e7al\u0131\u015fmalara de\u011finen \u00c7avu\u015f, g\u0131da denetimlerini en \u00fcst noktaya \u00e7\u0131kard\u0131klar\u0131n\u0131n alt\u0131n\u0131 \u00e7izdi.<\/p>\n<p>Fark\u0131ndal\u0131\u011f\u0131n etkiye d\u00f6n\u00fc\u015f\u00fcp hayata ge\u00e7mesi gerekti\u011fini kaydeden \u00c7avu\u015f, turizm sekt\u00f6r\u00fcnde hunharca t\u00fcketilen g\u0131dalar\u0131n her a\u00e7\u0131dan milli bir kay\u0131p oldu\u011funa dikkat \u00e7ekti.<\/p>\n<p>Tar\u0131m\u0131n riskli noktalara girdi\u011fini kaydeden \u00c7avu\u015f, \u201cHava ko\u015fular\u0131 de\u011fi\u015ftik\u00e7e riskler, girdi maliyetleri ve \u00fcreticinin ald\u0131\u011f\u0131 riskler art\u0131yor. Bununla birlikte, bakanl\u0131k olarak s\u00fcspansiyelerle, te\u015fviklerle \u00fcretimi ayakta tutmaya ve y\u00f6n vermeye \u00e7al\u0131\u015f\u0131yoruz.\u201d dedi.<\/p>\n<p>Narenciye ve ithal et konular\u0131na da de\u011finen \u00c7avu\u015f, hayvan varl\u0131\u011f\u0131 ve \u00fcr\u00fcnlerinin en iyi \u015fekilde de\u011ferlendirmesini ve toplanmas\u0131n\u0131 sa\u011flad\u0131klar\u0131na dikkat \u00e7ekti.<\/p>\n<p>Avrupa Birli\u011fi\u2019nin yapm\u0131\u015f oldu\u011fu s\u00fct toplama evlerinin birini a\u00e7t\u0131klar\u0131n\u0131, ikincisinin ise Karpaz\u2019da bitti\u011fini ifade eden \u00c7avu\u015f, be\u015f tanenin ise T\u0130KA ile proje yap\u0131larak tamamland\u0131\u011f\u0131n\u0131 s\u00f6yledi.<\/p>\n<p>G\u00fcvenli g\u0131daya ula\u015fma noktas\u0131ndaki \u00e7al\u0131\u015fmalar\u0131ndan bahseden \u00c7avu\u015f, tar\u0131m\u0131 \u201c\u00fcst\u00fc a\u00e7\u0131k bir fabrikaya\u201d benzetti.<\/p>\n<p>G\u0131da fiyatlar\u0131ndaki enflasyona de\u011finen \u00c7avu\u015f, \u201cy\u0131l ortalamas\u0131na bak\u0131ld\u0131\u011f\u0131nda bu y\u0131l\u0131n, t\u00fcm \u00fcr\u00fcnlerde en istikrarl\u0131 fiyat\u0131 yakalad\u0131klar\u0131 y\u0131l oldu\u011funu\u201d belirtti.<\/p>\n<\/p><\/div>\n<p><script async\n                    defer\n                    crossorigin=\"anonymous\"\n                    src=\"https:\/\/connect.facebook.net\/tr_TR\/sdk.js#xfbml=1&#038;version=v3.3\"\n            ><\/script><\/p>\n","protected":false},"excerpt":{"rendered":"<p>K\u0131br\u0131s T\u00fcrk Sanayi Odas\u0131 (KTSO) ile G\u0131da M\u00fchendisleri Odas\u0131, 16 Ekim D\u00fcnya G\u0131da G\u00fcn\u00fc dolay\u0131s\u0131yla \u201cG\u0131da G\u00fcvenli\u011fi-Tek Sa\u011fl\u0131k\u201d ve \u201cG\u0131da Ambalajlamada \u0130novatif Yakla\u015f\u0131mlar\u201d ba\u015fl\u0131kl\u0131 seminer d\u00fczenledi. KTSO Konferans Salonu\u2019nda ger\u00e7ekle\u015ftirilen seminerin a\u00e7\u0131l\u0131\u015f konu\u015fmalar\u0131n\u0131 s\u0131ras\u0131yla G\u0131da M\u00fchendisleri Odas\u0131 Ba\u015fkan\u0131 Beste Oymen, K\u0131br\u0131s T\u00fcrk Sanayi Odas\u0131 Genel Sekreteri Er\u00e7in Tekakp\u0131nar, Giri\u015fimci Kad\u0131nlar Kalk\u0131nma Kooperatifi (Gika-KOOP) Ba\u015fkan\u0131 \u0130\u00e7im<\/p>\n","protected":false},"author":1,"featured_media":66928,"comment_status":"open","ping_status":"open","sticky":false,"template":"","format":"standard","meta":{"footnotes":""},"categories":[81],"tags":[],"class_list":["post-66927","post","type-post","status-publish","format-standard","has-post-thumbnail","hentry","category-kibris"],"yoast_head":"<!-- This site is optimized with the Yoast SEO plugin v27.4 - https:\/\/yoast.com\/product\/yoast-seo-wordpress\/ -->\n<title>\u201cG\u0131da G\u00fcvenli\u011fi-Tek Sa\u011fl\u0131k\u201d ve \u201cG\u0131da Ambalajlamada \u0130novatif Yakla\u015f\u0131mlar\u201d ba\u015fl\u0131kl\u0131 seminer Lefko\u015fa\u2019da yap\u0131l\u0131yor -<\/title>\n<meta name=\"robots\" content=\"index, follow, max-snippet:-1, max-image-preview:large, max-video-preview:-1\" \/>\n<link rel=\"canonical\" href=\"https:\/\/kibrisdakik.com\/?p=66927\" \/>\n<meta property=\"og:locale\" content=\"tr_TR\" \/>\n<meta property=\"og:type\" content=\"article\" \/>\n<meta property=\"og:title\" content=\"\u201cG\u0131da G\u00fcvenli\u011fi-Tek Sa\u011fl\u0131k\u201d ve \u201cG\u0131da Ambalajlamada \u0130novatif Yakla\u015f\u0131mlar\u201d ba\u015fl\u0131kl\u0131 seminer Lefko\u015fa\u2019da yap\u0131l\u0131yor -\" \/>\n<meta property=\"og:description\" content=\"K\u0131br\u0131s T\u00fcrk Sanayi Odas\u0131 (KTSO) ile G\u0131da M\u00fchendisleri Odas\u0131, 16 Ekim D\u00fcnya G\u0131da G\u00fcn\u00fc dolay\u0131s\u0131yla \u201cG\u0131da G\u00fcvenli\u011fi-Tek Sa\u011fl\u0131k\u201d ve \u201cG\u0131da Ambalajlamada \u0130novatif Yakla\u015f\u0131mlar\u201d ba\u015fl\u0131kl\u0131 seminer d\u00fczenledi. KTSO Konferans Salonu\u2019nda ger\u00e7ekle\u015ftirilen seminerin a\u00e7\u0131l\u0131\u015f konu\u015fmalar\u0131n\u0131 s\u0131ras\u0131yla G\u0131da M\u00fchendisleri Odas\u0131 Ba\u015fkan\u0131 Beste Oymen, K\u0131br\u0131s T\u00fcrk Sanayi Odas\u0131 Genel Sekreteri Er\u00e7in Tekakp\u0131nar, Giri\u015fimci Kad\u0131nlar Kalk\u0131nma Kooperatifi (Gika-KOOP) Ba\u015fkan\u0131 \u0130\u00e7im\" \/>\n<meta property=\"og:url\" content=\"https:\/\/kibrisdakik.com\/?p=66927\" \/>\n<meta property=\"article:published_time\" content=\"2024-10-16T11:34:17+00:00\" \/>\n<meta property=\"og:image\" content=\"https:\/\/kibrisdakik.com\/wp-content\/uploads\/2024\/10\/6565pp-740x420.jpg\" \/>\n\t<meta property=\"og:image:width\" content=\"1604\" \/>\n\t<meta property=\"og:image:height\" content=\"901\" \/>\n\t<meta property=\"og:image:type\" content=\"image\/jpeg\" \/>\n<meta name=\"author\" content=\"admin\" \/>\n<meta name=\"twitter:card\" content=\"summary_large_image\" \/>\n<meta name=\"twitter:label1\" content=\"Yazan:\" \/>\n\t<meta name=\"twitter:data1\" content=\"admin\" \/>\n\t<meta name=\"twitter:label2\" content=\"Tahmini okuma s\u00fcresi\" \/>\n\t<meta name=\"twitter:data2\" content=\"10 dakika\" \/>\n<script type=\"application\/ld+json\" class=\"yoast-schema-graph\">{\"@context\":\"https:\\\/\\\/schema.org\",\"@graph\":[{\"@type\":\"Article\",\"@id\":\"https:\\\/\\\/kibrisdakik.com\\\/?p=66927#article\",\"isPartOf\":{\"@id\":\"https:\\\/\\\/kibrisdakik.com\\\/?p=66927\"},\"author\":{\"name\":\"admin\",\"@id\":\"https:\\\/\\\/kibrisdakik.com\\\/#\\\/schema\\\/person\\\/9cd9d437bbb44f72b73ba127e06d8e79\"},\"headline\":\"\u201cG\u0131da G\u00fcvenli\u011fi-Tek Sa\u011fl\u0131k\u201d ve \u201cG\u0131da Ambalajlamada \u0130novatif Yakla\u015f\u0131mlar\u201d ba\u015fl\u0131kl\u0131 seminer Lefko\u015fa\u2019da yap\u0131l\u0131yor\",\"datePublished\":\"2024-10-16T11:34:17+00:00\",\"mainEntityOfPage\":{\"@id\":\"https:\\\/\\\/kibrisdakik.com\\\/?p=66927\"},\"wordCount\":1953,\"commentCount\":0,\"image\":{\"@id\":\"https:\\\/\\\/kibrisdakik.com\\\/?p=66927#primaryimage\"},\"thumbnailUrl\":\"https:\\\/\\\/kibrisdakik.com\\\/wp-content\\\/uploads\\\/2024\\\/10\\\/6565pp-740x420.jpg\",\"articleSection\":[\"K\u0131br\u0131s\"],\"inLanguage\":\"tr\",\"potentialAction\":[{\"@type\":\"CommentAction\",\"name\":\"Comment\",\"target\":[\"https:\\\/\\\/kibrisdakik.com\\\/?p=66927#respond\"]}]},{\"@type\":\"WebPage\",\"@id\":\"https:\\\/\\\/kibrisdakik.com\\\/?p=66927\",\"url\":\"https:\\\/\\\/kibrisdakik.com\\\/?p=66927\",\"name\":\"\u201cG\u0131da G\u00fcvenli\u011fi-Tek Sa\u011fl\u0131k\u201d ve \u201cG\u0131da Ambalajlamada \u0130novatif Yakla\u015f\u0131mlar\u201d ba\u015fl\u0131kl\u0131 seminer Lefko\u015fa\u2019da yap\u0131l\u0131yor -\",\"isPartOf\":{\"@id\":\"https:\\\/\\\/kibrisdakik.com\\\/#website\"},\"primaryImageOfPage\":{\"@id\":\"https:\\\/\\\/kibrisdakik.com\\\/?p=66927#primaryimage\"},\"image\":{\"@id\":\"https:\\\/\\\/kibrisdakik.com\\\/?p=66927#primaryimage\"},\"thumbnailUrl\":\"https:\\\/\\\/kibrisdakik.com\\\/wp-content\\\/uploads\\\/2024\\\/10\\\/6565pp-740x420.jpg\",\"datePublished\":\"2024-10-16T11:34:17+00:00\",\"author\":{\"@id\":\"https:\\\/\\\/kibrisdakik.com\\\/#\\\/schema\\\/person\\\/9cd9d437bbb44f72b73ba127e06d8e79\"},\"breadcrumb\":{\"@id\":\"https:\\\/\\\/kibrisdakik.com\\\/?p=66927#breadcrumb\"},\"inLanguage\":\"tr\",\"potentialAction\":[{\"@type\":\"ReadAction\",\"target\":[\"https:\\\/\\\/kibrisdakik.com\\\/?p=66927\"]}]},{\"@type\":\"ImageObject\",\"inLanguage\":\"tr\",\"@id\":\"https:\\\/\\\/kibrisdakik.com\\\/?p=66927#primaryimage\",\"url\":\"https:\\\/\\\/kibrisdakik.com\\\/wp-content\\\/uploads\\\/2024\\\/10\\\/6565pp-740x420.jpg\",\"contentUrl\":\"https:\\\/\\\/kibrisdakik.com\\\/wp-content\\\/uploads\\\/2024\\\/10\\\/6565pp-740x420.jpg\",\"width\":1604,\"height\":901},{\"@type\":\"BreadcrumbList\",\"@id\":\"https:\\\/\\\/kibrisdakik.com\\\/?p=66927#breadcrumb\",\"itemListElement\":[{\"@type\":\"ListItem\",\"position\":1,\"name\":\"Home\",\"item\":\"https:\\\/\\\/kibrisdakik.com\\\/\"},{\"@type\":\"ListItem\",\"position\":2,\"name\":\"\u201cG\u0131da G\u00fcvenli\u011fi-Tek Sa\u011fl\u0131k\u201d ve \u201cG\u0131da Ambalajlamada \u0130novatif Yakla\u015f\u0131mlar\u201d ba\u015fl\u0131kl\u0131 seminer Lefko\u015fa\u2019da yap\u0131l\u0131yor\"}]},{\"@type\":\"WebSite\",\"@id\":\"https:\\\/\\\/kibrisdakik.com\\\/#website\",\"url\":\"https:\\\/\\\/kibrisdakik.com\\\/\",\"name\":\"\",\"description\":\"Tam vaktinde haber\",\"potentialAction\":[{\"@type\":\"SearchAction\",\"target\":{\"@type\":\"EntryPoint\",\"urlTemplate\":\"https:\\\/\\\/kibrisdakik.com\\\/?s={search_term_string}\"},\"query-input\":{\"@type\":\"PropertyValueSpecification\",\"valueRequired\":true,\"valueName\":\"search_term_string\"}}],\"inLanguage\":\"tr\"},{\"@type\":\"Person\",\"@id\":\"https:\\\/\\\/kibrisdakik.com\\\/#\\\/schema\\\/person\\\/9cd9d437bbb44f72b73ba127e06d8e79\",\"name\":\"admin\",\"image\":{\"@type\":\"ImageObject\",\"inLanguage\":\"tr\",\"@id\":\"https:\\\/\\\/secure.gravatar.com\\\/avatar\\\/ccc17943b9d660506c869530f897617f7cb1c21a4bf30023f252596d83e1f007?s=96&d=mm&r=g\",\"url\":\"https:\\\/\\\/secure.gravatar.com\\\/avatar\\\/ccc17943b9d660506c869530f897617f7cb1c21a4bf30023f252596d83e1f007?s=96&d=mm&r=g\",\"contentUrl\":\"https:\\\/\\\/secure.gravatar.com\\\/avatar\\\/ccc17943b9d660506c869530f897617f7cb1c21a4bf30023f252596d83e1f007?s=96&d=mm&r=g\",\"caption\":\"admin\"},\"sameAs\":[\"https:\\\/\\\/kibrisdakik.com\"],\"url\":\"https:\\\/\\\/kibrisdakik.com\\\/?author=1\"}]}<\/script>\n<!-- \/ Yoast SEO plugin. -->","yoast_head_json":{"title":"\u201cG\u0131da G\u00fcvenli\u011fi-Tek Sa\u011fl\u0131k\u201d ve \u201cG\u0131da Ambalajlamada \u0130novatif Yakla\u015f\u0131mlar\u201d ba\u015fl\u0131kl\u0131 seminer Lefko\u015fa\u2019da yap\u0131l\u0131yor -","robots":{"index":"index","follow":"follow","max-snippet":"max-snippet:-1","max-image-preview":"max-image-preview:large","max-video-preview":"max-video-preview:-1"},"canonical":"https:\/\/kibrisdakik.com\/?p=66927","og_locale":"tr_TR","og_type":"article","og_title":"\u201cG\u0131da G\u00fcvenli\u011fi-Tek Sa\u011fl\u0131k\u201d ve \u201cG\u0131da Ambalajlamada \u0130novatif Yakla\u015f\u0131mlar\u201d ba\u015fl\u0131kl\u0131 seminer Lefko\u015fa\u2019da yap\u0131l\u0131yor -","og_description":"K\u0131br\u0131s T\u00fcrk Sanayi Odas\u0131 (KTSO) ile G\u0131da M\u00fchendisleri Odas\u0131, 16 Ekim D\u00fcnya G\u0131da G\u00fcn\u00fc dolay\u0131s\u0131yla \u201cG\u0131da G\u00fcvenli\u011fi-Tek Sa\u011fl\u0131k\u201d ve \u201cG\u0131da Ambalajlamada \u0130novatif Yakla\u015f\u0131mlar\u201d ba\u015fl\u0131kl\u0131 seminer d\u00fczenledi. KTSO Konferans Salonu\u2019nda ger\u00e7ekle\u015ftirilen seminerin a\u00e7\u0131l\u0131\u015f konu\u015fmalar\u0131n\u0131 s\u0131ras\u0131yla G\u0131da M\u00fchendisleri Odas\u0131 Ba\u015fkan\u0131 Beste Oymen, K\u0131br\u0131s T\u00fcrk Sanayi Odas\u0131 Genel Sekreteri Er\u00e7in Tekakp\u0131nar, Giri\u015fimci Kad\u0131nlar Kalk\u0131nma Kooperatifi (Gika-KOOP) Ba\u015fkan\u0131 \u0130\u00e7im","og_url":"https:\/\/kibrisdakik.com\/?p=66927","article_published_time":"2024-10-16T11:34:17+00:00","og_image":[{"width":1604,"height":901,"url":"https:\/\/kibrisdakik.com\/wp-content\/uploads\/2024\/10\/6565pp-740x420.jpg","type":"image\/jpeg"}],"author":"admin","twitter_card":"summary_large_image","twitter_misc":{"Yazan:":"admin","Tahmini okuma s\u00fcresi":"10 dakika"},"schema":{"@context":"https:\/\/schema.org","@graph":[{"@type":"Article","@id":"https:\/\/kibrisdakik.com\/?p=66927#article","isPartOf":{"@id":"https:\/\/kibrisdakik.com\/?p=66927"},"author":{"name":"admin","@id":"https:\/\/kibrisdakik.com\/#\/schema\/person\/9cd9d437bbb44f72b73ba127e06d8e79"},"headline":"\u201cG\u0131da G\u00fcvenli\u011fi-Tek Sa\u011fl\u0131k\u201d ve \u201cG\u0131da Ambalajlamada \u0130novatif Yakla\u015f\u0131mlar\u201d ba\u015fl\u0131kl\u0131 seminer Lefko\u015fa\u2019da yap\u0131l\u0131yor","datePublished":"2024-10-16T11:34:17+00:00","mainEntityOfPage":{"@id":"https:\/\/kibrisdakik.com\/?p=66927"},"wordCount":1953,"commentCount":0,"image":{"@id":"https:\/\/kibrisdakik.com\/?p=66927#primaryimage"},"thumbnailUrl":"https:\/\/kibrisdakik.com\/wp-content\/uploads\/2024\/10\/6565pp-740x420.jpg","articleSection":["K\u0131br\u0131s"],"inLanguage":"tr","potentialAction":[{"@type":"CommentAction","name":"Comment","target":["https:\/\/kibrisdakik.com\/?p=66927#respond"]}]},{"@type":"WebPage","@id":"https:\/\/kibrisdakik.com\/?p=66927","url":"https:\/\/kibrisdakik.com\/?p=66927","name":"\u201cG\u0131da G\u00fcvenli\u011fi-Tek Sa\u011fl\u0131k\u201d ve \u201cG\u0131da Ambalajlamada \u0130novatif Yakla\u015f\u0131mlar\u201d ba\u015fl\u0131kl\u0131 seminer Lefko\u015fa\u2019da yap\u0131l\u0131yor -","isPartOf":{"@id":"https:\/\/kibrisdakik.com\/#website"},"primaryImageOfPage":{"@id":"https:\/\/kibrisdakik.com\/?p=66927#primaryimage"},"image":{"@id":"https:\/\/kibrisdakik.com\/?p=66927#primaryimage"},"thumbnailUrl":"https:\/\/kibrisdakik.com\/wp-content\/uploads\/2024\/10\/6565pp-740x420.jpg","datePublished":"2024-10-16T11:34:17+00:00","author":{"@id":"https:\/\/kibrisdakik.com\/#\/schema\/person\/9cd9d437bbb44f72b73ba127e06d8e79"},"breadcrumb":{"@id":"https:\/\/kibrisdakik.com\/?p=66927#breadcrumb"},"inLanguage":"tr","potentialAction":[{"@type":"ReadAction","target":["https:\/\/kibrisdakik.com\/?p=66927"]}]},{"@type":"ImageObject","inLanguage":"tr","@id":"https:\/\/kibrisdakik.com\/?p=66927#primaryimage","url":"https:\/\/kibrisdakik.com\/wp-content\/uploads\/2024\/10\/6565pp-740x420.jpg","contentUrl":"https:\/\/kibrisdakik.com\/wp-content\/uploads\/2024\/10\/6565pp-740x420.jpg","width":1604,"height":901},{"@type":"BreadcrumbList","@id":"https:\/\/kibrisdakik.com\/?p=66927#breadcrumb","itemListElement":[{"@type":"ListItem","position":1,"name":"Home","item":"https:\/\/kibrisdakik.com\/"},{"@type":"ListItem","position":2,"name":"\u201cG\u0131da G\u00fcvenli\u011fi-Tek Sa\u011fl\u0131k\u201d ve \u201cG\u0131da Ambalajlamada \u0130novatif Yakla\u015f\u0131mlar\u201d ba\u015fl\u0131kl\u0131 seminer Lefko\u015fa\u2019da yap\u0131l\u0131yor"}]},{"@type":"WebSite","@id":"https:\/\/kibrisdakik.com\/#website","url":"https:\/\/kibrisdakik.com\/","name":"","description":"Tam vaktinde haber","potentialAction":[{"@type":"SearchAction","target":{"@type":"EntryPoint","urlTemplate":"https:\/\/kibrisdakik.com\/?s={search_term_string}"},"query-input":{"@type":"PropertyValueSpecification","valueRequired":true,"valueName":"search_term_string"}}],"inLanguage":"tr"},{"@type":"Person","@id":"https:\/\/kibrisdakik.com\/#\/schema\/person\/9cd9d437bbb44f72b73ba127e06d8e79","name":"admin","image":{"@type":"ImageObject","inLanguage":"tr","@id":"https:\/\/secure.gravatar.com\/avatar\/ccc17943b9d660506c869530f897617f7cb1c21a4bf30023f252596d83e1f007?s=96&d=mm&r=g","url":"https:\/\/secure.gravatar.com\/avatar\/ccc17943b9d660506c869530f897617f7cb1c21a4bf30023f252596d83e1f007?s=96&d=mm&r=g","contentUrl":"https:\/\/secure.gravatar.com\/avatar\/ccc17943b9d660506c869530f897617f7cb1c21a4bf30023f252596d83e1f007?s=96&d=mm&r=g","caption":"admin"},"sameAs":["https:\/\/kibrisdakik.com"],"url":"https:\/\/kibrisdakik.com\/?author=1"}]}},"_links":{"self":[{"href":"https:\/\/kibrisdakik.com\/index.php?rest_route=\/wp\/v2\/posts\/66927","targetHints":{"allow":["GET"]}}],"collection":[{"href":"https:\/\/kibrisdakik.com\/index.php?rest_route=\/wp\/v2\/posts"}],"about":[{"href":"https:\/\/kibrisdakik.com\/index.php?rest_route=\/wp\/v2\/types\/post"}],"author":[{"embeddable":true,"href":"https:\/\/kibrisdakik.com\/index.php?rest_route=\/wp\/v2\/users\/1"}],"replies":[{"embeddable":true,"href":"https:\/\/kibrisdakik.com\/index.php?rest_route=%2Fwp%2Fv2%2Fcomments&post=66927"}],"version-history":[{"count":0,"href":"https:\/\/kibrisdakik.com\/index.php?rest_route=\/wp\/v2\/posts\/66927\/revisions"}],"wp:featuredmedia":[{"embeddable":true,"href":"https:\/\/kibrisdakik.com\/index.php?rest_route=\/wp\/v2\/media\/66928"}],"wp:attachment":[{"href":"https:\/\/kibrisdakik.com\/index.php?rest_route=%2Fwp%2Fv2%2Fmedia&parent=66927"}],"wp:term":[{"taxonomy":"category","embeddable":true,"href":"https:\/\/kibrisdakik.com\/index.php?rest_route=%2Fwp%2Fv2%2Fcategories&post=66927"},{"taxonomy":"post_tag","embeddable":true,"href":"https:\/\/kibrisdakik.com\/index.php?rest_route=%2Fwp%2Fv2%2Ftags&post=66927"}],"curies":[{"name":"wp","href":"https:\/\/api.w.org\/{rel}","templated":true}]}}