{"id":6693,"date":"2023-05-11T13:46:39","date_gmt":"2023-05-11T13:46:39","guid":{"rendered":"https:\/\/kibrisdakik.com\/index.php\/2023\/05\/11\/basbakan-ustel-mare-monte-girisimci-yardimseverler-dernegini-kabul-etti\/"},"modified":"2023-05-11T13:46:39","modified_gmt":"2023-05-11T13:46:39","slug":"basbakan-ustel-mare-monte-girisimci-yardimseverler-dernegini-kabul-etti","status":"publish","type":"post","link":"https:\/\/kibrisdakik.com\/?p=6693","title":{"rendered":"Ba\u015fbakan \u00dcstel, Mare Monte Giri\u015fimci Yard\u0131mseverler Derne\u011fi\u2019ni kabul etti"},"content":{"rendered":"<p><\/p>\n<div>\n<div class=\"mariselle-image-container center\">\n                <img width=\"1024\" height=\"682\" class=\"lazy-image\" alt=\"\" decoding=\"async\" loading=\"lazy\" sizes=\"auto, (max-width: 1024px) 100vw, 1024px\" src=\"https:\/\/brtk.net\/wp-content\/uploads\/2023\/05\/11\/basbakan-21-1024x682.jpeg?ver=314e6545e6993e3b78e64ed384106d45\" srcset=\"https:\/\/brtk.net\/wp-content\/uploads\/2023\/05\/11\/basbakan-21-1024x682.jpeg?ver=bacf2e3a281d7d697bbe7359e2ed6f58 1024w, https:\/\/brtk.net\/wp-content\/uploads\/2023\/05\/11\/basbakan-21-300x200.jpeg?ver=314e6545e6993e3b78e64ed384106d45 300w, https:\/\/brtk.net\/wp-content\/uploads\/2023\/05\/11\/basbakan-21-768x512.jpeg?ver=bacf2e3a281d7d697bbe7359e2ed6f58 768w, https:\/\/brtk.net\/wp-content\/uploads\/2023\/05\/11\/basbakan-21-1536x1023.jpeg?ver=f8c204f1c8bd2b122444fa1e64d65bce 1536w, https:\/\/brtk.net\/wp-content\/uploads\/2023\/05\/11\/basbakan-21.jpeg?ver=314e6545e6993e3b78e64ed384106d45 1600w\"\/>                            <\/div>\n<p>Ba\u015fbakan \u00dcnal \u00dcstel, Mare Monte Giri\u015fimci Yard\u0131mseverler Derne\u011fi ba\u015fkan\u0131 \u015eeniz Ertarkan Berkin ve y\u00f6netim kurulunu kabul etti.<\/p>\n<p>Ba\u015fbakanl\u0131ktan verilen bilgiye g\u00f6re, Ba\u015fbakanl\u0131kta ger\u00e7ekle\u015ftirilen kabulde, Ba\u015fbakan \u00dcstel derne\u011fin \u00e7al\u0131\u015fmalar\u0131, ba\u011f\u0131\u015f ve yard\u0131mlarla ilgili bilgi ald\u0131.<\/p>\n<p>Mare Monte Giri\u015fimci Yard\u0131mseverler Derne\u011fi\u2019nin yapt\u0131\u011f\u0131 \u00e7al\u0131\u015fmalar\u0131 yak\u0131ndan takip etti\u011fini belirten Ba\u015fbakan \u00dcstel, dernek ba\u015fkan\u0131 \u015eeniz Berkin ve y\u00f6netim kurulunun yapm\u0131\u015f oldu\u011fu \u00e7al\u0131\u015fmalar\u0131 kutlad\u0131.<\/p>\n<p>Ba\u015fbakan \u00dcstel, ihtiya\u00e7 duyulmas\u0131 halinde \u00f6n\u00fcm\u00fczdeki s\u00fcre\u00e7te Mare Monte Giri\u015fimci Yard\u0131mseverler Derne\u011fi\u2019nin destek\u00e7isi olmaya  devam edece\u011fini ifade etti.<\/p>\n<\/p><\/div>\n<p><script async\n                    defer\n                    crossorigin=\"anonymous\"\n                    src=\"https:\/\/connect.facebook.net\/tr_TR\/sdk.js#xfbml=1&#038;version=v3.3\"\n            ><\/script><\/p>\n","protected":false},"excerpt":{"rendered":"<p>Ba\u015fbakan \u00dcnal \u00dcstel, Mare Monte Giri\u015fimci Yard\u0131mseverler Derne\u011fi ba\u015fkan\u0131 \u015eeniz Ertarkan Berkin ve y\u00f6netim kurulunu kabul etti. Ba\u015fbakanl\u0131ktan verilen bilgiye g\u00f6re, Ba\u015fbakanl\u0131kta ger\u00e7ekle\u015ftirilen kabulde, Ba\u015fbakan \u00dcstel derne\u011fin \u00e7al\u0131\u015fmalar\u0131, ba\u011f\u0131\u015f ve yard\u0131mlarla ilgili bilgi ald\u0131. Mare Monte Giri\u015fimci Yard\u0131mseverler Derne\u011fi\u2019nin yapt\u0131\u011f\u0131 \u00e7al\u0131\u015fmalar\u0131 yak\u0131ndan takip etti\u011fini belirten Ba\u015fbakan \u00dcstel, dernek ba\u015fkan\u0131 \u015eeniz Berkin ve y\u00f6netim kurulunun yapm\u0131\u015f<\/p>\n","protected":false},"author":1,"featured_media":6694,"comment_status":"open","ping_status":"open","sticky":false,"template":"","format":"standard","meta":{"footnotes":""},"categories":[1],"tags":[],"class_list":["post-6693","post","type-post","status-publish","format-standard","has-post-thumbnail","hentry","category-gundem"],"yoast_head":"<!-- This site is optimized with the Yoast SEO plugin v27.5 - https:\/\/yoast.com\/product\/yoast-seo-wordpress\/ -->\n<title>Ba\u015fbakan \u00dcstel, Mare Monte Giri\u015fimci Yard\u0131mseverler Derne\u011fi\u2019ni kabul etti -<\/title>\n<meta name=\"robots\" content=\"index, follow, max-snippet:-1, max-image-preview:large, max-video-preview:-1\" \/>\n<link rel=\"canonical\" href=\"https:\/\/kibrisdakik.com\/?p=6693\" \/>\n<meta property=\"og:locale\" content=\"tr_TR\" \/>\n<meta property=\"og:type\" content=\"article\" \/>\n<meta property=\"og:title\" content=\"Ba\u015fbakan \u00dcstel, Mare Monte Giri\u015fimci Yard\u0131mseverler Derne\u011fi\u2019ni kabul etti -\" \/>\n<meta property=\"og:description\" content=\"Ba\u015fbakan \u00dcnal \u00dcstel, Mare Monte Giri\u015fimci Yard\u0131mseverler Derne\u011fi ba\u015fkan\u0131 \u015eeniz Ertarkan Berkin ve y\u00f6netim kurulunu kabul etti. Ba\u015fbakanl\u0131ktan verilen bilgiye g\u00f6re, Ba\u015fbakanl\u0131kta ger\u00e7ekle\u015ftirilen kabulde, Ba\u015fbakan \u00dcstel derne\u011fin \u00e7al\u0131\u015fmalar\u0131, ba\u011f\u0131\u015f ve yard\u0131mlarla ilgili bilgi ald\u0131. Mare Monte Giri\u015fimci Yard\u0131mseverler Derne\u011fi\u2019nin yapt\u0131\u011f\u0131 \u00e7al\u0131\u015fmalar\u0131 yak\u0131ndan takip etti\u011fini belirten Ba\u015fbakan \u00dcstel, dernek ba\u015fkan\u0131 \u015eeniz Berkin ve y\u00f6netim kurulunun yapm\u0131\u015f\" \/>\n<meta property=\"og:url\" content=\"https:\/\/kibrisdakik.com\/?p=6693\" \/>\n<meta property=\"article:published_time\" content=\"2023-05-11T13:46:39+00:00\" \/>\n<meta property=\"og:image\" content=\"https:\/\/kibrisdakik.com\/wp-content\/uploads\/2023\/05\/basbakan-21-740x420.jpeg\" \/>\n\t<meta property=\"og:image:width\" content=\"1600\" \/>\n\t<meta property=\"og:image:height\" content=\"1066\" \/>\n\t<meta property=\"og:image:type\" content=\"image\/jpeg\" \/>\n<meta name=\"author\" content=\"admin\" \/>\n<meta name=\"twitter:card\" content=\"summary_large_image\" \/>\n<meta name=\"twitter:label1\" content=\"Yazan:\" \/>\n\t<meta name=\"twitter:data1\" content=\"admin\" \/>\n\t<meta name=\"twitter:label2\" content=\"Tahmini okuma s\u00fcresi\" \/>\n\t<meta name=\"twitter:data2\" content=\"1 dakika\" \/>\n<script type=\"application\/ld+json\" class=\"yoast-schema-graph\">{\"@context\":\"https:\\\/\\\/schema.org\",\"@graph\":[{\"@type\":\"Article\",\"@id\":\"https:\\\/\\\/kibrisdakik.com\\\/?p=6693#article\",\"isPartOf\":{\"@id\":\"https:\\\/\\\/kibrisdakik.com\\\/?p=6693\"},\"author\":{\"name\":\"admin\",\"@id\":\"https:\\\/\\\/kibrisdakik.com\\\/#\\\/schema\\\/person\\\/9cd9d437bbb44f72b73ba127e06d8e79\"},\"headline\":\"Ba\u015fbakan \u00dcstel, Mare Monte Giri\u015fimci Yard\u0131mseverler Derne\u011fi\u2019ni kabul etti\",\"datePublished\":\"2023-05-11T13:46:39+00:00\",\"mainEntityOfPage\":{\"@id\":\"https:\\\/\\\/kibrisdakik.com\\\/?p=6693\"},\"wordCount\":130,\"commentCount\":0,\"image\":{\"@id\":\"https:\\\/\\\/kibrisdakik.com\\\/?p=6693#primaryimage\"},\"thumbnailUrl\":\"https:\\\/\\\/kibrisdakik.com\\\/wp-content\\\/uploads\\\/2023\\\/05\\\/basbakan-21-740x420.jpeg\",\"articleSection\":[\"G\u00fcndem\"],\"inLanguage\":\"tr\",\"potentialAction\":[{\"@type\":\"CommentAction\",\"name\":\"Comment\",\"target\":[\"https:\\\/\\\/kibrisdakik.com\\\/?p=6693#respond\"]}]},{\"@type\":\"WebPage\",\"@id\":\"https:\\\/\\\/kibrisdakik.com\\\/?p=6693\",\"url\":\"https:\\\/\\\/kibrisdakik.com\\\/?p=6693\",\"name\":\"Ba\u015fbakan \u00dcstel, Mare Monte Giri\u015fimci Yard\u0131mseverler Derne\u011fi\u2019ni kabul etti -\",\"isPartOf\":{\"@id\":\"https:\\\/\\\/kibrisdakik.com\\\/#website\"},\"primaryImageOfPage\":{\"@id\":\"https:\\\/\\\/kibrisdakik.com\\\/?p=6693#primaryimage\"},\"image\":{\"@id\":\"https:\\\/\\\/kibrisdakik.com\\\/?p=6693#primaryimage\"},\"thumbnailUrl\":\"https:\\\/\\\/kibrisdakik.com\\\/wp-content\\\/uploads\\\/2023\\\/05\\\/basbakan-21-740x420.jpeg\",\"datePublished\":\"2023-05-11T13:46:39+00:00\",\"author\":{\"@id\":\"https:\\\/\\\/kibrisdakik.com\\\/#\\\/schema\\\/person\\\/9cd9d437bbb44f72b73ba127e06d8e79\"},\"breadcrumb\":{\"@id\":\"https:\\\/\\\/kibrisdakik.com\\\/?p=6693#breadcrumb\"},\"inLanguage\":\"tr\",\"potentialAction\":[{\"@type\":\"ReadAction\",\"target\":[\"https:\\\/\\\/kibrisdakik.com\\\/?p=6693\"]}]},{\"@type\":\"ImageObject\",\"inLanguage\":\"tr\",\"@id\":\"https:\\\/\\\/kibrisdakik.com\\\/?p=6693#primaryimage\",\"url\":\"https:\\\/\\\/kibrisdakik.com\\\/wp-content\\\/uploads\\\/2023\\\/05\\\/basbakan-21-740x420.jpeg\",\"contentUrl\":\"https:\\\/\\\/kibrisdakik.com\\\/wp-content\\\/uploads\\\/2023\\\/05\\\/basbakan-21-740x420.jpeg\",\"width\":1600,\"height\":1066},{\"@type\":\"BreadcrumbList\",\"@id\":\"https:\\\/\\\/kibrisdakik.com\\\/?p=6693#breadcrumb\",\"itemListElement\":[{\"@type\":\"ListItem\",\"position\":1,\"name\":\"Home\",\"item\":\"https:\\\/\\\/kibrisdakik.com\\\/\"},{\"@type\":\"ListItem\",\"position\":2,\"name\":\"Ba\u015fbakan \u00dcstel, Mare Monte Giri\u015fimci Yard\u0131mseverler Derne\u011fi\u2019ni kabul etti\"}]},{\"@type\":\"WebSite\",\"@id\":\"https:\\\/\\\/kibrisdakik.com\\\/#website\",\"url\":\"https:\\\/\\\/kibrisdakik.com\\\/\",\"name\":\"\",\"description\":\"Tam vaktinde haber\",\"potentialAction\":[{\"@type\":\"SearchAction\",\"target\":{\"@type\":\"EntryPoint\",\"urlTemplate\":\"https:\\\/\\\/kibrisdakik.com\\\/?s={search_term_string}\"},\"query-input\":{\"@type\":\"PropertyValueSpecification\",\"valueRequired\":true,\"valueName\":\"search_term_string\"}}],\"inLanguage\":\"tr\"},{\"@type\":\"Person\",\"@id\":\"https:\\\/\\\/kibrisdakik.com\\\/#\\\/schema\\\/person\\\/9cd9d437bbb44f72b73ba127e06d8e79\",\"name\":\"admin\",\"image\":{\"@type\":\"ImageObject\",\"inLanguage\":\"tr\",\"@id\":\"https:\\\/\\\/secure.gravatar.com\\\/avatar\\\/ccc17943b9d660506c869530f897617f7cb1c21a4bf30023f252596d83e1f007?s=96&d=mm&r=g\",\"url\":\"https:\\\/\\\/secure.gravatar.com\\\/avatar\\\/ccc17943b9d660506c869530f897617f7cb1c21a4bf30023f252596d83e1f007?s=96&d=mm&r=g\",\"contentUrl\":\"https:\\\/\\\/secure.gravatar.com\\\/avatar\\\/ccc17943b9d660506c869530f897617f7cb1c21a4bf30023f252596d83e1f007?s=96&d=mm&r=g\",\"caption\":\"admin\"},\"sameAs\":[\"https:\\\/\\\/kibrisdakik.com\"],\"url\":\"https:\\\/\\\/kibrisdakik.com\\\/?author=1\"}]}<\/script>\n<!-- \/ Yoast SEO plugin. -->","yoast_head_json":{"title":"Ba\u015fbakan \u00dcstel, Mare Monte Giri\u015fimci Yard\u0131mseverler Derne\u011fi\u2019ni kabul etti -","robots":{"index":"index","follow":"follow","max-snippet":"max-snippet:-1","max-image-preview":"max-image-preview:large","max-video-preview":"max-video-preview:-1"},"canonical":"https:\/\/kibrisdakik.com\/?p=6693","og_locale":"tr_TR","og_type":"article","og_title":"Ba\u015fbakan \u00dcstel, Mare Monte Giri\u015fimci Yard\u0131mseverler Derne\u011fi\u2019ni kabul etti -","og_description":"Ba\u015fbakan \u00dcnal \u00dcstel, Mare Monte Giri\u015fimci Yard\u0131mseverler Derne\u011fi ba\u015fkan\u0131 \u015eeniz Ertarkan Berkin ve y\u00f6netim kurulunu kabul etti. Ba\u015fbakanl\u0131ktan verilen bilgiye g\u00f6re, Ba\u015fbakanl\u0131kta ger\u00e7ekle\u015ftirilen kabulde, Ba\u015fbakan \u00dcstel derne\u011fin \u00e7al\u0131\u015fmalar\u0131, ba\u011f\u0131\u015f ve yard\u0131mlarla ilgili bilgi ald\u0131. Mare Monte Giri\u015fimci Yard\u0131mseverler Derne\u011fi\u2019nin yapt\u0131\u011f\u0131 \u00e7al\u0131\u015fmalar\u0131 yak\u0131ndan takip etti\u011fini belirten Ba\u015fbakan \u00dcstel, dernek ba\u015fkan\u0131 \u015eeniz Berkin ve y\u00f6netim kurulunun yapm\u0131\u015f","og_url":"https:\/\/kibrisdakik.com\/?p=6693","article_published_time":"2023-05-11T13:46:39+00:00","og_image":[{"width":1600,"height":1066,"url":"https:\/\/kibrisdakik.com\/wp-content\/uploads\/2023\/05\/basbakan-21-740x420.jpeg","type":"image\/jpeg"}],"author":"admin","twitter_card":"summary_large_image","twitter_misc":{"Yazan:":"admin","Tahmini okuma s\u00fcresi":"1 dakika"},"schema":{"@context":"https:\/\/schema.org","@graph":[{"@type":"Article","@id":"https:\/\/kibrisdakik.com\/?p=6693#article","isPartOf":{"@id":"https:\/\/kibrisdakik.com\/?p=6693"},"author":{"name":"admin","@id":"https:\/\/kibrisdakik.com\/#\/schema\/person\/9cd9d437bbb44f72b73ba127e06d8e79"},"headline":"Ba\u015fbakan \u00dcstel, Mare Monte Giri\u015fimci Yard\u0131mseverler Derne\u011fi\u2019ni kabul etti","datePublished":"2023-05-11T13:46:39+00:00","mainEntityOfPage":{"@id":"https:\/\/kibrisdakik.com\/?p=6693"},"wordCount":130,"commentCount":0,"image":{"@id":"https:\/\/kibrisdakik.com\/?p=6693#primaryimage"},"thumbnailUrl":"https:\/\/kibrisdakik.com\/wp-content\/uploads\/2023\/05\/basbakan-21-740x420.jpeg","articleSection":["G\u00fcndem"],"inLanguage":"tr","potentialAction":[{"@type":"CommentAction","name":"Comment","target":["https:\/\/kibrisdakik.com\/?p=6693#respond"]}]},{"@type":"WebPage","@id":"https:\/\/kibrisdakik.com\/?p=6693","url":"https:\/\/kibrisdakik.com\/?p=6693","name":"Ba\u015fbakan \u00dcstel, Mare Monte Giri\u015fimci Yard\u0131mseverler Derne\u011fi\u2019ni kabul etti -","isPartOf":{"@id":"https:\/\/kibrisdakik.com\/#website"},"primaryImageOfPage":{"@id":"https:\/\/kibrisdakik.com\/?p=6693#primaryimage"},"image":{"@id":"https:\/\/kibrisdakik.com\/?p=6693#primaryimage"},"thumbnailUrl":"https:\/\/kibrisdakik.com\/wp-content\/uploads\/2023\/05\/basbakan-21-740x420.jpeg","datePublished":"2023-05-11T13:46:39+00:00","author":{"@id":"https:\/\/kibrisdakik.com\/#\/schema\/person\/9cd9d437bbb44f72b73ba127e06d8e79"},"breadcrumb":{"@id":"https:\/\/kibrisdakik.com\/?p=6693#breadcrumb"},"inLanguage":"tr","potentialAction":[{"@type":"ReadAction","target":["https:\/\/kibrisdakik.com\/?p=6693"]}]},{"@type":"ImageObject","inLanguage":"tr","@id":"https:\/\/kibrisdakik.com\/?p=6693#primaryimage","url":"https:\/\/kibrisdakik.com\/wp-content\/uploads\/2023\/05\/basbakan-21-740x420.jpeg","contentUrl":"https:\/\/kibrisdakik.com\/wp-content\/uploads\/2023\/05\/basbakan-21-740x420.jpeg","width":1600,"height":1066},{"@type":"BreadcrumbList","@id":"https:\/\/kibrisdakik.com\/?p=6693#breadcrumb","itemListElement":[{"@type":"ListItem","position":1,"name":"Home","item":"https:\/\/kibrisdakik.com\/"},{"@type":"ListItem","position":2,"name":"Ba\u015fbakan \u00dcstel, Mare Monte Giri\u015fimci Yard\u0131mseverler Derne\u011fi\u2019ni kabul etti"}]},{"@type":"WebSite","@id":"https:\/\/kibrisdakik.com\/#website","url":"https:\/\/kibrisdakik.com\/","name":"","description":"Tam vaktinde haber","potentialAction":[{"@type":"SearchAction","target":{"@type":"EntryPoint","urlTemplate":"https:\/\/kibrisdakik.com\/?s={search_term_string}"},"query-input":{"@type":"PropertyValueSpecification","valueRequired":true,"valueName":"search_term_string"}}],"inLanguage":"tr"},{"@type":"Person","@id":"https:\/\/kibrisdakik.com\/#\/schema\/person\/9cd9d437bbb44f72b73ba127e06d8e79","name":"admin","image":{"@type":"ImageObject","inLanguage":"tr","@id":"https:\/\/secure.gravatar.com\/avatar\/ccc17943b9d660506c869530f897617f7cb1c21a4bf30023f252596d83e1f007?s=96&d=mm&r=g","url":"https:\/\/secure.gravatar.com\/avatar\/ccc17943b9d660506c869530f897617f7cb1c21a4bf30023f252596d83e1f007?s=96&d=mm&r=g","contentUrl":"https:\/\/secure.gravatar.com\/avatar\/ccc17943b9d660506c869530f897617f7cb1c21a4bf30023f252596d83e1f007?s=96&d=mm&r=g","caption":"admin"},"sameAs":["https:\/\/kibrisdakik.com"],"url":"https:\/\/kibrisdakik.com\/?author=1"}]}},"_links":{"self":[{"href":"https:\/\/kibrisdakik.com\/index.php?rest_route=\/wp\/v2\/posts\/6693","targetHints":{"allow":["GET"]}}],"collection":[{"href":"https:\/\/kibrisdakik.com\/index.php?rest_route=\/wp\/v2\/posts"}],"about":[{"href":"https:\/\/kibrisdakik.com\/index.php?rest_route=\/wp\/v2\/types\/post"}],"author":[{"embeddable":true,"href":"https:\/\/kibrisdakik.com\/index.php?rest_route=\/wp\/v2\/users\/1"}],"replies":[{"embeddable":true,"href":"https:\/\/kibrisdakik.com\/index.php?rest_route=%2Fwp%2Fv2%2Fcomments&post=6693"}],"version-history":[{"count":0,"href":"https:\/\/kibrisdakik.com\/index.php?rest_route=\/wp\/v2\/posts\/6693\/revisions"}],"wp:featuredmedia":[{"embeddable":true,"href":"https:\/\/kibrisdakik.com\/index.php?rest_route=\/wp\/v2\/media\/6694"}],"wp:attachment":[{"href":"https:\/\/kibrisdakik.com\/index.php?rest_route=%2Fwp%2Fv2%2Fmedia&parent=6693"}],"wp:term":[{"taxonomy":"category","embeddable":true,"href":"https:\/\/kibrisdakik.com\/index.php?rest_route=%2Fwp%2Fv2%2Fcategories&post=6693"},{"taxonomy":"post_tag","embeddable":true,"href":"https:\/\/kibrisdakik.com\/index.php?rest_route=%2Fwp%2Fv2%2Ftags&post=6693"}],"curies":[{"name":"wp","href":"https:\/\/api.w.org\/{rel}","templated":true}]}}