{"id":66937,"date":"2024-10-16T15:25:01","date_gmt":"2024-10-16T12:25:01","guid":{"rendered":"https:\/\/kibrisdakik.com\/index.php\/2024\/10\/16\/emekli-astsubaylar-dernegi-dunya-astsubaylar-gunu-dolayisiyla-mesaj-yayimladi\/"},"modified":"2024-10-16T15:25:01","modified_gmt":"2024-10-16T12:25:01","slug":"emekli-astsubaylar-dernegi-dunya-astsubaylar-gunu-dolayisiyla-mesaj-yayimladi","status":"publish","type":"post","link":"https:\/\/kibrisdakik.com\/?p=66937","title":{"rendered":"Emekli Astsubaylar Derne\u011fi, D\u00fcnya Astsubaylar G\u00fcn\u00fc dolay\u0131s\u0131yla mesaj yay\u0131mlad\u0131"},"content":{"rendered":"<div>\n<div class=\"mariselle-image-container center\">\n                                            <\/div>\n<p>Emekli Astsubaylar Derne\u011fi, 17 Ekim D\u00fcnya Astsubaylar G\u00fcn\u00fc dolay\u0131s\u0131yla mesaj yay\u0131mlad\u0131.<\/p>\n<p>Emekli Astsubaylar Derne\u011fi Genel Ba\u015fkan\u0131 Esen \u00d6m\u00fcrl\u00fc taraf\u0131ndan yay\u0131mlanan mesajda, \u201cAstsubayl\u0131k mesle\u011finin onurunu ve fedak\u00e2rl\u0131\u011f\u0131n\u0131 temsil eden 17 Ekim D\u00fcnya Astsubaylar G\u00fcn\u00fc\u2019n\u00fcn 12. y\u0131l\u0131n\u0131 b\u00fcy\u00fck bir gurur ve co\u015fkuyla kutlamaktay\u0131z.\u201d denilerek, astsubaylar\u0131n vatan ve millet i\u00e7in g\u00f6sterdi\u011fi \u00f6zveri, cesaret, kahramanl\u0131k ve fedak\u00e2rl\u0131klar\u0131 an\u0131ld\u0131.<\/p>\n<p>1955\u2019ten bu yana K\u0131br\u0131s T\u00fcrk halk\u0131n\u0131n varolu\u015f m\u00fccadelesinde canlar\u0131n\u0131 feda eden \u015fehit ve gazi m\u00fccahitlerin de minnetle an\u0131ld\u0131\u011f\u0131 mesajda, ba\u011f\u0131ms\u0131z Kuzey K\u0131br\u0131s T\u00fcrk Cumhuriyeti\u2019nin varl\u0131\u011f\u0131n\u0131n m\u00fccahitlere bor\u00e7lu olundu\u011funa de\u011finildi. Mesajda, \u201c\u00d6zellikle Anavatan T\u00fcrkiye Cumhuriyeti\u2019nin ger\u00e7ekle\u015ftirdi\u011fi 1974 Bar\u0131\u015f Harek\u00e2t\u0131 ile ba\u015flayan s\u00fcre\u00e7te, kahraman m\u00fccahitlerimiz ve Mehmet\u00e7iklerimiz adan\u0131n kaderini de\u011fi\u015ftirerek K\u0131br\u0131s T\u00fcrk halk\u0131na hak etti\u011fi bar\u0131\u015f\u0131 ve \u00f6zg\u00fcrl\u00fc\u011f\u00fc getirmi\u015ftir.\u201d denildi.<\/p>\n<p>Mesajda, \u201cBug\u00fcn, K\u0131br\u0131s davas\u0131 h\u00e2l\u00e2 g\u00fcncelli\u011fini korumaktad\u0131r. K\u0131br\u0131s T\u00fcrk halk\u0131, her t\u00fcrl\u00fc provokasyona ra\u011fmen birli\u011fini ve direncini s\u00fcrd\u00fcrmekte, haklar\u0131n\u0131 savunma kararl\u0131l\u0131\u011f\u0131n\u0131 her platformda g\u00f6stermektedir. Bu s\u00fcre\u00e7te Anavatan T\u00fcrkiye\u2019nin kararl\u0131 deste\u011fi, K\u0131br\u0131s T\u00fcrk halk\u0131 i\u00e7in en b\u00fcy\u00fck g\u00fcvence olmaya devam etmektedir. T\u00fcrkiye\u2019nin ekonomik, askeri ve diplomatik deste\u011fi, KKTC\u2019nin uluslararas\u0131 alandaki hakl\u0131 m\u00fccadelesine g\u00fc\u00e7 katmaktad\u0131r.\u201d ifadelerine yer verildi.<\/p>\n<p>Astsubaylar\u0131n her zaman oldu\u011fu gibi bug\u00fcn de vatan savunmas\u0131nda \u00f6nc\u00fc rol oynad\u0131\u011f\u0131n\u0131n, cesaret ve fedak\u00e2rl\u0131klar\u0131yla K\u0131br\u0131s T\u00fcrk halk\u0131n\u0131n g\u00fcvenli\u011fini temin ettiklerinin kaydedildi\u011fi mesajda, \u201cBu vesileyle, KKTC G\u00fcvenlik Kuvvetleri Komutanl\u0131\u011f\u0131 Emekli Astsubaylar Derne\u011fi olarak, \u015fehitlerimizi rahmetle an\u0131yor, gazilerimize minnet ve sayg\u0131lar\u0131m\u0131z\u0131 sunuyoruz. Emekli astsubaylar olarak, \u00fclkemizin g\u00fcvenli\u011fi ve refah\u0131 i\u00e7in ayn\u0131 bilin\u00e7 ve kararl\u0131l\u0131kla hizmet etmeye devam edece\u011fimizi bir kez daha vurgulamak istiyorum. Bu anlaml\u0131 g\u00fcnde, t\u00fcm meslekta\u015flar\u0131m\u0131n 17 Ekim D\u00fcnya Astsubaylar G\u00fcn\u00fc\u2019n\u00fc en i\u00e7ten dileklerimle kutluyor, \u00dclkemize, Batan\u0131m\u0131za ve Bayra\u011f\u0131m\u0131za hizmet eden t\u00fcm astsubaylar\u0131m\u0131za \u015f\u00fckranlar\u0131m\u0131 sunuyorum.\u201d ifadeleri kullan\u0131ld\u0131.<\/p>\n<p>\u00d6te yandan D\u00fcnya Astsubaylar G\u00fcn\u00fc nedeniyle Dernek yar\u0131n saat 10.00\u2019da Lefko\u015fa\u2019da Atat\u00fcrk An\u0131t\u0131\u2019na \u00e7elenk koyacak.<\/p>\n<\/p><\/div>\n<p><script async\n                    defer\n                    crossorigin=\"anonymous\"\n                    src=\"https:\/\/connect.facebook.net\/tr_TR\/sdk.js#xfbml=1&#038;version=v3.3\"\n            ><\/script><\/p>\n","protected":false},"excerpt":{"rendered":"<p>Emekli Astsubaylar Derne\u011fi, 17 Ekim D\u00fcnya Astsubaylar G\u00fcn\u00fc dolay\u0131s\u0131yla mesaj yay\u0131mlad\u0131. Emekli Astsubaylar Derne\u011fi Genel Ba\u015fkan\u0131 Esen \u00d6m\u00fcrl\u00fc taraf\u0131ndan yay\u0131mlanan mesajda, \u201cAstsubayl\u0131k mesle\u011finin onurunu ve fedak\u00e2rl\u0131\u011f\u0131n\u0131 temsil eden 17 Ekim D\u00fcnya Astsubaylar G\u00fcn\u00fc\u2019n\u00fcn 12. y\u0131l\u0131n\u0131 b\u00fcy\u00fck bir gurur ve co\u015fkuyla kutlamaktay\u0131z.\u201d denilerek, astsubaylar\u0131n vatan ve millet i\u00e7in g\u00f6sterdi\u011fi \u00f6zveri, cesaret, kahramanl\u0131k ve fedak\u00e2rl\u0131klar\u0131 an\u0131ld\u0131. 1955\u2019ten<\/p>\n","protected":false},"author":1,"featured_media":66938,"comment_status":"open","ping_status":"open","sticky":false,"template":"","format":"standard","meta":{"footnotes":""},"categories":[81],"tags":[],"class_list":["post-66937","post","type-post","status-publish","format-standard","has-post-thumbnail","hentry","category-kibris"],"yoast_head":"<!-- This site is optimized with the Yoast SEO plugin v27.5 - https:\/\/yoast.com\/product\/yoast-seo-wordpress\/ -->\n<title>Emekli Astsubaylar Derne\u011fi, D\u00fcnya Astsubaylar G\u00fcn\u00fc dolay\u0131s\u0131yla mesaj yay\u0131mlad\u0131 -<\/title>\n<meta name=\"robots\" content=\"index, follow, max-snippet:-1, max-image-preview:large, max-video-preview:-1\" \/>\n<link rel=\"canonical\" href=\"https:\/\/kibrisdakik.com\/?p=66937\" \/>\n<meta property=\"og:locale\" content=\"tr_TR\" \/>\n<meta property=\"og:type\" content=\"article\" \/>\n<meta property=\"og:title\" content=\"Emekli Astsubaylar Derne\u011fi, D\u00fcnya Astsubaylar G\u00fcn\u00fc dolay\u0131s\u0131yla mesaj yay\u0131mlad\u0131 -\" \/>\n<meta property=\"og:description\" content=\"Emekli Astsubaylar Derne\u011fi, 17 Ekim D\u00fcnya Astsubaylar G\u00fcn\u00fc dolay\u0131s\u0131yla mesaj yay\u0131mlad\u0131. Emekli Astsubaylar Derne\u011fi Genel Ba\u015fkan\u0131 Esen \u00d6m\u00fcrl\u00fc taraf\u0131ndan yay\u0131mlanan mesajda, \u201cAstsubayl\u0131k mesle\u011finin onurunu ve fedak\u00e2rl\u0131\u011f\u0131n\u0131 temsil eden 17 Ekim D\u00fcnya Astsubaylar G\u00fcn\u00fc\u2019n\u00fcn 12. y\u0131l\u0131n\u0131 b\u00fcy\u00fck bir gurur ve co\u015fkuyla kutlamaktay\u0131z.\u201d denilerek, astsubaylar\u0131n vatan ve millet i\u00e7in g\u00f6sterdi\u011fi \u00f6zveri, cesaret, kahramanl\u0131k ve fedak\u00e2rl\u0131klar\u0131 an\u0131ld\u0131. 1955\u2019ten\" \/>\n<meta property=\"og:url\" content=\"https:\/\/kibrisdakik.com\/?p=66937\" \/>\n<meta property=\"article:published_time\" content=\"2024-10-16T12:25:01+00:00\" \/>\n<meta property=\"og:image\" content=\"https:\/\/kibrisdakik.com\/wp-content\/uploads\/2024\/10\/emekli-astsubaylar-dernegi.webp-740x420.webp\" \/>\n\t<meta property=\"og:image:width\" content=\"1280\" \/>\n\t<meta property=\"og:image:height\" content=\"720\" \/>\n\t<meta property=\"og:image:type\" content=\"image\/webp\" \/>\n<meta name=\"author\" content=\"admin\" \/>\n<meta name=\"twitter:card\" content=\"summary_large_image\" \/>\n<meta name=\"twitter:label1\" content=\"Yazan:\" \/>\n\t<meta name=\"twitter:data1\" content=\"admin\" \/>\n\t<meta name=\"twitter:label2\" content=\"Tahmini okuma s\u00fcresi\" \/>\n\t<meta name=\"twitter:data2\" content=\"2 dakika\" \/>\n<script type=\"application\/ld+json\" class=\"yoast-schema-graph\">{\"@context\":\"https:\\\/\\\/schema.org\",\"@graph\":[{\"@type\":\"Article\",\"@id\":\"https:\\\/\\\/kibrisdakik.com\\\/?p=66937#article\",\"isPartOf\":{\"@id\":\"https:\\\/\\\/kibrisdakik.com\\\/?p=66937\"},\"author\":{\"name\":\"admin\",\"@id\":\"https:\\\/\\\/kibrisdakik.com\\\/#\\\/schema\\\/person\\\/9cd9d437bbb44f72b73ba127e06d8e79\"},\"headline\":\"Emekli Astsubaylar Derne\u011fi, D\u00fcnya Astsubaylar G\u00fcn\u00fc dolay\u0131s\u0131yla mesaj yay\u0131mlad\u0131\",\"datePublished\":\"2024-10-16T12:25:01+00:00\",\"mainEntityOfPage\":{\"@id\":\"https:\\\/\\\/kibrisdakik.com\\\/?p=66937\"},\"wordCount\":448,\"commentCount\":0,\"image\":{\"@id\":\"https:\\\/\\\/kibrisdakik.com\\\/?p=66937#primaryimage\"},\"thumbnailUrl\":\"https:\\\/\\\/kibrisdakik.com\\\/wp-content\\\/uploads\\\/2024\\\/10\\\/emekli-astsubaylar-dernegi.webp-740x420.webp\",\"articleSection\":[\"K\u0131br\u0131s\"],\"inLanguage\":\"tr\",\"potentialAction\":[{\"@type\":\"CommentAction\",\"name\":\"Comment\",\"target\":[\"https:\\\/\\\/kibrisdakik.com\\\/?p=66937#respond\"]}]},{\"@type\":\"WebPage\",\"@id\":\"https:\\\/\\\/kibrisdakik.com\\\/?p=66937\",\"url\":\"https:\\\/\\\/kibrisdakik.com\\\/?p=66937\",\"name\":\"Emekli Astsubaylar Derne\u011fi, D\u00fcnya Astsubaylar G\u00fcn\u00fc dolay\u0131s\u0131yla mesaj yay\u0131mlad\u0131 -\",\"isPartOf\":{\"@id\":\"https:\\\/\\\/kibrisdakik.com\\\/#website\"},\"primaryImageOfPage\":{\"@id\":\"https:\\\/\\\/kibrisdakik.com\\\/?p=66937#primaryimage\"},\"image\":{\"@id\":\"https:\\\/\\\/kibrisdakik.com\\\/?p=66937#primaryimage\"},\"thumbnailUrl\":\"https:\\\/\\\/kibrisdakik.com\\\/wp-content\\\/uploads\\\/2024\\\/10\\\/emekli-astsubaylar-dernegi.webp-740x420.webp\",\"datePublished\":\"2024-10-16T12:25:01+00:00\",\"author\":{\"@id\":\"https:\\\/\\\/kibrisdakik.com\\\/#\\\/schema\\\/person\\\/9cd9d437bbb44f72b73ba127e06d8e79\"},\"breadcrumb\":{\"@id\":\"https:\\\/\\\/kibrisdakik.com\\\/?p=66937#breadcrumb\"},\"inLanguage\":\"tr\",\"potentialAction\":[{\"@type\":\"ReadAction\",\"target\":[\"https:\\\/\\\/kibrisdakik.com\\\/?p=66937\"]}]},{\"@type\":\"ImageObject\",\"inLanguage\":\"tr\",\"@id\":\"https:\\\/\\\/kibrisdakik.com\\\/?p=66937#primaryimage\",\"url\":\"https:\\\/\\\/kibrisdakik.com\\\/wp-content\\\/uploads\\\/2024\\\/10\\\/emekli-astsubaylar-dernegi.webp-740x420.webp\",\"contentUrl\":\"https:\\\/\\\/kibrisdakik.com\\\/wp-content\\\/uploads\\\/2024\\\/10\\\/emekli-astsubaylar-dernegi.webp-740x420.webp\",\"width\":1280,\"height\":720},{\"@type\":\"BreadcrumbList\",\"@id\":\"https:\\\/\\\/kibrisdakik.com\\\/?p=66937#breadcrumb\",\"itemListElement\":[{\"@type\":\"ListItem\",\"position\":1,\"name\":\"Home\",\"item\":\"https:\\\/\\\/kibrisdakik.com\\\/\"},{\"@type\":\"ListItem\",\"position\":2,\"name\":\"Emekli Astsubaylar Derne\u011fi, D\u00fcnya Astsubaylar G\u00fcn\u00fc dolay\u0131s\u0131yla mesaj yay\u0131mlad\u0131\"}]},{\"@type\":\"WebSite\",\"@id\":\"https:\\\/\\\/kibrisdakik.com\\\/#website\",\"url\":\"https:\\\/\\\/kibrisdakik.com\\\/\",\"name\":\"\",\"description\":\"Tam vaktinde haber\",\"potentialAction\":[{\"@type\":\"SearchAction\",\"target\":{\"@type\":\"EntryPoint\",\"urlTemplate\":\"https:\\\/\\\/kibrisdakik.com\\\/?s={search_term_string}\"},\"query-input\":{\"@type\":\"PropertyValueSpecification\",\"valueRequired\":true,\"valueName\":\"search_term_string\"}}],\"inLanguage\":\"tr\"},{\"@type\":\"Person\",\"@id\":\"https:\\\/\\\/kibrisdakik.com\\\/#\\\/schema\\\/person\\\/9cd9d437bbb44f72b73ba127e06d8e79\",\"name\":\"admin\",\"image\":{\"@type\":\"ImageObject\",\"inLanguage\":\"tr\",\"@id\":\"https:\\\/\\\/secure.gravatar.com\\\/avatar\\\/ccc17943b9d660506c869530f897617f7cb1c21a4bf30023f252596d83e1f007?s=96&d=mm&r=g\",\"url\":\"https:\\\/\\\/secure.gravatar.com\\\/avatar\\\/ccc17943b9d660506c869530f897617f7cb1c21a4bf30023f252596d83e1f007?s=96&d=mm&r=g\",\"contentUrl\":\"https:\\\/\\\/secure.gravatar.com\\\/avatar\\\/ccc17943b9d660506c869530f897617f7cb1c21a4bf30023f252596d83e1f007?s=96&d=mm&r=g\",\"caption\":\"admin\"},\"sameAs\":[\"https:\\\/\\\/kibrisdakik.com\"],\"url\":\"https:\\\/\\\/kibrisdakik.com\\\/?author=1\"}]}<\/script>\n<!-- \/ Yoast SEO plugin. -->","yoast_head_json":{"title":"Emekli Astsubaylar Derne\u011fi, D\u00fcnya Astsubaylar G\u00fcn\u00fc dolay\u0131s\u0131yla mesaj yay\u0131mlad\u0131 -","robots":{"index":"index","follow":"follow","max-snippet":"max-snippet:-1","max-image-preview":"max-image-preview:large","max-video-preview":"max-video-preview:-1"},"canonical":"https:\/\/kibrisdakik.com\/?p=66937","og_locale":"tr_TR","og_type":"article","og_title":"Emekli Astsubaylar Derne\u011fi, D\u00fcnya Astsubaylar G\u00fcn\u00fc dolay\u0131s\u0131yla mesaj yay\u0131mlad\u0131 -","og_description":"Emekli Astsubaylar Derne\u011fi, 17 Ekim D\u00fcnya Astsubaylar G\u00fcn\u00fc dolay\u0131s\u0131yla mesaj yay\u0131mlad\u0131. Emekli Astsubaylar Derne\u011fi Genel Ba\u015fkan\u0131 Esen \u00d6m\u00fcrl\u00fc taraf\u0131ndan yay\u0131mlanan mesajda, \u201cAstsubayl\u0131k mesle\u011finin onurunu ve fedak\u00e2rl\u0131\u011f\u0131n\u0131 temsil eden 17 Ekim D\u00fcnya Astsubaylar G\u00fcn\u00fc\u2019n\u00fcn 12. y\u0131l\u0131n\u0131 b\u00fcy\u00fck bir gurur ve co\u015fkuyla kutlamaktay\u0131z.\u201d denilerek, astsubaylar\u0131n vatan ve millet i\u00e7in g\u00f6sterdi\u011fi \u00f6zveri, cesaret, kahramanl\u0131k ve fedak\u00e2rl\u0131klar\u0131 an\u0131ld\u0131. 1955\u2019ten","og_url":"https:\/\/kibrisdakik.com\/?p=66937","article_published_time":"2024-10-16T12:25:01+00:00","og_image":[{"width":1280,"height":720,"url":"https:\/\/kibrisdakik.com\/wp-content\/uploads\/2024\/10\/emekli-astsubaylar-dernegi.webp-740x420.webp","type":"image\/webp"}],"author":"admin","twitter_card":"summary_large_image","twitter_misc":{"Yazan:":"admin","Tahmini okuma s\u00fcresi":"2 dakika"},"schema":{"@context":"https:\/\/schema.org","@graph":[{"@type":"Article","@id":"https:\/\/kibrisdakik.com\/?p=66937#article","isPartOf":{"@id":"https:\/\/kibrisdakik.com\/?p=66937"},"author":{"name":"admin","@id":"https:\/\/kibrisdakik.com\/#\/schema\/person\/9cd9d437bbb44f72b73ba127e06d8e79"},"headline":"Emekli Astsubaylar Derne\u011fi, D\u00fcnya Astsubaylar G\u00fcn\u00fc dolay\u0131s\u0131yla mesaj yay\u0131mlad\u0131","datePublished":"2024-10-16T12:25:01+00:00","mainEntityOfPage":{"@id":"https:\/\/kibrisdakik.com\/?p=66937"},"wordCount":448,"commentCount":0,"image":{"@id":"https:\/\/kibrisdakik.com\/?p=66937#primaryimage"},"thumbnailUrl":"https:\/\/kibrisdakik.com\/wp-content\/uploads\/2024\/10\/emekli-astsubaylar-dernegi.webp-740x420.webp","articleSection":["K\u0131br\u0131s"],"inLanguage":"tr","potentialAction":[{"@type":"CommentAction","name":"Comment","target":["https:\/\/kibrisdakik.com\/?p=66937#respond"]}]},{"@type":"WebPage","@id":"https:\/\/kibrisdakik.com\/?p=66937","url":"https:\/\/kibrisdakik.com\/?p=66937","name":"Emekli Astsubaylar Derne\u011fi, D\u00fcnya Astsubaylar G\u00fcn\u00fc dolay\u0131s\u0131yla mesaj yay\u0131mlad\u0131 -","isPartOf":{"@id":"https:\/\/kibrisdakik.com\/#website"},"primaryImageOfPage":{"@id":"https:\/\/kibrisdakik.com\/?p=66937#primaryimage"},"image":{"@id":"https:\/\/kibrisdakik.com\/?p=66937#primaryimage"},"thumbnailUrl":"https:\/\/kibrisdakik.com\/wp-content\/uploads\/2024\/10\/emekli-astsubaylar-dernegi.webp-740x420.webp","datePublished":"2024-10-16T12:25:01+00:00","author":{"@id":"https:\/\/kibrisdakik.com\/#\/schema\/person\/9cd9d437bbb44f72b73ba127e06d8e79"},"breadcrumb":{"@id":"https:\/\/kibrisdakik.com\/?p=66937#breadcrumb"},"inLanguage":"tr","potentialAction":[{"@type":"ReadAction","target":["https:\/\/kibrisdakik.com\/?p=66937"]}]},{"@type":"ImageObject","inLanguage":"tr","@id":"https:\/\/kibrisdakik.com\/?p=66937#primaryimage","url":"https:\/\/kibrisdakik.com\/wp-content\/uploads\/2024\/10\/emekli-astsubaylar-dernegi.webp-740x420.webp","contentUrl":"https:\/\/kibrisdakik.com\/wp-content\/uploads\/2024\/10\/emekli-astsubaylar-dernegi.webp-740x420.webp","width":1280,"height":720},{"@type":"BreadcrumbList","@id":"https:\/\/kibrisdakik.com\/?p=66937#breadcrumb","itemListElement":[{"@type":"ListItem","position":1,"name":"Home","item":"https:\/\/kibrisdakik.com\/"},{"@type":"ListItem","position":2,"name":"Emekli Astsubaylar Derne\u011fi, D\u00fcnya Astsubaylar G\u00fcn\u00fc dolay\u0131s\u0131yla mesaj yay\u0131mlad\u0131"}]},{"@type":"WebSite","@id":"https:\/\/kibrisdakik.com\/#website","url":"https:\/\/kibrisdakik.com\/","name":"","description":"Tam vaktinde haber","potentialAction":[{"@type":"SearchAction","target":{"@type":"EntryPoint","urlTemplate":"https:\/\/kibrisdakik.com\/?s={search_term_string}"},"query-input":{"@type":"PropertyValueSpecification","valueRequired":true,"valueName":"search_term_string"}}],"inLanguage":"tr"},{"@type":"Person","@id":"https:\/\/kibrisdakik.com\/#\/schema\/person\/9cd9d437bbb44f72b73ba127e06d8e79","name":"admin","image":{"@type":"ImageObject","inLanguage":"tr","@id":"https:\/\/secure.gravatar.com\/avatar\/ccc17943b9d660506c869530f897617f7cb1c21a4bf30023f252596d83e1f007?s=96&d=mm&r=g","url":"https:\/\/secure.gravatar.com\/avatar\/ccc17943b9d660506c869530f897617f7cb1c21a4bf30023f252596d83e1f007?s=96&d=mm&r=g","contentUrl":"https:\/\/secure.gravatar.com\/avatar\/ccc17943b9d660506c869530f897617f7cb1c21a4bf30023f252596d83e1f007?s=96&d=mm&r=g","caption":"admin"},"sameAs":["https:\/\/kibrisdakik.com"],"url":"https:\/\/kibrisdakik.com\/?author=1"}]}},"_links":{"self":[{"href":"https:\/\/kibrisdakik.com\/index.php?rest_route=\/wp\/v2\/posts\/66937","targetHints":{"allow":["GET"]}}],"collection":[{"href":"https:\/\/kibrisdakik.com\/index.php?rest_route=\/wp\/v2\/posts"}],"about":[{"href":"https:\/\/kibrisdakik.com\/index.php?rest_route=\/wp\/v2\/types\/post"}],"author":[{"embeddable":true,"href":"https:\/\/kibrisdakik.com\/index.php?rest_route=\/wp\/v2\/users\/1"}],"replies":[{"embeddable":true,"href":"https:\/\/kibrisdakik.com\/index.php?rest_route=%2Fwp%2Fv2%2Fcomments&post=66937"}],"version-history":[{"count":0,"href":"https:\/\/kibrisdakik.com\/index.php?rest_route=\/wp\/v2\/posts\/66937\/revisions"}],"wp:featuredmedia":[{"embeddable":true,"href":"https:\/\/kibrisdakik.com\/index.php?rest_route=\/wp\/v2\/media\/66938"}],"wp:attachment":[{"href":"https:\/\/kibrisdakik.com\/index.php?rest_route=%2Fwp%2Fv2%2Fmedia&parent=66937"}],"wp:term":[{"taxonomy":"category","embeddable":true,"href":"https:\/\/kibrisdakik.com\/index.php?rest_route=%2Fwp%2Fv2%2Fcategories&post=66937"},{"taxonomy":"post_tag","embeddable":true,"href":"https:\/\/kibrisdakik.com\/index.php?rest_route=%2Fwp%2Fv2%2Ftags&post=66937"}],"curies":[{"name":"wp","href":"https:\/\/api.w.org\/{rel}","templated":true}]}}