{"id":66943,"date":"2024-10-16T17:43:02","date_gmt":"2024-10-16T14:43:02","guid":{"rendered":"https:\/\/kibrisdakik.com\/index.php\/2024\/10\/16\/ctp-genclik-orgutu-girne-ilcesi-dikmen-ocagi-17nci-donem-kongresi-yapildi\/"},"modified":"2024-10-16T17:43:02","modified_gmt":"2024-10-16T14:43:02","slug":"ctp-genclik-orgutu-girne-ilcesi-dikmen-ocagi-17nci-donem-kongresi-yapildi","status":"publish","type":"post","link":"https:\/\/kibrisdakik.com\/?p=66943","title":{"rendered":"CTP Gen\u00e7lik \u00d6rg\u00fct\u00fc Girne \u0130l\u00e7esi Dikmen Oca\u011f\u0131 17\u2019nci D\u00f6nem Kongresi yap\u0131ld\u0131"},"content":{"rendered":"<div>\n<div class=\"mariselle-image-container center\">\n                                            <\/div>\n<p>Cumhuriyet\u00e7i T\u00fcrk Partisi (CTP) Gen\u00e7lik \u00d6rg\u00fct\u00fc Girne \u0130l\u00e7esi Dikmen Oca\u011f\u0131 17\u2019nci D\u00f6nem Kongresi yap\u0131ld\u0131. G\u00fclcem G\u00fcnda\u011f, ba\u015fkanl\u0131\u011f\u0131 H\u00fcseyin Tayan\u00e7l\u0131\u2019ya devretti.<\/p>\n<p>CTP\u2019den yap\u0131lan a\u00e7\u0131klamaya g\u00f6re, H\u00fcseyin Tayan\u00e7l\u0131 ba\u015fkanl\u0131\u011f\u0131ndaki y\u00f6netim kurulu, G\u00fclcem G\u00fcnda\u011f, Bing\u00fcl Kurto\u011flu, Tu\u011fberk Atakanl\u0131 ve \u0130zzet Direk\u2019ten olu\u015ftu.<\/p>\n<p>Kongreye, CTP Girne \u0130l\u00e7e Ba\u015fkan\u0131 Ongun Talat, Dikmen Belediye Ba\u015fkan\u0131 Y\u00fcksel \u00c7elebi ve CTP Gen\u00e7lik \u00d6rg\u00fct\u00fc Girne \u0130l\u00e7e Ba\u015fkan\u0131 D\u00fcnay La\u00e7in Soyal kat\u0131larak, konu\u015fma yapt\u0131.<\/p>\n<p>Kongrede ayr\u0131ca, CTP Gen\u00e7lik \u00d6rg\u00fct\u00fc Ba\u015fkan\u0131 \u0130smail Barbaros ve CTP Girne \u0130l\u00e7esi Dikmen \u00d6rg\u00fct Ba\u015fkan\u0131 Ya\u015far Ayd\u0131n Karaca da haz\u0131r bulundu.<\/p>\n<p>CTP Girne \u0130l\u00e7e Ba\u015fkan\u0131 ve Milletvekili Ongun Talat konu\u015fmas\u0131nda, CTP Gen\u00e7lik \u00d6rg\u00fct\u00fc\u2019n\u00fcn aktif ve ba\u015far\u0131l\u0131 \u00e7al\u0131\u015fmalar\u0131yla \u00f6ne \u00e7\u0131kt\u0131\u011f\u0131n\u0131 belirterek, Dikmen Ocak \u00d6rg\u00fct\u00fc\u2019n\u00fcn bu ba\u015far\u0131da \u00f6nemli bir yere sahip oldu\u011funu ifade etti.<\/p>\n<p>\u00dclkede ya\u015fanan siyasi krizler nedeniyle h\u00fck\u00fcmetin erken se\u00e7im ihtiyac\u0131n\u0131 do\u011furdu\u011funu kaydeden Talat, \u201cBu h\u00fck\u00fcmet krizlerle dolu, iktidar\u0131n\u0131 s\u00fcrd\u00fcremeyecek durumda. O y\u00fczden erken se\u00e7im i\u00e7in haz\u0131rl\u0131kl\u0131 olmal\u0131y\u0131z.\u201d dedi.<\/p>\n<p>Konu\u015fmas\u0131nda, gen\u00e7lerin siyasetteki \u00f6nemine de de\u011finen Ongun Talat, CTP\u2019nin toplumsal \u00e7\u0131karlar i\u00e7in m\u00fccadele etmeye devam edece\u011fini belirtti. Talat ayr\u0131ca, T\u00fcrkiye-Yunanistan yak\u0131nla\u015fmas\u0131 ve enerji koridoru geli\u015fmeleri \u0131\u015f\u0131\u011f\u0131nda K\u0131br\u0131s sorununda yeni s\u00fcre\u00e7ler ya\u015fanabilece\u011fini dile getirdi.<\/p>\n<p>Dikmen Gen\u00e7lik Ocak \u00d6rg\u00fct\u00fc\u2019n\u00fcn faaliyetlerini takdir eden Talat, yeni d\u00f6nemde daha iyi bir koordinasyon ve geni\u015f \u00e7apl\u0131 \u00f6rg\u00fctlenme gerekti\u011fini belirterek, eski ba\u015fkana te\u015fekk\u00fcr etti ve yeni ba\u015fkan\u0131n ekibine ba\u015far\u0131lar diledi.<\/p>\n<p>Dikmen Belediye Ba\u015fkan\u0131 Y\u00fcksel \u00c7elebi de, CTP\u2019nin \u00fclke y\u00f6netiminde \u00f6nemli bir sorumlulu\u011fa sahip oldu\u011funu kaydederek, h\u00fck\u00fcmeti ele\u015ftirdi. H\u00fck\u00fcmetin yanl\u0131\u015f politikalar ve ki\u015fisel \u00e7\u0131karlar pe\u015finde ko\u015ftu\u011funu savunan \u00c7elebi, \u201c\u00dclkemizin gelece\u011fini mahvediyorlar.\u201d dedi.<\/p>\n<p>Dikmen\u2019in, CTP\u2019nin kalesi oldu\u011funu ifade eden \u00c7elebi, partililerin ve gen\u00e7lerin m\u00fccadeleden asla vazge\u00e7memesi gerekti\u011fini kaydetti.<\/p>\n<p>CTP d\u00f6neminde halk\u0131n yarar\u0131na olan hizmetlerin \u00f6n planda oldu\u011funu belirten \u00c7elebi, mevcut h\u00fck\u00fcmetin, belediyelere olan bor\u00e7lar\u0131 \u00f6demedi\u011fini ve belediyelerin hizmet sunma kapasitesini zay\u0131flatt\u0131\u011f\u0131n\u0131 savundu.<\/p>\n<p>Gen\u00e7lerle birlikte dayan\u0131\u015fma i\u00e7inde m\u00fccadele edeceklerini dile getiren \u00c7elebi, CTP\u2019yi yeniden iktidara ta\u015f\u0131mak i\u00e7in kararl\u0131 olduklar\u0131n\u0131 kaydetti. Y\u00fcksel \u00c7elebi, \u201cBirlik, m\u00fccadele, dayan\u0131\u015fma ile CTP\u2019yi bu \u00fclkenin y\u00f6netimine getirmek boynumuzun borcudur.\u201d dedi.<\/p>\n<p>CTP Gen\u00e7lik \u00d6rg\u00fct\u00fc Girne \u0130l\u00e7e Ba\u015fkan\u0131 D\u00fcnay La\u00e7in Soyal da, siyasete olan g\u00fcvenin sars\u0131lmaya \u00e7al\u0131\u015f\u0131ld\u0131\u011f\u0131 bir d\u00f6nemde olduklar\u0131n\u0131 belirterek, mevcut iktidardan beklentileri olmad\u0131\u011f\u0131n\u0131 kaydetti.<\/p>\n<p>\u201cOnlar ba\u015faramayacak, y\u00f6netemeyecek ve art\u0131k gitmeleri gerekiyor.\u201d diyen Soyal, CTP\u2019nin kararl\u0131 bir \u015fekilde \u00f6rg\u00fctl\u00fc m\u00fccadelesine devam etti\u011fini belirtti ve gen\u00e7lerin bu s\u00fcre\u00e7teki \u00f6nemine de\u011findi.<\/p>\n<p>Dikmen Ocak \u00d6rg\u00fct\u00fc\u2019n\u00fcn Gen\u00e7lik \u00d6rg\u00fct\u00fc i\u00e7inde en aktif \u00e7al\u0131\u015fan birim oldu\u011funu ifade eden Soyal, yak\u0131nda Ta\u015fkent Ocak \u00d6rg\u00fct\u00fc\u2019n\u00fcn de kurulaca\u011f\u0131n\u0131 a\u00e7\u0131klad\u0131.<\/p>\n<\/p><\/div>\n<p><script async\n                    defer\n                    crossorigin=\"anonymous\"\n                    src=\"https:\/\/connect.facebook.net\/tr_TR\/sdk.js#xfbml=1&#038;version=v3.3\"\n            ><\/script><\/p>\n","protected":false},"excerpt":{"rendered":"<p>Cumhuriyet\u00e7i T\u00fcrk Partisi (CTP) Gen\u00e7lik \u00d6rg\u00fct\u00fc Girne \u0130l\u00e7esi Dikmen Oca\u011f\u0131 17\u2019nci D\u00f6nem Kongresi yap\u0131ld\u0131. G\u00fclcem G\u00fcnda\u011f, ba\u015fkanl\u0131\u011f\u0131 H\u00fcseyin Tayan\u00e7l\u0131\u2019ya devretti. CTP\u2019den yap\u0131lan a\u00e7\u0131klamaya g\u00f6re, H\u00fcseyin Tayan\u00e7l\u0131 ba\u015fkanl\u0131\u011f\u0131ndaki y\u00f6netim kurulu, G\u00fclcem G\u00fcnda\u011f, Bing\u00fcl Kurto\u011flu, Tu\u011fberk Atakanl\u0131 ve \u0130zzet Direk\u2019ten olu\u015ftu. Kongreye, CTP Girne \u0130l\u00e7e Ba\u015fkan\u0131 Ongun Talat, Dikmen Belediye Ba\u015fkan\u0131 Y\u00fcksel \u00c7elebi ve CTP Gen\u00e7lik \u00d6rg\u00fct\u00fc<\/p>\n","protected":false},"author":1,"featured_media":66944,"comment_status":"open","ping_status":"open","sticky":false,"template":"","format":"standard","meta":{"footnotes":""},"categories":[81],"tags":[],"class_list":["post-66943","post","type-post","status-publish","format-standard","has-post-thumbnail","hentry","category-kibris"],"yoast_head":"<!-- This site is optimized with the Yoast SEO plugin v27.4 - https:\/\/yoast.com\/product\/yoast-seo-wordpress\/ -->\n<title>CTP Gen\u00e7lik \u00d6rg\u00fct\u00fc Girne \u0130l\u00e7esi Dikmen Oca\u011f\u0131 17\u2019nci D\u00f6nem Kongresi yap\u0131ld\u0131 -<\/title>\n<meta name=\"robots\" content=\"index, follow, max-snippet:-1, max-image-preview:large, max-video-preview:-1\" \/>\n<link rel=\"canonical\" href=\"https:\/\/kibrisdakik.com\/?p=66943\" \/>\n<meta property=\"og:locale\" content=\"tr_TR\" \/>\n<meta property=\"og:type\" content=\"article\" \/>\n<meta property=\"og:title\" content=\"CTP Gen\u00e7lik \u00d6rg\u00fct\u00fc Girne \u0130l\u00e7esi Dikmen Oca\u011f\u0131 17\u2019nci D\u00f6nem Kongresi yap\u0131ld\u0131 -\" \/>\n<meta property=\"og:description\" content=\"Cumhuriyet\u00e7i T\u00fcrk Partisi (CTP) Gen\u00e7lik \u00d6rg\u00fct\u00fc Girne \u0130l\u00e7esi Dikmen Oca\u011f\u0131 17\u2019nci D\u00f6nem Kongresi yap\u0131ld\u0131. G\u00fclcem G\u00fcnda\u011f, ba\u015fkanl\u0131\u011f\u0131 H\u00fcseyin Tayan\u00e7l\u0131\u2019ya devretti. CTP\u2019den yap\u0131lan a\u00e7\u0131klamaya g\u00f6re, H\u00fcseyin Tayan\u00e7l\u0131 ba\u015fkanl\u0131\u011f\u0131ndaki y\u00f6netim kurulu, G\u00fclcem G\u00fcnda\u011f, Bing\u00fcl Kurto\u011flu, Tu\u011fberk Atakanl\u0131 ve \u0130zzet Direk\u2019ten olu\u015ftu. Kongreye, CTP Girne \u0130l\u00e7e Ba\u015fkan\u0131 Ongun Talat, Dikmen Belediye Ba\u015fkan\u0131 Y\u00fcksel \u00c7elebi ve CTP Gen\u00e7lik \u00d6rg\u00fct\u00fc\" \/>\n<meta property=\"og:url\" content=\"https:\/\/kibrisdakik.com\/?p=66943\" \/>\n<meta property=\"article:published_time\" content=\"2024-10-16T14:43:02+00:00\" \/>\n<meta property=\"og:image\" content=\"https:\/\/kibrisdakik.com\/wp-content\/uploads\/2024\/10\/qfaisla-740x420.jpg\" \/>\n\t<meta property=\"og:image:width\" content=\"1600\" \/>\n\t<meta property=\"og:image:height\" content=\"585\" \/>\n\t<meta property=\"og:image:type\" content=\"image\/jpeg\" \/>\n<meta name=\"author\" content=\"admin\" \/>\n<meta name=\"twitter:card\" content=\"summary_large_image\" \/>\n<meta name=\"twitter:label1\" content=\"Yazan:\" \/>\n\t<meta name=\"twitter:data1\" content=\"admin\" \/>\n\t<meta name=\"twitter:label2\" content=\"Tahmini okuma s\u00fcresi\" \/>\n\t<meta name=\"twitter:data2\" content=\"3 dakika\" \/>\n<script type=\"application\/ld+json\" class=\"yoast-schema-graph\">{\"@context\":\"https:\\\/\\\/schema.org\",\"@graph\":[{\"@type\":\"Article\",\"@id\":\"https:\\\/\\\/kibrisdakik.com\\\/?p=66943#article\",\"isPartOf\":{\"@id\":\"https:\\\/\\\/kibrisdakik.com\\\/?p=66943\"},\"author\":{\"name\":\"admin\",\"@id\":\"https:\\\/\\\/kibrisdakik.com\\\/#\\\/schema\\\/person\\\/9cd9d437bbb44f72b73ba127e06d8e79\"},\"headline\":\"CTP Gen\u00e7lik \u00d6rg\u00fct\u00fc Girne \u0130l\u00e7esi Dikmen Oca\u011f\u0131 17\u2019nci D\u00f6nem Kongresi yap\u0131ld\u0131\",\"datePublished\":\"2024-10-16T14:43:02+00:00\",\"mainEntityOfPage\":{\"@id\":\"https:\\\/\\\/kibrisdakik.com\\\/?p=66943\"},\"wordCount\":598,\"commentCount\":0,\"image\":{\"@id\":\"https:\\\/\\\/kibrisdakik.com\\\/?p=66943#primaryimage\"},\"thumbnailUrl\":\"https:\\\/\\\/kibrisdakik.com\\\/wp-content\\\/uploads\\\/2024\\\/10\\\/qfaisla-740x420.jpg\",\"articleSection\":[\"K\u0131br\u0131s\"],\"inLanguage\":\"tr\",\"potentialAction\":[{\"@type\":\"CommentAction\",\"name\":\"Comment\",\"target\":[\"https:\\\/\\\/kibrisdakik.com\\\/?p=66943#respond\"]}]},{\"@type\":\"WebPage\",\"@id\":\"https:\\\/\\\/kibrisdakik.com\\\/?p=66943\",\"url\":\"https:\\\/\\\/kibrisdakik.com\\\/?p=66943\",\"name\":\"CTP Gen\u00e7lik \u00d6rg\u00fct\u00fc Girne \u0130l\u00e7esi Dikmen Oca\u011f\u0131 17\u2019nci D\u00f6nem Kongresi yap\u0131ld\u0131 -\",\"isPartOf\":{\"@id\":\"https:\\\/\\\/kibrisdakik.com\\\/#website\"},\"primaryImageOfPage\":{\"@id\":\"https:\\\/\\\/kibrisdakik.com\\\/?p=66943#primaryimage\"},\"image\":{\"@id\":\"https:\\\/\\\/kibrisdakik.com\\\/?p=66943#primaryimage\"},\"thumbnailUrl\":\"https:\\\/\\\/kibrisdakik.com\\\/wp-content\\\/uploads\\\/2024\\\/10\\\/qfaisla-740x420.jpg\",\"datePublished\":\"2024-10-16T14:43:02+00:00\",\"author\":{\"@id\":\"https:\\\/\\\/kibrisdakik.com\\\/#\\\/schema\\\/person\\\/9cd9d437bbb44f72b73ba127e06d8e79\"},\"breadcrumb\":{\"@id\":\"https:\\\/\\\/kibrisdakik.com\\\/?p=66943#breadcrumb\"},\"inLanguage\":\"tr\",\"potentialAction\":[{\"@type\":\"ReadAction\",\"target\":[\"https:\\\/\\\/kibrisdakik.com\\\/?p=66943\"]}]},{\"@type\":\"ImageObject\",\"inLanguage\":\"tr\",\"@id\":\"https:\\\/\\\/kibrisdakik.com\\\/?p=66943#primaryimage\",\"url\":\"https:\\\/\\\/kibrisdakik.com\\\/wp-content\\\/uploads\\\/2024\\\/10\\\/qfaisla-740x420.jpg\",\"contentUrl\":\"https:\\\/\\\/kibrisdakik.com\\\/wp-content\\\/uploads\\\/2024\\\/10\\\/qfaisla-740x420.jpg\",\"width\":1600,\"height\":585},{\"@type\":\"BreadcrumbList\",\"@id\":\"https:\\\/\\\/kibrisdakik.com\\\/?p=66943#breadcrumb\",\"itemListElement\":[{\"@type\":\"ListItem\",\"position\":1,\"name\":\"Home\",\"item\":\"https:\\\/\\\/kibrisdakik.com\\\/\"},{\"@type\":\"ListItem\",\"position\":2,\"name\":\"CTP Gen\u00e7lik \u00d6rg\u00fct\u00fc Girne \u0130l\u00e7esi Dikmen Oca\u011f\u0131 17\u2019nci D\u00f6nem Kongresi yap\u0131ld\u0131\"}]},{\"@type\":\"WebSite\",\"@id\":\"https:\\\/\\\/kibrisdakik.com\\\/#website\",\"url\":\"https:\\\/\\\/kibrisdakik.com\\\/\",\"name\":\"\",\"description\":\"Tam vaktinde haber\",\"potentialAction\":[{\"@type\":\"SearchAction\",\"target\":{\"@type\":\"EntryPoint\",\"urlTemplate\":\"https:\\\/\\\/kibrisdakik.com\\\/?s={search_term_string}\"},\"query-input\":{\"@type\":\"PropertyValueSpecification\",\"valueRequired\":true,\"valueName\":\"search_term_string\"}}],\"inLanguage\":\"tr\"},{\"@type\":\"Person\",\"@id\":\"https:\\\/\\\/kibrisdakik.com\\\/#\\\/schema\\\/person\\\/9cd9d437bbb44f72b73ba127e06d8e79\",\"name\":\"admin\",\"image\":{\"@type\":\"ImageObject\",\"inLanguage\":\"tr\",\"@id\":\"https:\\\/\\\/secure.gravatar.com\\\/avatar\\\/ccc17943b9d660506c869530f897617f7cb1c21a4bf30023f252596d83e1f007?s=96&d=mm&r=g\",\"url\":\"https:\\\/\\\/secure.gravatar.com\\\/avatar\\\/ccc17943b9d660506c869530f897617f7cb1c21a4bf30023f252596d83e1f007?s=96&d=mm&r=g\",\"contentUrl\":\"https:\\\/\\\/secure.gravatar.com\\\/avatar\\\/ccc17943b9d660506c869530f897617f7cb1c21a4bf30023f252596d83e1f007?s=96&d=mm&r=g\",\"caption\":\"admin\"},\"sameAs\":[\"https:\\\/\\\/kibrisdakik.com\"],\"url\":\"https:\\\/\\\/kibrisdakik.com\\\/?author=1\"}]}<\/script>\n<!-- \/ Yoast SEO plugin. -->","yoast_head_json":{"title":"CTP Gen\u00e7lik \u00d6rg\u00fct\u00fc Girne \u0130l\u00e7esi Dikmen Oca\u011f\u0131 17\u2019nci D\u00f6nem Kongresi yap\u0131ld\u0131 -","robots":{"index":"index","follow":"follow","max-snippet":"max-snippet:-1","max-image-preview":"max-image-preview:large","max-video-preview":"max-video-preview:-1"},"canonical":"https:\/\/kibrisdakik.com\/?p=66943","og_locale":"tr_TR","og_type":"article","og_title":"CTP Gen\u00e7lik \u00d6rg\u00fct\u00fc Girne \u0130l\u00e7esi Dikmen Oca\u011f\u0131 17\u2019nci D\u00f6nem Kongresi yap\u0131ld\u0131 -","og_description":"Cumhuriyet\u00e7i T\u00fcrk Partisi (CTP) Gen\u00e7lik \u00d6rg\u00fct\u00fc Girne \u0130l\u00e7esi Dikmen Oca\u011f\u0131 17\u2019nci D\u00f6nem Kongresi yap\u0131ld\u0131. G\u00fclcem G\u00fcnda\u011f, ba\u015fkanl\u0131\u011f\u0131 H\u00fcseyin Tayan\u00e7l\u0131\u2019ya devretti. CTP\u2019den yap\u0131lan a\u00e7\u0131klamaya g\u00f6re, H\u00fcseyin Tayan\u00e7l\u0131 ba\u015fkanl\u0131\u011f\u0131ndaki y\u00f6netim kurulu, G\u00fclcem G\u00fcnda\u011f, Bing\u00fcl Kurto\u011flu, Tu\u011fberk Atakanl\u0131 ve \u0130zzet Direk\u2019ten olu\u015ftu. Kongreye, CTP Girne \u0130l\u00e7e Ba\u015fkan\u0131 Ongun Talat, Dikmen Belediye Ba\u015fkan\u0131 Y\u00fcksel \u00c7elebi ve CTP Gen\u00e7lik \u00d6rg\u00fct\u00fc","og_url":"https:\/\/kibrisdakik.com\/?p=66943","article_published_time":"2024-10-16T14:43:02+00:00","og_image":[{"width":1600,"height":585,"url":"https:\/\/kibrisdakik.com\/wp-content\/uploads\/2024\/10\/qfaisla-740x420.jpg","type":"image\/jpeg"}],"author":"admin","twitter_card":"summary_large_image","twitter_misc":{"Yazan:":"admin","Tahmini okuma s\u00fcresi":"3 dakika"},"schema":{"@context":"https:\/\/schema.org","@graph":[{"@type":"Article","@id":"https:\/\/kibrisdakik.com\/?p=66943#article","isPartOf":{"@id":"https:\/\/kibrisdakik.com\/?p=66943"},"author":{"name":"admin","@id":"https:\/\/kibrisdakik.com\/#\/schema\/person\/9cd9d437bbb44f72b73ba127e06d8e79"},"headline":"CTP Gen\u00e7lik \u00d6rg\u00fct\u00fc Girne \u0130l\u00e7esi Dikmen Oca\u011f\u0131 17\u2019nci D\u00f6nem Kongresi yap\u0131ld\u0131","datePublished":"2024-10-16T14:43:02+00:00","mainEntityOfPage":{"@id":"https:\/\/kibrisdakik.com\/?p=66943"},"wordCount":598,"commentCount":0,"image":{"@id":"https:\/\/kibrisdakik.com\/?p=66943#primaryimage"},"thumbnailUrl":"https:\/\/kibrisdakik.com\/wp-content\/uploads\/2024\/10\/qfaisla-740x420.jpg","articleSection":["K\u0131br\u0131s"],"inLanguage":"tr","potentialAction":[{"@type":"CommentAction","name":"Comment","target":["https:\/\/kibrisdakik.com\/?p=66943#respond"]}]},{"@type":"WebPage","@id":"https:\/\/kibrisdakik.com\/?p=66943","url":"https:\/\/kibrisdakik.com\/?p=66943","name":"CTP Gen\u00e7lik \u00d6rg\u00fct\u00fc Girne \u0130l\u00e7esi Dikmen Oca\u011f\u0131 17\u2019nci D\u00f6nem Kongresi yap\u0131ld\u0131 -","isPartOf":{"@id":"https:\/\/kibrisdakik.com\/#website"},"primaryImageOfPage":{"@id":"https:\/\/kibrisdakik.com\/?p=66943#primaryimage"},"image":{"@id":"https:\/\/kibrisdakik.com\/?p=66943#primaryimage"},"thumbnailUrl":"https:\/\/kibrisdakik.com\/wp-content\/uploads\/2024\/10\/qfaisla-740x420.jpg","datePublished":"2024-10-16T14:43:02+00:00","author":{"@id":"https:\/\/kibrisdakik.com\/#\/schema\/person\/9cd9d437bbb44f72b73ba127e06d8e79"},"breadcrumb":{"@id":"https:\/\/kibrisdakik.com\/?p=66943#breadcrumb"},"inLanguage":"tr","potentialAction":[{"@type":"ReadAction","target":["https:\/\/kibrisdakik.com\/?p=66943"]}]},{"@type":"ImageObject","inLanguage":"tr","@id":"https:\/\/kibrisdakik.com\/?p=66943#primaryimage","url":"https:\/\/kibrisdakik.com\/wp-content\/uploads\/2024\/10\/qfaisla-740x420.jpg","contentUrl":"https:\/\/kibrisdakik.com\/wp-content\/uploads\/2024\/10\/qfaisla-740x420.jpg","width":1600,"height":585},{"@type":"BreadcrumbList","@id":"https:\/\/kibrisdakik.com\/?p=66943#breadcrumb","itemListElement":[{"@type":"ListItem","position":1,"name":"Home","item":"https:\/\/kibrisdakik.com\/"},{"@type":"ListItem","position":2,"name":"CTP Gen\u00e7lik \u00d6rg\u00fct\u00fc Girne \u0130l\u00e7esi Dikmen Oca\u011f\u0131 17\u2019nci D\u00f6nem Kongresi yap\u0131ld\u0131"}]},{"@type":"WebSite","@id":"https:\/\/kibrisdakik.com\/#website","url":"https:\/\/kibrisdakik.com\/","name":"","description":"Tam vaktinde haber","potentialAction":[{"@type":"SearchAction","target":{"@type":"EntryPoint","urlTemplate":"https:\/\/kibrisdakik.com\/?s={search_term_string}"},"query-input":{"@type":"PropertyValueSpecification","valueRequired":true,"valueName":"search_term_string"}}],"inLanguage":"tr"},{"@type":"Person","@id":"https:\/\/kibrisdakik.com\/#\/schema\/person\/9cd9d437bbb44f72b73ba127e06d8e79","name":"admin","image":{"@type":"ImageObject","inLanguage":"tr","@id":"https:\/\/secure.gravatar.com\/avatar\/ccc17943b9d660506c869530f897617f7cb1c21a4bf30023f252596d83e1f007?s=96&d=mm&r=g","url":"https:\/\/secure.gravatar.com\/avatar\/ccc17943b9d660506c869530f897617f7cb1c21a4bf30023f252596d83e1f007?s=96&d=mm&r=g","contentUrl":"https:\/\/secure.gravatar.com\/avatar\/ccc17943b9d660506c869530f897617f7cb1c21a4bf30023f252596d83e1f007?s=96&d=mm&r=g","caption":"admin"},"sameAs":["https:\/\/kibrisdakik.com"],"url":"https:\/\/kibrisdakik.com\/?author=1"}]}},"_links":{"self":[{"href":"https:\/\/kibrisdakik.com\/index.php?rest_route=\/wp\/v2\/posts\/66943","targetHints":{"allow":["GET"]}}],"collection":[{"href":"https:\/\/kibrisdakik.com\/index.php?rest_route=\/wp\/v2\/posts"}],"about":[{"href":"https:\/\/kibrisdakik.com\/index.php?rest_route=\/wp\/v2\/types\/post"}],"author":[{"embeddable":true,"href":"https:\/\/kibrisdakik.com\/index.php?rest_route=\/wp\/v2\/users\/1"}],"replies":[{"embeddable":true,"href":"https:\/\/kibrisdakik.com\/index.php?rest_route=%2Fwp%2Fv2%2Fcomments&post=66943"}],"version-history":[{"count":0,"href":"https:\/\/kibrisdakik.com\/index.php?rest_route=\/wp\/v2\/posts\/66943\/revisions"}],"wp:featuredmedia":[{"embeddable":true,"href":"https:\/\/kibrisdakik.com\/index.php?rest_route=\/wp\/v2\/media\/66944"}],"wp:attachment":[{"href":"https:\/\/kibrisdakik.com\/index.php?rest_route=%2Fwp%2Fv2%2Fmedia&parent=66943"}],"wp:term":[{"taxonomy":"category","embeddable":true,"href":"https:\/\/kibrisdakik.com\/index.php?rest_route=%2Fwp%2Fv2%2Fcategories&post=66943"},{"taxonomy":"post_tag","embeddable":true,"href":"https:\/\/kibrisdakik.com\/index.php?rest_route=%2Fwp%2Fv2%2Ftags&post=66943"}],"curies":[{"name":"wp","href":"https:\/\/api.w.org\/{rel}","templated":true}]}}