{"id":66947,"date":"2024-10-16T19:07:50","date_gmt":"2024-10-16T16:07:50","guid":{"rendered":"https:\/\/kibrisdakik.com\/index.php\/2024\/10\/16\/mutluyaka-tuzla-anayolunda-feci-kaza-1-kisi-yasamini-yitirdi\/"},"modified":"2024-10-16T19:07:50","modified_gmt":"2024-10-16T16:07:50","slug":"mutluyaka-tuzla-anayolunda-feci-kaza-1-kisi-yasamini-yitirdi","status":"publish","type":"post","link":"https:\/\/kibrisdakik.com\/?p=66947","title":{"rendered":"Mutluyaka-Tuzla anayolunda feci kaza: 1 ki\u015fi ya\u015fam\u0131n\u0131 yitirdi"},"content":{"rendered":"<div>\n<div class=\"mariselle-image-container center\">\n                                            <\/div>\n<p>Polis Bas\u0131n Subayl\u0131\u011f\u0131\u2019ndan verilen bilgiye g\u00f6re saat 18.00 s\u0131ralar\u0131nda,  \u00fczerinde bulunan Enkomi \u00d6ren yeri yak\u0131nlar\u0131nda iki salon arac\u0131n y\u00fcz y\u00fcze \u00e7arp\u0131\u015fmas\u0131 sonucu, ara\u00e7lar\u0131n birinde yolcu olarak bulunan bir kad\u0131n \u015fah\u0131s ya\u015fam\u0131n\u0131 yitirirken, kazada yaralanan 3 ki\u015fi ise kald\u0131r\u0131ld\u0131klar\u0131 Gazima\u011fusa Devlet Hastanesi\u2019nde tedavileri halen s\u00fcr\u00fcyor.<\/p>\n<p>Polisin soru\u015fturmas\u0131 devam etmektedir.<\/p>\n<\/p><\/div>\n<p><script async\n                    defer\n                    crossorigin=\"anonymous\"\n                    src=\"https:\/\/connect.facebook.net\/tr_TR\/sdk.js#xfbml=1&#038;version=v3.3\"\n            ><\/script><\/p>\n","protected":false},"excerpt":{"rendered":"<p>Polis Bas\u0131n Subayl\u0131\u011f\u0131\u2019ndan verilen bilgiye g\u00f6re saat 18.00 s\u0131ralar\u0131nda, \u00fczerinde bulunan Enkomi \u00d6ren yeri yak\u0131nlar\u0131nda iki salon arac\u0131n y\u00fcz y\u00fcze \u00e7arp\u0131\u015fmas\u0131 sonucu, ara\u00e7lar\u0131n birinde yolcu olarak bulunan bir kad\u0131n \u015fah\u0131s ya\u015fam\u0131n\u0131 yitirirken, kazada yaralanan 3 ki\u015fi ise kald\u0131r\u0131ld\u0131klar\u0131 Gazima\u011fusa Devlet Hastanesi\u2019nde tedavileri halen s\u00fcr\u00fcyor. Polisin soru\u015fturmas\u0131 devam etmektedir.<\/p>\n","protected":false},"author":1,"featured_media":66948,"comment_status":"open","ping_status":"open","sticky":false,"template":"","format":"standard","meta":{"footnotes":""},"categories":[81],"tags":[],"class_list":["post-66947","post","type-post","status-publish","format-standard","has-post-thumbnail","hentry","category-kibris"],"yoast_head":"<!-- This site is optimized with the Yoast SEO plugin v27.4 - https:\/\/yoast.com\/product\/yoast-seo-wordpress\/ -->\n<title>Mutluyaka-Tuzla anayolunda feci kaza: 1 ki\u015fi ya\u015fam\u0131n\u0131 yitirdi -<\/title>\n<meta name=\"robots\" content=\"index, follow, max-snippet:-1, max-image-preview:large, max-video-preview:-1\" \/>\n<link rel=\"canonical\" href=\"https:\/\/kibrisdakik.com\/?p=66947\" \/>\n<meta property=\"og:locale\" content=\"tr_TR\" \/>\n<meta property=\"og:type\" content=\"article\" \/>\n<meta property=\"og:title\" content=\"Mutluyaka-Tuzla anayolunda feci kaza: 1 ki\u015fi ya\u015fam\u0131n\u0131 yitirdi -\" \/>\n<meta property=\"og:description\" content=\"Polis Bas\u0131n Subayl\u0131\u011f\u0131\u2019ndan verilen bilgiye g\u00f6re saat 18.00 s\u0131ralar\u0131nda, \u00fczerinde bulunan Enkomi \u00d6ren yeri yak\u0131nlar\u0131nda iki salon arac\u0131n y\u00fcz y\u00fcze \u00e7arp\u0131\u015fmas\u0131 sonucu, ara\u00e7lar\u0131n birinde yolcu olarak bulunan bir kad\u0131n \u015fah\u0131s ya\u015fam\u0131n\u0131 yitirirken, kazada yaralanan 3 ki\u015fi ise kald\u0131r\u0131ld\u0131klar\u0131 Gazima\u011fusa Devlet Hastanesi\u2019nde tedavileri halen s\u00fcr\u00fcyor. Polisin soru\u015fturmas\u0131 devam etmektedir.\" \/>\n<meta property=\"og:url\" content=\"https:\/\/kibrisdakik.com\/?p=66947\" \/>\n<meta property=\"article:published_time\" content=\"2024-10-16T16:07:50+00:00\" \/>\n<meta property=\"og:image\" content=\"https:\/\/kibrisdakik.com\/wp-content\/uploads\/2024\/10\/aldjalkja.jpg\" \/>\n\t<meta property=\"og:image:width\" content=\"658\" \/>\n\t<meta property=\"og:image:height\" content=\"341\" \/>\n\t<meta property=\"og:image:type\" content=\"image\/jpeg\" \/>\n<meta name=\"author\" content=\"admin\" \/>\n<meta name=\"twitter:card\" content=\"summary_large_image\" \/>\n<meta name=\"twitter:label1\" content=\"Yazan:\" \/>\n\t<meta name=\"twitter:data1\" content=\"admin\" \/>\n<script type=\"application\/ld+json\" class=\"yoast-schema-graph\">{\"@context\":\"https:\\\/\\\/schema.org\",\"@graph\":[{\"@type\":\"Article\",\"@id\":\"https:\\\/\\\/kibrisdakik.com\\\/?p=66947#article\",\"isPartOf\":{\"@id\":\"https:\\\/\\\/kibrisdakik.com\\\/?p=66947\"},\"author\":{\"name\":\"admin\",\"@id\":\"https:\\\/\\\/kibrisdakik.com\\\/#\\\/schema\\\/person\\\/9cd9d437bbb44f72b73ba127e06d8e79\"},\"headline\":\"Mutluyaka-Tuzla anayolunda feci kaza: 1 ki\u015fi ya\u015fam\u0131n\u0131 yitirdi\",\"datePublished\":\"2024-10-16T16:07:50+00:00\",\"mainEntityOfPage\":{\"@id\":\"https:\\\/\\\/kibrisdakik.com\\\/?p=66947\"},\"wordCount\":82,\"commentCount\":0,\"image\":{\"@id\":\"https:\\\/\\\/kibrisdakik.com\\\/?p=66947#primaryimage\"},\"thumbnailUrl\":\"https:\\\/\\\/kibrisdakik.com\\\/wp-content\\\/uploads\\\/2024\\\/10\\\/aldjalkja.jpg\",\"articleSection\":[\"K\u0131br\u0131s\"],\"inLanguage\":\"tr\",\"potentialAction\":[{\"@type\":\"CommentAction\",\"name\":\"Comment\",\"target\":[\"https:\\\/\\\/kibrisdakik.com\\\/?p=66947#respond\"]}]},{\"@type\":\"WebPage\",\"@id\":\"https:\\\/\\\/kibrisdakik.com\\\/?p=66947\",\"url\":\"https:\\\/\\\/kibrisdakik.com\\\/?p=66947\",\"name\":\"Mutluyaka-Tuzla anayolunda feci kaza: 1 ki\u015fi ya\u015fam\u0131n\u0131 yitirdi -\",\"isPartOf\":{\"@id\":\"https:\\\/\\\/kibrisdakik.com\\\/#website\"},\"primaryImageOfPage\":{\"@id\":\"https:\\\/\\\/kibrisdakik.com\\\/?p=66947#primaryimage\"},\"image\":{\"@id\":\"https:\\\/\\\/kibrisdakik.com\\\/?p=66947#primaryimage\"},\"thumbnailUrl\":\"https:\\\/\\\/kibrisdakik.com\\\/wp-content\\\/uploads\\\/2024\\\/10\\\/aldjalkja.jpg\",\"datePublished\":\"2024-10-16T16:07:50+00:00\",\"author\":{\"@id\":\"https:\\\/\\\/kibrisdakik.com\\\/#\\\/schema\\\/person\\\/9cd9d437bbb44f72b73ba127e06d8e79\"},\"breadcrumb\":{\"@id\":\"https:\\\/\\\/kibrisdakik.com\\\/?p=66947#breadcrumb\"},\"inLanguage\":\"tr\",\"potentialAction\":[{\"@type\":\"ReadAction\",\"target\":[\"https:\\\/\\\/kibrisdakik.com\\\/?p=66947\"]}]},{\"@type\":\"ImageObject\",\"inLanguage\":\"tr\",\"@id\":\"https:\\\/\\\/kibrisdakik.com\\\/?p=66947#primaryimage\",\"url\":\"https:\\\/\\\/kibrisdakik.com\\\/wp-content\\\/uploads\\\/2024\\\/10\\\/aldjalkja.jpg\",\"contentUrl\":\"https:\\\/\\\/kibrisdakik.com\\\/wp-content\\\/uploads\\\/2024\\\/10\\\/aldjalkja.jpg\",\"width\":658,\"height\":341},{\"@type\":\"BreadcrumbList\",\"@id\":\"https:\\\/\\\/kibrisdakik.com\\\/?p=66947#breadcrumb\",\"itemListElement\":[{\"@type\":\"ListItem\",\"position\":1,\"name\":\"Home\",\"item\":\"https:\\\/\\\/kibrisdakik.com\\\/\"},{\"@type\":\"ListItem\",\"position\":2,\"name\":\"Mutluyaka-Tuzla anayolunda feci kaza: 1 ki\u015fi ya\u015fam\u0131n\u0131 yitirdi\"}]},{\"@type\":\"WebSite\",\"@id\":\"https:\\\/\\\/kibrisdakik.com\\\/#website\",\"url\":\"https:\\\/\\\/kibrisdakik.com\\\/\",\"name\":\"\",\"description\":\"Tam vaktinde haber\",\"potentialAction\":[{\"@type\":\"SearchAction\",\"target\":{\"@type\":\"EntryPoint\",\"urlTemplate\":\"https:\\\/\\\/kibrisdakik.com\\\/?s={search_term_string}\"},\"query-input\":{\"@type\":\"PropertyValueSpecification\",\"valueRequired\":true,\"valueName\":\"search_term_string\"}}],\"inLanguage\":\"tr\"},{\"@type\":\"Person\",\"@id\":\"https:\\\/\\\/kibrisdakik.com\\\/#\\\/schema\\\/person\\\/9cd9d437bbb44f72b73ba127e06d8e79\",\"name\":\"admin\",\"image\":{\"@type\":\"ImageObject\",\"inLanguage\":\"tr\",\"@id\":\"https:\\\/\\\/secure.gravatar.com\\\/avatar\\\/ccc17943b9d660506c869530f897617f7cb1c21a4bf30023f252596d83e1f007?s=96&d=mm&r=g\",\"url\":\"https:\\\/\\\/secure.gravatar.com\\\/avatar\\\/ccc17943b9d660506c869530f897617f7cb1c21a4bf30023f252596d83e1f007?s=96&d=mm&r=g\",\"contentUrl\":\"https:\\\/\\\/secure.gravatar.com\\\/avatar\\\/ccc17943b9d660506c869530f897617f7cb1c21a4bf30023f252596d83e1f007?s=96&d=mm&r=g\",\"caption\":\"admin\"},\"sameAs\":[\"https:\\\/\\\/kibrisdakik.com\"],\"url\":\"https:\\\/\\\/kibrisdakik.com\\\/?author=1\"}]}<\/script>\n<!-- \/ Yoast SEO plugin. -->","yoast_head_json":{"title":"Mutluyaka-Tuzla anayolunda feci kaza: 1 ki\u015fi ya\u015fam\u0131n\u0131 yitirdi -","robots":{"index":"index","follow":"follow","max-snippet":"max-snippet:-1","max-image-preview":"max-image-preview:large","max-video-preview":"max-video-preview:-1"},"canonical":"https:\/\/kibrisdakik.com\/?p=66947","og_locale":"tr_TR","og_type":"article","og_title":"Mutluyaka-Tuzla anayolunda feci kaza: 1 ki\u015fi ya\u015fam\u0131n\u0131 yitirdi -","og_description":"Polis Bas\u0131n Subayl\u0131\u011f\u0131\u2019ndan verilen bilgiye g\u00f6re saat 18.00 s\u0131ralar\u0131nda, \u00fczerinde bulunan Enkomi \u00d6ren yeri yak\u0131nlar\u0131nda iki salon arac\u0131n y\u00fcz y\u00fcze \u00e7arp\u0131\u015fmas\u0131 sonucu, ara\u00e7lar\u0131n birinde yolcu olarak bulunan bir kad\u0131n \u015fah\u0131s ya\u015fam\u0131n\u0131 yitirirken, kazada yaralanan 3 ki\u015fi ise kald\u0131r\u0131ld\u0131klar\u0131 Gazima\u011fusa Devlet Hastanesi\u2019nde tedavileri halen s\u00fcr\u00fcyor. Polisin soru\u015fturmas\u0131 devam etmektedir.","og_url":"https:\/\/kibrisdakik.com\/?p=66947","article_published_time":"2024-10-16T16:07:50+00:00","og_image":[{"width":658,"height":341,"url":"https:\/\/kibrisdakik.com\/wp-content\/uploads\/2024\/10\/aldjalkja.jpg","type":"image\/jpeg"}],"author":"admin","twitter_card":"summary_large_image","twitter_misc":{"Yazan:":"admin"},"schema":{"@context":"https:\/\/schema.org","@graph":[{"@type":"Article","@id":"https:\/\/kibrisdakik.com\/?p=66947#article","isPartOf":{"@id":"https:\/\/kibrisdakik.com\/?p=66947"},"author":{"name":"admin","@id":"https:\/\/kibrisdakik.com\/#\/schema\/person\/9cd9d437bbb44f72b73ba127e06d8e79"},"headline":"Mutluyaka-Tuzla anayolunda feci kaza: 1 ki\u015fi ya\u015fam\u0131n\u0131 yitirdi","datePublished":"2024-10-16T16:07:50+00:00","mainEntityOfPage":{"@id":"https:\/\/kibrisdakik.com\/?p=66947"},"wordCount":82,"commentCount":0,"image":{"@id":"https:\/\/kibrisdakik.com\/?p=66947#primaryimage"},"thumbnailUrl":"https:\/\/kibrisdakik.com\/wp-content\/uploads\/2024\/10\/aldjalkja.jpg","articleSection":["K\u0131br\u0131s"],"inLanguage":"tr","potentialAction":[{"@type":"CommentAction","name":"Comment","target":["https:\/\/kibrisdakik.com\/?p=66947#respond"]}]},{"@type":"WebPage","@id":"https:\/\/kibrisdakik.com\/?p=66947","url":"https:\/\/kibrisdakik.com\/?p=66947","name":"Mutluyaka-Tuzla anayolunda feci kaza: 1 ki\u015fi ya\u015fam\u0131n\u0131 yitirdi -","isPartOf":{"@id":"https:\/\/kibrisdakik.com\/#website"},"primaryImageOfPage":{"@id":"https:\/\/kibrisdakik.com\/?p=66947#primaryimage"},"image":{"@id":"https:\/\/kibrisdakik.com\/?p=66947#primaryimage"},"thumbnailUrl":"https:\/\/kibrisdakik.com\/wp-content\/uploads\/2024\/10\/aldjalkja.jpg","datePublished":"2024-10-16T16:07:50+00:00","author":{"@id":"https:\/\/kibrisdakik.com\/#\/schema\/person\/9cd9d437bbb44f72b73ba127e06d8e79"},"breadcrumb":{"@id":"https:\/\/kibrisdakik.com\/?p=66947#breadcrumb"},"inLanguage":"tr","potentialAction":[{"@type":"ReadAction","target":["https:\/\/kibrisdakik.com\/?p=66947"]}]},{"@type":"ImageObject","inLanguage":"tr","@id":"https:\/\/kibrisdakik.com\/?p=66947#primaryimage","url":"https:\/\/kibrisdakik.com\/wp-content\/uploads\/2024\/10\/aldjalkja.jpg","contentUrl":"https:\/\/kibrisdakik.com\/wp-content\/uploads\/2024\/10\/aldjalkja.jpg","width":658,"height":341},{"@type":"BreadcrumbList","@id":"https:\/\/kibrisdakik.com\/?p=66947#breadcrumb","itemListElement":[{"@type":"ListItem","position":1,"name":"Home","item":"https:\/\/kibrisdakik.com\/"},{"@type":"ListItem","position":2,"name":"Mutluyaka-Tuzla anayolunda feci kaza: 1 ki\u015fi ya\u015fam\u0131n\u0131 yitirdi"}]},{"@type":"WebSite","@id":"https:\/\/kibrisdakik.com\/#website","url":"https:\/\/kibrisdakik.com\/","name":"","description":"Tam vaktinde haber","potentialAction":[{"@type":"SearchAction","target":{"@type":"EntryPoint","urlTemplate":"https:\/\/kibrisdakik.com\/?s={search_term_string}"},"query-input":{"@type":"PropertyValueSpecification","valueRequired":true,"valueName":"search_term_string"}}],"inLanguage":"tr"},{"@type":"Person","@id":"https:\/\/kibrisdakik.com\/#\/schema\/person\/9cd9d437bbb44f72b73ba127e06d8e79","name":"admin","image":{"@type":"ImageObject","inLanguage":"tr","@id":"https:\/\/secure.gravatar.com\/avatar\/ccc17943b9d660506c869530f897617f7cb1c21a4bf30023f252596d83e1f007?s=96&d=mm&r=g","url":"https:\/\/secure.gravatar.com\/avatar\/ccc17943b9d660506c869530f897617f7cb1c21a4bf30023f252596d83e1f007?s=96&d=mm&r=g","contentUrl":"https:\/\/secure.gravatar.com\/avatar\/ccc17943b9d660506c869530f897617f7cb1c21a4bf30023f252596d83e1f007?s=96&d=mm&r=g","caption":"admin"},"sameAs":["https:\/\/kibrisdakik.com"],"url":"https:\/\/kibrisdakik.com\/?author=1"}]}},"_links":{"self":[{"href":"https:\/\/kibrisdakik.com\/index.php?rest_route=\/wp\/v2\/posts\/66947","targetHints":{"allow":["GET"]}}],"collection":[{"href":"https:\/\/kibrisdakik.com\/index.php?rest_route=\/wp\/v2\/posts"}],"about":[{"href":"https:\/\/kibrisdakik.com\/index.php?rest_route=\/wp\/v2\/types\/post"}],"author":[{"embeddable":true,"href":"https:\/\/kibrisdakik.com\/index.php?rest_route=\/wp\/v2\/users\/1"}],"replies":[{"embeddable":true,"href":"https:\/\/kibrisdakik.com\/index.php?rest_route=%2Fwp%2Fv2%2Fcomments&post=66947"}],"version-history":[{"count":0,"href":"https:\/\/kibrisdakik.com\/index.php?rest_route=\/wp\/v2\/posts\/66947\/revisions"}],"wp:featuredmedia":[{"embeddable":true,"href":"https:\/\/kibrisdakik.com\/index.php?rest_route=\/wp\/v2\/media\/66948"}],"wp:attachment":[{"href":"https:\/\/kibrisdakik.com\/index.php?rest_route=%2Fwp%2Fv2%2Fmedia&parent=66947"}],"wp:term":[{"taxonomy":"category","embeddable":true,"href":"https:\/\/kibrisdakik.com\/index.php?rest_route=%2Fwp%2Fv2%2Fcategories&post=66947"},{"taxonomy":"post_tag","embeddable":true,"href":"https:\/\/kibrisdakik.com\/index.php?rest_route=%2Fwp%2Fv2%2Ftags&post=66947"}],"curies":[{"name":"wp","href":"https:\/\/api.w.org\/{rel}","templated":true}]}}